{"id":47310,"date":"2020-09-13T21:10:02","date_gmt":"2020-09-14T00:10:02","guid":{"rendered":"https:\/\/www.gaveanews.com\/?p=47310"},"modified":"2020-09-13T21:10:04","modified_gmt":"2020-09-14T00:10:04","slug":"diego-fala-em-desatencao-geral-do-fla-em-derrota-nao-pode-acontecer","status":"publish","type":"post","link":"https:\/\/www.gaveanews.com\/index.php\/2020\/09\/13\/diego-fala-em-desatencao-geral-do-fla-em-derrota-nao-pode-acontecer\/","title":{"rendered":"Diego fala em desaten\u00e7\u00e3o geral do Fla em derrota: &#8220;n\u00e3o pode acontecer&#8221;"},"content":{"rendered":"\n<p>O Flamengo perdeu por 2 a 0 para o Cear\u00e1 neste domingo, no Castel\u00e3o. O time entrou em campo com v\u00e1rias novidades impostas pelo t\u00e9cnico Dom\u00e8nec Torrent, que deu sequ\u00eancia ao rod\u00edzio no Rubro-negro. O segundo tempo, no entanto, foi cruel. O time n\u00e3o se encontrou em campo falhou diversas vezes e foi derrotado.<\/p>\n\n\n\n<p>Um dos l\u00edderes do elenco, Diego entrou no meio do segundo tempo e n\u00e3o conseguiu ajudar a equipe da forma que esperava. Ele utilizou poucas palavras para explicar o que aconteceu com o rubro-negro neste domingo.<\/p>\n\n\n\n<p>&#8220;Se aproveit\u00e1ssemos as oportunidades que criamos e n\u00e3o tiv\u00e9ssemos a desaten\u00e7\u00e3o na bola parada. Isso definiu o jogo. Primeiro gol foi uma desaten\u00e7\u00e3o geral. N\u00e3o pode acontecer&#8221;, disse Diego visivelmente incomodado com a derrota em Fortaleza.<\/p>\n\n\n\n<p>Agora, o Flamengo muda a chave para a disputa da Copa Libertadores. O time far\u00e1 dois jogos em sequ\u00eancia pela competi\u00e7\u00e3o internacional. Na quinta, o advers\u00e1rio \u00e9 o Independiente del Valle, e na ter\u00e7a encara o Barcelona de Guyaquill &#8211; as duas partidas ser\u00e3o no Equador.<\/p>\n\n\n\n<p>Pelo Brasileiro, o pr\u00f3ximo duelo ser\u00e1 somente no dia 27 (domingo), quando visitar\u00e1 o Palmeiras, em S\u00e3o Paulo. O Rubro-negro soma 17 pontos e ocupa a quarta coloca\u00e7\u00e3o.<\/p>\n\n\n\n<p>Retirado de: UOL<\/p>\n","protected":false},"excerpt":{"rendered":"<p>O Flamengo perdeu por 2 a 0 para o Cear\u00e1 neste domingo, no Castel\u00e3o. O time entrou em campo com v\u00e1rias novidades impostas pelo t\u00e9cnico Dom\u00e8nec Torrent, que deu sequ\u00eancia ao rod\u00edzio no Rubro-negro. O segundo tempo, no entanto, foi cruel. O time n\u00e3o se encontrou em campo falhou diversas vezes e foi derrotado. Um [&hellip;]<\/p>\n","protected":false},"author":1,"featured_media":47311,"comment_status":"open","ping_status":"closed","sticky":false,"template":"","format":"standard","meta":{"footnotes":""},"categories":[1],"tags":[],"class_list":["post-47310","post","type-post","status-publish","format-standard","has-post-thumbnail","hentry","category-flamengo"],"yoast_head":"<!-- This site is optimized with the Yoast SEO Premium plugin v24.2 (Yoast SEO v26.9) - https:\/\/yoast.com\/product\/yoast-seo-premium-wordpress\/ -->\n<title>Diego fala em desaten\u00e7\u00e3o geral do Fla em derrota: &quot;n\u00e3o pode acontecer&quot;<\/title>\n<meta name=\"robots\" content=\"index, follow, max-snippet:-1, max-image-preview:large, max-video-preview:-1\" \/>\n<link rel=\"canonical\" href=\"https:\/\/www.gaveanews.com\/index.php\/2020\/09\/13\/diego-fala-em-desatencao-geral-do-fla-em-derrota-nao-pode-acontecer\/\" \/>\n<meta property=\"og:locale\" content=\"pt_BR\" \/>\n<meta property=\"og:type\" content=\"article\" \/>\n<meta property=\"og:title\" content=\"Diego fala em desaten\u00e7\u00e3o geral do Fla em derrota: &quot;n\u00e3o pode acontecer&quot;\" \/>\n<meta property=\"og:description\" content=\"O Flamengo perdeu por 2 a 0 para o Cear\u00e1 neste domingo, no Castel\u00e3o. O time entrou em campo com v\u00e1rias novidades impostas pelo t\u00e9cnico Dom\u00e8nec Torrent, que deu sequ\u00eancia ao rod\u00edzio no Rubro-negro. O segundo tempo, no entanto, foi cruel. O time n\u00e3o se encontrou em campo falhou diversas vezes e foi derrotado. Um [&hellip;]\" \/>\n<meta property=\"og:url\" content=\"https:\/\/www.gaveanews.com\/index.php\/2020\/09\/13\/diego-fala-em-desatencao-geral-do-fla-em-derrota-nao-pode-acontecer\/\" \/>\n<meta property=\"og:site_name\" content=\"G\u00e1vea News\" \/>\n<meta property=\"article:publisher\" content=\"https:\/\/facebook.com\/gaveaNews\/\" \/>\n<meta property=\"article:published_time\" content=\"2020-09-14T00:10:02+00:00\" \/>\n<meta property=\"article:modified_time\" content=\"2020-09-14T00:10:04+00:00\" \/>\n<meta property=\"og:image\" content=\"https:\/\/www.gaveanews.com\/wp-content\/uploads\/Diego-Ribas-em-acao-pelo-Flamengo-na-partida-contra-o-Ceara.webp\" \/>\n\t<meta property=\"og:image:width\" content=\"800\" \/>\n\t<meta property=\"og:image:height\" content=\"533\" \/>\n\t<meta property=\"og:image:type\" content=\"image\/jpeg\" \/>\n<meta name=\"author\" content=\"Equipe G\u00e1vea News\" \/>\n<meta name=\"twitter:card\" content=\"summary_large_image\" \/>\n<meta name=\"twitter:label1\" content=\"Escrito por\" \/>\n\t<meta name=\"twitter:data1\" content=\"Equipe G\u00e1vea News\" \/>\n\t<meta name=\"twitter:label2\" content=\"Est. tempo de leitura\" \/>\n\t<meta name=\"twitter:data2\" content=\"1 minuto\" \/>\n<script type=\"application\/ld+json\" class=\"yoast-schema-graph\">{\"@context\":\"https:\/\/schema.org\",\"@graph\":[{\"@type\":\"NewsArticle\",\"@id\":\"https:\/\/www.gaveanews.com\/index.php\/2020\/09\/13\/diego-fala-em-desatencao-geral-do-fla-em-derrota-nao-pode-acontecer\/#article\",\"isPartOf\":{\"@id\":\"https:\/\/www.gaveanews.com\/index.php\/2020\/09\/13\/diego-fala-em-desatencao-geral-do-fla-em-derrota-nao-pode-acontecer\/\"},\"author\":{\"name\":\"Equipe G\u00e1vea News\",\"@id\":\"https:\/\/www.gaveanews.com\/#\/schema\/person\/2ec14f73fb96be2caf28f91afb14749d\"},\"headline\":\"Diego fala em desaten\u00e7\u00e3o geral do Fla em derrota: &#8220;n\u00e3o pode acontecer&#8221;\",\"datePublished\":\"2020-09-14T00:10:02+00:00\",\"dateModified\":\"2020-09-14T00:10:04+00:00\",\"mainEntityOfPage\":{\"@id\":\"https:\/\/www.gaveanews.com\/index.php\/2020\/09\/13\/diego-fala-em-desatencao-geral-do-fla-em-derrota-nao-pode-acontecer\/\"},\"wordCount\":235,\"commentCount\":28,\"image\":{\"@id\":\"https:\/\/www.gaveanews.com\/index.php\/2020\/09\/13\/diego-fala-em-desatencao-geral-do-fla-em-derrota-nao-pode-acontecer\/#primaryimage\"},\"thumbnailUrl\":\"https:\/\/www.gaveanews.com\/wp-content\/uploads\/Diego-Ribas-em-acao-pelo-Flamengo-na-partida-contra-o-Ceara.webp\",\"articleSection\":[\"Flamengo\"],\"inLanguage\":\"pt-BR\",\"potentialAction\":[{\"@type\":\"CommentAction\",\"name\":\"Comment\",\"target\":[\"https:\/\/www.gaveanews.com\/index.php\/2020\/09\/13\/diego-fala-em-desatencao-geral-do-fla-em-derrota-nao-pode-acontecer\/#respond\"]}],\"copyrightYear\":\"2020\",\"copyrightHolder\":{\"@id\":\"https:\/\/www.gaveanews.com\/#organization\"}},{\"@type\":\"WebPage\",\"@id\":\"https:\/\/www.gaveanews.com\/index.php\/2020\/09\/13\/diego-fala-em-desatencao-geral-do-fla-em-derrota-nao-pode-acontecer\/\",\"url\":\"https:\/\/www.gaveanews.com\/index.php\/2020\/09\/13\/diego-fala-em-desatencao-geral-do-fla-em-derrota-nao-pode-acontecer\/\",\"name\":\"Diego fala em desaten\u00e7\u00e3o geral do Fla em derrota: \\\"n\u00e3o pode acontecer\\\"\",\"isPartOf\":{\"@id\":\"https:\/\/www.gaveanews.com\/#website\"},\"primaryImageOfPage\":{\"@id\":\"https:\/\/www.gaveanews.com\/index.php\/2020\/09\/13\/diego-fala-em-desatencao-geral-do-fla-em-derrota-nao-pode-acontecer\/#primaryimage\"},\"image\":{\"@id\":\"https:\/\/www.gaveanews.com\/index.php\/2020\/09\/13\/diego-fala-em-desatencao-geral-do-fla-em-derrota-nao-pode-acontecer\/#primaryimage\"},\"thumbnailUrl\":\"https:\/\/www.gaveanews.com\/wp-content\/uploads\/Diego-Ribas-em-acao-pelo-Flamengo-na-partida-contra-o-Ceara.webp\",\"datePublished\":\"2020-09-14T00:10:02+00:00\",\"dateModified\":\"2020-09-14T00:10:04+00:00\",\"author\":{\"@id\":\"https:\/\/www.gaveanews.com\/#\/schema\/person\/2ec14f73fb96be2caf28f91afb14749d\"},\"breadcrumb\":{\"@id\":\"https:\/\/www.gaveanews.com\/index.php\/2020\/09\/13\/diego-fala-em-desatencao-geral-do-fla-em-derrota-nao-pode-acontecer\/#breadcrumb\"},\"inLanguage\":\"pt-BR\",\"potentialAction\":[{\"@type\":\"ReadAction\",\"target\":[\"https:\/\/www.gaveanews.com\/index.php\/2020\/09\/13\/diego-fala-em-desatencao-geral-do-fla-em-derrota-nao-pode-acontecer\/\"]}]},{\"@type\":\"ImageObject\",\"inLanguage\":\"pt-BR\",\"@id\":\"https:\/\/www.gaveanews.com\/index.php\/2020\/09\/13\/diego-fala-em-desatencao-geral-do-fla-em-derrota-nao-pode-acontecer\/#primaryimage\",\"url\":\"https:\/\/www.gaveanews.com\/wp-content\/uploads\/Diego-Ribas-em-acao-pelo-Flamengo-na-partida-contra-o-Ceara.webp\",\"contentUrl\":\"https:\/\/www.gaveanews.com\/wp-content\/uploads\/Diego-Ribas-em-acao-pelo-Flamengo-na-partida-contra-o-Ceara.webp\",\"width\":800,\"height\":533,\"caption\":\"Diego Ribas em a\u00e7\u00e3o pelo Flamengo na partida contra o Cear\u00e1 (Foto: Alexandre Vidal\/Flamengo)\"},{\"@type\":\"BreadcrumbList\",\"@id\":\"https:\/\/www.gaveanews.com\/index.php\/2020\/09\/13\/diego-fala-em-desatencao-geral-do-fla-em-derrota-nao-pode-acontecer\/#breadcrumb\",\"itemListElement\":[{\"@type\":\"ListItem\",\"position\":1,\"name\":\"Home\",\"item\":\"https:\/\/www.gaveanews.com\/\"},{\"@type\":\"ListItem\",\"position\":2,\"name\":\"Diego fala em desaten\u00e7\u00e3o geral do Fla em derrota: &#8220;n\u00e3o pode acontecer&#8221;\"}]},{\"@type\":\"WebSite\",\"@id\":\"https:\/\/www.gaveanews.com\/#website\",\"url\":\"https:\/\/www.gaveanews.com\/\",\"name\":\"G\u00e1vea News\",\"description\":\"Veja todas as not\u00edcias sobre o Flamengo: Contrata\u00e7\u00f5es, categorias de base, resultados das partidas, tabela de classifica\u00e7\u00e3o, pr\u00f3ximos jogos!\",\"potentialAction\":[{\"@type\":\"SearchAction\",\"target\":{\"@type\":\"EntryPoint\",\"urlTemplate\":\"https:\/\/www.gaveanews.com\/?s={search_term_string}\"},\"query-input\":{\"@type\":\"PropertyValueSpecification\",\"valueRequired\":true,\"valueName\":\"search_term_string\"}}],\"inLanguage\":\"pt-BR\"},{\"@type\":\"Person\",\"@id\":\"https:\/\/www.gaveanews.com\/#\/schema\/person\/2ec14f73fb96be2caf28f91afb14749d\",\"name\":\"Equipe G\u00e1vea News\",\"image\":{\"@type\":\"ImageObject\",\"inLanguage\":\"pt-BR\",\"@id\":\"https:\/\/www.gaveanews.com\/#\/schema\/person\/image\/\",\"url\":\"https:\/\/secure.gravatar.com\/avatar\/1e1956f1facbffd3f8fa53a326721950116b3b9dc9bd44939c01180fd4a745a9?s=96&d=mm&r=g\",\"contentUrl\":\"https:\/\/secure.gravatar.com\/avatar\/1e1956f1facbffd3f8fa53a326721950116b3b9dc9bd44939c01180fd4a745a9?s=96&d=mm&r=g\",\"caption\":\"Equipe G\u00e1vea News\"}}]}<\/script>\n<!-- \/ Yoast SEO Premium plugin. -->","yoast_head_json":{"title":"Diego fala em desaten\u00e7\u00e3o geral do Fla em derrota: \"n\u00e3o pode acontecer\"","robots":{"index":"index","follow":"follow","max-snippet":"max-snippet:-1","max-image-preview":"max-image-preview:large","max-video-preview":"max-video-preview:-1"},"canonical":"https:\/\/www.gaveanews.com\/index.php\/2020\/09\/13\/diego-fala-em-desatencao-geral-do-fla-em-derrota-nao-pode-acontecer\/","og_locale":"pt_BR","og_type":"article","og_title":"Diego fala em desaten\u00e7\u00e3o geral do Fla em derrota: \"n\u00e3o pode acontecer\"","og_description":"O Flamengo perdeu por 2 a 0 para o Cear\u00e1 neste domingo, no Castel\u00e3o. O time entrou em campo com v\u00e1rias novidades impostas pelo t\u00e9cnico Dom\u00e8nec Torrent, que deu sequ\u00eancia ao rod\u00edzio no Rubro-negro. O segundo tempo, no entanto, foi cruel. O time n\u00e3o se encontrou em campo falhou diversas vezes e foi derrotado. Um [&hellip;]","og_url":"https:\/\/www.gaveanews.com\/index.php\/2020\/09\/13\/diego-fala-em-desatencao-geral-do-fla-em-derrota-nao-pode-acontecer\/","og_site_name":"G\u00e1vea News","article_publisher":"https:\/\/facebook.com\/gaveaNews\/","article_published_time":"2020-09-14T00:10:02+00:00","article_modified_time":"2020-09-14T00:10:04+00:00","og_image":[{"width":800,"height":533,"url":"https:\/\/www.gaveanews.com\/wp-content\/uploads\/Diego-Ribas-em-acao-pelo-Flamengo-na-partida-contra-o-Ceara.webp","type":"image\/jpeg"}],"author":"Equipe G\u00e1vea News","twitter_card":"summary_large_image","twitter_misc":{"Escrito por":"Equipe G\u00e1vea News","Est. tempo de leitura":"1 minuto"},"schema":{"@context":"https:\/\/schema.org","@graph":[{"@type":"NewsArticle","@id":"https:\/\/www.gaveanews.com\/index.php\/2020\/09\/13\/diego-fala-em-desatencao-geral-do-fla-em-derrota-nao-pode-acontecer\/#article","isPartOf":{"@id":"https:\/\/www.gaveanews.com\/index.php\/2020\/09\/13\/diego-fala-em-desatencao-geral-do-fla-em-derrota-nao-pode-acontecer\/"},"author":{"name":"Equipe G\u00e1vea News","@id":"https:\/\/www.gaveanews.com\/#\/schema\/person\/2ec14f73fb96be2caf28f91afb14749d"},"headline":"Diego fala em desaten\u00e7\u00e3o geral do Fla em derrota: &#8220;n\u00e3o pode acontecer&#8221;","datePublished":"2020-09-14T00:10:02+00:00","dateModified":"2020-09-14T00:10:04+00:00","mainEntityOfPage":{"@id":"https:\/\/www.gaveanews.com\/index.php\/2020\/09\/13\/diego-fala-em-desatencao-geral-do-fla-em-derrota-nao-pode-acontecer\/"},"wordCount":235,"commentCount":28,"image":{"@id":"https:\/\/www.gaveanews.com\/index.php\/2020\/09\/13\/diego-fala-em-desatencao-geral-do-fla-em-derrota-nao-pode-acontecer\/#primaryimage"},"thumbnailUrl":"https:\/\/www.gaveanews.com\/wp-content\/uploads\/Diego-Ribas-em-acao-pelo-Flamengo-na-partida-contra-o-Ceara.webp","articleSection":["Flamengo"],"inLanguage":"pt-BR","potentialAction":[{"@type":"CommentAction","name":"Comment","target":["https:\/\/www.gaveanews.com\/index.php\/2020\/09\/13\/diego-fala-em-desatencao-geral-do-fla-em-derrota-nao-pode-acontecer\/#respond"]}],"copyrightYear":"2020","copyrightHolder":{"@id":"https:\/\/www.gaveanews.com\/#organization"}},{"@type":"WebPage","@id":"https:\/\/www.gaveanews.com\/index.php\/2020\/09\/13\/diego-fala-em-desatencao-geral-do-fla-em-derrota-nao-pode-acontecer\/","url":"https:\/\/www.gaveanews.com\/index.php\/2020\/09\/13\/diego-fala-em-desatencao-geral-do-fla-em-derrota-nao-pode-acontecer\/","name":"Diego fala em desaten\u00e7\u00e3o geral do Fla em derrota: \"n\u00e3o pode acontecer\"","isPartOf":{"@id":"https:\/\/www.gaveanews.com\/#website"},"primaryImageOfPage":{"@id":"https:\/\/www.gaveanews.com\/index.php\/2020\/09\/13\/diego-fala-em-desatencao-geral-do-fla-em-derrota-nao-pode-acontecer\/#primaryimage"},"image":{"@id":"https:\/\/www.gaveanews.com\/index.php\/2020\/09\/13\/diego-fala-em-desatencao-geral-do-fla-em-derrota-nao-pode-acontecer\/#primaryimage"},"thumbnailUrl":"https:\/\/www.gaveanews.com\/wp-content\/uploads\/Diego-Ribas-em-acao-pelo-Flamengo-na-partida-contra-o-Ceara.webp","datePublished":"2020-09-14T00:10:02+00:00","dateModified":"2020-09-14T00:10:04+00:00","author":{"@id":"https:\/\/www.gaveanews.com\/#\/schema\/person\/2ec14f73fb96be2caf28f91afb14749d"},"breadcrumb":{"@id":"https:\/\/www.gaveanews.com\/index.php\/2020\/09\/13\/diego-fala-em-desatencao-geral-do-fla-em-derrota-nao-pode-acontecer\/#breadcrumb"},"inLanguage":"pt-BR","potentialAction":[{"@type":"ReadAction","target":["https:\/\/www.gaveanews.com\/index.php\/2020\/09\/13\/diego-fala-em-desatencao-geral-do-fla-em-derrota-nao-pode-acontecer\/"]}]},{"@type":"ImageObject","inLanguage":"pt-BR","@id":"https:\/\/www.gaveanews.com\/index.php\/2020\/09\/13\/diego-fala-em-desatencao-geral-do-fla-em-derrota-nao-pode-acontecer\/#primaryimage","url":"https:\/\/www.gaveanews.com\/wp-content\/uploads\/Diego-Ribas-em-acao-pelo-Flamengo-na-partida-contra-o-Ceara.webp","contentUrl":"https:\/\/www.gaveanews.com\/wp-content\/uploads\/Diego-Ribas-em-acao-pelo-Flamengo-na-partida-contra-o-Ceara.webp","width":800,"height":533,"caption":"Diego Ribas em a\u00e7\u00e3o pelo Flamengo na partida contra o Cear\u00e1 (Foto: Alexandre Vidal\/Flamengo)"},{"@type":"BreadcrumbList","@id":"https:\/\/www.gaveanews.com\/index.php\/2020\/09\/13\/diego-fala-em-desatencao-geral-do-fla-em-derrota-nao-pode-acontecer\/#breadcrumb","itemListElement":[{"@type":"ListItem","position":1,"name":"Home","item":"https:\/\/www.gaveanews.com\/"},{"@type":"ListItem","position":2,"name":"Diego fala em desaten\u00e7\u00e3o geral do Fla em derrota: &#8220;n\u00e3o pode acontecer&#8221;"}]},{"@type":"WebSite","@id":"https:\/\/www.gaveanews.com\/#website","url":"https:\/\/www.gaveanews.com\/","name":"G\u00e1vea News","description":"Veja todas as not\u00edcias sobre o Flamengo: Contrata\u00e7\u00f5es, categorias de base, resultados das partidas, tabela de classifica\u00e7\u00e3o, pr\u00f3ximos jogos!","potentialAction":[{"@type":"SearchAction","target":{"@type":"EntryPoint","urlTemplate":"https:\/\/www.gaveanews.com\/?s={search_term_string}"},"query-input":{"@type":"PropertyValueSpecification","valueRequired":true,"valueName":"search_term_string"}}],"inLanguage":"pt-BR"},{"@type":"Person","@id":"https:\/\/www.gaveanews.com\/#\/schema\/person\/2ec14f73fb96be2caf28f91afb14749d","name":"Equipe G\u00e1vea News","image":{"@type":"ImageObject","inLanguage":"pt-BR","@id":"https:\/\/www.gaveanews.com\/#\/schema\/person\/image\/","url":"https:\/\/secure.gravatar.com\/avatar\/1e1956f1facbffd3f8fa53a326721950116b3b9dc9bd44939c01180fd4a745a9?s=96&d=mm&r=g","contentUrl":"https:\/\/secure.gravatar.com\/avatar\/1e1956f1facbffd3f8fa53a326721950116b3b9dc9bd44939c01180fd4a745a9?s=96&d=mm&r=g","caption":"Equipe G\u00e1vea News"}}]}},"_links":{"self":[{"href":"https:\/\/www.gaveanews.com\/index.php\/wp-json\/wp\/v2\/posts\/47310","targetHints":{"allow":["GET"]}}],"collection":[{"href":"https:\/\/www.gaveanews.com\/index.php\/wp-json\/wp\/v2\/posts"}],"about":[{"href":"https:\/\/www.gaveanews.com\/index.php\/wp-json\/wp\/v2\/types\/post"}],"author":[{"embeddable":true,"href":"https:\/\/www.gaveanews.com\/index.php\/wp-json\/wp\/v2\/users\/1"}],"replies":[{"embeddable":true,"href":"https:\/\/www.gaveanews.com\/index.php\/wp-json\/wp\/v2\/comments?post=47310"}],"version-history":[{"count":0,"href":"https:\/\/www.gaveanews.com\/index.php\/wp-json\/wp\/v2\/posts\/47310\/revisions"}],"wp:featuredmedia":[{"embeddable":true,"href":"https:\/\/www.gaveanews.com\/index.php\/wp-json\/wp\/v2\/media\/47311"}],"wp:attachment":[{"href":"https:\/\/www.gaveanews.com\/index.php\/wp-json\/wp\/v2\/media?parent=47310"}],"wp:term":[{"taxonomy":"category","embeddable":true,"href":"https:\/\/www.gaveanews.com\/index.php\/wp-json\/wp\/v2\/categories?post=47310"},{"taxonomy":"post_tag","embeddable":true,"href":"https:\/\/www.gaveanews.com\/index.php\/wp-json\/wp\/v2\/tags?post=47310"}],"curies":[{"name":"wp","href":"https:\/\/api.w.org\/{rel}","templated":true}]}}