{"id":47322,"date":"2020-09-13T23:57:27","date_gmt":"2020-09-14T02:57:27","guid":{"rendered":"https:\/\/www.gaveanews.com\/?p=47322"},"modified":"2020-09-13T23:57:34","modified_gmt":"2020-09-14T02:57:34","slug":"reinier-presenteia-haaland-com-camisa-flamengo-e-atacante-agradece","status":"publish","type":"post","link":"https:\/\/www.gaveanews.com\/index.php\/2020\/09\/13\/reinier-presenteia-haaland-com-camisa-flamengo-e-atacante-agradece\/","title":{"rendered":"Reinier presenteia Haaland com camisa Flamengo e atacante agradece"},"content":{"rendered":"\n<p>Ap\u00f3s ser emprestado para o Borussia Dortmund, Reinier come\u00e7a a se entrosar com seus novos companheiros. Dessa forma, o meia presentou Haaland com uma camisa do Flamengo, contendo o nome do noruegu\u00eas junto ao n\u00famero 9. Sendo assim, o momento foi compartilhado nas redes sociais, com o atacante agradecendo o brasileiro e publicando o hino do Rubro-Negro para ilustrar a ocasi\u00e3o.<\/p>\n\n\n\n<figure class=\"wp-block-embed-twitter wp-block-embed is-type-rich is-provider-twitter\"><div class=\"wp-block-embed__wrapper\">\n<blockquote class=\"twitter-tweet\" data-width=\"550\" data-dnt=\"true\"><p lang=\"hi\" dir=\"ltr\">Haalandinho \ud83c\udde7\ud83c\uddf7\ud83e\udd1d\ud83c\uddf3\ud83c\uddf4 <a href=\"https:\/\/t.co\/0bedxkeSaF\">pic.twitter.com\/0bedxkeSaF<\/a><\/p>&mdash; Borussia Dortmund (@BlackYellow) <a href=\"https:\/\/twitter.com\/BlackYellow\/status\/1305112506642333696?ref_src=twsrc%5Etfw\">September 13, 2020<\/a><\/blockquote><script async src=\"https:\/\/platform.twitter.com\/widgets.js\" charset=\"utf-8\"><\/script>\n<\/div><\/figure>\n\n\n\n<p>Naturalmente, o presente de Reinier para Haaland gerou uma grande repercuss\u00e3o. Diante disso, alguns torcedores do Flamengo come\u00e7aram a \u201csonhar\u201d com a chegada do centroavante do Borussia Dortmund.<\/p>\n\n\n\n<figure class=\"wp-block-embed-twitter wp-block-embed is-type-rich is-provider-twitter\"><div class=\"wp-block-embed__wrapper\">\n<blockquote class=\"twitter-tweet\" data-width=\"550\" data-dnt=\"true\"><p lang=\"pt\" dir=\"ltr\">\u00c9 a uni\u00e3o Florussia sem ca\u00f4<\/p>&mdash; LS (@1ForroPVC) <a href=\"https:\/\/twitter.com\/1ForroPVC\/status\/1305114050913800196?ref_src=twsrc%5Etfw\">September 13, 2020<\/a><\/blockquote><script async src=\"https:\/\/platform.twitter.com\/widgets.js\" charset=\"utf-8\"><\/script>\n<\/div><\/figure>\n\n\n\n<figure class=\"wp-block-embed-twitter wp-block-embed is-type-rich is-provider-twitter\"><div class=\"wp-block-embed__wrapper\">\nhttps:\/\/twitter.com\/Mokanatt\/status\/1305128484134621184?ref_src=twsrc%5Etfw%7Ctwcamp%5Etweetembed%7Ctwterm%5E1305128484134621184%7Ctwgr%5Eshare_3&#038;ref_url=https%3A%2F%2Fwww.torcedores.com%2Fnoticias%2F2020%2F09%2Freinier-haaland-camisa-flamengo\n<\/div><\/figure>\n\n\n\n<figure class=\"wp-block-embed-twitter wp-block-embed is-type-rich is-provider-twitter\"><div class=\"wp-block-embed__wrapper\">\n<blockquote class=\"twitter-tweet\" data-width=\"550\" data-dnt=\"true\"><p lang=\"pt\" dir=\"ltr\">tem craque novo no Meng\u00e3o<\/p>&mdash; jaque \u1d9c\u02b3\u1da0 (@opssjaque) <a href=\"https:\/\/twitter.com\/opssjaque\/status\/1305114631879430146?ref_src=twsrc%5Etfw\">September 13, 2020<\/a><\/blockquote><script async src=\"https:\/\/platform.twitter.com\/widgets.js\" charset=\"utf-8\"><\/script>\n<\/div><\/figure>\n\n\n\n<figure class=\"wp-block-embed-twitter wp-block-embed is-type-rich is-provider-twitter\"><div class=\"wp-block-embed__wrapper\">\n<blockquote class=\"twitter-tweet\" data-width=\"550\" data-dnt=\"true\"><p lang=\"pt\" dir=\"ltr\">Oi Haaland,ser\u00e1 que voc\u00ea gostaria de tomar um caf\u00e9 ?<\/p>&mdash; kaik (@KaikGabriell) <a href=\"https:\/\/twitter.com\/KaikGabriell\/status\/1305114990064660481?ref_src=twsrc%5Etfw\">September 13, 2020<\/a><\/blockquote><script async src=\"https:\/\/platform.twitter.com\/widgets.js\" charset=\"utf-8\"><\/script>\n<\/div><\/figure>\n\n\n\n<figure class=\"wp-block-embed-twitter wp-block-embed is-type-rich is-provider-twitter\"><div class=\"wp-block-embed__wrapper\">\n<blockquote class=\"twitter-tweet\" data-width=\"550\" data-dnt=\"true\"><p lang=\"pt\" dir=\"ltr\"><a href=\"https:\/\/twitter.com\/marcosbrazrio?ref_src=twsrc%5Etfw\">@marcosbrazrio<\/a> vem ver uma coisinha aqui, acho q o homi quer vir ein<\/p>&mdash; Seu Gal\u00e3 (@GalanteLuiz) <a href=\"https:\/\/twitter.com\/GalanteLuiz\/status\/1305119459422752768?ref_src=twsrc%5Etfw\">September 13, 2020<\/a><\/blockquote><script async src=\"https:\/\/platform.twitter.com\/widgets.js\" charset=\"utf-8\"><\/script>\n<\/div><\/figure>\n\n\n\n<figure class=\"wp-block-embed-twitter wp-block-embed is-type-rich is-provider-twitter\"><div class=\"wp-block-embed__wrapper\">\nhttps:\/\/twitter.com\/joaoanttonio99\/status\/1305116009628655616?ref_src=twsrc%5Etfw%7Ctwcamp%5Etweetembed%7Ctwterm%5E1305116009628655616%7Ctwgr%5Eshare_3&#038;ref_url=https%3A%2F%2Fwww.torcedores.com%2Fnoticias%2F2020%2F09%2Freinier-haaland-camisa-flamengo\n<\/div><\/figure>\n\n\n\n<figure class=\"wp-block-embed-twitter wp-block-embed is-type-rich is-provider-twitter\"><div class=\"wp-block-embed__wrapper\">\nhttps:\/\/twitter.com\/fredyy99872416\/status\/1305129831684878337?ref_src=twsrc%5Etfw%7Ctwcamp%5Etweetembed%7Ctwterm%5E1305129831684878337%7Ctwgr%5Eshare_3&#038;ref_url=https%3A%2F%2Fwww.torcedores.com%2Fnoticias%2F2020%2F09%2Freinier-haaland-camisa-flamengo\n<\/div><\/figure>\n\n\n\n<figure class=\"wp-block-embed-twitter wp-block-embed is-type-rich is-provider-twitter\"><div class=\"wp-block-embed__wrapper\">\n<blockquote class=\"twitter-tweet\" data-width=\"550\" data-dnt=\"true\"><p lang=\"pt\" dir=\"ltr\">Haaland cavando vaga no Meng\u00e3o? \ud83d\udc40\ud83d\udc40\ud83d\udc40<\/p>&mdash; Vini\u1d9c\u02b3\u1da0\ud83d\udd34\u26ab\ufe0f (@ViniCRF811922) <a href=\"https:\/\/twitter.com\/ViniCRF811922\/status\/1305128029975347201?ref_src=twsrc%5Etfw\">September 13, 2020<\/a><\/blockquote><script async src=\"https:\/\/platform.twitter.com\/widgets.js\" charset=\"utf-8\"><\/script>\n<\/div><\/figure>\n\n\n\n<p>Retirado de: Torcedores<\/p>\n\n\n\n<p><strong>Leia tamb\u00e9m: <a href=\"https:\/\/www.gaveanews.com\/index.php\/2020\/09\/13\/adeus-marcos-braz-curte-publicacao-de-torcedor-que-pediu-saida-de-lincoln-do-flamengo\/\">Adeus? Marcos Braz curte publica\u00e7\u00e3o de torcedor que pediu sa\u00edda de Lincoln do Flamengo<\/a><\/strong><\/p>\n","protected":false},"excerpt":{"rendered":"<p>Ap\u00f3s ser emprestado para o Borussia Dortmund, Reinier come\u00e7a a se entrosar com seus novos companheiros. Dessa forma, o meia presentou Haaland com uma camisa do Flamengo, contendo o nome do noruegu\u00eas junto ao n\u00famero 9. Sendo assim, o momento foi compartilhado nas redes sociais, com o atacante agradecendo o brasileiro e publicando o hino [&hellip;]<\/p>\n","protected":false},"author":1,"featured_media":28967,"comment_status":"open","ping_status":"closed","sticky":false,"template":"","format":"standard","meta":{"footnotes":""},"categories":[1],"tags":[],"class_list":["post-47322","post","type-post","status-publish","format-standard","has-post-thumbnail","hentry","category-flamengo"],"yoast_head":"<!-- This site is optimized with the Yoast SEO Premium plugin v24.2 (Yoast SEO v26.9) - https:\/\/yoast.com\/product\/yoast-seo-premium-wordpress\/ -->\n<title>Reinier presenteia Haaland com camisa Flamengo e atacante agradece<\/title>\n<meta name=\"robots\" content=\"index, follow, max-snippet:-1, max-image-preview:large, max-video-preview:-1\" \/>\n<link rel=\"canonical\" href=\"https:\/\/www.gaveanews.com\/index.php\/2020\/09\/13\/reinier-presenteia-haaland-com-camisa-flamengo-e-atacante-agradece\/\" \/>\n<meta property=\"og:locale\" content=\"pt_BR\" \/>\n<meta property=\"og:type\" content=\"article\" \/>\n<meta property=\"og:title\" content=\"Reinier presenteia Haaland com camisa Flamengo e atacante agradece\" \/>\n<meta property=\"og:description\" content=\"Ap\u00f3s ser emprestado para o Borussia Dortmund, Reinier come\u00e7a a se entrosar com seus novos companheiros. Dessa forma, o meia presentou Haaland com uma camisa do Flamengo, contendo o nome do noruegu\u00eas junto ao n\u00famero 9. Sendo assim, o momento foi compartilhado nas redes sociais, com o atacante agradecendo o brasileiro e publicando o hino [&hellip;]\" \/>\n<meta property=\"og:url\" content=\"https:\/\/www.gaveanews.com\/index.php\/2020\/09\/13\/reinier-presenteia-haaland-com-camisa-flamengo-e-atacante-agradece\/\" \/>\n<meta property=\"og:site_name\" content=\"G\u00e1vea News\" \/>\n<meta property=\"article:publisher\" content=\"https:\/\/facebook.com\/gaveaNews\/\" \/>\n<meta property=\"article:published_time\" content=\"2020-09-14T02:57:27+00:00\" \/>\n<meta property=\"article:modified_time\" content=\"2020-09-14T02:57:34+00:00\" \/>\n<meta property=\"og:image\" content=\"https:\/\/www.gaveanews.com\/wp-content\/uploads\/Meia-Reinier-em-acao-pelo-Flamengo.webp\" \/>\n\t<meta property=\"og:image:width\" content=\"1\" \/>\n\t<meta property=\"og:image:height\" content=\"1\" \/>\n\t<meta property=\"og:image:type\" content=\"image\/jpeg\" \/>\n<meta name=\"author\" content=\"Equipe G\u00e1vea News\" \/>\n<meta name=\"twitter:card\" content=\"summary_large_image\" \/>\n<meta name=\"twitter:label1\" content=\"Escrito por\" \/>\n\t<meta name=\"twitter:data1\" content=\"Equipe G\u00e1vea News\" \/>\n\t<meta name=\"twitter:label2\" content=\"Est. tempo de leitura\" \/>\n\t<meta name=\"twitter:data2\" content=\"2 minutos\" \/>\n<script type=\"application\/ld+json\" class=\"yoast-schema-graph\">{\"@context\":\"https:\/\/schema.org\",\"@graph\":[{\"@type\":\"NewsArticle\",\"@id\":\"https:\/\/www.gaveanews.com\/index.php\/2020\/09\/13\/reinier-presenteia-haaland-com-camisa-flamengo-e-atacante-agradece\/#article\",\"isPartOf\":{\"@id\":\"https:\/\/www.gaveanews.com\/index.php\/2020\/09\/13\/reinier-presenteia-haaland-com-camisa-flamengo-e-atacante-agradece\/\"},\"author\":{\"name\":\"Equipe G\u00e1vea News\",\"@id\":\"https:\/\/www.gaveanews.com\/#\/schema\/person\/2ec14f73fb96be2caf28f91afb14749d\"},\"headline\":\"Reinier presenteia Haaland com camisa Flamengo e atacante agradece\",\"datePublished\":\"2020-09-14T02:57:27+00:00\",\"dateModified\":\"2020-09-14T02:57:34+00:00\",\"mainEntityOfPage\":{\"@id\":\"https:\/\/www.gaveanews.com\/index.php\/2020\/09\/13\/reinier-presenteia-haaland-com-camisa-flamengo-e-atacante-agradece\/\"},\"wordCount\":378,\"commentCount\":1,\"image\":{\"@id\":\"https:\/\/www.gaveanews.com\/index.php\/2020\/09\/13\/reinier-presenteia-haaland-com-camisa-flamengo-e-atacante-agradece\/#primaryimage\"},\"thumbnailUrl\":\"https:\/\/www.gaveanews.com\/wp-content\/uploads\/Meia-Reinier-em-acao-pelo-Flamengo.webp\",\"articleSection\":[\"Flamengo\"],\"inLanguage\":\"pt-BR\",\"potentialAction\":[{\"@type\":\"CommentAction\",\"name\":\"Comment\",\"target\":[\"https:\/\/www.gaveanews.com\/index.php\/2020\/09\/13\/reinier-presenteia-haaland-com-camisa-flamengo-e-atacante-agradece\/#respond\"]}],\"copyrightYear\":\"2020\",\"copyrightHolder\":{\"@id\":\"https:\/\/www.gaveanews.com\/#organization\"}},{\"@type\":\"WebPage\",\"@id\":\"https:\/\/www.gaveanews.com\/index.php\/2020\/09\/13\/reinier-presenteia-haaland-com-camisa-flamengo-e-atacante-agradece\/\",\"url\":\"https:\/\/www.gaveanews.com\/index.php\/2020\/09\/13\/reinier-presenteia-haaland-com-camisa-flamengo-e-atacante-agradece\/\",\"name\":\"Reinier presenteia Haaland com camisa Flamengo e atacante agradece\",\"isPartOf\":{\"@id\":\"https:\/\/www.gaveanews.com\/#website\"},\"primaryImageOfPage\":{\"@id\":\"https:\/\/www.gaveanews.com\/index.php\/2020\/09\/13\/reinier-presenteia-haaland-com-camisa-flamengo-e-atacante-agradece\/#primaryimage\"},\"image\":{\"@id\":\"https:\/\/www.gaveanews.com\/index.php\/2020\/09\/13\/reinier-presenteia-haaland-com-camisa-flamengo-e-atacante-agradece\/#primaryimage\"},\"thumbnailUrl\":\"https:\/\/www.gaveanews.com\/wp-content\/uploads\/Meia-Reinier-em-acao-pelo-Flamengo.webp\",\"datePublished\":\"2020-09-14T02:57:27+00:00\",\"dateModified\":\"2020-09-14T02:57:34+00:00\",\"author\":{\"@id\":\"https:\/\/www.gaveanews.com\/#\/schema\/person\/2ec14f73fb96be2caf28f91afb14749d\"},\"breadcrumb\":{\"@id\":\"https:\/\/www.gaveanews.com\/index.php\/2020\/09\/13\/reinier-presenteia-haaland-com-camisa-flamengo-e-atacante-agradece\/#breadcrumb\"},\"inLanguage\":\"pt-BR\",\"potentialAction\":[{\"@type\":\"ReadAction\",\"target\":[\"https:\/\/www.gaveanews.com\/index.php\/2020\/09\/13\/reinier-presenteia-haaland-com-camisa-flamengo-e-atacante-agradece\/\"]}]},{\"@type\":\"ImageObject\",\"inLanguage\":\"pt-BR\",\"@id\":\"https:\/\/www.gaveanews.com\/index.php\/2020\/09\/13\/reinier-presenteia-haaland-com-camisa-flamengo-e-atacante-agradece\/#primaryimage\",\"url\":\"https:\/\/www.gaveanews.com\/wp-content\/uploads\/Meia-Reinier-em-acao-pelo-Flamengo.webp\",\"contentUrl\":\"https:\/\/www.gaveanews.com\/wp-content\/uploads\/Meia-Reinier-em-acao-pelo-Flamengo.webp\",\"caption\":\"Meia Reinier em a\u00e7\u00e3o pelo Flamengo (Foto: Alexandre Vidal\/Flamengo)\"},{\"@type\":\"BreadcrumbList\",\"@id\":\"https:\/\/www.gaveanews.com\/index.php\/2020\/09\/13\/reinier-presenteia-haaland-com-camisa-flamengo-e-atacante-agradece\/#breadcrumb\",\"itemListElement\":[{\"@type\":\"ListItem\",\"position\":1,\"name\":\"Home\",\"item\":\"https:\/\/www.gaveanews.com\/\"},{\"@type\":\"ListItem\",\"position\":2,\"name\":\"Reinier presenteia Haaland com camisa Flamengo e atacante agradece\"}]},{\"@type\":\"WebSite\",\"@id\":\"https:\/\/www.gaveanews.com\/#website\",\"url\":\"https:\/\/www.gaveanews.com\/\",\"name\":\"G\u00e1vea News\",\"description\":\"Veja todas as not\u00edcias sobre o Flamengo: Contrata\u00e7\u00f5es, categorias de base, resultados das partidas, tabela de classifica\u00e7\u00e3o, pr\u00f3ximos jogos!\",\"potentialAction\":[{\"@type\":\"SearchAction\",\"target\":{\"@type\":\"EntryPoint\",\"urlTemplate\":\"https:\/\/www.gaveanews.com\/?s={search_term_string}\"},\"query-input\":{\"@type\":\"PropertyValueSpecification\",\"valueRequired\":true,\"valueName\":\"search_term_string\"}}],\"inLanguage\":\"pt-BR\"},{\"@type\":\"Person\",\"@id\":\"https:\/\/www.gaveanews.com\/#\/schema\/person\/2ec14f73fb96be2caf28f91afb14749d\",\"name\":\"Equipe G\u00e1vea News\",\"image\":{\"@type\":\"ImageObject\",\"inLanguage\":\"pt-BR\",\"@id\":\"https:\/\/www.gaveanews.com\/#\/schema\/person\/image\/\",\"url\":\"https:\/\/secure.gravatar.com\/avatar\/1e1956f1facbffd3f8fa53a326721950116b3b9dc9bd44939c01180fd4a745a9?s=96&d=mm&r=g\",\"contentUrl\":\"https:\/\/secure.gravatar.com\/avatar\/1e1956f1facbffd3f8fa53a326721950116b3b9dc9bd44939c01180fd4a745a9?s=96&d=mm&r=g\",\"caption\":\"Equipe G\u00e1vea News\"}}]}<\/script>\n<!-- \/ Yoast SEO Premium plugin. -->","yoast_head_json":{"title":"Reinier presenteia Haaland com camisa Flamengo e atacante agradece","robots":{"index":"index","follow":"follow","max-snippet":"max-snippet:-1","max-image-preview":"max-image-preview:large","max-video-preview":"max-video-preview:-1"},"canonical":"https:\/\/www.gaveanews.com\/index.php\/2020\/09\/13\/reinier-presenteia-haaland-com-camisa-flamengo-e-atacante-agradece\/","og_locale":"pt_BR","og_type":"article","og_title":"Reinier presenteia Haaland com camisa Flamengo e atacante agradece","og_description":"Ap\u00f3s ser emprestado para o Borussia Dortmund, Reinier come\u00e7a a se entrosar com seus novos companheiros. Dessa forma, o meia presentou Haaland com uma camisa do Flamengo, contendo o nome do noruegu\u00eas junto ao n\u00famero 9. Sendo assim, o momento foi compartilhado nas redes sociais, com o atacante agradecendo o brasileiro e publicando o hino [&hellip;]","og_url":"https:\/\/www.gaveanews.com\/index.php\/2020\/09\/13\/reinier-presenteia-haaland-com-camisa-flamengo-e-atacante-agradece\/","og_site_name":"G\u00e1vea News","article_publisher":"https:\/\/facebook.com\/gaveaNews\/","article_published_time":"2020-09-14T02:57:27+00:00","article_modified_time":"2020-09-14T02:57:34+00:00","og_image":[{"url":"https:\/\/www.gaveanews.com\/wp-content\/uploads\/Meia-Reinier-em-acao-pelo-Flamengo.webp","width":1,"height":1,"type":"image\/jpeg"}],"author":"Equipe G\u00e1vea News","twitter_card":"summary_large_image","twitter_misc":{"Escrito por":"Equipe G\u00e1vea News","Est. tempo de leitura":"2 minutos"},"schema":{"@context":"https:\/\/schema.org","@graph":[{"@type":"NewsArticle","@id":"https:\/\/www.gaveanews.com\/index.php\/2020\/09\/13\/reinier-presenteia-haaland-com-camisa-flamengo-e-atacante-agradece\/#article","isPartOf":{"@id":"https:\/\/www.gaveanews.com\/index.php\/2020\/09\/13\/reinier-presenteia-haaland-com-camisa-flamengo-e-atacante-agradece\/"},"author":{"name":"Equipe G\u00e1vea News","@id":"https:\/\/www.gaveanews.com\/#\/schema\/person\/2ec14f73fb96be2caf28f91afb14749d"},"headline":"Reinier presenteia Haaland com camisa Flamengo e atacante agradece","datePublished":"2020-09-14T02:57:27+00:00","dateModified":"2020-09-14T02:57:34+00:00","mainEntityOfPage":{"@id":"https:\/\/www.gaveanews.com\/index.php\/2020\/09\/13\/reinier-presenteia-haaland-com-camisa-flamengo-e-atacante-agradece\/"},"wordCount":378,"commentCount":1,"image":{"@id":"https:\/\/www.gaveanews.com\/index.php\/2020\/09\/13\/reinier-presenteia-haaland-com-camisa-flamengo-e-atacante-agradece\/#primaryimage"},"thumbnailUrl":"https:\/\/www.gaveanews.com\/wp-content\/uploads\/Meia-Reinier-em-acao-pelo-Flamengo.webp","articleSection":["Flamengo"],"inLanguage":"pt-BR","potentialAction":[{"@type":"CommentAction","name":"Comment","target":["https:\/\/www.gaveanews.com\/index.php\/2020\/09\/13\/reinier-presenteia-haaland-com-camisa-flamengo-e-atacante-agradece\/#respond"]}],"copyrightYear":"2020","copyrightHolder":{"@id":"https:\/\/www.gaveanews.com\/#organization"}},{"@type":"WebPage","@id":"https:\/\/www.gaveanews.com\/index.php\/2020\/09\/13\/reinier-presenteia-haaland-com-camisa-flamengo-e-atacante-agradece\/","url":"https:\/\/www.gaveanews.com\/index.php\/2020\/09\/13\/reinier-presenteia-haaland-com-camisa-flamengo-e-atacante-agradece\/","name":"Reinier presenteia Haaland com camisa Flamengo e atacante agradece","isPartOf":{"@id":"https:\/\/www.gaveanews.com\/#website"},"primaryImageOfPage":{"@id":"https:\/\/www.gaveanews.com\/index.php\/2020\/09\/13\/reinier-presenteia-haaland-com-camisa-flamengo-e-atacante-agradece\/#primaryimage"},"image":{"@id":"https:\/\/www.gaveanews.com\/index.php\/2020\/09\/13\/reinier-presenteia-haaland-com-camisa-flamengo-e-atacante-agradece\/#primaryimage"},"thumbnailUrl":"https:\/\/www.gaveanews.com\/wp-content\/uploads\/Meia-Reinier-em-acao-pelo-Flamengo.webp","datePublished":"2020-09-14T02:57:27+00:00","dateModified":"2020-09-14T02:57:34+00:00","author":{"@id":"https:\/\/www.gaveanews.com\/#\/schema\/person\/2ec14f73fb96be2caf28f91afb14749d"},"breadcrumb":{"@id":"https:\/\/www.gaveanews.com\/index.php\/2020\/09\/13\/reinier-presenteia-haaland-com-camisa-flamengo-e-atacante-agradece\/#breadcrumb"},"inLanguage":"pt-BR","potentialAction":[{"@type":"ReadAction","target":["https:\/\/www.gaveanews.com\/index.php\/2020\/09\/13\/reinier-presenteia-haaland-com-camisa-flamengo-e-atacante-agradece\/"]}]},{"@type":"ImageObject","inLanguage":"pt-BR","@id":"https:\/\/www.gaveanews.com\/index.php\/2020\/09\/13\/reinier-presenteia-haaland-com-camisa-flamengo-e-atacante-agradece\/#primaryimage","url":"https:\/\/www.gaveanews.com\/wp-content\/uploads\/Meia-Reinier-em-acao-pelo-Flamengo.webp","contentUrl":"https:\/\/www.gaveanews.com\/wp-content\/uploads\/Meia-Reinier-em-acao-pelo-Flamengo.webp","caption":"Meia Reinier em a\u00e7\u00e3o pelo Flamengo (Foto: Alexandre Vidal\/Flamengo)"},{"@type":"BreadcrumbList","@id":"https:\/\/www.gaveanews.com\/index.php\/2020\/09\/13\/reinier-presenteia-haaland-com-camisa-flamengo-e-atacante-agradece\/#breadcrumb","itemListElement":[{"@type":"ListItem","position":1,"name":"Home","item":"https:\/\/www.gaveanews.com\/"},{"@type":"ListItem","position":2,"name":"Reinier presenteia Haaland com camisa Flamengo e atacante agradece"}]},{"@type":"WebSite","@id":"https:\/\/www.gaveanews.com\/#website","url":"https:\/\/www.gaveanews.com\/","name":"G\u00e1vea News","description":"Veja todas as not\u00edcias sobre o Flamengo: Contrata\u00e7\u00f5es, categorias de base, resultados das partidas, tabela de classifica\u00e7\u00e3o, pr\u00f3ximos jogos!","potentialAction":[{"@type":"SearchAction","target":{"@type":"EntryPoint","urlTemplate":"https:\/\/www.gaveanews.com\/?s={search_term_string}"},"query-input":{"@type":"PropertyValueSpecification","valueRequired":true,"valueName":"search_term_string"}}],"inLanguage":"pt-BR"},{"@type":"Person","@id":"https:\/\/www.gaveanews.com\/#\/schema\/person\/2ec14f73fb96be2caf28f91afb14749d","name":"Equipe G\u00e1vea News","image":{"@type":"ImageObject","inLanguage":"pt-BR","@id":"https:\/\/www.gaveanews.com\/#\/schema\/person\/image\/","url":"https:\/\/secure.gravatar.com\/avatar\/1e1956f1facbffd3f8fa53a326721950116b3b9dc9bd44939c01180fd4a745a9?s=96&d=mm&r=g","contentUrl":"https:\/\/secure.gravatar.com\/avatar\/1e1956f1facbffd3f8fa53a326721950116b3b9dc9bd44939c01180fd4a745a9?s=96&d=mm&r=g","caption":"Equipe G\u00e1vea News"}}]}},"_links":{"self":[{"href":"https:\/\/www.gaveanews.com\/index.php\/wp-json\/wp\/v2\/posts\/47322","targetHints":{"allow":["GET"]}}],"collection":[{"href":"https:\/\/www.gaveanews.com\/index.php\/wp-json\/wp\/v2\/posts"}],"about":[{"href":"https:\/\/www.gaveanews.com\/index.php\/wp-json\/wp\/v2\/types\/post"}],"author":[{"embeddable":true,"href":"https:\/\/www.gaveanews.com\/index.php\/wp-json\/wp\/v2\/users\/1"}],"replies":[{"embeddable":true,"href":"https:\/\/www.gaveanews.com\/index.php\/wp-json\/wp\/v2\/comments?post=47322"}],"version-history":[{"count":0,"href":"https:\/\/www.gaveanews.com\/index.php\/wp-json\/wp\/v2\/posts\/47322\/revisions"}],"wp:featuredmedia":[{"embeddable":true,"href":"https:\/\/www.gaveanews.com\/index.php\/wp-json\/wp\/v2\/media\/28967"}],"wp:attachment":[{"href":"https:\/\/www.gaveanews.com\/index.php\/wp-json\/wp\/v2\/media?parent=47322"}],"wp:term":[{"taxonomy":"category","embeddable":true,"href":"https:\/\/www.gaveanews.com\/index.php\/wp-json\/wp\/v2\/categories?post=47322"},{"taxonomy":"post_tag","embeddable":true,"href":"https:\/\/www.gaveanews.com\/index.php\/wp-json\/wp\/v2\/tags?post=47322"}],"curies":[{"name":"wp","href":"https:\/\/api.w.org\/{rel}","templated":true}]}}