{"id":47346,"date":"2020-09-14T12:55:38","date_gmt":"2020-09-14T15:55:38","guid":{"rendered":"https:\/\/www.gaveanews.com\/?p=47346"},"modified":"2020-09-14T12:56:17","modified_gmt":"2020-09-14T15:56:17","slug":"flamengo-fecha-parceria-com-a-amazon","status":"publish","type":"post","link":"https:\/\/www.gaveanews.com\/index.php\/2020\/09\/14\/flamengo-fecha-parceria-com-a-amazon\/","title":{"rendered":"Flamengo fecha parceria com a Amazon"},"content":{"rendered":"\n<p>A FlaTV, terceiro maior canal de transmiss\u00e3o online de clubes do mundo, fechou uma a\u00e7\u00e3o com o Amazon Prime Video para o lan\u00e7amento da segunda temporada de The Boys <strong>(<a href=\"https:\/\/amzn.to\/2ZDtPMm\">clique aqui para acessar a Amazon Prime Video gratuitamente por 30 dias<\/a>)<\/strong>. <\/p>\n\n\n\n<p>A maior empresa de varejo do mundo enxergou o canal como uma oportunidade de neg\u00f3cios e desenvolveu, com a equipe do Flamengo, uma estrat\u00e9gia especial para o lan\u00e7amento da s\u00e9rie no Brasil, na plataforma do Rubro-Negro.<\/p>\n\n\n\n<p>Os jogadores Everton Ribeiro e Diego Ribas ser\u00e3o os garotos-propaganda da campanha. As estrelas rubro-negras, al\u00e9m de participarem de um \u201cquiz\u201d sobre o universo dos super-her\u00f3is, tamb\u00e9m ir\u00e3o assistir a um epis\u00f3dio da primeira temporada da s\u00e9rie.<\/p>\n\n\n\n<p>\u201cA FlaTV hoje \u00e9 uma op\u00e7\u00e3o importante para a\u00e7\u00f5es promocionais dos anunciantes, seja pela sua audi\u00eancia, seja pelo forte engajamento de seus torcedores com o canal, seja pela sua flexibilidade comercial. Estamos abertos para desenvolvermos juntos a\u00e7\u00f5es espec\u00edficas para cada empresa, de forma a atingirmos melhores resultados para o investimento feito\u201d, ressaltou Gustavo Oliveira, vice-presidente de Marketing e Comunica\u00e7\u00e3o do Flamengo e respons\u00e1vel pela FlaTV.<\/p>\n\n\n\n<p>The Boys \u00e9 uma s\u00e9rie Amazon Original. A segunda temporada acabou de estrear no Prime Video e a terceira j\u00e1 est\u00e1 confirmada.<\/p>\n\n\n\n<p>Retirado de: Site Oficial do Flamengo<\/p>\n","protected":false},"excerpt":{"rendered":"<p>A FlaTV, terceiro maior canal de transmiss\u00e3o online de clubes do mundo, fechou uma a\u00e7\u00e3o com o Amazon Prime Video para o lan\u00e7amento da segunda temporada de The Boys (clique aqui para acessar a Amazon Prime Video gratuitamente por 30 dias). A maior empresa de varejo do mundo enxergou o canal como uma oportunidade de [&hellip;]<\/p>\n","protected":false},"author":1,"featured_media":33538,"comment_status":"open","ping_status":"closed","sticky":false,"template":"","format":"standard","meta":{"footnotes":""},"categories":[1],"tags":[],"class_list":["post-47346","post","type-post","status-publish","format-standard","has-post-thumbnail","hentry","category-flamengo"],"yoast_head":"<!-- This site is optimized with the Yoast SEO Premium plugin v24.2 (Yoast SEO v26.9) - https:\/\/yoast.com\/product\/yoast-seo-premium-wordpress\/ -->\n<title>Flamengo fecha parceria com a Amazon<\/title>\n<meta name=\"description\" content=\"Os jogadores Everton Ribeiro e Diego Ribas ser\u00e3o os garotos-propaganda da campanha envolvendo a Amazon e o Flamengo.\" \/>\n<meta name=\"robots\" content=\"index, follow, max-snippet:-1, max-image-preview:large, max-video-preview:-1\" \/>\n<link rel=\"canonical\" href=\"https:\/\/www.gaveanews.com\/index.php\/2020\/09\/14\/flamengo-fecha-parceria-com-a-amazon\/\" \/>\n<meta property=\"og:locale\" content=\"pt_BR\" \/>\n<meta property=\"og:type\" content=\"article\" \/>\n<meta property=\"og:title\" content=\"Flamengo fecha parceria com a Amazon\" \/>\n<meta property=\"og:description\" content=\"Os jogadores Everton Ribeiro e Diego Ribas ser\u00e3o os garotos-propaganda da campanha envolvendo a Amazon e o Flamengo.\" \/>\n<meta property=\"og:url\" content=\"https:\/\/www.gaveanews.com\/index.php\/2020\/09\/14\/flamengo-fecha-parceria-com-a-amazon\/\" \/>\n<meta property=\"og:site_name\" content=\"G\u00e1vea News\" \/>\n<meta property=\"article:publisher\" content=\"https:\/\/facebook.com\/gaveaNews\/\" \/>\n<meta property=\"article:published_time\" content=\"2020-09-14T15:55:38+00:00\" \/>\n<meta property=\"article:modified_time\" content=\"2020-09-14T15:56:17+00:00\" \/>\n<meta property=\"og:image\" content=\"https:\/\/www.gaveanews.com\/wp-content\/uploads\/20190725045217_1200_675_-_amazon.webp\" \/>\n\t<meta property=\"og:image:width\" content=\"1200\" \/>\n\t<meta property=\"og:image:height\" content=\"675\" \/>\n\t<meta property=\"og:image:type\" content=\"image\/jpeg\" \/>\n<meta name=\"author\" content=\"Equipe G\u00e1vea News\" \/>\n<meta name=\"twitter:card\" content=\"summary_large_image\" \/>\n<meta name=\"twitter:label1\" content=\"Escrito por\" \/>\n\t<meta name=\"twitter:data1\" content=\"Equipe G\u00e1vea News\" \/>\n\t<meta name=\"twitter:label2\" content=\"Est. tempo de leitura\" \/>\n\t<meta name=\"twitter:data2\" content=\"1 minuto\" \/>\n<script type=\"application\/ld+json\" class=\"yoast-schema-graph\">{\"@context\":\"https:\/\/schema.org\",\"@graph\":[{\"@type\":\"NewsArticle\",\"@id\":\"https:\/\/www.gaveanews.com\/index.php\/2020\/09\/14\/flamengo-fecha-parceria-com-a-amazon\/#article\",\"isPartOf\":{\"@id\":\"https:\/\/www.gaveanews.com\/index.php\/2020\/09\/14\/flamengo-fecha-parceria-com-a-amazon\/\"},\"author\":{\"name\":\"Equipe G\u00e1vea News\",\"@id\":\"https:\/\/www.gaveanews.com\/#\/schema\/person\/2ec14f73fb96be2caf28f91afb14749d\"},\"headline\":\"Flamengo fecha parceria com a Amazon\",\"datePublished\":\"2020-09-14T15:55:38+00:00\",\"dateModified\":\"2020-09-14T15:56:17+00:00\",\"mainEntityOfPage\":{\"@id\":\"https:\/\/www.gaveanews.com\/index.php\/2020\/09\/14\/flamengo-fecha-parceria-com-a-amazon\/\"},\"wordCount\":232,\"commentCount\":0,\"image\":{\"@id\":\"https:\/\/www.gaveanews.com\/index.php\/2020\/09\/14\/flamengo-fecha-parceria-com-a-amazon\/#primaryimage\"},\"thumbnailUrl\":\"https:\/\/www.gaveanews.com\/wp-content\/uploads\/20190725045217_1200_675_-_amazon.webp\",\"articleSection\":[\"Flamengo\"],\"inLanguage\":\"pt-BR\",\"potentialAction\":[{\"@type\":\"CommentAction\",\"name\":\"Comment\",\"target\":[\"https:\/\/www.gaveanews.com\/index.php\/2020\/09\/14\/flamengo-fecha-parceria-com-a-amazon\/#respond\"]}],\"copyrightYear\":\"2020\",\"copyrightHolder\":{\"@id\":\"https:\/\/www.gaveanews.com\/#organization\"}},{\"@type\":\"WebPage\",\"@id\":\"https:\/\/www.gaveanews.com\/index.php\/2020\/09\/14\/flamengo-fecha-parceria-com-a-amazon\/\",\"url\":\"https:\/\/www.gaveanews.com\/index.php\/2020\/09\/14\/flamengo-fecha-parceria-com-a-amazon\/\",\"name\":\"Flamengo fecha parceria com a Amazon\",\"isPartOf\":{\"@id\":\"https:\/\/www.gaveanews.com\/#website\"},\"primaryImageOfPage\":{\"@id\":\"https:\/\/www.gaveanews.com\/index.php\/2020\/09\/14\/flamengo-fecha-parceria-com-a-amazon\/#primaryimage\"},\"image\":{\"@id\":\"https:\/\/www.gaveanews.com\/index.php\/2020\/09\/14\/flamengo-fecha-parceria-com-a-amazon\/#primaryimage\"},\"thumbnailUrl\":\"https:\/\/www.gaveanews.com\/wp-content\/uploads\/20190725045217_1200_675_-_amazon.webp\",\"datePublished\":\"2020-09-14T15:55:38+00:00\",\"dateModified\":\"2020-09-14T15:56:17+00:00\",\"author\":{\"@id\":\"https:\/\/www.gaveanews.com\/#\/schema\/person\/2ec14f73fb96be2caf28f91afb14749d\"},\"description\":\"Os jogadores Everton Ribeiro e Diego Ribas ser\u00e3o os garotos-propaganda da campanha envolvendo a Amazon e o Flamengo.\",\"breadcrumb\":{\"@id\":\"https:\/\/www.gaveanews.com\/index.php\/2020\/09\/14\/flamengo-fecha-parceria-com-a-amazon\/#breadcrumb\"},\"inLanguage\":\"pt-BR\",\"potentialAction\":[{\"@type\":\"ReadAction\",\"target\":[\"https:\/\/www.gaveanews.com\/index.php\/2020\/09\/14\/flamengo-fecha-parceria-com-a-amazon\/\"]}]},{\"@type\":\"ImageObject\",\"inLanguage\":\"pt-BR\",\"@id\":\"https:\/\/www.gaveanews.com\/index.php\/2020\/09\/14\/flamengo-fecha-parceria-com-a-amazon\/#primaryimage\",\"url\":\"https:\/\/www.gaveanews.com\/wp-content\/uploads\/20190725045217_1200_675_-_amazon.webp\",\"contentUrl\":\"https:\/\/www.gaveanews.com\/wp-content\/uploads\/20190725045217_1200_675_-_amazon.webp\",\"width\":1200,\"height\":675},{\"@type\":\"BreadcrumbList\",\"@id\":\"https:\/\/www.gaveanews.com\/index.php\/2020\/09\/14\/flamengo-fecha-parceria-com-a-amazon\/#breadcrumb\",\"itemListElement\":[{\"@type\":\"ListItem\",\"position\":1,\"name\":\"Home\",\"item\":\"https:\/\/www.gaveanews.com\/\"},{\"@type\":\"ListItem\",\"position\":2,\"name\":\"Flamengo fecha parceria com a Amazon\"}]},{\"@type\":\"WebSite\",\"@id\":\"https:\/\/www.gaveanews.com\/#website\",\"url\":\"https:\/\/www.gaveanews.com\/\",\"name\":\"G\u00e1vea News\",\"description\":\"Veja todas as not\u00edcias sobre o Flamengo: Contrata\u00e7\u00f5es, categorias de base, resultados das partidas, tabela de classifica\u00e7\u00e3o, pr\u00f3ximos jogos!\",\"potentialAction\":[{\"@type\":\"SearchAction\",\"target\":{\"@type\":\"EntryPoint\",\"urlTemplate\":\"https:\/\/www.gaveanews.com\/?s={search_term_string}\"},\"query-input\":{\"@type\":\"PropertyValueSpecification\",\"valueRequired\":true,\"valueName\":\"search_term_string\"}}],\"inLanguage\":\"pt-BR\"},{\"@type\":\"Person\",\"@id\":\"https:\/\/www.gaveanews.com\/#\/schema\/person\/2ec14f73fb96be2caf28f91afb14749d\",\"name\":\"Equipe G\u00e1vea News\",\"image\":{\"@type\":\"ImageObject\",\"inLanguage\":\"pt-BR\",\"@id\":\"https:\/\/www.gaveanews.com\/#\/schema\/person\/image\/\",\"url\":\"https:\/\/secure.gravatar.com\/avatar\/1e1956f1facbffd3f8fa53a326721950116b3b9dc9bd44939c01180fd4a745a9?s=96&d=mm&r=g\",\"contentUrl\":\"https:\/\/secure.gravatar.com\/avatar\/1e1956f1facbffd3f8fa53a326721950116b3b9dc9bd44939c01180fd4a745a9?s=96&d=mm&r=g\",\"caption\":\"Equipe G\u00e1vea News\"}}]}<\/script>\n<!-- \/ Yoast SEO Premium plugin. -->","yoast_head_json":{"title":"Flamengo fecha parceria com a Amazon","description":"Os jogadores Everton Ribeiro e Diego Ribas ser\u00e3o os garotos-propaganda da campanha envolvendo a Amazon e o Flamengo.","robots":{"index":"index","follow":"follow","max-snippet":"max-snippet:-1","max-image-preview":"max-image-preview:large","max-video-preview":"max-video-preview:-1"},"canonical":"https:\/\/www.gaveanews.com\/index.php\/2020\/09\/14\/flamengo-fecha-parceria-com-a-amazon\/","og_locale":"pt_BR","og_type":"article","og_title":"Flamengo fecha parceria com a Amazon","og_description":"Os jogadores Everton Ribeiro e Diego Ribas ser\u00e3o os garotos-propaganda da campanha envolvendo a Amazon e o Flamengo.","og_url":"https:\/\/www.gaveanews.com\/index.php\/2020\/09\/14\/flamengo-fecha-parceria-com-a-amazon\/","og_site_name":"G\u00e1vea News","article_publisher":"https:\/\/facebook.com\/gaveaNews\/","article_published_time":"2020-09-14T15:55:38+00:00","article_modified_time":"2020-09-14T15:56:17+00:00","og_image":[{"width":1200,"height":675,"url":"https:\/\/www.gaveanews.com\/wp-content\/uploads\/20190725045217_1200_675_-_amazon.webp","type":"image\/jpeg"}],"author":"Equipe G\u00e1vea News","twitter_card":"summary_large_image","twitter_misc":{"Escrito por":"Equipe G\u00e1vea News","Est. tempo de leitura":"1 minuto"},"schema":{"@context":"https:\/\/schema.org","@graph":[{"@type":"NewsArticle","@id":"https:\/\/www.gaveanews.com\/index.php\/2020\/09\/14\/flamengo-fecha-parceria-com-a-amazon\/#article","isPartOf":{"@id":"https:\/\/www.gaveanews.com\/index.php\/2020\/09\/14\/flamengo-fecha-parceria-com-a-amazon\/"},"author":{"name":"Equipe G\u00e1vea News","@id":"https:\/\/www.gaveanews.com\/#\/schema\/person\/2ec14f73fb96be2caf28f91afb14749d"},"headline":"Flamengo fecha parceria com a Amazon","datePublished":"2020-09-14T15:55:38+00:00","dateModified":"2020-09-14T15:56:17+00:00","mainEntityOfPage":{"@id":"https:\/\/www.gaveanews.com\/index.php\/2020\/09\/14\/flamengo-fecha-parceria-com-a-amazon\/"},"wordCount":232,"commentCount":0,"image":{"@id":"https:\/\/www.gaveanews.com\/index.php\/2020\/09\/14\/flamengo-fecha-parceria-com-a-amazon\/#primaryimage"},"thumbnailUrl":"https:\/\/www.gaveanews.com\/wp-content\/uploads\/20190725045217_1200_675_-_amazon.webp","articleSection":["Flamengo"],"inLanguage":"pt-BR","potentialAction":[{"@type":"CommentAction","name":"Comment","target":["https:\/\/www.gaveanews.com\/index.php\/2020\/09\/14\/flamengo-fecha-parceria-com-a-amazon\/#respond"]}],"copyrightYear":"2020","copyrightHolder":{"@id":"https:\/\/www.gaveanews.com\/#organization"}},{"@type":"WebPage","@id":"https:\/\/www.gaveanews.com\/index.php\/2020\/09\/14\/flamengo-fecha-parceria-com-a-amazon\/","url":"https:\/\/www.gaveanews.com\/index.php\/2020\/09\/14\/flamengo-fecha-parceria-com-a-amazon\/","name":"Flamengo fecha parceria com a Amazon","isPartOf":{"@id":"https:\/\/www.gaveanews.com\/#website"},"primaryImageOfPage":{"@id":"https:\/\/www.gaveanews.com\/index.php\/2020\/09\/14\/flamengo-fecha-parceria-com-a-amazon\/#primaryimage"},"image":{"@id":"https:\/\/www.gaveanews.com\/index.php\/2020\/09\/14\/flamengo-fecha-parceria-com-a-amazon\/#primaryimage"},"thumbnailUrl":"https:\/\/www.gaveanews.com\/wp-content\/uploads\/20190725045217_1200_675_-_amazon.webp","datePublished":"2020-09-14T15:55:38+00:00","dateModified":"2020-09-14T15:56:17+00:00","author":{"@id":"https:\/\/www.gaveanews.com\/#\/schema\/person\/2ec14f73fb96be2caf28f91afb14749d"},"description":"Os jogadores Everton Ribeiro e Diego Ribas ser\u00e3o os garotos-propaganda da campanha envolvendo a Amazon e o Flamengo.","breadcrumb":{"@id":"https:\/\/www.gaveanews.com\/index.php\/2020\/09\/14\/flamengo-fecha-parceria-com-a-amazon\/#breadcrumb"},"inLanguage":"pt-BR","potentialAction":[{"@type":"ReadAction","target":["https:\/\/www.gaveanews.com\/index.php\/2020\/09\/14\/flamengo-fecha-parceria-com-a-amazon\/"]}]},{"@type":"ImageObject","inLanguage":"pt-BR","@id":"https:\/\/www.gaveanews.com\/index.php\/2020\/09\/14\/flamengo-fecha-parceria-com-a-amazon\/#primaryimage","url":"https:\/\/www.gaveanews.com\/wp-content\/uploads\/20190725045217_1200_675_-_amazon.webp","contentUrl":"https:\/\/www.gaveanews.com\/wp-content\/uploads\/20190725045217_1200_675_-_amazon.webp","width":1200,"height":675},{"@type":"BreadcrumbList","@id":"https:\/\/www.gaveanews.com\/index.php\/2020\/09\/14\/flamengo-fecha-parceria-com-a-amazon\/#breadcrumb","itemListElement":[{"@type":"ListItem","position":1,"name":"Home","item":"https:\/\/www.gaveanews.com\/"},{"@type":"ListItem","position":2,"name":"Flamengo fecha parceria com a Amazon"}]},{"@type":"WebSite","@id":"https:\/\/www.gaveanews.com\/#website","url":"https:\/\/www.gaveanews.com\/","name":"G\u00e1vea News","description":"Veja todas as not\u00edcias sobre o Flamengo: Contrata\u00e7\u00f5es, categorias de base, resultados das partidas, tabela de classifica\u00e7\u00e3o, pr\u00f3ximos jogos!","potentialAction":[{"@type":"SearchAction","target":{"@type":"EntryPoint","urlTemplate":"https:\/\/www.gaveanews.com\/?s={search_term_string}"},"query-input":{"@type":"PropertyValueSpecification","valueRequired":true,"valueName":"search_term_string"}}],"inLanguage":"pt-BR"},{"@type":"Person","@id":"https:\/\/www.gaveanews.com\/#\/schema\/person\/2ec14f73fb96be2caf28f91afb14749d","name":"Equipe G\u00e1vea News","image":{"@type":"ImageObject","inLanguage":"pt-BR","@id":"https:\/\/www.gaveanews.com\/#\/schema\/person\/image\/","url":"https:\/\/secure.gravatar.com\/avatar\/1e1956f1facbffd3f8fa53a326721950116b3b9dc9bd44939c01180fd4a745a9?s=96&d=mm&r=g","contentUrl":"https:\/\/secure.gravatar.com\/avatar\/1e1956f1facbffd3f8fa53a326721950116b3b9dc9bd44939c01180fd4a745a9?s=96&d=mm&r=g","caption":"Equipe G\u00e1vea News"}}]}},"_links":{"self":[{"href":"https:\/\/www.gaveanews.com\/index.php\/wp-json\/wp\/v2\/posts\/47346","targetHints":{"allow":["GET"]}}],"collection":[{"href":"https:\/\/www.gaveanews.com\/index.php\/wp-json\/wp\/v2\/posts"}],"about":[{"href":"https:\/\/www.gaveanews.com\/index.php\/wp-json\/wp\/v2\/types\/post"}],"author":[{"embeddable":true,"href":"https:\/\/www.gaveanews.com\/index.php\/wp-json\/wp\/v2\/users\/1"}],"replies":[{"embeddable":true,"href":"https:\/\/www.gaveanews.com\/index.php\/wp-json\/wp\/v2\/comments?post=47346"}],"version-history":[{"count":0,"href":"https:\/\/www.gaveanews.com\/index.php\/wp-json\/wp\/v2\/posts\/47346\/revisions"}],"wp:featuredmedia":[{"embeddable":true,"href":"https:\/\/www.gaveanews.com\/index.php\/wp-json\/wp\/v2\/media\/33538"}],"wp:attachment":[{"href":"https:\/\/www.gaveanews.com\/index.php\/wp-json\/wp\/v2\/media?parent=47346"}],"wp:term":[{"taxonomy":"category","embeddable":true,"href":"https:\/\/www.gaveanews.com\/index.php\/wp-json\/wp\/v2\/categories?post=47346"},{"taxonomy":"post_tag","embeddable":true,"href":"https:\/\/www.gaveanews.com\/index.php\/wp-json\/wp\/v2\/tags?post=47346"}],"curies":[{"name":"wp","href":"https:\/\/api.w.org\/{rel}","templated":true}]}}