{"id":47389,"date":"2020-09-15T01:30:54","date_gmt":"2020-09-15T04:30:54","guid":{"rendered":"https:\/\/www.gaveanews.com\/?p=47389"},"modified":"2020-09-15T00:24:23","modified_gmt":"2020-09-15T03:24:23","slug":"divida-do-flamengo-aumenta-em-r-163-milhoes-devido-a-pandemia-veja-valores-detalhados","status":"publish","type":"post","link":"https:\/\/www.gaveanews.com\/index.php\/2020\/09\/15\/divida-do-flamengo-aumenta-em-r-163-milhoes-devido-a-pandemia-veja-valores-detalhados\/","title":{"rendered":"D\u00edvida do Flamengo aumenta em R$ 163 milh\u00f5es devido \u00e0 pandemia; veja valores detalhados"},"content":{"rendered":"\n<p>No primeiro semestre de 2020, clubes de futebol brasileiros aumentaram seus endividamentos em pelo menos R$ 800 milh\u00f5es. Quase todos muito prejudicados pela pandemia do coronav\u00edrus, pela suspens\u00e3o de competi\u00e7\u00f5es e pela interrup\u00e7\u00e3o de receitas neste per\u00edodo.<\/p>\n\n\n\n<p>O n\u00famero faz parte de levantamento feito pelo portal &#8216;Globo Esporte&#8217; com base em balancetes publicados pelos pr\u00f3prios clubes at\u00e9 o momento. Como n\u00e3o existe obrigatoriedade por meio de legisla\u00e7\u00e3o, nem todos os dirigentes publicam os documentos. Apenas os mais transparentes e organizados.<\/p>\n\n\n\n<p>Os n\u00fameros compreendem os seguintes clubes: Bahia, Corinthians, Cruzeiro, Flamengo, Fortaleza, Gr\u00eamio, Internacional, Santos, S\u00e3o Paulo e Vasco. Os demais clubes do Campeonato Brasileiro n\u00e3o publicaram balancetes em seus sites. Palmeiras e Fluminense tinham esse h\u00e1bito at\u00e9 pouco tempo atr\u00e1s, mas o abandonaram. O restante nunca avan\u00e7ou nesse sentido em termos de transpar\u00eancia com torcida e mercado.<\/p>\n\n\n\n<h2 class=\"wp-block-heading\">As d\u00edvidas&#8230;<\/h2>\n\n\n\n<p>O\u00a0Cruzeiro\u00a0tem a maior d\u00edvida entre os dez clubes analisados, com R$ 983 milh\u00f5es at\u00e9 a data de fechamento do balancete em 31 de maio*. Esta \u00e9 a primeira vez na hist\u00f3ria que a associa\u00e7\u00e3o publica a vis\u00e3o parcial de suas contas. O balancete de 30 de junho ainda n\u00e3o est\u00e1 pronto.<\/p>\n\n\n\n<p>Em todos os outros casos,\u00a0o levantamento compreende os seis meses entre janeiro e junho. O crit\u00e9rio para o c\u00e1lculo do endividamento \u00e9 o mesmo adotado pelo &#8216;Globo Esporte&#8217;\u00a0na s\u00e9rie sobre as finan\u00e7as dos clubes, publicada anualmente com base nos balan\u00e7os \u2013 todas as d\u00edvidas, menos o caixa.<\/p>\n\n\n\n<p>A maior varia\u00e7\u00e3o neste per\u00edodo pertence ao\u00a0Corinthians, com o acr\u00e9scimo de R$ 237 milh\u00f5es em novas d\u00edvidas em apenas seis meses. \u00c9 o caso mais grave neste semestre prejudicado pela pandemia. O\u00a0Cruzeiro\u00a0teve o segundo maior aumento, e o\u00a0Flamengo\u00a0teve o terceiro.<\/p>\n\n\n\n<div class=\"wp-block-image\"><figure class=\"aligncenter size-large\"><img decoding=\"async\" src=\"https:\/\/1.bp.blogspot.com\/-sZr7T7tV1c8\/X2AzeiIbvjI\/AAAAAAAAdQM\/xshDhk6QXu8Nn5m-DDGe6teXGWk6VDSTwCLcBGAsYHQ\/s0\/ss.PNG\" alt=\"\"\/><figcaption>(Foto: Reprodu\u00e7\u00e3o\/Globo Esporte)<\/figcaption><\/figure><\/div>\n\n\n\n<p>Retirado de: Blog do Rodrigo Capelo<\/p>\n","protected":false},"excerpt":{"rendered":"<p>No primeiro semestre de 2020, clubes de futebol brasileiros aumentaram seus endividamentos em pelo menos R$ 800 milh\u00f5es. Quase todos muito prejudicados pela pandemia do coronav\u00edrus, pela suspens\u00e3o de competi\u00e7\u00f5es e pela interrup\u00e7\u00e3o de receitas neste per\u00edodo. O n\u00famero faz parte de levantamento feito pelo portal &#8216;Globo Esporte&#8217; com base em balancetes publicados pelos pr\u00f3prios [&hellip;]<\/p>\n","protected":false},"author":1,"featured_media":15077,"comment_status":"open","ping_status":"closed","sticky":false,"template":"","format":"standard","meta":{"footnotes":""},"categories":[47],"tags":[],"class_list":["post-47389","post","type-post","status-publish","format-standard","has-post-thumbnail","hentry","category-destaques"],"yoast_head":"<!-- This site is optimized with the Yoast SEO Premium plugin v24.2 (Yoast SEO v26.9) - https:\/\/yoast.com\/product\/yoast-seo-premium-wordpress\/ -->\n<title>D\u00edvida do Flamengo aumenta em R$ 163 milh\u00f5es devido \u00e0 pandemia<\/title>\n<meta name=\"robots\" content=\"index, follow, max-snippet:-1, max-image-preview:large, max-video-preview:-1\" \/>\n<link rel=\"canonical\" href=\"https:\/\/www.gaveanews.com\/index.php\/2020\/09\/15\/divida-do-flamengo-aumenta-em-r-163-milhoes-devido-a-pandemia-veja-valores-detalhados\/\" \/>\n<meta property=\"og:locale\" content=\"pt_BR\" \/>\n<meta property=\"og:type\" content=\"article\" \/>\n<meta property=\"og:title\" content=\"D\u00edvida do Flamengo aumenta em R$ 163 milh\u00f5es devido \u00e0 pandemia; veja valores detalhados\" \/>\n<meta property=\"og:description\" content=\"No primeiro semestre de 2020, clubes de futebol brasileiros aumentaram seus endividamentos em pelo menos R$ 800 milh\u00f5es. Quase todos muito prejudicados pela pandemia do coronav\u00edrus, pela suspens\u00e3o de competi\u00e7\u00f5es e pela interrup\u00e7\u00e3o de receitas neste per\u00edodo. O n\u00famero faz parte de levantamento feito pelo portal &#8216;Globo Esporte&#8217; com base em balancetes publicados pelos pr\u00f3prios [&hellip;]\" \/>\n<meta property=\"og:url\" content=\"https:\/\/www.gaveanews.com\/index.php\/2020\/09\/15\/divida-do-flamengo-aumenta-em-r-163-milhoes-devido-a-pandemia-veja-valores-detalhados\/\" \/>\n<meta property=\"og:site_name\" content=\"G\u00e1vea News\" \/>\n<meta property=\"article:publisher\" content=\"https:\/\/facebook.com\/gaveaNews\/\" \/>\n<meta property=\"article:published_time\" content=\"2020-09-15T04:30:54+00:00\" \/>\n<meta property=\"og:image\" content=\"https:\/\/www.gaveanews.com\/wp-content\/uploads\/2019\/03\/Rodolfo-Landim-durante-entrevista-coletiva-na-Gavea.webp\" \/>\n\t<meta property=\"og:image:width\" content=\"1\" \/>\n\t<meta property=\"og:image:height\" content=\"1\" \/>\n\t<meta property=\"og:image:type\" content=\"image\/jpeg\" \/>\n<meta name=\"author\" content=\"Equipe G\u00e1vea News\" \/>\n<meta name=\"twitter:card\" content=\"summary_large_image\" \/>\n<meta name=\"twitter:label1\" content=\"Escrito por\" \/>\n\t<meta name=\"twitter:data1\" content=\"Equipe G\u00e1vea News\" \/>\n\t<meta name=\"twitter:label2\" content=\"Est. tempo de leitura\" \/>\n\t<meta name=\"twitter:data2\" content=\"2 minutos\" \/>\n<script type=\"application\/ld+json\" class=\"yoast-schema-graph\">{\"@context\":\"https:\/\/schema.org\",\"@graph\":[{\"@type\":\"NewsArticle\",\"@id\":\"https:\/\/www.gaveanews.com\/index.php\/2020\/09\/15\/divida-do-flamengo-aumenta-em-r-163-milhoes-devido-a-pandemia-veja-valores-detalhados\/#article\",\"isPartOf\":{\"@id\":\"https:\/\/www.gaveanews.com\/index.php\/2020\/09\/15\/divida-do-flamengo-aumenta-em-r-163-milhoes-devido-a-pandemia-veja-valores-detalhados\/\"},\"author\":{\"name\":\"Equipe G\u00e1vea News\",\"@id\":\"https:\/\/www.gaveanews.com\/#\/schema\/person\/2ec14f73fb96be2caf28f91afb14749d\"},\"headline\":\"D\u00edvida do Flamengo aumenta em R$ 163 milh\u00f5es devido \u00e0 pandemia; veja valores detalhados\",\"datePublished\":\"2020-09-15T04:30:54+00:00\",\"mainEntityOfPage\":{\"@id\":\"https:\/\/www.gaveanews.com\/index.php\/2020\/09\/15\/divida-do-flamengo-aumenta-em-r-163-milhoes-devido-a-pandemia-veja-valores-detalhados\/\"},\"wordCount\":337,\"commentCount\":10,\"image\":{\"@id\":\"https:\/\/www.gaveanews.com\/index.php\/2020\/09\/15\/divida-do-flamengo-aumenta-em-r-163-milhoes-devido-a-pandemia-veja-valores-detalhados\/#primaryimage\"},\"thumbnailUrl\":\"https:\/\/www.gaveanews.com\/wp-content\/uploads\/2019\/03\/Rodolfo-Landim-durante-entrevista-coletiva-na-Gavea.webp\",\"articleSection\":[\"Destaques\"],\"inLanguage\":\"pt-BR\",\"potentialAction\":[{\"@type\":\"CommentAction\",\"name\":\"Comment\",\"target\":[\"https:\/\/www.gaveanews.com\/index.php\/2020\/09\/15\/divida-do-flamengo-aumenta-em-r-163-milhoes-devido-a-pandemia-veja-valores-detalhados\/#respond\"]}],\"copyrightYear\":\"2020\",\"copyrightHolder\":{\"@id\":\"https:\/\/www.gaveanews.com\/#organization\"}},{\"@type\":\"WebPage\",\"@id\":\"https:\/\/www.gaveanews.com\/index.php\/2020\/09\/15\/divida-do-flamengo-aumenta-em-r-163-milhoes-devido-a-pandemia-veja-valores-detalhados\/\",\"url\":\"https:\/\/www.gaveanews.com\/index.php\/2020\/09\/15\/divida-do-flamengo-aumenta-em-r-163-milhoes-devido-a-pandemia-veja-valores-detalhados\/\",\"name\":\"D\u00edvida do Flamengo aumenta em R$ 163 milh\u00f5es devido \u00e0 pandemia\",\"isPartOf\":{\"@id\":\"https:\/\/www.gaveanews.com\/#website\"},\"primaryImageOfPage\":{\"@id\":\"https:\/\/www.gaveanews.com\/index.php\/2020\/09\/15\/divida-do-flamengo-aumenta-em-r-163-milhoes-devido-a-pandemia-veja-valores-detalhados\/#primaryimage\"},\"image\":{\"@id\":\"https:\/\/www.gaveanews.com\/index.php\/2020\/09\/15\/divida-do-flamengo-aumenta-em-r-163-milhoes-devido-a-pandemia-veja-valores-detalhados\/#primaryimage\"},\"thumbnailUrl\":\"https:\/\/www.gaveanews.com\/wp-content\/uploads\/2019\/03\/Rodolfo-Landim-durante-entrevista-coletiva-na-Gavea.webp\",\"datePublished\":\"2020-09-15T04:30:54+00:00\",\"author\":{\"@id\":\"https:\/\/www.gaveanews.com\/#\/schema\/person\/2ec14f73fb96be2caf28f91afb14749d\"},\"breadcrumb\":{\"@id\":\"https:\/\/www.gaveanews.com\/index.php\/2020\/09\/15\/divida-do-flamengo-aumenta-em-r-163-milhoes-devido-a-pandemia-veja-valores-detalhados\/#breadcrumb\"},\"inLanguage\":\"pt-BR\",\"potentialAction\":[{\"@type\":\"ReadAction\",\"target\":[\"https:\/\/www.gaveanews.com\/index.php\/2020\/09\/15\/divida-do-flamengo-aumenta-em-r-163-milhoes-devido-a-pandemia-veja-valores-detalhados\/\"]}]},{\"@type\":\"ImageObject\",\"inLanguage\":\"pt-BR\",\"@id\":\"https:\/\/www.gaveanews.com\/index.php\/2020\/09\/15\/divida-do-flamengo-aumenta-em-r-163-milhoes-devido-a-pandemia-veja-valores-detalhados\/#primaryimage\",\"url\":\"https:\/\/www.gaveanews.com\/wp-content\/uploads\/2019\/03\/Rodolfo-Landim-durante-entrevista-coletiva-na-Gavea.webp\",\"contentUrl\":\"https:\/\/www.gaveanews.com\/wp-content\/uploads\/2019\/03\/Rodolfo-Landim-durante-entrevista-coletiva-na-Gavea.webp\",\"width\":900,\"height\":599,\"caption\":\"Rodolfo Landim durante entrevista coletiva na G\u00e1vea (Foto: Ag\u00eancia Foto BR)\"},{\"@type\":\"BreadcrumbList\",\"@id\":\"https:\/\/www.gaveanews.com\/index.php\/2020\/09\/15\/divida-do-flamengo-aumenta-em-r-163-milhoes-devido-a-pandemia-veja-valores-detalhados\/#breadcrumb\",\"itemListElement\":[{\"@type\":\"ListItem\",\"position\":1,\"name\":\"Home\",\"item\":\"https:\/\/www.gaveanews.com\/\"},{\"@type\":\"ListItem\",\"position\":2,\"name\":\"D\u00edvida do Flamengo aumenta em R$ 163 milh\u00f5es devido \u00e0 pandemia; veja valores detalhados\"}]},{\"@type\":\"WebSite\",\"@id\":\"https:\/\/www.gaveanews.com\/#website\",\"url\":\"https:\/\/www.gaveanews.com\/\",\"name\":\"G\u00e1vea News\",\"description\":\"Veja todas as not\u00edcias sobre o Flamengo: Contrata\u00e7\u00f5es, categorias de base, resultados das partidas, tabela de classifica\u00e7\u00e3o, pr\u00f3ximos jogos!\",\"potentialAction\":[{\"@type\":\"SearchAction\",\"target\":{\"@type\":\"EntryPoint\",\"urlTemplate\":\"https:\/\/www.gaveanews.com\/?s={search_term_string}\"},\"query-input\":{\"@type\":\"PropertyValueSpecification\",\"valueRequired\":true,\"valueName\":\"search_term_string\"}}],\"inLanguage\":\"pt-BR\"},{\"@type\":\"Person\",\"@id\":\"https:\/\/www.gaveanews.com\/#\/schema\/person\/2ec14f73fb96be2caf28f91afb14749d\",\"name\":\"Equipe G\u00e1vea News\",\"image\":{\"@type\":\"ImageObject\",\"inLanguage\":\"pt-BR\",\"@id\":\"https:\/\/www.gaveanews.com\/#\/schema\/person\/image\/\",\"url\":\"https:\/\/secure.gravatar.com\/avatar\/1e1956f1facbffd3f8fa53a326721950116b3b9dc9bd44939c01180fd4a745a9?s=96&d=mm&r=g\",\"contentUrl\":\"https:\/\/secure.gravatar.com\/avatar\/1e1956f1facbffd3f8fa53a326721950116b3b9dc9bd44939c01180fd4a745a9?s=96&d=mm&r=g\",\"caption\":\"Equipe G\u00e1vea News\"}}]}<\/script>\n<!-- \/ Yoast SEO Premium plugin. -->","yoast_head_json":{"title":"D\u00edvida do Flamengo aumenta em R$ 163 milh\u00f5es devido \u00e0 pandemia","robots":{"index":"index","follow":"follow","max-snippet":"max-snippet:-1","max-image-preview":"max-image-preview:large","max-video-preview":"max-video-preview:-1"},"canonical":"https:\/\/www.gaveanews.com\/index.php\/2020\/09\/15\/divida-do-flamengo-aumenta-em-r-163-milhoes-devido-a-pandemia-veja-valores-detalhados\/","og_locale":"pt_BR","og_type":"article","og_title":"D\u00edvida do Flamengo aumenta em R$ 163 milh\u00f5es devido \u00e0 pandemia; veja valores detalhados","og_description":"No primeiro semestre de 2020, clubes de futebol brasileiros aumentaram seus endividamentos em pelo menos R$ 800 milh\u00f5es. Quase todos muito prejudicados pela pandemia do coronav\u00edrus, pela suspens\u00e3o de competi\u00e7\u00f5es e pela interrup\u00e7\u00e3o de receitas neste per\u00edodo. O n\u00famero faz parte de levantamento feito pelo portal &#8216;Globo Esporte&#8217; com base em balancetes publicados pelos pr\u00f3prios [&hellip;]","og_url":"https:\/\/www.gaveanews.com\/index.php\/2020\/09\/15\/divida-do-flamengo-aumenta-em-r-163-milhoes-devido-a-pandemia-veja-valores-detalhados\/","og_site_name":"G\u00e1vea News","article_publisher":"https:\/\/facebook.com\/gaveaNews\/","article_published_time":"2020-09-15T04:30:54+00:00","og_image":[{"url":"https:\/\/www.gaveanews.com\/wp-content\/uploads\/2019\/03\/Rodolfo-Landim-durante-entrevista-coletiva-na-Gavea.webp","width":1,"height":1,"type":"image\/jpeg"}],"author":"Equipe G\u00e1vea News","twitter_card":"summary_large_image","twitter_misc":{"Escrito por":"Equipe G\u00e1vea News","Est. tempo de leitura":"2 minutos"},"schema":{"@context":"https:\/\/schema.org","@graph":[{"@type":"NewsArticle","@id":"https:\/\/www.gaveanews.com\/index.php\/2020\/09\/15\/divida-do-flamengo-aumenta-em-r-163-milhoes-devido-a-pandemia-veja-valores-detalhados\/#article","isPartOf":{"@id":"https:\/\/www.gaveanews.com\/index.php\/2020\/09\/15\/divida-do-flamengo-aumenta-em-r-163-milhoes-devido-a-pandemia-veja-valores-detalhados\/"},"author":{"name":"Equipe G\u00e1vea News","@id":"https:\/\/www.gaveanews.com\/#\/schema\/person\/2ec14f73fb96be2caf28f91afb14749d"},"headline":"D\u00edvida do Flamengo aumenta em R$ 163 milh\u00f5es devido \u00e0 pandemia; veja valores detalhados","datePublished":"2020-09-15T04:30:54+00:00","mainEntityOfPage":{"@id":"https:\/\/www.gaveanews.com\/index.php\/2020\/09\/15\/divida-do-flamengo-aumenta-em-r-163-milhoes-devido-a-pandemia-veja-valores-detalhados\/"},"wordCount":337,"commentCount":10,"image":{"@id":"https:\/\/www.gaveanews.com\/index.php\/2020\/09\/15\/divida-do-flamengo-aumenta-em-r-163-milhoes-devido-a-pandemia-veja-valores-detalhados\/#primaryimage"},"thumbnailUrl":"https:\/\/www.gaveanews.com\/wp-content\/uploads\/2019\/03\/Rodolfo-Landim-durante-entrevista-coletiva-na-Gavea.webp","articleSection":["Destaques"],"inLanguage":"pt-BR","potentialAction":[{"@type":"CommentAction","name":"Comment","target":["https:\/\/www.gaveanews.com\/index.php\/2020\/09\/15\/divida-do-flamengo-aumenta-em-r-163-milhoes-devido-a-pandemia-veja-valores-detalhados\/#respond"]}],"copyrightYear":"2020","copyrightHolder":{"@id":"https:\/\/www.gaveanews.com\/#organization"}},{"@type":"WebPage","@id":"https:\/\/www.gaveanews.com\/index.php\/2020\/09\/15\/divida-do-flamengo-aumenta-em-r-163-milhoes-devido-a-pandemia-veja-valores-detalhados\/","url":"https:\/\/www.gaveanews.com\/index.php\/2020\/09\/15\/divida-do-flamengo-aumenta-em-r-163-milhoes-devido-a-pandemia-veja-valores-detalhados\/","name":"D\u00edvida do Flamengo aumenta em R$ 163 milh\u00f5es devido \u00e0 pandemia","isPartOf":{"@id":"https:\/\/www.gaveanews.com\/#website"},"primaryImageOfPage":{"@id":"https:\/\/www.gaveanews.com\/index.php\/2020\/09\/15\/divida-do-flamengo-aumenta-em-r-163-milhoes-devido-a-pandemia-veja-valores-detalhados\/#primaryimage"},"image":{"@id":"https:\/\/www.gaveanews.com\/index.php\/2020\/09\/15\/divida-do-flamengo-aumenta-em-r-163-milhoes-devido-a-pandemia-veja-valores-detalhados\/#primaryimage"},"thumbnailUrl":"https:\/\/www.gaveanews.com\/wp-content\/uploads\/2019\/03\/Rodolfo-Landim-durante-entrevista-coletiva-na-Gavea.webp","datePublished":"2020-09-15T04:30:54+00:00","author":{"@id":"https:\/\/www.gaveanews.com\/#\/schema\/person\/2ec14f73fb96be2caf28f91afb14749d"},"breadcrumb":{"@id":"https:\/\/www.gaveanews.com\/index.php\/2020\/09\/15\/divida-do-flamengo-aumenta-em-r-163-milhoes-devido-a-pandemia-veja-valores-detalhados\/#breadcrumb"},"inLanguage":"pt-BR","potentialAction":[{"@type":"ReadAction","target":["https:\/\/www.gaveanews.com\/index.php\/2020\/09\/15\/divida-do-flamengo-aumenta-em-r-163-milhoes-devido-a-pandemia-veja-valores-detalhados\/"]}]},{"@type":"ImageObject","inLanguage":"pt-BR","@id":"https:\/\/www.gaveanews.com\/index.php\/2020\/09\/15\/divida-do-flamengo-aumenta-em-r-163-milhoes-devido-a-pandemia-veja-valores-detalhados\/#primaryimage","url":"https:\/\/www.gaveanews.com\/wp-content\/uploads\/2019\/03\/Rodolfo-Landim-durante-entrevista-coletiva-na-Gavea.webp","contentUrl":"https:\/\/www.gaveanews.com\/wp-content\/uploads\/2019\/03\/Rodolfo-Landim-durante-entrevista-coletiva-na-Gavea.webp","width":900,"height":599,"caption":"Rodolfo Landim durante entrevista coletiva na G\u00e1vea (Foto: Ag\u00eancia Foto BR)"},{"@type":"BreadcrumbList","@id":"https:\/\/www.gaveanews.com\/index.php\/2020\/09\/15\/divida-do-flamengo-aumenta-em-r-163-milhoes-devido-a-pandemia-veja-valores-detalhados\/#breadcrumb","itemListElement":[{"@type":"ListItem","position":1,"name":"Home","item":"https:\/\/www.gaveanews.com\/"},{"@type":"ListItem","position":2,"name":"D\u00edvida do Flamengo aumenta em R$ 163 milh\u00f5es devido \u00e0 pandemia; veja valores detalhados"}]},{"@type":"WebSite","@id":"https:\/\/www.gaveanews.com\/#website","url":"https:\/\/www.gaveanews.com\/","name":"G\u00e1vea News","description":"Veja todas as not\u00edcias sobre o Flamengo: Contrata\u00e7\u00f5es, categorias de base, resultados das partidas, tabela de classifica\u00e7\u00e3o, pr\u00f3ximos jogos!","potentialAction":[{"@type":"SearchAction","target":{"@type":"EntryPoint","urlTemplate":"https:\/\/www.gaveanews.com\/?s={search_term_string}"},"query-input":{"@type":"PropertyValueSpecification","valueRequired":true,"valueName":"search_term_string"}}],"inLanguage":"pt-BR"},{"@type":"Person","@id":"https:\/\/www.gaveanews.com\/#\/schema\/person\/2ec14f73fb96be2caf28f91afb14749d","name":"Equipe G\u00e1vea News","image":{"@type":"ImageObject","inLanguage":"pt-BR","@id":"https:\/\/www.gaveanews.com\/#\/schema\/person\/image\/","url":"https:\/\/secure.gravatar.com\/avatar\/1e1956f1facbffd3f8fa53a326721950116b3b9dc9bd44939c01180fd4a745a9?s=96&d=mm&r=g","contentUrl":"https:\/\/secure.gravatar.com\/avatar\/1e1956f1facbffd3f8fa53a326721950116b3b9dc9bd44939c01180fd4a745a9?s=96&d=mm&r=g","caption":"Equipe G\u00e1vea News"}}]}},"_links":{"self":[{"href":"https:\/\/www.gaveanews.com\/index.php\/wp-json\/wp\/v2\/posts\/47389","targetHints":{"allow":["GET"]}}],"collection":[{"href":"https:\/\/www.gaveanews.com\/index.php\/wp-json\/wp\/v2\/posts"}],"about":[{"href":"https:\/\/www.gaveanews.com\/index.php\/wp-json\/wp\/v2\/types\/post"}],"author":[{"embeddable":true,"href":"https:\/\/www.gaveanews.com\/index.php\/wp-json\/wp\/v2\/users\/1"}],"replies":[{"embeddable":true,"href":"https:\/\/www.gaveanews.com\/index.php\/wp-json\/wp\/v2\/comments?post=47389"}],"version-history":[{"count":0,"href":"https:\/\/www.gaveanews.com\/index.php\/wp-json\/wp\/v2\/posts\/47389\/revisions"}],"wp:featuredmedia":[{"embeddable":true,"href":"https:\/\/www.gaveanews.com\/index.php\/wp-json\/wp\/v2\/media\/15077"}],"wp:attachment":[{"href":"https:\/\/www.gaveanews.com\/index.php\/wp-json\/wp\/v2\/media?parent=47389"}],"wp:term":[{"taxonomy":"category","embeddable":true,"href":"https:\/\/www.gaveanews.com\/index.php\/wp-json\/wp\/v2\/categories?post=47389"},{"taxonomy":"post_tag","embeddable":true,"href":"https:\/\/www.gaveanews.com\/index.php\/wp-json\/wp\/v2\/tags?post=47389"}],"curies":[{"name":"wp","href":"https:\/\/api.w.org\/{rel}","templated":true}]}}