{"id":47420,"date":"2020-09-15T16:13:13","date_gmt":"2020-09-15T19:13:13","guid":{"rendered":"https:\/\/www.gaveanews.com\/?p=47420"},"modified":"2020-09-15T16:15:20","modified_gmt":"2020-09-15T19:15:20","slug":"flamengo-tem-o-seu-segundo-desfalque-confirmado-para-o-proximo-jogo","status":"publish","type":"post","link":"https:\/\/www.gaveanews.com\/index.php\/2020\/09\/15\/flamengo-tem-o-seu-segundo-desfalque-confirmado-para-o-proximo-jogo\/","title":{"rendered":"Flamengo tem o seu segundo desfalque confirmado para o pr\u00f3ximo jogo"},"content":{"rendered":"\n<p>O lateral-direito Jo\u00e3o Lucas n\u00e3o se recuperou a tempo de uma les\u00e3o no m\u00fasculo posterior da coxa e segue fora do Flamengo. O jogador ainda faz a transi\u00e7\u00e3o para o campo e est\u00e1 fora da lista de relacionados para os dois jogos da Libertadores. Portanto, at\u00e9 o momento, o Flamengo tem dois desfalques confirmados: Jo\u00e3o Lucas e Diego Alves. <\/p>\n\n\n\n<p>Ap\u00f3s um treino na manh\u00e3 de hoje, o Rubro-negro segue no Ninho do Urubu e o embarque para Quito (EQU) est\u00e1 previsto para 19h15. Ap\u00f3s encarar na quinta (17) o Independiente del Valle, o Fla segue no pa\u00eds para o duelo de ter\u00e7a (22) contra o Barcelona de Guayaquil.<\/p>\n\n\n\n<p>Os dois jogadores da posi\u00e7\u00e3o que estar\u00e3o \u00e0 disposi\u00e7\u00e3o de Dom\u00e8nec Torrent s\u00e3o Isla e Matheuzinho. Salvo algum problema de \u00faltima hora, o chileno ser\u00e1 o titular.<\/p>\n\n\n\n<p>Jo\u00e3o Lucas teve o problema f\u00edsico justamente no momento em que ganhava minutos com Dome. Fora de combate desde o jogo contra o Botafogo, ele ter\u00e1 de retomar o espa\u00e7o perdido quando voltar.<\/p>\n\n\n\n<p>Retirado de: UOL<\/p>\n","protected":false},"excerpt":{"rendered":"<p>O lateral-direito Jo\u00e3o Lucas n\u00e3o se recuperou a tempo de uma les\u00e3o no m\u00fasculo posterior da coxa e segue fora do Flamengo. O jogador ainda faz a transi\u00e7\u00e3o para o campo e est\u00e1 fora da lista de relacionados para os dois jogos da Libertadores. Portanto, at\u00e9 o momento, o Flamengo tem dois desfalques confirmados: Jo\u00e3o [&hellip;]<\/p>\n","protected":false},"author":1,"featured_media":47047,"comment_status":"open","ping_status":"closed","sticky":false,"template":"","format":"standard","meta":{"footnotes":""},"categories":[1],"tags":[],"class_list":["post-47420","post","type-post","status-publish","format-standard","has-post-thumbnail","hentry","category-flamengo"],"yoast_head":"<!-- This site is optimized with the Yoast SEO Premium plugin v24.2 (Yoast SEO v26.9) - https:\/\/yoast.com\/product\/yoast-seo-premium-wordpress\/ -->\n<title>Flamengo tem o seu segundo desfalque confirmado para o pr\u00f3ximo jogo<\/title>\n<meta name=\"description\" content=\"Ap\u00f3s um treino na manh\u00e3 de hoje, o Rubro-negro segue no Ninho do Urubu e o embarque para Quito (EQU) est\u00e1 previsto para 19h15.\" \/>\n<meta name=\"robots\" content=\"index, follow, max-snippet:-1, max-image-preview:large, max-video-preview:-1\" \/>\n<link rel=\"canonical\" href=\"https:\/\/www.gaveanews.com\/index.php\/2020\/09\/15\/flamengo-tem-o-seu-segundo-desfalque-confirmado-para-o-proximo-jogo\/\" \/>\n<meta property=\"og:locale\" content=\"pt_BR\" \/>\n<meta property=\"og:type\" content=\"article\" \/>\n<meta property=\"og:title\" content=\"Flamengo tem o seu segundo desfalque confirmado para o pr\u00f3ximo jogo\" \/>\n<meta property=\"og:description\" content=\"Ap\u00f3s um treino na manh\u00e3 de hoje, o Rubro-negro segue no Ninho do Urubu e o embarque para Quito (EQU) est\u00e1 previsto para 19h15.\" \/>\n<meta property=\"og:url\" content=\"https:\/\/www.gaveanews.com\/index.php\/2020\/09\/15\/flamengo-tem-o-seu-segundo-desfalque-confirmado-para-o-proximo-jogo\/\" \/>\n<meta property=\"og:site_name\" content=\"G\u00e1vea News\" \/>\n<meta property=\"article:publisher\" content=\"https:\/\/facebook.com\/gaveaNews\/\" \/>\n<meta property=\"article:published_time\" content=\"2020-09-15T19:13:13+00:00\" \/>\n<meta property=\"article:modified_time\" content=\"2020-09-15T19:15:20+00:00\" \/>\n<meta property=\"og:image\" content=\"https:\/\/www.gaveanews.com\/wp-content\/uploads\/Joao-Lucas-e-Bruno-Henrique-durante-treinamento-no-Flamengo.webp\" \/>\n\t<meta property=\"og:image:width\" content=\"799\" \/>\n\t<meta property=\"og:image:height\" content=\"532\" \/>\n\t<meta property=\"og:image:type\" content=\"image\/jpeg\" \/>\n<meta name=\"author\" content=\"Equipe G\u00e1vea News\" \/>\n<meta name=\"twitter:card\" content=\"summary_large_image\" \/>\n<meta name=\"twitter:label1\" content=\"Escrito por\" \/>\n\t<meta name=\"twitter:data1\" content=\"Equipe G\u00e1vea News\" \/>\n\t<meta name=\"twitter:label2\" content=\"Est. tempo de leitura\" \/>\n\t<meta name=\"twitter:data2\" content=\"1 minuto\" \/>\n<script type=\"application\/ld+json\" class=\"yoast-schema-graph\">{\"@context\":\"https:\/\/schema.org\",\"@graph\":[{\"@type\":\"NewsArticle\",\"@id\":\"https:\/\/www.gaveanews.com\/index.php\/2020\/09\/15\/flamengo-tem-o-seu-segundo-desfalque-confirmado-para-o-proximo-jogo\/#article\",\"isPartOf\":{\"@id\":\"https:\/\/www.gaveanews.com\/index.php\/2020\/09\/15\/flamengo-tem-o-seu-segundo-desfalque-confirmado-para-o-proximo-jogo\/\"},\"author\":{\"name\":\"Equipe G\u00e1vea News\",\"@id\":\"https:\/\/www.gaveanews.com\/#\/schema\/person\/2ec14f73fb96be2caf28f91afb14749d\"},\"headline\":\"Flamengo tem o seu segundo desfalque confirmado para o pr\u00f3ximo jogo\",\"datePublished\":\"2020-09-15T19:13:13+00:00\",\"dateModified\":\"2020-09-15T19:15:20+00:00\",\"mainEntityOfPage\":{\"@id\":\"https:\/\/www.gaveanews.com\/index.php\/2020\/09\/15\/flamengo-tem-o-seu-segundo-desfalque-confirmado-para-o-proximo-jogo\/\"},\"wordCount\":198,\"commentCount\":4,\"image\":{\"@id\":\"https:\/\/www.gaveanews.com\/index.php\/2020\/09\/15\/flamengo-tem-o-seu-segundo-desfalque-confirmado-para-o-proximo-jogo\/#primaryimage\"},\"thumbnailUrl\":\"https:\/\/www.gaveanews.com\/wp-content\/uploads\/Joao-Lucas-e-Bruno-Henrique-durante-treinamento-no-Flamengo.webp\",\"articleSection\":[\"Flamengo\"],\"inLanguage\":\"pt-BR\",\"potentialAction\":[{\"@type\":\"CommentAction\",\"name\":\"Comment\",\"target\":[\"https:\/\/www.gaveanews.com\/index.php\/2020\/09\/15\/flamengo-tem-o-seu-segundo-desfalque-confirmado-para-o-proximo-jogo\/#respond\"]}],\"copyrightYear\":\"2020\",\"copyrightHolder\":{\"@id\":\"https:\/\/www.gaveanews.com\/#organization\"}},{\"@type\":\"WebPage\",\"@id\":\"https:\/\/www.gaveanews.com\/index.php\/2020\/09\/15\/flamengo-tem-o-seu-segundo-desfalque-confirmado-para-o-proximo-jogo\/\",\"url\":\"https:\/\/www.gaveanews.com\/index.php\/2020\/09\/15\/flamengo-tem-o-seu-segundo-desfalque-confirmado-para-o-proximo-jogo\/\",\"name\":\"Flamengo tem o seu segundo desfalque confirmado para o pr\u00f3ximo jogo\",\"isPartOf\":{\"@id\":\"https:\/\/www.gaveanews.com\/#website\"},\"primaryImageOfPage\":{\"@id\":\"https:\/\/www.gaveanews.com\/index.php\/2020\/09\/15\/flamengo-tem-o-seu-segundo-desfalque-confirmado-para-o-proximo-jogo\/#primaryimage\"},\"image\":{\"@id\":\"https:\/\/www.gaveanews.com\/index.php\/2020\/09\/15\/flamengo-tem-o-seu-segundo-desfalque-confirmado-para-o-proximo-jogo\/#primaryimage\"},\"thumbnailUrl\":\"https:\/\/www.gaveanews.com\/wp-content\/uploads\/Joao-Lucas-e-Bruno-Henrique-durante-treinamento-no-Flamengo.webp\",\"datePublished\":\"2020-09-15T19:13:13+00:00\",\"dateModified\":\"2020-09-15T19:15:20+00:00\",\"author\":{\"@id\":\"https:\/\/www.gaveanews.com\/#\/schema\/person\/2ec14f73fb96be2caf28f91afb14749d\"},\"description\":\"Ap\u00f3s um treino na manh\u00e3 de hoje, o Rubro-negro segue no Ninho do Urubu e o embarque para Quito (EQU) est\u00e1 previsto para 19h15.\",\"breadcrumb\":{\"@id\":\"https:\/\/www.gaveanews.com\/index.php\/2020\/09\/15\/flamengo-tem-o-seu-segundo-desfalque-confirmado-para-o-proximo-jogo\/#breadcrumb\"},\"inLanguage\":\"pt-BR\",\"potentialAction\":[{\"@type\":\"ReadAction\",\"target\":[\"https:\/\/www.gaveanews.com\/index.php\/2020\/09\/15\/flamengo-tem-o-seu-segundo-desfalque-confirmado-para-o-proximo-jogo\/\"]}]},{\"@type\":\"ImageObject\",\"inLanguage\":\"pt-BR\",\"@id\":\"https:\/\/www.gaveanews.com\/index.php\/2020\/09\/15\/flamengo-tem-o-seu-segundo-desfalque-confirmado-para-o-proximo-jogo\/#primaryimage\",\"url\":\"https:\/\/www.gaveanews.com\/wp-content\/uploads\/Joao-Lucas-e-Bruno-Henrique-durante-treinamento-no-Flamengo.webp\",\"contentUrl\":\"https:\/\/www.gaveanews.com\/wp-content\/uploads\/Joao-Lucas-e-Bruno-Henrique-durante-treinamento-no-Flamengo.webp\",\"width\":799,\"height\":532,\"caption\":\"Jo\u00e3o Lucas e Bruno Henrique durante treinamento no Flamengo (Foto: Alexandre Vidal\/Flamengo)\"},{\"@type\":\"BreadcrumbList\",\"@id\":\"https:\/\/www.gaveanews.com\/index.php\/2020\/09\/15\/flamengo-tem-o-seu-segundo-desfalque-confirmado-para-o-proximo-jogo\/#breadcrumb\",\"itemListElement\":[{\"@type\":\"ListItem\",\"position\":1,\"name\":\"Home\",\"item\":\"https:\/\/www.gaveanews.com\/\"},{\"@type\":\"ListItem\",\"position\":2,\"name\":\"Flamengo tem o seu segundo desfalque confirmado para o pr\u00f3ximo jogo\"}]},{\"@type\":\"WebSite\",\"@id\":\"https:\/\/www.gaveanews.com\/#website\",\"url\":\"https:\/\/www.gaveanews.com\/\",\"name\":\"G\u00e1vea News\",\"description\":\"Veja todas as not\u00edcias sobre o Flamengo: Contrata\u00e7\u00f5es, categorias de base, resultados das partidas, tabela de classifica\u00e7\u00e3o, pr\u00f3ximos jogos!\",\"potentialAction\":[{\"@type\":\"SearchAction\",\"target\":{\"@type\":\"EntryPoint\",\"urlTemplate\":\"https:\/\/www.gaveanews.com\/?s={search_term_string}\"},\"query-input\":{\"@type\":\"PropertyValueSpecification\",\"valueRequired\":true,\"valueName\":\"search_term_string\"}}],\"inLanguage\":\"pt-BR\"},{\"@type\":\"Person\",\"@id\":\"https:\/\/www.gaveanews.com\/#\/schema\/person\/2ec14f73fb96be2caf28f91afb14749d\",\"name\":\"Equipe G\u00e1vea News\",\"image\":{\"@type\":\"ImageObject\",\"inLanguage\":\"pt-BR\",\"@id\":\"https:\/\/www.gaveanews.com\/#\/schema\/person\/image\/\",\"url\":\"https:\/\/secure.gravatar.com\/avatar\/1e1956f1facbffd3f8fa53a326721950116b3b9dc9bd44939c01180fd4a745a9?s=96&d=mm&r=g\",\"contentUrl\":\"https:\/\/secure.gravatar.com\/avatar\/1e1956f1facbffd3f8fa53a326721950116b3b9dc9bd44939c01180fd4a745a9?s=96&d=mm&r=g\",\"caption\":\"Equipe G\u00e1vea News\"}}]}<\/script>\n<!-- \/ Yoast SEO Premium plugin. -->","yoast_head_json":{"title":"Flamengo tem o seu segundo desfalque confirmado para o pr\u00f3ximo jogo","description":"Ap\u00f3s um treino na manh\u00e3 de hoje, o Rubro-negro segue no Ninho do Urubu e o embarque para Quito (EQU) est\u00e1 previsto para 19h15.","robots":{"index":"index","follow":"follow","max-snippet":"max-snippet:-1","max-image-preview":"max-image-preview:large","max-video-preview":"max-video-preview:-1"},"canonical":"https:\/\/www.gaveanews.com\/index.php\/2020\/09\/15\/flamengo-tem-o-seu-segundo-desfalque-confirmado-para-o-proximo-jogo\/","og_locale":"pt_BR","og_type":"article","og_title":"Flamengo tem o seu segundo desfalque confirmado para o pr\u00f3ximo jogo","og_description":"Ap\u00f3s um treino na manh\u00e3 de hoje, o Rubro-negro segue no Ninho do Urubu e o embarque para Quito (EQU) est\u00e1 previsto para 19h15.","og_url":"https:\/\/www.gaveanews.com\/index.php\/2020\/09\/15\/flamengo-tem-o-seu-segundo-desfalque-confirmado-para-o-proximo-jogo\/","og_site_name":"G\u00e1vea News","article_publisher":"https:\/\/facebook.com\/gaveaNews\/","article_published_time":"2020-09-15T19:13:13+00:00","article_modified_time":"2020-09-15T19:15:20+00:00","og_image":[{"width":799,"height":532,"url":"https:\/\/www.gaveanews.com\/wp-content\/uploads\/Joao-Lucas-e-Bruno-Henrique-durante-treinamento-no-Flamengo.webp","type":"image\/jpeg"}],"author":"Equipe G\u00e1vea News","twitter_card":"summary_large_image","twitter_misc":{"Escrito por":"Equipe G\u00e1vea News","Est. tempo de leitura":"1 minuto"},"schema":{"@context":"https:\/\/schema.org","@graph":[{"@type":"NewsArticle","@id":"https:\/\/www.gaveanews.com\/index.php\/2020\/09\/15\/flamengo-tem-o-seu-segundo-desfalque-confirmado-para-o-proximo-jogo\/#article","isPartOf":{"@id":"https:\/\/www.gaveanews.com\/index.php\/2020\/09\/15\/flamengo-tem-o-seu-segundo-desfalque-confirmado-para-o-proximo-jogo\/"},"author":{"name":"Equipe G\u00e1vea News","@id":"https:\/\/www.gaveanews.com\/#\/schema\/person\/2ec14f73fb96be2caf28f91afb14749d"},"headline":"Flamengo tem o seu segundo desfalque confirmado para o pr\u00f3ximo jogo","datePublished":"2020-09-15T19:13:13+00:00","dateModified":"2020-09-15T19:15:20+00:00","mainEntityOfPage":{"@id":"https:\/\/www.gaveanews.com\/index.php\/2020\/09\/15\/flamengo-tem-o-seu-segundo-desfalque-confirmado-para-o-proximo-jogo\/"},"wordCount":198,"commentCount":4,"image":{"@id":"https:\/\/www.gaveanews.com\/index.php\/2020\/09\/15\/flamengo-tem-o-seu-segundo-desfalque-confirmado-para-o-proximo-jogo\/#primaryimage"},"thumbnailUrl":"https:\/\/www.gaveanews.com\/wp-content\/uploads\/Joao-Lucas-e-Bruno-Henrique-durante-treinamento-no-Flamengo.webp","articleSection":["Flamengo"],"inLanguage":"pt-BR","potentialAction":[{"@type":"CommentAction","name":"Comment","target":["https:\/\/www.gaveanews.com\/index.php\/2020\/09\/15\/flamengo-tem-o-seu-segundo-desfalque-confirmado-para-o-proximo-jogo\/#respond"]}],"copyrightYear":"2020","copyrightHolder":{"@id":"https:\/\/www.gaveanews.com\/#organization"}},{"@type":"WebPage","@id":"https:\/\/www.gaveanews.com\/index.php\/2020\/09\/15\/flamengo-tem-o-seu-segundo-desfalque-confirmado-para-o-proximo-jogo\/","url":"https:\/\/www.gaveanews.com\/index.php\/2020\/09\/15\/flamengo-tem-o-seu-segundo-desfalque-confirmado-para-o-proximo-jogo\/","name":"Flamengo tem o seu segundo desfalque confirmado para o pr\u00f3ximo jogo","isPartOf":{"@id":"https:\/\/www.gaveanews.com\/#website"},"primaryImageOfPage":{"@id":"https:\/\/www.gaveanews.com\/index.php\/2020\/09\/15\/flamengo-tem-o-seu-segundo-desfalque-confirmado-para-o-proximo-jogo\/#primaryimage"},"image":{"@id":"https:\/\/www.gaveanews.com\/index.php\/2020\/09\/15\/flamengo-tem-o-seu-segundo-desfalque-confirmado-para-o-proximo-jogo\/#primaryimage"},"thumbnailUrl":"https:\/\/www.gaveanews.com\/wp-content\/uploads\/Joao-Lucas-e-Bruno-Henrique-durante-treinamento-no-Flamengo.webp","datePublished":"2020-09-15T19:13:13+00:00","dateModified":"2020-09-15T19:15:20+00:00","author":{"@id":"https:\/\/www.gaveanews.com\/#\/schema\/person\/2ec14f73fb96be2caf28f91afb14749d"},"description":"Ap\u00f3s um treino na manh\u00e3 de hoje, o Rubro-negro segue no Ninho do Urubu e o embarque para Quito (EQU) est\u00e1 previsto para 19h15.","breadcrumb":{"@id":"https:\/\/www.gaveanews.com\/index.php\/2020\/09\/15\/flamengo-tem-o-seu-segundo-desfalque-confirmado-para-o-proximo-jogo\/#breadcrumb"},"inLanguage":"pt-BR","potentialAction":[{"@type":"ReadAction","target":["https:\/\/www.gaveanews.com\/index.php\/2020\/09\/15\/flamengo-tem-o-seu-segundo-desfalque-confirmado-para-o-proximo-jogo\/"]}]},{"@type":"ImageObject","inLanguage":"pt-BR","@id":"https:\/\/www.gaveanews.com\/index.php\/2020\/09\/15\/flamengo-tem-o-seu-segundo-desfalque-confirmado-para-o-proximo-jogo\/#primaryimage","url":"https:\/\/www.gaveanews.com\/wp-content\/uploads\/Joao-Lucas-e-Bruno-Henrique-durante-treinamento-no-Flamengo.webp","contentUrl":"https:\/\/www.gaveanews.com\/wp-content\/uploads\/Joao-Lucas-e-Bruno-Henrique-durante-treinamento-no-Flamengo.webp","width":799,"height":532,"caption":"Jo\u00e3o Lucas e Bruno Henrique durante treinamento no Flamengo (Foto: Alexandre Vidal\/Flamengo)"},{"@type":"BreadcrumbList","@id":"https:\/\/www.gaveanews.com\/index.php\/2020\/09\/15\/flamengo-tem-o-seu-segundo-desfalque-confirmado-para-o-proximo-jogo\/#breadcrumb","itemListElement":[{"@type":"ListItem","position":1,"name":"Home","item":"https:\/\/www.gaveanews.com\/"},{"@type":"ListItem","position":2,"name":"Flamengo tem o seu segundo desfalque confirmado para o pr\u00f3ximo jogo"}]},{"@type":"WebSite","@id":"https:\/\/www.gaveanews.com\/#website","url":"https:\/\/www.gaveanews.com\/","name":"G\u00e1vea News","description":"Veja todas as not\u00edcias sobre o Flamengo: Contrata\u00e7\u00f5es, categorias de base, resultados das partidas, tabela de classifica\u00e7\u00e3o, pr\u00f3ximos jogos!","potentialAction":[{"@type":"SearchAction","target":{"@type":"EntryPoint","urlTemplate":"https:\/\/www.gaveanews.com\/?s={search_term_string}"},"query-input":{"@type":"PropertyValueSpecification","valueRequired":true,"valueName":"search_term_string"}}],"inLanguage":"pt-BR"},{"@type":"Person","@id":"https:\/\/www.gaveanews.com\/#\/schema\/person\/2ec14f73fb96be2caf28f91afb14749d","name":"Equipe G\u00e1vea News","image":{"@type":"ImageObject","inLanguage":"pt-BR","@id":"https:\/\/www.gaveanews.com\/#\/schema\/person\/image\/","url":"https:\/\/secure.gravatar.com\/avatar\/1e1956f1facbffd3f8fa53a326721950116b3b9dc9bd44939c01180fd4a745a9?s=96&d=mm&r=g","contentUrl":"https:\/\/secure.gravatar.com\/avatar\/1e1956f1facbffd3f8fa53a326721950116b3b9dc9bd44939c01180fd4a745a9?s=96&d=mm&r=g","caption":"Equipe G\u00e1vea News"}}]}},"_links":{"self":[{"href":"https:\/\/www.gaveanews.com\/index.php\/wp-json\/wp\/v2\/posts\/47420","targetHints":{"allow":["GET"]}}],"collection":[{"href":"https:\/\/www.gaveanews.com\/index.php\/wp-json\/wp\/v2\/posts"}],"about":[{"href":"https:\/\/www.gaveanews.com\/index.php\/wp-json\/wp\/v2\/types\/post"}],"author":[{"embeddable":true,"href":"https:\/\/www.gaveanews.com\/index.php\/wp-json\/wp\/v2\/users\/1"}],"replies":[{"embeddable":true,"href":"https:\/\/www.gaveanews.com\/index.php\/wp-json\/wp\/v2\/comments?post=47420"}],"version-history":[{"count":0,"href":"https:\/\/www.gaveanews.com\/index.php\/wp-json\/wp\/v2\/posts\/47420\/revisions"}],"wp:featuredmedia":[{"embeddable":true,"href":"https:\/\/www.gaveanews.com\/index.php\/wp-json\/wp\/v2\/media\/47047"}],"wp:attachment":[{"href":"https:\/\/www.gaveanews.com\/index.php\/wp-json\/wp\/v2\/media?parent=47420"}],"wp:term":[{"taxonomy":"category","embeddable":true,"href":"https:\/\/www.gaveanews.com\/index.php\/wp-json\/wp\/v2\/categories?post=47420"},{"taxonomy":"post_tag","embeddable":true,"href":"https:\/\/www.gaveanews.com\/index.php\/wp-json\/wp\/v2\/tags?post=47420"}],"curies":[{"name":"wp","href":"https:\/\/api.w.org\/{rel}","templated":true}]}}