{"id":47454,"date":"2020-09-15T23:58:02","date_gmt":"2020-09-16T02:58:02","guid":{"rendered":"https:\/\/www.gaveanews.com\/?p=47454"},"modified":"2020-09-16T00:05:12","modified_gmt":"2020-09-16T03:05:12","slug":"yago-mateus-destaca-identificacao-com-o-flamengo-estou-muito-motivado","status":"publish","type":"post","link":"https:\/\/www.gaveanews.com\/index.php\/2020\/09\/15\/yago-mateus-destaca-identificacao-com-o-flamengo-estou-muito-motivado\/","title":{"rendered":"Yago Mateus destaca identifica\u00e7\u00e3o com o Flamengo: &#8220;Estou muito motivado&#8221;"},"content":{"rendered":"\n<p>Anunciado como refor\u00e7o do FlaBasquete h\u00e1 dois meses, Yago Mateus j\u00e1 est\u00e1 adaptado ao clube e ao Rio de Janeiro. Nome pedido pela Na\u00e7\u00e3o Rubro-Negra algumas vezes ao longo dos \u00faltimos anos, o atleta iniciou os treinamentos com os companheiros em agosto e tem se destacado bastante na pr\u00e9-temporada.<\/p>\n\n\n\n<p>Conhecido pelo estilo irreverente e habilidoso, Yago foi festejado pela Maior Torcida do Mundo desde o primeiro ato. Ciente da responsabilidade de vestir o Manto, ele agradeceu a recep\u00e7\u00e3o e falou um pouco sobre o momento.<\/p>\n\n\n\n<p>&#8220;Receber o carinho da Na\u00e7\u00e3o foi incr\u00edvel! Estou muito motivado e ainda mais ansioso para entrar em quadra. Sou um jogador que gosta de desafios e, sem d\u00favidas, terei v\u00e1rios pela frente no Flamengo. Esse foi um dos motivos que me fez aceitar a proposta e vir pra c\u00e1&#8221;, revelou.<\/p>\n\n\n\n<p>O camisa 2 comentou sobre a sequ\u00eancia de competi\u00e7\u00f5es que o Mais Querido vai disputar, elogiou a montagem do elenco e ratificou a import\u00e2ncia da evolu\u00e7\u00e3o do trabalho com o passar do tempo.<\/p>\n\n\n\n<p>&#8220;O time foi montado com jogadores que s\u00e3o experientes e v\u00e3o fazer a diferen\u00e7a. \u00c9 uma das melhores equipes que j\u00e1 vi. Agora vamos seguir trabalhando muito para dar certo. Temos a Champions pela frente e outros campeonatos que j\u00e1 est\u00e3o chegando, como o Estadual. Temos um grupo forte e quanto mais trabalharmos, seremos mais fortes&#8221;, ressaltou.<\/p>\n\n\n\n<p>Promessa que virou realidade no cen\u00e1rio do basquete nacional e internacional, o &#8216;Monstrinho&#8217; citou sua personalidade como fator crucial nessa nova empreitada e deixou um recado direto: quer deixar seu nome marcado no Flamengo.<\/p>\n\n\n\n<p>&#8220;Venho evoluindo bastante, mas tenho muito pra aprender. Minha personalidade \u00e9 meu ponto forte, e acho que isso me identifica com o Flamengo. Gosto dessa press\u00e3o. Quanto mais acontece, mais eu cres\u00e7o. Sonho em ser grande aqui. Quero fazer hist\u00f3ria no clube e ser lembrado por todos&#8221;, encerrou.<\/p>\n\n\n\n<p>Retirado de: Site Oficial do Flamengo <\/p>\n","protected":false},"excerpt":{"rendered":"<p>Anunciado como refor\u00e7o do FlaBasquete h\u00e1 dois meses, Yago Mateus j\u00e1 est\u00e1 adaptado ao clube e ao Rio de Janeiro. Nome pedido pela Na\u00e7\u00e3o Rubro-Negra algumas vezes ao longo dos \u00faltimos anos, o atleta iniciou os treinamentos com os companheiros em agosto e tem se destacado bastante na pr\u00e9-temporada. Conhecido pelo estilo irreverente e habilidoso, [&hellip;]<\/p>\n","protected":false},"author":1,"featured_media":47455,"comment_status":"open","ping_status":"closed","sticky":false,"template":"","format":"standard","meta":{"footnotes":""},"categories":[47],"tags":[],"class_list":["post-47454","post","type-post","status-publish","format-standard","has-post-thumbnail","hentry","category-destaques"],"yoast_head":"<!-- This site is optimized with the Yoast SEO Premium plugin v24.2 (Yoast SEO v26.9) - https:\/\/yoast.com\/product\/yoast-seo-premium-wordpress\/ -->\n<title>Yago Mateus destaca identifica\u00e7\u00e3o com o Flamengo<\/title>\n<meta name=\"description\" content=\"&quot;Receber o carinho da Na\u00e7\u00e3o foi incr\u00edvel! Estou muito motivado e ainda mais ansioso para entrar em quadra&quot;.\" \/>\n<meta name=\"robots\" content=\"index, follow, max-snippet:-1, max-image-preview:large, max-video-preview:-1\" \/>\n<link rel=\"canonical\" href=\"https:\/\/www.gaveanews.com\/index.php\/2020\/09\/15\/yago-mateus-destaca-identificacao-com-o-flamengo-estou-muito-motivado\/\" \/>\n<meta property=\"og:locale\" content=\"pt_BR\" \/>\n<meta property=\"og:type\" content=\"article\" \/>\n<meta property=\"og:title\" content=\"Yago Mateus destaca identifica\u00e7\u00e3o com o Flamengo: &quot;Estou muito motivado&quot;\" \/>\n<meta property=\"og:description\" content=\"&quot;Receber o carinho da Na\u00e7\u00e3o foi incr\u00edvel! Estou muito motivado e ainda mais ansioso para entrar em quadra&quot;.\" \/>\n<meta property=\"og:url\" content=\"https:\/\/www.gaveanews.com\/index.php\/2020\/09\/15\/yago-mateus-destaca-identificacao-com-o-flamengo-estou-muito-motivado\/\" \/>\n<meta property=\"og:site_name\" content=\"G\u00e1vea News\" \/>\n<meta property=\"article:publisher\" content=\"https:\/\/facebook.com\/gaveaNews\/\" \/>\n<meta property=\"article:published_time\" content=\"2020-09-16T02:58:02+00:00\" \/>\n<meta property=\"article:modified_time\" content=\"2020-09-16T03:05:12+00:00\" \/>\n<meta property=\"og:image\" content=\"https:\/\/www.gaveanews.com\/wp-content\/uploads\/Yago-Mateus-tenta-fazer-a-bola-girar-na-ponta-do-seu-dedo-indicador.webp\" \/>\n\t<meta property=\"og:image:width\" content=\"1200\" \/>\n\t<meta property=\"og:image:height\" content=\"705\" \/>\n\t<meta property=\"og:image:type\" content=\"image\/jpeg\" \/>\n<meta name=\"author\" content=\"Equipe G\u00e1vea News\" \/>\n<meta name=\"twitter:card\" content=\"summary_large_image\" \/>\n<meta name=\"twitter:label1\" content=\"Escrito por\" \/>\n\t<meta name=\"twitter:data1\" content=\"Equipe G\u00e1vea News\" \/>\n\t<meta name=\"twitter:label2\" content=\"Est. tempo de leitura\" \/>\n\t<meta name=\"twitter:data2\" content=\"2 minutos\" \/>\n<script type=\"application\/ld+json\" class=\"yoast-schema-graph\">{\"@context\":\"https:\/\/schema.org\",\"@graph\":[{\"@type\":\"NewsArticle\",\"@id\":\"https:\/\/www.gaveanews.com\/index.php\/2020\/09\/15\/yago-mateus-destaca-identificacao-com-o-flamengo-estou-muito-motivado\/#article\",\"isPartOf\":{\"@id\":\"https:\/\/www.gaveanews.com\/index.php\/2020\/09\/15\/yago-mateus-destaca-identificacao-com-o-flamengo-estou-muito-motivado\/\"},\"author\":{\"name\":\"Equipe G\u00e1vea News\",\"@id\":\"https:\/\/www.gaveanews.com\/#\/schema\/person\/2ec14f73fb96be2caf28f91afb14749d\"},\"headline\":\"Yago Mateus destaca identifica\u00e7\u00e3o com o Flamengo: &#8220;Estou muito motivado&#8221;\",\"datePublished\":\"2020-09-16T02:58:02+00:00\",\"dateModified\":\"2020-09-16T03:05:12+00:00\",\"mainEntityOfPage\":{\"@id\":\"https:\/\/www.gaveanews.com\/index.php\/2020\/09\/15\/yago-mateus-destaca-identificacao-com-o-flamengo-estou-muito-motivado\/\"},\"wordCount\":341,\"commentCount\":0,\"image\":{\"@id\":\"https:\/\/www.gaveanews.com\/index.php\/2020\/09\/15\/yago-mateus-destaca-identificacao-com-o-flamengo-estou-muito-motivado\/#primaryimage\"},\"thumbnailUrl\":\"https:\/\/www.gaveanews.com\/wp-content\/uploads\/Yago-Mateus-tenta-fazer-a-bola-girar-na-ponta-do-seu-dedo-indicador.webp\",\"articleSection\":[\"Destaques\"],\"inLanguage\":\"pt-BR\",\"potentialAction\":[{\"@type\":\"CommentAction\",\"name\":\"Comment\",\"target\":[\"https:\/\/www.gaveanews.com\/index.php\/2020\/09\/15\/yago-mateus-destaca-identificacao-com-o-flamengo-estou-muito-motivado\/#respond\"]}],\"copyrightYear\":\"2020\",\"copyrightHolder\":{\"@id\":\"https:\/\/www.gaveanews.com\/#organization\"}},{\"@type\":\"WebPage\",\"@id\":\"https:\/\/www.gaveanews.com\/index.php\/2020\/09\/15\/yago-mateus-destaca-identificacao-com-o-flamengo-estou-muito-motivado\/\",\"url\":\"https:\/\/www.gaveanews.com\/index.php\/2020\/09\/15\/yago-mateus-destaca-identificacao-com-o-flamengo-estou-muito-motivado\/\",\"name\":\"Yago Mateus destaca identifica\u00e7\u00e3o com o Flamengo\",\"isPartOf\":{\"@id\":\"https:\/\/www.gaveanews.com\/#website\"},\"primaryImageOfPage\":{\"@id\":\"https:\/\/www.gaveanews.com\/index.php\/2020\/09\/15\/yago-mateus-destaca-identificacao-com-o-flamengo-estou-muito-motivado\/#primaryimage\"},\"image\":{\"@id\":\"https:\/\/www.gaveanews.com\/index.php\/2020\/09\/15\/yago-mateus-destaca-identificacao-com-o-flamengo-estou-muito-motivado\/#primaryimage\"},\"thumbnailUrl\":\"https:\/\/www.gaveanews.com\/wp-content\/uploads\/Yago-Mateus-tenta-fazer-a-bola-girar-na-ponta-do-seu-dedo-indicador.webp\",\"datePublished\":\"2020-09-16T02:58:02+00:00\",\"dateModified\":\"2020-09-16T03:05:12+00:00\",\"author\":{\"@id\":\"https:\/\/www.gaveanews.com\/#\/schema\/person\/2ec14f73fb96be2caf28f91afb14749d\"},\"description\":\"\\\"Receber o carinho da Na\u00e7\u00e3o foi incr\u00edvel! Estou muito motivado e ainda mais ansioso para entrar em quadra\\\".\",\"breadcrumb\":{\"@id\":\"https:\/\/www.gaveanews.com\/index.php\/2020\/09\/15\/yago-mateus-destaca-identificacao-com-o-flamengo-estou-muito-motivado\/#breadcrumb\"},\"inLanguage\":\"pt-BR\",\"potentialAction\":[{\"@type\":\"ReadAction\",\"target\":[\"https:\/\/www.gaveanews.com\/index.php\/2020\/09\/15\/yago-mateus-destaca-identificacao-com-o-flamengo-estou-muito-motivado\/\"]}]},{\"@type\":\"ImageObject\",\"inLanguage\":\"pt-BR\",\"@id\":\"https:\/\/www.gaveanews.com\/index.php\/2020\/09\/15\/yago-mateus-destaca-identificacao-com-o-flamengo-estou-muito-motivado\/#primaryimage\",\"url\":\"https:\/\/www.gaveanews.com\/wp-content\/uploads\/Yago-Mateus-tenta-fazer-a-bola-girar-na-ponta-do-seu-dedo-indicador.webp\",\"contentUrl\":\"https:\/\/www.gaveanews.com\/wp-content\/uploads\/Yago-Mateus-tenta-fazer-a-bola-girar-na-ponta-do-seu-dedo-indicador.webp\",\"width\":1200,\"height\":705,\"caption\":\"Yago Mateus tenta fazer a bola girar na ponta do seu dedo indicador (Foto: Divulga\u00e7\u00e3o)\"},{\"@type\":\"BreadcrumbList\",\"@id\":\"https:\/\/www.gaveanews.com\/index.php\/2020\/09\/15\/yago-mateus-destaca-identificacao-com-o-flamengo-estou-muito-motivado\/#breadcrumb\",\"itemListElement\":[{\"@type\":\"ListItem\",\"position\":1,\"name\":\"Home\",\"item\":\"https:\/\/www.gaveanews.com\/\"},{\"@type\":\"ListItem\",\"position\":2,\"name\":\"Yago Mateus destaca identifica\u00e7\u00e3o com o Flamengo: &#8220;Estou muito motivado&#8221;\"}]},{\"@type\":\"WebSite\",\"@id\":\"https:\/\/www.gaveanews.com\/#website\",\"url\":\"https:\/\/www.gaveanews.com\/\",\"name\":\"G\u00e1vea News\",\"description\":\"Veja todas as not\u00edcias sobre o Flamengo: Contrata\u00e7\u00f5es, categorias de base, resultados das partidas, tabela de classifica\u00e7\u00e3o, pr\u00f3ximos jogos!\",\"potentialAction\":[{\"@type\":\"SearchAction\",\"target\":{\"@type\":\"EntryPoint\",\"urlTemplate\":\"https:\/\/www.gaveanews.com\/?s={search_term_string}\"},\"query-input\":{\"@type\":\"PropertyValueSpecification\",\"valueRequired\":true,\"valueName\":\"search_term_string\"}}],\"inLanguage\":\"pt-BR\"},{\"@type\":\"Person\",\"@id\":\"https:\/\/www.gaveanews.com\/#\/schema\/person\/2ec14f73fb96be2caf28f91afb14749d\",\"name\":\"Equipe G\u00e1vea News\",\"image\":{\"@type\":\"ImageObject\",\"inLanguage\":\"pt-BR\",\"@id\":\"https:\/\/www.gaveanews.com\/#\/schema\/person\/image\/\",\"url\":\"https:\/\/secure.gravatar.com\/avatar\/1e1956f1facbffd3f8fa53a326721950116b3b9dc9bd44939c01180fd4a745a9?s=96&d=mm&r=g\",\"contentUrl\":\"https:\/\/secure.gravatar.com\/avatar\/1e1956f1facbffd3f8fa53a326721950116b3b9dc9bd44939c01180fd4a745a9?s=96&d=mm&r=g\",\"caption\":\"Equipe G\u00e1vea News\"}}]}<\/script>\n<!-- \/ Yoast SEO Premium plugin. -->","yoast_head_json":{"title":"Yago Mateus destaca identifica\u00e7\u00e3o com o Flamengo","description":"\"Receber o carinho da Na\u00e7\u00e3o foi incr\u00edvel! Estou muito motivado e ainda mais ansioso para entrar em quadra\".","robots":{"index":"index","follow":"follow","max-snippet":"max-snippet:-1","max-image-preview":"max-image-preview:large","max-video-preview":"max-video-preview:-1"},"canonical":"https:\/\/www.gaveanews.com\/index.php\/2020\/09\/15\/yago-mateus-destaca-identificacao-com-o-flamengo-estou-muito-motivado\/","og_locale":"pt_BR","og_type":"article","og_title":"Yago Mateus destaca identifica\u00e7\u00e3o com o Flamengo: \"Estou muito motivado\"","og_description":"\"Receber o carinho da Na\u00e7\u00e3o foi incr\u00edvel! Estou muito motivado e ainda mais ansioso para entrar em quadra\".","og_url":"https:\/\/www.gaveanews.com\/index.php\/2020\/09\/15\/yago-mateus-destaca-identificacao-com-o-flamengo-estou-muito-motivado\/","og_site_name":"G\u00e1vea News","article_publisher":"https:\/\/facebook.com\/gaveaNews\/","article_published_time":"2020-09-16T02:58:02+00:00","article_modified_time":"2020-09-16T03:05:12+00:00","og_image":[{"width":1200,"height":705,"url":"https:\/\/www.gaveanews.com\/wp-content\/uploads\/Yago-Mateus-tenta-fazer-a-bola-girar-na-ponta-do-seu-dedo-indicador.webp","type":"image\/jpeg"}],"author":"Equipe G\u00e1vea News","twitter_card":"summary_large_image","twitter_misc":{"Escrito por":"Equipe G\u00e1vea News","Est. tempo de leitura":"2 minutos"},"schema":{"@context":"https:\/\/schema.org","@graph":[{"@type":"NewsArticle","@id":"https:\/\/www.gaveanews.com\/index.php\/2020\/09\/15\/yago-mateus-destaca-identificacao-com-o-flamengo-estou-muito-motivado\/#article","isPartOf":{"@id":"https:\/\/www.gaveanews.com\/index.php\/2020\/09\/15\/yago-mateus-destaca-identificacao-com-o-flamengo-estou-muito-motivado\/"},"author":{"name":"Equipe G\u00e1vea News","@id":"https:\/\/www.gaveanews.com\/#\/schema\/person\/2ec14f73fb96be2caf28f91afb14749d"},"headline":"Yago Mateus destaca identifica\u00e7\u00e3o com o Flamengo: &#8220;Estou muito motivado&#8221;","datePublished":"2020-09-16T02:58:02+00:00","dateModified":"2020-09-16T03:05:12+00:00","mainEntityOfPage":{"@id":"https:\/\/www.gaveanews.com\/index.php\/2020\/09\/15\/yago-mateus-destaca-identificacao-com-o-flamengo-estou-muito-motivado\/"},"wordCount":341,"commentCount":0,"image":{"@id":"https:\/\/www.gaveanews.com\/index.php\/2020\/09\/15\/yago-mateus-destaca-identificacao-com-o-flamengo-estou-muito-motivado\/#primaryimage"},"thumbnailUrl":"https:\/\/www.gaveanews.com\/wp-content\/uploads\/Yago-Mateus-tenta-fazer-a-bola-girar-na-ponta-do-seu-dedo-indicador.webp","articleSection":["Destaques"],"inLanguage":"pt-BR","potentialAction":[{"@type":"CommentAction","name":"Comment","target":["https:\/\/www.gaveanews.com\/index.php\/2020\/09\/15\/yago-mateus-destaca-identificacao-com-o-flamengo-estou-muito-motivado\/#respond"]}],"copyrightYear":"2020","copyrightHolder":{"@id":"https:\/\/www.gaveanews.com\/#organization"}},{"@type":"WebPage","@id":"https:\/\/www.gaveanews.com\/index.php\/2020\/09\/15\/yago-mateus-destaca-identificacao-com-o-flamengo-estou-muito-motivado\/","url":"https:\/\/www.gaveanews.com\/index.php\/2020\/09\/15\/yago-mateus-destaca-identificacao-com-o-flamengo-estou-muito-motivado\/","name":"Yago Mateus destaca identifica\u00e7\u00e3o com o Flamengo","isPartOf":{"@id":"https:\/\/www.gaveanews.com\/#website"},"primaryImageOfPage":{"@id":"https:\/\/www.gaveanews.com\/index.php\/2020\/09\/15\/yago-mateus-destaca-identificacao-com-o-flamengo-estou-muito-motivado\/#primaryimage"},"image":{"@id":"https:\/\/www.gaveanews.com\/index.php\/2020\/09\/15\/yago-mateus-destaca-identificacao-com-o-flamengo-estou-muito-motivado\/#primaryimage"},"thumbnailUrl":"https:\/\/www.gaveanews.com\/wp-content\/uploads\/Yago-Mateus-tenta-fazer-a-bola-girar-na-ponta-do-seu-dedo-indicador.webp","datePublished":"2020-09-16T02:58:02+00:00","dateModified":"2020-09-16T03:05:12+00:00","author":{"@id":"https:\/\/www.gaveanews.com\/#\/schema\/person\/2ec14f73fb96be2caf28f91afb14749d"},"description":"\"Receber o carinho da Na\u00e7\u00e3o foi incr\u00edvel! Estou muito motivado e ainda mais ansioso para entrar em quadra\".","breadcrumb":{"@id":"https:\/\/www.gaveanews.com\/index.php\/2020\/09\/15\/yago-mateus-destaca-identificacao-com-o-flamengo-estou-muito-motivado\/#breadcrumb"},"inLanguage":"pt-BR","potentialAction":[{"@type":"ReadAction","target":["https:\/\/www.gaveanews.com\/index.php\/2020\/09\/15\/yago-mateus-destaca-identificacao-com-o-flamengo-estou-muito-motivado\/"]}]},{"@type":"ImageObject","inLanguage":"pt-BR","@id":"https:\/\/www.gaveanews.com\/index.php\/2020\/09\/15\/yago-mateus-destaca-identificacao-com-o-flamengo-estou-muito-motivado\/#primaryimage","url":"https:\/\/www.gaveanews.com\/wp-content\/uploads\/Yago-Mateus-tenta-fazer-a-bola-girar-na-ponta-do-seu-dedo-indicador.webp","contentUrl":"https:\/\/www.gaveanews.com\/wp-content\/uploads\/Yago-Mateus-tenta-fazer-a-bola-girar-na-ponta-do-seu-dedo-indicador.webp","width":1200,"height":705,"caption":"Yago Mateus tenta fazer a bola girar na ponta do seu dedo indicador (Foto: Divulga\u00e7\u00e3o)"},{"@type":"BreadcrumbList","@id":"https:\/\/www.gaveanews.com\/index.php\/2020\/09\/15\/yago-mateus-destaca-identificacao-com-o-flamengo-estou-muito-motivado\/#breadcrumb","itemListElement":[{"@type":"ListItem","position":1,"name":"Home","item":"https:\/\/www.gaveanews.com\/"},{"@type":"ListItem","position":2,"name":"Yago Mateus destaca identifica\u00e7\u00e3o com o Flamengo: &#8220;Estou muito motivado&#8221;"}]},{"@type":"WebSite","@id":"https:\/\/www.gaveanews.com\/#website","url":"https:\/\/www.gaveanews.com\/","name":"G\u00e1vea News","description":"Veja todas as not\u00edcias sobre o Flamengo: Contrata\u00e7\u00f5es, categorias de base, resultados das partidas, tabela de classifica\u00e7\u00e3o, pr\u00f3ximos jogos!","potentialAction":[{"@type":"SearchAction","target":{"@type":"EntryPoint","urlTemplate":"https:\/\/www.gaveanews.com\/?s={search_term_string}"},"query-input":{"@type":"PropertyValueSpecification","valueRequired":true,"valueName":"search_term_string"}}],"inLanguage":"pt-BR"},{"@type":"Person","@id":"https:\/\/www.gaveanews.com\/#\/schema\/person\/2ec14f73fb96be2caf28f91afb14749d","name":"Equipe G\u00e1vea News","image":{"@type":"ImageObject","inLanguage":"pt-BR","@id":"https:\/\/www.gaveanews.com\/#\/schema\/person\/image\/","url":"https:\/\/secure.gravatar.com\/avatar\/1e1956f1facbffd3f8fa53a326721950116b3b9dc9bd44939c01180fd4a745a9?s=96&d=mm&r=g","contentUrl":"https:\/\/secure.gravatar.com\/avatar\/1e1956f1facbffd3f8fa53a326721950116b3b9dc9bd44939c01180fd4a745a9?s=96&d=mm&r=g","caption":"Equipe G\u00e1vea News"}}]}},"_links":{"self":[{"href":"https:\/\/www.gaveanews.com\/index.php\/wp-json\/wp\/v2\/posts\/47454","targetHints":{"allow":["GET"]}}],"collection":[{"href":"https:\/\/www.gaveanews.com\/index.php\/wp-json\/wp\/v2\/posts"}],"about":[{"href":"https:\/\/www.gaveanews.com\/index.php\/wp-json\/wp\/v2\/types\/post"}],"author":[{"embeddable":true,"href":"https:\/\/www.gaveanews.com\/index.php\/wp-json\/wp\/v2\/users\/1"}],"replies":[{"embeddable":true,"href":"https:\/\/www.gaveanews.com\/index.php\/wp-json\/wp\/v2\/comments?post=47454"}],"version-history":[{"count":0,"href":"https:\/\/www.gaveanews.com\/index.php\/wp-json\/wp\/v2\/posts\/47454\/revisions"}],"wp:featuredmedia":[{"embeddable":true,"href":"https:\/\/www.gaveanews.com\/index.php\/wp-json\/wp\/v2\/media\/47455"}],"wp:attachment":[{"href":"https:\/\/www.gaveanews.com\/index.php\/wp-json\/wp\/v2\/media?parent=47454"}],"wp:term":[{"taxonomy":"category","embeddable":true,"href":"https:\/\/www.gaveanews.com\/index.php\/wp-json\/wp\/v2\/categories?post=47454"},{"taxonomy":"post_tag","embeddable":true,"href":"https:\/\/www.gaveanews.com\/index.php\/wp-json\/wp\/v2\/tags?post=47454"}],"curies":[{"name":"wp","href":"https:\/\/api.w.org\/{rel}","templated":true}]}}