{"id":47462,"date":"2020-09-16T00:33:01","date_gmt":"2020-09-16T03:33:01","guid":{"rendered":"https:\/\/www.gaveanews.com\/?p=47462"},"modified":"2020-09-16T00:33:39","modified_gmt":"2020-09-16T03:33:39","slug":"sem-espaco-com-domenec-meia-nao-ira-renovar-com-flamengo","status":"publish","type":"post","link":"https:\/\/www.gaveanews.com\/index.php\/2020\/09\/16\/sem-espaco-com-domenec-meia-nao-ira-renovar-com-flamengo\/","title":{"rendered":"Sem espa\u00e7o com Dom\u00e8nec, meia n\u00e3o ir\u00e1 renovar com Flamengo"},"content":{"rendered":"\n<p>O t\u00e9cnico Dom\u00e8nec Torrent chegou ao Flamengo com um discurso de rodar o elenco, o que, claro, daria oportunidades a alguns atletas at\u00e9 ent\u00e3o sem espa\u00e7o no clube. Ap\u00f3s 10 jogos, o treinador espanhol usou 27 atletas, incluindo Rafinha, que j\u00e1 deixou o Rubro-Negro. Nenhum deles, por\u00e9m, \u00e9 o meia Pep\u00ea.<\/p>\n\n\n\n<p>O jovem de 22 anos at\u00e9 tem ficado no banco de reservas e viajado com o grupo, como aconteceu diante do Cear\u00e1, no \u00faltimo domingo, quando o Fla perdeu de 2&#215;0. Mas quando o assunto \u00e9 jogar, s\u00e3o outros 500. Ele n\u00e3o atua desde janeiro, quando o Flamengo estava jogando com o sub-23 por conta das f\u00e9rias \u201cfor\u00e7adas\u201d pelo Mundial de Clubes de 2019.<\/p>\n\n\n\n<p>N\u00e3o teve oportunidades com Jorge Jesus, tamb\u00e9m n\u00e3o tem com Dom\u00e8nec e tamb\u00e9m n\u00e3o ter\u00e1 na Libertadores. A Conmebol permitiu a inscri\u00e7\u00e3o de 40 atletas para os quatro jogos restantes da fase de grupos, mas o Fla listou apenas 34, incluindo cinco goleiros e cinco jogadores de linha que nunca atuaram profissionalmente.<\/p>\n\n\n\n<p>Em meio a tudo isso, Pep\u00ea vive o clima de final de contrato com o clube. O v\u00ednculo dele vai at\u00e9 o \u00faltimo dia deste ano e o Flamengo j\u00e1 indicou que n\u00e3o conta com ele para a temporada de 2021. Revelado pelo Rubro-Negro, ele foi campe\u00e3o da Copinha de 2018 e promovido pouco depois, mas foi emprestado ao Portminonense (POR) por uma temporada (2018\/2019). Pelo clube carioca, s\u00e3o sete jogos e um gol, na temporada retrasada.<\/p>\n\n\n\n<p>Retirado de: Esporte News Mundo<\/p>\n","protected":false},"excerpt":{"rendered":"<p>O t\u00e9cnico Dom\u00e8nec Torrent chegou ao Flamengo com um discurso de rodar o elenco, o que, claro, daria oportunidades a alguns atletas at\u00e9 ent\u00e3o sem espa\u00e7o no clube. Ap\u00f3s 10 jogos, o treinador espanhol usou 27 atletas, incluindo Rafinha, que j\u00e1 deixou o Rubro-Negro. Nenhum deles, por\u00e9m, \u00e9 o meia Pep\u00ea. O jovem de 22 [&hellip;]<\/p>\n","protected":false},"author":1,"featured_media":46407,"comment_status":"open","ping_status":"closed","sticky":false,"template":"","format":"standard","meta":{"footnotes":""},"categories":[48],"tags":[],"class_list":["post-47462","post","type-post","status-publish","format-standard","has-post-thumbnail","hentry","category-negociacoes"],"yoast_head":"<!-- This site is optimized with the Yoast SEO Premium plugin v24.2 (Yoast SEO v26.9) - https:\/\/yoast.com\/product\/yoast-seo-premium-wordpress\/ -->\n<title>Sem espa\u00e7o com Dom\u00e8nec, meia n\u00e3o ir\u00e1 renovar com Flamengo<\/title>\n<meta name=\"description\" content=\"Ap\u00f3s 10 jogos, o treinador espanhol, Dom\u00e8nec Torrent usou 27 atletas, incluindo Rafinha, que j\u00e1 deixou o Rubro-Negro.\" \/>\n<meta name=\"robots\" content=\"index, follow, max-snippet:-1, max-image-preview:large, max-video-preview:-1\" \/>\n<link rel=\"canonical\" href=\"https:\/\/www.gaveanews.com\/index.php\/2020\/09\/16\/sem-espaco-com-domenec-meia-nao-ira-renovar-com-flamengo\/\" \/>\n<meta property=\"og:locale\" content=\"pt_BR\" \/>\n<meta property=\"og:type\" content=\"article\" \/>\n<meta property=\"og:title\" content=\"Sem espa\u00e7o com Dom\u00e8nec, meia n\u00e3o ir\u00e1 renovar com Flamengo\" \/>\n<meta property=\"og:description\" content=\"Ap\u00f3s 10 jogos, o treinador espanhol, Dom\u00e8nec Torrent usou 27 atletas, incluindo Rafinha, que j\u00e1 deixou o Rubro-Negro.\" \/>\n<meta property=\"og:url\" content=\"https:\/\/www.gaveanews.com\/index.php\/2020\/09\/16\/sem-espaco-com-domenec-meia-nao-ira-renovar-com-flamengo\/\" \/>\n<meta property=\"og:site_name\" content=\"G\u00e1vea News\" \/>\n<meta property=\"article:publisher\" content=\"https:\/\/facebook.com\/gaveaNews\/\" \/>\n<meta property=\"article:published_time\" content=\"2020-09-16T03:33:01+00:00\" \/>\n<meta property=\"article:modified_time\" content=\"2020-09-16T03:33:39+00:00\" \/>\n<meta property=\"og:image\" content=\"https:\/\/www.gaveanews.com\/wp-content\/uploads\/Pepe-durante-treinamento-do-Flamengo.webp\" \/>\n\t<meta property=\"og:image:width\" content=\"1280\" \/>\n\t<meta property=\"og:image:height\" content=\"720\" \/>\n\t<meta property=\"og:image:type\" content=\"image\/jpeg\" \/>\n<meta name=\"author\" content=\"Equipe G\u00e1vea News\" \/>\n<meta name=\"twitter:card\" content=\"summary_large_image\" \/>\n<meta name=\"twitter:label1\" content=\"Escrito por\" \/>\n\t<meta name=\"twitter:data1\" content=\"Equipe G\u00e1vea News\" \/>\n\t<meta name=\"twitter:label2\" content=\"Est. tempo de leitura\" \/>\n\t<meta name=\"twitter:data2\" content=\"1 minuto\" \/>\n<script type=\"application\/ld+json\" class=\"yoast-schema-graph\">{\"@context\":\"https:\/\/schema.org\",\"@graph\":[{\"@type\":\"NewsArticle\",\"@id\":\"https:\/\/www.gaveanews.com\/index.php\/2020\/09\/16\/sem-espaco-com-domenec-meia-nao-ira-renovar-com-flamengo\/#article\",\"isPartOf\":{\"@id\":\"https:\/\/www.gaveanews.com\/index.php\/2020\/09\/16\/sem-espaco-com-domenec-meia-nao-ira-renovar-com-flamengo\/\"},\"author\":{\"name\":\"Equipe G\u00e1vea News\",\"@id\":\"https:\/\/www.gaveanews.com\/#\/schema\/person\/2ec14f73fb96be2caf28f91afb14749d\"},\"headline\":\"Sem espa\u00e7o com Dom\u00e8nec, meia n\u00e3o ir\u00e1 renovar com Flamengo\",\"datePublished\":\"2020-09-16T03:33:01+00:00\",\"dateModified\":\"2020-09-16T03:33:39+00:00\",\"mainEntityOfPage\":{\"@id\":\"https:\/\/www.gaveanews.com\/index.php\/2020\/09\/16\/sem-espaco-com-domenec-meia-nao-ira-renovar-com-flamengo\/\"},\"wordCount\":271,\"commentCount\":21,\"image\":{\"@id\":\"https:\/\/www.gaveanews.com\/index.php\/2020\/09\/16\/sem-espaco-com-domenec-meia-nao-ira-renovar-com-flamengo\/#primaryimage\"},\"thumbnailUrl\":\"https:\/\/www.gaveanews.com\/wp-content\/uploads\/Pepe-durante-treinamento-do-Flamengo.webp\",\"articleSection\":[\"Negocia\u00e7\u00f5es\"],\"inLanguage\":\"pt-BR\",\"potentialAction\":[{\"@type\":\"CommentAction\",\"name\":\"Comment\",\"target\":[\"https:\/\/www.gaveanews.com\/index.php\/2020\/09\/16\/sem-espaco-com-domenec-meia-nao-ira-renovar-com-flamengo\/#respond\"]}],\"copyrightYear\":\"2020\",\"copyrightHolder\":{\"@id\":\"https:\/\/www.gaveanews.com\/#organization\"}},{\"@type\":\"WebPage\",\"@id\":\"https:\/\/www.gaveanews.com\/index.php\/2020\/09\/16\/sem-espaco-com-domenec-meia-nao-ira-renovar-com-flamengo\/\",\"url\":\"https:\/\/www.gaveanews.com\/index.php\/2020\/09\/16\/sem-espaco-com-domenec-meia-nao-ira-renovar-com-flamengo\/\",\"name\":\"Sem espa\u00e7o com Dom\u00e8nec, meia n\u00e3o ir\u00e1 renovar com Flamengo\",\"isPartOf\":{\"@id\":\"https:\/\/www.gaveanews.com\/#website\"},\"primaryImageOfPage\":{\"@id\":\"https:\/\/www.gaveanews.com\/index.php\/2020\/09\/16\/sem-espaco-com-domenec-meia-nao-ira-renovar-com-flamengo\/#primaryimage\"},\"image\":{\"@id\":\"https:\/\/www.gaveanews.com\/index.php\/2020\/09\/16\/sem-espaco-com-domenec-meia-nao-ira-renovar-com-flamengo\/#primaryimage\"},\"thumbnailUrl\":\"https:\/\/www.gaveanews.com\/wp-content\/uploads\/Pepe-durante-treinamento-do-Flamengo.webp\",\"datePublished\":\"2020-09-16T03:33:01+00:00\",\"dateModified\":\"2020-09-16T03:33:39+00:00\",\"author\":{\"@id\":\"https:\/\/www.gaveanews.com\/#\/schema\/person\/2ec14f73fb96be2caf28f91afb14749d\"},\"description\":\"Ap\u00f3s 10 jogos, o treinador espanhol, Dom\u00e8nec Torrent usou 27 atletas, incluindo Rafinha, que j\u00e1 deixou o Rubro-Negro.\",\"breadcrumb\":{\"@id\":\"https:\/\/www.gaveanews.com\/index.php\/2020\/09\/16\/sem-espaco-com-domenec-meia-nao-ira-renovar-com-flamengo\/#breadcrumb\"},\"inLanguage\":\"pt-BR\",\"potentialAction\":[{\"@type\":\"ReadAction\",\"target\":[\"https:\/\/www.gaveanews.com\/index.php\/2020\/09\/16\/sem-espaco-com-domenec-meia-nao-ira-renovar-com-flamengo\/\"]}]},{\"@type\":\"ImageObject\",\"inLanguage\":\"pt-BR\",\"@id\":\"https:\/\/www.gaveanews.com\/index.php\/2020\/09\/16\/sem-espaco-com-domenec-meia-nao-ira-renovar-com-flamengo\/#primaryimage\",\"url\":\"https:\/\/www.gaveanews.com\/wp-content\/uploads\/Pepe-durante-treinamento-do-Flamengo.webp\",\"contentUrl\":\"https:\/\/www.gaveanews.com\/wp-content\/uploads\/Pepe-durante-treinamento-do-Flamengo.webp\",\"width\":1280,\"height\":720,\"caption\":\"Pepe durante treinamento do Flamengo\"},{\"@type\":\"BreadcrumbList\",\"@id\":\"https:\/\/www.gaveanews.com\/index.php\/2020\/09\/16\/sem-espaco-com-domenec-meia-nao-ira-renovar-com-flamengo\/#breadcrumb\",\"itemListElement\":[{\"@type\":\"ListItem\",\"position\":1,\"name\":\"Home\",\"item\":\"https:\/\/www.gaveanews.com\/\"},{\"@type\":\"ListItem\",\"position\":2,\"name\":\"Sem espa\u00e7o com Dom\u00e8nec, meia n\u00e3o ir\u00e1 renovar com Flamengo\"}]},{\"@type\":\"WebSite\",\"@id\":\"https:\/\/www.gaveanews.com\/#website\",\"url\":\"https:\/\/www.gaveanews.com\/\",\"name\":\"G\u00e1vea News\",\"description\":\"Veja todas as not\u00edcias sobre o Flamengo: Contrata\u00e7\u00f5es, categorias de base, resultados das partidas, tabela de classifica\u00e7\u00e3o, pr\u00f3ximos jogos!\",\"potentialAction\":[{\"@type\":\"SearchAction\",\"target\":{\"@type\":\"EntryPoint\",\"urlTemplate\":\"https:\/\/www.gaveanews.com\/?s={search_term_string}\"},\"query-input\":{\"@type\":\"PropertyValueSpecification\",\"valueRequired\":true,\"valueName\":\"search_term_string\"}}],\"inLanguage\":\"pt-BR\"},{\"@type\":\"Person\",\"@id\":\"https:\/\/www.gaveanews.com\/#\/schema\/person\/2ec14f73fb96be2caf28f91afb14749d\",\"name\":\"Equipe G\u00e1vea News\",\"image\":{\"@type\":\"ImageObject\",\"inLanguage\":\"pt-BR\",\"@id\":\"https:\/\/www.gaveanews.com\/#\/schema\/person\/image\/\",\"url\":\"https:\/\/secure.gravatar.com\/avatar\/1e1956f1facbffd3f8fa53a326721950116b3b9dc9bd44939c01180fd4a745a9?s=96&d=mm&r=g\",\"contentUrl\":\"https:\/\/secure.gravatar.com\/avatar\/1e1956f1facbffd3f8fa53a326721950116b3b9dc9bd44939c01180fd4a745a9?s=96&d=mm&r=g\",\"caption\":\"Equipe G\u00e1vea News\"}}]}<\/script>\n<!-- \/ Yoast SEO Premium plugin. -->","yoast_head_json":{"title":"Sem espa\u00e7o com Dom\u00e8nec, meia n\u00e3o ir\u00e1 renovar com Flamengo","description":"Ap\u00f3s 10 jogos, o treinador espanhol, Dom\u00e8nec Torrent usou 27 atletas, incluindo Rafinha, que j\u00e1 deixou o Rubro-Negro.","robots":{"index":"index","follow":"follow","max-snippet":"max-snippet:-1","max-image-preview":"max-image-preview:large","max-video-preview":"max-video-preview:-1"},"canonical":"https:\/\/www.gaveanews.com\/index.php\/2020\/09\/16\/sem-espaco-com-domenec-meia-nao-ira-renovar-com-flamengo\/","og_locale":"pt_BR","og_type":"article","og_title":"Sem espa\u00e7o com Dom\u00e8nec, meia n\u00e3o ir\u00e1 renovar com Flamengo","og_description":"Ap\u00f3s 10 jogos, o treinador espanhol, Dom\u00e8nec Torrent usou 27 atletas, incluindo Rafinha, que j\u00e1 deixou o Rubro-Negro.","og_url":"https:\/\/www.gaveanews.com\/index.php\/2020\/09\/16\/sem-espaco-com-domenec-meia-nao-ira-renovar-com-flamengo\/","og_site_name":"G\u00e1vea News","article_publisher":"https:\/\/facebook.com\/gaveaNews\/","article_published_time":"2020-09-16T03:33:01+00:00","article_modified_time":"2020-09-16T03:33:39+00:00","og_image":[{"width":1280,"height":720,"url":"https:\/\/www.gaveanews.com\/wp-content\/uploads\/Pepe-durante-treinamento-do-Flamengo.webp","type":"image\/jpeg"}],"author":"Equipe G\u00e1vea News","twitter_card":"summary_large_image","twitter_misc":{"Escrito por":"Equipe G\u00e1vea News","Est. tempo de leitura":"1 minuto"},"schema":{"@context":"https:\/\/schema.org","@graph":[{"@type":"NewsArticle","@id":"https:\/\/www.gaveanews.com\/index.php\/2020\/09\/16\/sem-espaco-com-domenec-meia-nao-ira-renovar-com-flamengo\/#article","isPartOf":{"@id":"https:\/\/www.gaveanews.com\/index.php\/2020\/09\/16\/sem-espaco-com-domenec-meia-nao-ira-renovar-com-flamengo\/"},"author":{"name":"Equipe G\u00e1vea News","@id":"https:\/\/www.gaveanews.com\/#\/schema\/person\/2ec14f73fb96be2caf28f91afb14749d"},"headline":"Sem espa\u00e7o com Dom\u00e8nec, meia n\u00e3o ir\u00e1 renovar com Flamengo","datePublished":"2020-09-16T03:33:01+00:00","dateModified":"2020-09-16T03:33:39+00:00","mainEntityOfPage":{"@id":"https:\/\/www.gaveanews.com\/index.php\/2020\/09\/16\/sem-espaco-com-domenec-meia-nao-ira-renovar-com-flamengo\/"},"wordCount":271,"commentCount":21,"image":{"@id":"https:\/\/www.gaveanews.com\/index.php\/2020\/09\/16\/sem-espaco-com-domenec-meia-nao-ira-renovar-com-flamengo\/#primaryimage"},"thumbnailUrl":"https:\/\/www.gaveanews.com\/wp-content\/uploads\/Pepe-durante-treinamento-do-Flamengo.webp","articleSection":["Negocia\u00e7\u00f5es"],"inLanguage":"pt-BR","potentialAction":[{"@type":"CommentAction","name":"Comment","target":["https:\/\/www.gaveanews.com\/index.php\/2020\/09\/16\/sem-espaco-com-domenec-meia-nao-ira-renovar-com-flamengo\/#respond"]}],"copyrightYear":"2020","copyrightHolder":{"@id":"https:\/\/www.gaveanews.com\/#organization"}},{"@type":"WebPage","@id":"https:\/\/www.gaveanews.com\/index.php\/2020\/09\/16\/sem-espaco-com-domenec-meia-nao-ira-renovar-com-flamengo\/","url":"https:\/\/www.gaveanews.com\/index.php\/2020\/09\/16\/sem-espaco-com-domenec-meia-nao-ira-renovar-com-flamengo\/","name":"Sem espa\u00e7o com Dom\u00e8nec, meia n\u00e3o ir\u00e1 renovar com Flamengo","isPartOf":{"@id":"https:\/\/www.gaveanews.com\/#website"},"primaryImageOfPage":{"@id":"https:\/\/www.gaveanews.com\/index.php\/2020\/09\/16\/sem-espaco-com-domenec-meia-nao-ira-renovar-com-flamengo\/#primaryimage"},"image":{"@id":"https:\/\/www.gaveanews.com\/index.php\/2020\/09\/16\/sem-espaco-com-domenec-meia-nao-ira-renovar-com-flamengo\/#primaryimage"},"thumbnailUrl":"https:\/\/www.gaveanews.com\/wp-content\/uploads\/Pepe-durante-treinamento-do-Flamengo.webp","datePublished":"2020-09-16T03:33:01+00:00","dateModified":"2020-09-16T03:33:39+00:00","author":{"@id":"https:\/\/www.gaveanews.com\/#\/schema\/person\/2ec14f73fb96be2caf28f91afb14749d"},"description":"Ap\u00f3s 10 jogos, o treinador espanhol, Dom\u00e8nec Torrent usou 27 atletas, incluindo Rafinha, que j\u00e1 deixou o Rubro-Negro.","breadcrumb":{"@id":"https:\/\/www.gaveanews.com\/index.php\/2020\/09\/16\/sem-espaco-com-domenec-meia-nao-ira-renovar-com-flamengo\/#breadcrumb"},"inLanguage":"pt-BR","potentialAction":[{"@type":"ReadAction","target":["https:\/\/www.gaveanews.com\/index.php\/2020\/09\/16\/sem-espaco-com-domenec-meia-nao-ira-renovar-com-flamengo\/"]}]},{"@type":"ImageObject","inLanguage":"pt-BR","@id":"https:\/\/www.gaveanews.com\/index.php\/2020\/09\/16\/sem-espaco-com-domenec-meia-nao-ira-renovar-com-flamengo\/#primaryimage","url":"https:\/\/www.gaveanews.com\/wp-content\/uploads\/Pepe-durante-treinamento-do-Flamengo.webp","contentUrl":"https:\/\/www.gaveanews.com\/wp-content\/uploads\/Pepe-durante-treinamento-do-Flamengo.webp","width":1280,"height":720,"caption":"Pepe durante treinamento do Flamengo"},{"@type":"BreadcrumbList","@id":"https:\/\/www.gaveanews.com\/index.php\/2020\/09\/16\/sem-espaco-com-domenec-meia-nao-ira-renovar-com-flamengo\/#breadcrumb","itemListElement":[{"@type":"ListItem","position":1,"name":"Home","item":"https:\/\/www.gaveanews.com\/"},{"@type":"ListItem","position":2,"name":"Sem espa\u00e7o com Dom\u00e8nec, meia n\u00e3o ir\u00e1 renovar com Flamengo"}]},{"@type":"WebSite","@id":"https:\/\/www.gaveanews.com\/#website","url":"https:\/\/www.gaveanews.com\/","name":"G\u00e1vea News","description":"Veja todas as not\u00edcias sobre o Flamengo: Contrata\u00e7\u00f5es, categorias de base, resultados das partidas, tabela de classifica\u00e7\u00e3o, pr\u00f3ximos jogos!","potentialAction":[{"@type":"SearchAction","target":{"@type":"EntryPoint","urlTemplate":"https:\/\/www.gaveanews.com\/?s={search_term_string}"},"query-input":{"@type":"PropertyValueSpecification","valueRequired":true,"valueName":"search_term_string"}}],"inLanguage":"pt-BR"},{"@type":"Person","@id":"https:\/\/www.gaveanews.com\/#\/schema\/person\/2ec14f73fb96be2caf28f91afb14749d","name":"Equipe G\u00e1vea News","image":{"@type":"ImageObject","inLanguage":"pt-BR","@id":"https:\/\/www.gaveanews.com\/#\/schema\/person\/image\/","url":"https:\/\/secure.gravatar.com\/avatar\/1e1956f1facbffd3f8fa53a326721950116b3b9dc9bd44939c01180fd4a745a9?s=96&d=mm&r=g","contentUrl":"https:\/\/secure.gravatar.com\/avatar\/1e1956f1facbffd3f8fa53a326721950116b3b9dc9bd44939c01180fd4a745a9?s=96&d=mm&r=g","caption":"Equipe G\u00e1vea News"}}]}},"_links":{"self":[{"href":"https:\/\/www.gaveanews.com\/index.php\/wp-json\/wp\/v2\/posts\/47462","targetHints":{"allow":["GET"]}}],"collection":[{"href":"https:\/\/www.gaveanews.com\/index.php\/wp-json\/wp\/v2\/posts"}],"about":[{"href":"https:\/\/www.gaveanews.com\/index.php\/wp-json\/wp\/v2\/types\/post"}],"author":[{"embeddable":true,"href":"https:\/\/www.gaveanews.com\/index.php\/wp-json\/wp\/v2\/users\/1"}],"replies":[{"embeddable":true,"href":"https:\/\/www.gaveanews.com\/index.php\/wp-json\/wp\/v2\/comments?post=47462"}],"version-history":[{"count":0,"href":"https:\/\/www.gaveanews.com\/index.php\/wp-json\/wp\/v2\/posts\/47462\/revisions"}],"wp:featuredmedia":[{"embeddable":true,"href":"https:\/\/www.gaveanews.com\/index.php\/wp-json\/wp\/v2\/media\/46407"}],"wp:attachment":[{"href":"https:\/\/www.gaveanews.com\/index.php\/wp-json\/wp\/v2\/media?parent=47462"}],"wp:term":[{"taxonomy":"category","embeddable":true,"href":"https:\/\/www.gaveanews.com\/index.php\/wp-json\/wp\/v2\/categories?post=47462"},{"taxonomy":"post_tag","embeddable":true,"href":"https:\/\/www.gaveanews.com\/index.php\/wp-json\/wp\/v2\/tags?post=47462"}],"curies":[{"name":"wp","href":"https:\/\/api.w.org\/{rel}","templated":true}]}}