{"id":47494,"date":"2020-09-16T16:28:59","date_gmt":"2020-09-16T19:28:59","guid":{"rendered":"https:\/\/www.gaveanews.com\/?p=47494"},"modified":"2020-09-16T16:38:13","modified_gmt":"2020-09-16T19:38:13","slug":"tatuagem-avo-e-paixao-pelo-clube-conheca-gomes-novidade-do-flamengo-na-libertadores","status":"publish","type":"post","link":"https:\/\/www.gaveanews.com\/index.php\/2020\/09\/16\/tatuagem-avo-e-paixao-pelo-clube-conheca-gomes-novidade-do-flamengo-na-libertadores\/","title":{"rendered":"Tatuagem, av\u00f4 e paix\u00e3o pelo clube: Conhe\u00e7a Gomes, novidade do Flamengo na Libertadores"},"content":{"rendered":"\n<p>O futebol e a fam\u00edlia est\u00e3o presentes na vida de Jo\u00e3o Gomes de tal maneira que em seu bra\u00e7o h\u00e1 uma tatuagem simb\u00f3lica: um menino levado pela m\u00e3o por um senhor de idade rumo ao Maracan\u00e3, com a placa do \u00f4nibus que por muito tempo foi o transporte para realizar o sonho de ser jogador profissional.<\/p>\n\n\n\n<p>O volante de 19 anos, novidade do Flamengo na lista de relacionados para os jogos no Equador pela Libertadores, \u00e9 uma das promessas da base rubro-negra e carrega uma for\u00e7a a mais: a paix\u00e3o pelo av\u00f4, Mirinho, falecido no ano passado e grande incentivador de sua carreira. Quem conta \u00e9 a m\u00e3e de Gomes, Monique:<\/p>\n\n\n\n<p>\u2014 Meu pai sempre foi o maior incentivador. Ele sempre acreditou. Ele foi treinador de um time amador h\u00e1 muitos anos, e costumava falar para mim: &#8220;Monique, o Jo\u00e3o vai ser jogador. Se ele n\u00e3o jogasse bola, eu n\u00e3o ia perder o meu tempo, n\u00e3o ia gastar dinheiro de passagem para l\u00e1 e para c\u00e1. Eu sei que ele vai ser jogador&#8221; &#8211; disse Monique.<\/p>\n\n\n\n<figure class=\"wp-block-image size-large\"><img decoding=\"async\" src=\"https:\/\/s2.glbimg.com\/O_8qd0SQxOpms2MAyxCyYrBy1X0=\/0x0:1102x1067\/984x0\/smart\/filters:strip_icc()\/i.s3.glbimg.com\/v1\/AUTH_bc8228b6673f488aa253bbcb03c80ec5\/internal_photos\/bs\/2020\/V\/H\/W2V8tVSK2LmBrlhi6g3w\/joaogomes4.webp\" alt=\"\"\/><figcaption>Tatuagem do volante Jo\u00e3o Gomes em homenagem ao av\u00f4, Mirinho (Foto: Reprodu\u00e7\u00e3o)<\/figcaption><\/figure>\n\n\n\n<p>Gomes cresceu em Ramos, sub\u00farbio do Rio de Janeiro, onde morava com a m\u00e3e e o av\u00f4. Teve uma breve passagem pelo Vasco antes de ir com um amigo fazer um teste no Flamengo, aos oito anos de idade. Foi aprovado no mesmo dia e est\u00e1 no clube desde ent\u00e3o.<\/p>\n\n\n\n<p>As dificuldades foram aquelas conhecidas de quem se disp\u00f5e a seguir a carreira de jogador: horas no transporte p\u00fablico, muita correria e muito esfor\u00e7o. Por isso, a refer\u00eancia ao \u00f4nibus da linha 460: que faz o trajeto de S\u00e3o Crist\u00f3v\u00e3o, zona norte do Rio de Janeiro, at\u00e9 o Leblon, na zona sul, passando pela G\u00e1vea, onde Gomes treinava no in\u00edcio.<\/p>\n\n\n\n<p>\u2014 A gente pegava dois \u00f4nibus. Tinha que comer no \u00f4nibus, \u00e0s vezes tinha que descer e terminar de comer na Leopoldina. Sempre acreditamos. Meu pai realmente acreditou que o Jo\u00e3o poderia chegar ao profissional do Flamengo. E todos n\u00f3s somos flamenguistas &#8211; completou Monique.<\/p>\n\n\n\n<figure class=\"wp-block-image size-large\"><img decoding=\"async\" src=\"https:\/\/s2.glbimg.com\/ONSDpbhCnkRjTFyFcH35J8RDUJk=\/0x0:581x1032\/984x0\/smart\/filters:strip_icc()\/i.s3.glbimg.com\/v1\/AUTH_bc8228b6673f488aa253bbcb03c80ec5\/internal_photos\/bs\/2020\/x\/u\/Hz50R1ReWlABaiDqpYDg\/joaogomes.webp\" alt=\"\"\/><figcaption>Jo\u00e3o Gomes, ainda crian\u00e7a, com o av\u00f4, Mirinho (Foto: Arquivo Pessoal)<\/figcaption><\/figure>\n\n\n\n<p>Desde 2014, Gomes mora em Vargem Grande, perto do Ninho do Urubu. Conforme progrediu na carreira, come\u00e7ou a conquistar espa\u00e7o. Sempre foi tratado como promessa, mas n\u00e3o desanimou em momentos mais dif\u00edceis. Quando o volante passou por um per\u00edodo sem muito utilizado, Monique, de cabe\u00e7a quente, sugeriu que ele deixasse o Flamengo. A resposta foi veemente:<\/p>\n\n\n\n<p>\u2014 Eu s\u00f3 vou embora do Flamengo no dia em que o Flamengo n\u00e3o me quiser mais &#8211; disse Gomes.<\/p>\n\n\n\n<figure class=\"wp-block-embed-instagram wp-block-embed is-type-rich is-provider-instagram\"><div class=\"wp-block-embed__wrapper\">\nhttps:\/\/www.instagram.com\/p\/B0ZyRozA-PK\/?utm_source=ig_embed\n<\/div><\/figure>\n\n\n\n<h2 class=\"wp-block-heading\">Titular no sub-20 e convoca\u00e7\u00e3o para a sele\u00e7\u00e3o brasileira<\/h2>\n\n\n\n<p>A persist\u00eancia deu resultado. Em 2019, Gomes foi titular da equipe sub-20 que conquistou cinco competi\u00e7\u00f5es na temporada, incluindo o Campeonato Brasileiro, o Campeonato Carioca e a Supercopa do Brasil. Chegou a ser convocado para a sele\u00e7\u00e3o sub-20, mas acabou n\u00e3o se apresentando, pois o Flamengo estava na reta final de temporada.<\/p>\n\n\n\n<p>Em campo, Gomes tem jogado tanto de primeiro como segundo volante. Quem acompanha a base rubro-negra o v\u00ea como um atleta de bom passe, com movimenta\u00e7\u00e3o e vis\u00e3o de jogo, e boa for\u00e7a f\u00edsica e poder de marca\u00e7\u00e3o. Na atual temporada do sub-20, foi titular em tr\u00eas jogos e deu uma assist\u00eancia at\u00e9 ent\u00e3o.<\/p>\n\n\n\n<p>Esta n\u00e3o ser\u00e1 a primeira experi\u00eancia de Jo\u00e3o Gomes nos profissionais. Na retomada dos treinos ap\u00f3s a pandemia, ele fez parte de um grupo de meninos do sub-20 que subiu para treinar com a equipe de cima, ainda sob o comando de Jorge Jesus.<\/p>\n\n\n\n<p>Gomes foi um dos nove jovens da base inscritos pelo Flamengo na Libertadores, depois que a Conmebol aumentou para 50 o limite de jogadores que poder\u00e3o ser usados na competi\u00e7\u00e3o. De todos, o volante foi o \u00fanico a ser inclu\u00eddo na viagem para o Equador.<\/p>\n\n\n\n<p>O Flamengo enfrenta o Independiente del Valle nesta quinta-feira, \u00e0s 21h (de Bras\u00edlia), pela terceira rodada do Grupo A. No dia 22 de setembro, encara o Barcelona em Guayaquil.<\/p>\n\n\n\n<p>Retirado de: Globo Esporte<\/p>\n","protected":false},"excerpt":{"rendered":"<p>O futebol e a fam\u00edlia est\u00e3o presentes na vida de Jo\u00e3o Gomes de tal maneira que em seu bra\u00e7o h\u00e1 uma tatuagem simb\u00f3lica: um menino levado pela m\u00e3o por um senhor de idade rumo ao Maracan\u00e3, com a placa do \u00f4nibus que por muito tempo foi o transporte para realizar o sonho de ser jogador [&hellip;]<\/p>\n","protected":false},"author":1,"featured_media":47499,"comment_status":"open","ping_status":"closed","sticky":false,"template":"","format":"standard","meta":{"footnotes":""},"categories":[47],"tags":[],"class_list":["post-47494","post","type-post","status-publish","format-standard","has-post-thumbnail","hentry","category-destaques"],"yoast_head":"<!-- This site is optimized with the Yoast SEO Premium plugin v24.2 (Yoast SEO v26.9) - https:\/\/yoast.com\/product\/yoast-seo-premium-wordpress\/ -->\n<title>Tatuagem, e paix\u00e3o pelo clube: Conhe\u00e7a Gomes, novidade do Flamengo<\/title>\n<meta name=\"description\" content=\"Gomes foi um dos nove jovens da base inscritos pelo Flamengo na Libertadores, depois que a Conmebol aumentou para 50 o limite de jogadores.\" \/>\n<meta name=\"robots\" content=\"index, follow, max-snippet:-1, max-image-preview:large, max-video-preview:-1\" \/>\n<link rel=\"canonical\" href=\"https:\/\/www.gaveanews.com\/index.php\/2020\/09\/16\/tatuagem-avo-e-paixao-pelo-clube-conheca-gomes-novidade-do-flamengo-na-libertadores\/\" \/>\n<meta property=\"og:locale\" content=\"pt_BR\" \/>\n<meta property=\"og:type\" content=\"article\" \/>\n<meta property=\"og:title\" content=\"Tatuagem, av\u00f4 e paix\u00e3o pelo clube: Conhe\u00e7a Gomes, novidade do Flamengo na Libertadores\" \/>\n<meta property=\"og:description\" content=\"Gomes foi um dos nove jovens da base inscritos pelo Flamengo na Libertadores, depois que a Conmebol aumentou para 50 o limite de jogadores.\" \/>\n<meta property=\"og:url\" content=\"https:\/\/www.gaveanews.com\/index.php\/2020\/09\/16\/tatuagem-avo-e-paixao-pelo-clube-conheca-gomes-novidade-do-flamengo-na-libertadores\/\" \/>\n<meta property=\"og:site_name\" content=\"G\u00e1vea News\" \/>\n<meta property=\"article:publisher\" content=\"https:\/\/facebook.com\/gaveaNews\/\" \/>\n<meta property=\"article:published_time\" content=\"2020-09-16T19:28:59+00:00\" \/>\n<meta property=\"article:modified_time\" content=\"2020-09-16T19:38:13+00:00\" \/>\n<meta property=\"og:image\" content=\"https:\/\/www.gaveanews.com\/wp-content\/uploads\/Gomes-em-acao-pelo-Flamengo-no-decorrer-de-um-Fla-Flu.webp\" \/>\n\t<meta property=\"og:image:width\" content=\"984\" \/>\n\t<meta property=\"og:image:height\" content=\"655\" \/>\n\t<meta property=\"og:image:type\" content=\"image\/jpeg\" \/>\n<meta name=\"author\" content=\"Equipe G\u00e1vea News\" \/>\n<meta name=\"twitter:card\" content=\"summary_large_image\" \/>\n<meta name=\"twitter:label1\" content=\"Escrito por\" \/>\n\t<meta name=\"twitter:data1\" content=\"Equipe G\u00e1vea News\" \/>\n\t<meta name=\"twitter:label2\" content=\"Est. tempo de leitura\" \/>\n\t<meta name=\"twitter:data2\" content=\"4 minutos\" \/>\n<script type=\"application\/ld+json\" class=\"yoast-schema-graph\">{\"@context\":\"https:\/\/schema.org\",\"@graph\":[{\"@type\":\"NewsArticle\",\"@id\":\"https:\/\/www.gaveanews.com\/index.php\/2020\/09\/16\/tatuagem-avo-e-paixao-pelo-clube-conheca-gomes-novidade-do-flamengo-na-libertadores\/#article\",\"isPartOf\":{\"@id\":\"https:\/\/www.gaveanews.com\/index.php\/2020\/09\/16\/tatuagem-avo-e-paixao-pelo-clube-conheca-gomes-novidade-do-flamengo-na-libertadores\/\"},\"author\":{\"name\":\"Equipe G\u00e1vea News\",\"@id\":\"https:\/\/www.gaveanews.com\/#\/schema\/person\/2ec14f73fb96be2caf28f91afb14749d\"},\"headline\":\"Tatuagem, av\u00f4 e paix\u00e3o pelo clube: Conhe\u00e7a Gomes, novidade do Flamengo na Libertadores\",\"datePublished\":\"2020-09-16T19:28:59+00:00\",\"dateModified\":\"2020-09-16T19:38:13+00:00\",\"mainEntityOfPage\":{\"@id\":\"https:\/\/www.gaveanews.com\/index.php\/2020\/09\/16\/tatuagem-avo-e-paixao-pelo-clube-conheca-gomes-novidade-do-flamengo-na-libertadores\/\"},\"wordCount\":742,\"commentCount\":10,\"image\":{\"@id\":\"https:\/\/www.gaveanews.com\/index.php\/2020\/09\/16\/tatuagem-avo-e-paixao-pelo-clube-conheca-gomes-novidade-do-flamengo-na-libertadores\/#primaryimage\"},\"thumbnailUrl\":\"https:\/\/www.gaveanews.com\/wp-content\/uploads\/Gomes-em-acao-pelo-Flamengo-no-decorrer-de-um-Fla-Flu.webp\",\"articleSection\":[\"Destaques\"],\"inLanguage\":\"pt-BR\",\"potentialAction\":[{\"@type\":\"CommentAction\",\"name\":\"Comment\",\"target\":[\"https:\/\/www.gaveanews.com\/index.php\/2020\/09\/16\/tatuagem-avo-e-paixao-pelo-clube-conheca-gomes-novidade-do-flamengo-na-libertadores\/#respond\"]}],\"copyrightYear\":\"2020\",\"copyrightHolder\":{\"@id\":\"https:\/\/www.gaveanews.com\/#organization\"}},{\"@type\":\"WebPage\",\"@id\":\"https:\/\/www.gaveanews.com\/index.php\/2020\/09\/16\/tatuagem-avo-e-paixao-pelo-clube-conheca-gomes-novidade-do-flamengo-na-libertadores\/\",\"url\":\"https:\/\/www.gaveanews.com\/index.php\/2020\/09\/16\/tatuagem-avo-e-paixao-pelo-clube-conheca-gomes-novidade-do-flamengo-na-libertadores\/\",\"name\":\"Tatuagem, e paix\u00e3o pelo clube: Conhe\u00e7a Gomes, novidade do Flamengo\",\"isPartOf\":{\"@id\":\"https:\/\/www.gaveanews.com\/#website\"},\"primaryImageOfPage\":{\"@id\":\"https:\/\/www.gaveanews.com\/index.php\/2020\/09\/16\/tatuagem-avo-e-paixao-pelo-clube-conheca-gomes-novidade-do-flamengo-na-libertadores\/#primaryimage\"},\"image\":{\"@id\":\"https:\/\/www.gaveanews.com\/index.php\/2020\/09\/16\/tatuagem-avo-e-paixao-pelo-clube-conheca-gomes-novidade-do-flamengo-na-libertadores\/#primaryimage\"},\"thumbnailUrl\":\"https:\/\/www.gaveanews.com\/wp-content\/uploads\/Gomes-em-acao-pelo-Flamengo-no-decorrer-de-um-Fla-Flu.webp\",\"datePublished\":\"2020-09-16T19:28:59+00:00\",\"dateModified\":\"2020-09-16T19:38:13+00:00\",\"author\":{\"@id\":\"https:\/\/www.gaveanews.com\/#\/schema\/person\/2ec14f73fb96be2caf28f91afb14749d\"},\"description\":\"Gomes foi um dos nove jovens da base inscritos pelo Flamengo na Libertadores, depois que a Conmebol aumentou para 50 o limite de jogadores.\",\"breadcrumb\":{\"@id\":\"https:\/\/www.gaveanews.com\/index.php\/2020\/09\/16\/tatuagem-avo-e-paixao-pelo-clube-conheca-gomes-novidade-do-flamengo-na-libertadores\/#breadcrumb\"},\"inLanguage\":\"pt-BR\",\"potentialAction\":[{\"@type\":\"ReadAction\",\"target\":[\"https:\/\/www.gaveanews.com\/index.php\/2020\/09\/16\/tatuagem-avo-e-paixao-pelo-clube-conheca-gomes-novidade-do-flamengo-na-libertadores\/\"]}]},{\"@type\":\"ImageObject\",\"inLanguage\":\"pt-BR\",\"@id\":\"https:\/\/www.gaveanews.com\/index.php\/2020\/09\/16\/tatuagem-avo-e-paixao-pelo-clube-conheca-gomes-novidade-do-flamengo-na-libertadores\/#primaryimage\",\"url\":\"https:\/\/www.gaveanews.com\/wp-content\/uploads\/Gomes-em-acao-pelo-Flamengo-no-decorrer-de-um-Fla-Flu.webp\",\"contentUrl\":\"https:\/\/www.gaveanews.com\/wp-content\/uploads\/Gomes-em-acao-pelo-Flamengo-no-decorrer-de-um-Fla-Flu.webp\",\"width\":984,\"height\":655,\"caption\":\"Gomes em a\u00e7\u00e3o pelo Flamengo no decorrer de um Fla-Flu (Foto: Marcelo Cortes\/Flamengo)\"},{\"@type\":\"BreadcrumbList\",\"@id\":\"https:\/\/www.gaveanews.com\/index.php\/2020\/09\/16\/tatuagem-avo-e-paixao-pelo-clube-conheca-gomes-novidade-do-flamengo-na-libertadores\/#breadcrumb\",\"itemListElement\":[{\"@type\":\"ListItem\",\"position\":1,\"name\":\"Home\",\"item\":\"https:\/\/www.gaveanews.com\/\"},{\"@type\":\"ListItem\",\"position\":2,\"name\":\"Tatuagem, av\u00f4 e paix\u00e3o pelo clube: Conhe\u00e7a Gomes, novidade do Flamengo na Libertadores\"}]},{\"@type\":\"WebSite\",\"@id\":\"https:\/\/www.gaveanews.com\/#website\",\"url\":\"https:\/\/www.gaveanews.com\/\",\"name\":\"G\u00e1vea News\",\"description\":\"Veja todas as not\u00edcias sobre o Flamengo: Contrata\u00e7\u00f5es, categorias de base, resultados das partidas, tabela de classifica\u00e7\u00e3o, pr\u00f3ximos jogos!\",\"potentialAction\":[{\"@type\":\"SearchAction\",\"target\":{\"@type\":\"EntryPoint\",\"urlTemplate\":\"https:\/\/www.gaveanews.com\/?s={search_term_string}\"},\"query-input\":{\"@type\":\"PropertyValueSpecification\",\"valueRequired\":true,\"valueName\":\"search_term_string\"}}],\"inLanguage\":\"pt-BR\"},{\"@type\":\"Person\",\"@id\":\"https:\/\/www.gaveanews.com\/#\/schema\/person\/2ec14f73fb96be2caf28f91afb14749d\",\"name\":\"Equipe G\u00e1vea News\",\"image\":{\"@type\":\"ImageObject\",\"inLanguage\":\"pt-BR\",\"@id\":\"https:\/\/www.gaveanews.com\/#\/schema\/person\/image\/\",\"url\":\"https:\/\/secure.gravatar.com\/avatar\/1e1956f1facbffd3f8fa53a326721950116b3b9dc9bd44939c01180fd4a745a9?s=96&d=mm&r=g\",\"contentUrl\":\"https:\/\/secure.gravatar.com\/avatar\/1e1956f1facbffd3f8fa53a326721950116b3b9dc9bd44939c01180fd4a745a9?s=96&d=mm&r=g\",\"caption\":\"Equipe G\u00e1vea News\"}}]}<\/script>\n<!-- \/ Yoast SEO Premium plugin. -->","yoast_head_json":{"title":"Tatuagem, e paix\u00e3o pelo clube: Conhe\u00e7a Gomes, novidade do Flamengo","description":"Gomes foi um dos nove jovens da base inscritos pelo Flamengo na Libertadores, depois que a Conmebol aumentou para 50 o limite de jogadores.","robots":{"index":"index","follow":"follow","max-snippet":"max-snippet:-1","max-image-preview":"max-image-preview:large","max-video-preview":"max-video-preview:-1"},"canonical":"https:\/\/www.gaveanews.com\/index.php\/2020\/09\/16\/tatuagem-avo-e-paixao-pelo-clube-conheca-gomes-novidade-do-flamengo-na-libertadores\/","og_locale":"pt_BR","og_type":"article","og_title":"Tatuagem, av\u00f4 e paix\u00e3o pelo clube: Conhe\u00e7a Gomes, novidade do Flamengo na Libertadores","og_description":"Gomes foi um dos nove jovens da base inscritos pelo Flamengo na Libertadores, depois que a Conmebol aumentou para 50 o limite de jogadores.","og_url":"https:\/\/www.gaveanews.com\/index.php\/2020\/09\/16\/tatuagem-avo-e-paixao-pelo-clube-conheca-gomes-novidade-do-flamengo-na-libertadores\/","og_site_name":"G\u00e1vea News","article_publisher":"https:\/\/facebook.com\/gaveaNews\/","article_published_time":"2020-09-16T19:28:59+00:00","article_modified_time":"2020-09-16T19:38:13+00:00","og_image":[{"width":984,"height":655,"url":"https:\/\/www.gaveanews.com\/wp-content\/uploads\/Gomes-em-acao-pelo-Flamengo-no-decorrer-de-um-Fla-Flu.webp","type":"image\/jpeg"}],"author":"Equipe G\u00e1vea News","twitter_card":"summary_large_image","twitter_misc":{"Escrito por":"Equipe G\u00e1vea News","Est. tempo de leitura":"4 minutos"},"schema":{"@context":"https:\/\/schema.org","@graph":[{"@type":"NewsArticle","@id":"https:\/\/www.gaveanews.com\/index.php\/2020\/09\/16\/tatuagem-avo-e-paixao-pelo-clube-conheca-gomes-novidade-do-flamengo-na-libertadores\/#article","isPartOf":{"@id":"https:\/\/www.gaveanews.com\/index.php\/2020\/09\/16\/tatuagem-avo-e-paixao-pelo-clube-conheca-gomes-novidade-do-flamengo-na-libertadores\/"},"author":{"name":"Equipe G\u00e1vea News","@id":"https:\/\/www.gaveanews.com\/#\/schema\/person\/2ec14f73fb96be2caf28f91afb14749d"},"headline":"Tatuagem, av\u00f4 e paix\u00e3o pelo clube: Conhe\u00e7a Gomes, novidade do Flamengo na Libertadores","datePublished":"2020-09-16T19:28:59+00:00","dateModified":"2020-09-16T19:38:13+00:00","mainEntityOfPage":{"@id":"https:\/\/www.gaveanews.com\/index.php\/2020\/09\/16\/tatuagem-avo-e-paixao-pelo-clube-conheca-gomes-novidade-do-flamengo-na-libertadores\/"},"wordCount":742,"commentCount":10,"image":{"@id":"https:\/\/www.gaveanews.com\/index.php\/2020\/09\/16\/tatuagem-avo-e-paixao-pelo-clube-conheca-gomes-novidade-do-flamengo-na-libertadores\/#primaryimage"},"thumbnailUrl":"https:\/\/www.gaveanews.com\/wp-content\/uploads\/Gomes-em-acao-pelo-Flamengo-no-decorrer-de-um-Fla-Flu.webp","articleSection":["Destaques"],"inLanguage":"pt-BR","potentialAction":[{"@type":"CommentAction","name":"Comment","target":["https:\/\/www.gaveanews.com\/index.php\/2020\/09\/16\/tatuagem-avo-e-paixao-pelo-clube-conheca-gomes-novidade-do-flamengo-na-libertadores\/#respond"]}],"copyrightYear":"2020","copyrightHolder":{"@id":"https:\/\/www.gaveanews.com\/#organization"}},{"@type":"WebPage","@id":"https:\/\/www.gaveanews.com\/index.php\/2020\/09\/16\/tatuagem-avo-e-paixao-pelo-clube-conheca-gomes-novidade-do-flamengo-na-libertadores\/","url":"https:\/\/www.gaveanews.com\/index.php\/2020\/09\/16\/tatuagem-avo-e-paixao-pelo-clube-conheca-gomes-novidade-do-flamengo-na-libertadores\/","name":"Tatuagem, e paix\u00e3o pelo clube: Conhe\u00e7a Gomes, novidade do Flamengo","isPartOf":{"@id":"https:\/\/www.gaveanews.com\/#website"},"primaryImageOfPage":{"@id":"https:\/\/www.gaveanews.com\/index.php\/2020\/09\/16\/tatuagem-avo-e-paixao-pelo-clube-conheca-gomes-novidade-do-flamengo-na-libertadores\/#primaryimage"},"image":{"@id":"https:\/\/www.gaveanews.com\/index.php\/2020\/09\/16\/tatuagem-avo-e-paixao-pelo-clube-conheca-gomes-novidade-do-flamengo-na-libertadores\/#primaryimage"},"thumbnailUrl":"https:\/\/www.gaveanews.com\/wp-content\/uploads\/Gomes-em-acao-pelo-Flamengo-no-decorrer-de-um-Fla-Flu.webp","datePublished":"2020-09-16T19:28:59+00:00","dateModified":"2020-09-16T19:38:13+00:00","author":{"@id":"https:\/\/www.gaveanews.com\/#\/schema\/person\/2ec14f73fb96be2caf28f91afb14749d"},"description":"Gomes foi um dos nove jovens da base inscritos pelo Flamengo na Libertadores, depois que a Conmebol aumentou para 50 o limite de jogadores.","breadcrumb":{"@id":"https:\/\/www.gaveanews.com\/index.php\/2020\/09\/16\/tatuagem-avo-e-paixao-pelo-clube-conheca-gomes-novidade-do-flamengo-na-libertadores\/#breadcrumb"},"inLanguage":"pt-BR","potentialAction":[{"@type":"ReadAction","target":["https:\/\/www.gaveanews.com\/index.php\/2020\/09\/16\/tatuagem-avo-e-paixao-pelo-clube-conheca-gomes-novidade-do-flamengo-na-libertadores\/"]}]},{"@type":"ImageObject","inLanguage":"pt-BR","@id":"https:\/\/www.gaveanews.com\/index.php\/2020\/09\/16\/tatuagem-avo-e-paixao-pelo-clube-conheca-gomes-novidade-do-flamengo-na-libertadores\/#primaryimage","url":"https:\/\/www.gaveanews.com\/wp-content\/uploads\/Gomes-em-acao-pelo-Flamengo-no-decorrer-de-um-Fla-Flu.webp","contentUrl":"https:\/\/www.gaveanews.com\/wp-content\/uploads\/Gomes-em-acao-pelo-Flamengo-no-decorrer-de-um-Fla-Flu.webp","width":984,"height":655,"caption":"Gomes em a\u00e7\u00e3o pelo Flamengo no decorrer de um Fla-Flu (Foto: Marcelo Cortes\/Flamengo)"},{"@type":"BreadcrumbList","@id":"https:\/\/www.gaveanews.com\/index.php\/2020\/09\/16\/tatuagem-avo-e-paixao-pelo-clube-conheca-gomes-novidade-do-flamengo-na-libertadores\/#breadcrumb","itemListElement":[{"@type":"ListItem","position":1,"name":"Home","item":"https:\/\/www.gaveanews.com\/"},{"@type":"ListItem","position":2,"name":"Tatuagem, av\u00f4 e paix\u00e3o pelo clube: Conhe\u00e7a Gomes, novidade do Flamengo na Libertadores"}]},{"@type":"WebSite","@id":"https:\/\/www.gaveanews.com\/#website","url":"https:\/\/www.gaveanews.com\/","name":"G\u00e1vea News","description":"Veja todas as not\u00edcias sobre o Flamengo: Contrata\u00e7\u00f5es, categorias de base, resultados das partidas, tabela de classifica\u00e7\u00e3o, pr\u00f3ximos jogos!","potentialAction":[{"@type":"SearchAction","target":{"@type":"EntryPoint","urlTemplate":"https:\/\/www.gaveanews.com\/?s={search_term_string}"},"query-input":{"@type":"PropertyValueSpecification","valueRequired":true,"valueName":"search_term_string"}}],"inLanguage":"pt-BR"},{"@type":"Person","@id":"https:\/\/www.gaveanews.com\/#\/schema\/person\/2ec14f73fb96be2caf28f91afb14749d","name":"Equipe G\u00e1vea News","image":{"@type":"ImageObject","inLanguage":"pt-BR","@id":"https:\/\/www.gaveanews.com\/#\/schema\/person\/image\/","url":"https:\/\/secure.gravatar.com\/avatar\/1e1956f1facbffd3f8fa53a326721950116b3b9dc9bd44939c01180fd4a745a9?s=96&d=mm&r=g","contentUrl":"https:\/\/secure.gravatar.com\/avatar\/1e1956f1facbffd3f8fa53a326721950116b3b9dc9bd44939c01180fd4a745a9?s=96&d=mm&r=g","caption":"Equipe G\u00e1vea News"}}]}},"_links":{"self":[{"href":"https:\/\/www.gaveanews.com\/index.php\/wp-json\/wp\/v2\/posts\/47494","targetHints":{"allow":["GET"]}}],"collection":[{"href":"https:\/\/www.gaveanews.com\/index.php\/wp-json\/wp\/v2\/posts"}],"about":[{"href":"https:\/\/www.gaveanews.com\/index.php\/wp-json\/wp\/v2\/types\/post"}],"author":[{"embeddable":true,"href":"https:\/\/www.gaveanews.com\/index.php\/wp-json\/wp\/v2\/users\/1"}],"replies":[{"embeddable":true,"href":"https:\/\/www.gaveanews.com\/index.php\/wp-json\/wp\/v2\/comments?post=47494"}],"version-history":[{"count":0,"href":"https:\/\/www.gaveanews.com\/index.php\/wp-json\/wp\/v2\/posts\/47494\/revisions"}],"wp:featuredmedia":[{"embeddable":true,"href":"https:\/\/www.gaveanews.com\/index.php\/wp-json\/wp\/v2\/media\/47499"}],"wp:attachment":[{"href":"https:\/\/www.gaveanews.com\/index.php\/wp-json\/wp\/v2\/media?parent=47494"}],"wp:term":[{"taxonomy":"category","embeddable":true,"href":"https:\/\/www.gaveanews.com\/index.php\/wp-json\/wp\/v2\/categories?post=47494"},{"taxonomy":"post_tag","embeddable":true,"href":"https:\/\/www.gaveanews.com\/index.php\/wp-json\/wp\/v2\/tags?post=47494"}],"curies":[{"name":"wp","href":"https:\/\/api.w.org\/{rel}","templated":true}]}}