{"id":47536,"date":"2020-09-17T06:45:09","date_gmt":"2020-09-17T09:45:09","guid":{"rendered":"https:\/\/www.gaveanews.com\/?p=47536"},"modified":"2021-08-12T00:44:09","modified_gmt":"2021-08-12T03:44:09","slug":"luto-socio-do-flamengo-morre-e-clube-emite-nota-de-pesar","status":"publish","type":"post","link":"https:\/\/www.gaveanews.com\/index.php\/2020\/09\/17\/luto-socio-do-flamengo-morre-e-clube-emite-nota-de-pesar\/","title":{"rendered":"Luto! S\u00f3cio do Flamengo morre e clube emite nota de pesar"},"content":{"rendered":"\n<p>Na noite da \u00faltima quarta-feira (16 de se setembro), o Flamengo, atrav\u00e9s de seu site oficial, publicou uma nota de pesar devido ao falecimento de Jonir Colucci Moraes. Apaixonado pelo rubro-negro, Jonir era figurinha carimbada em todos os jogos do Flamengo.<\/p>\n\n\n\n<p>Em respeito aos familiares de Jonir, o Flamengo optou por n\u00e3o divulgar informa\u00e7\u00f5es como motivo do falecimentos, fotos ou dados do enterro.<\/p>\n\n\n\n<h2 class=\"wp-block-heading\">Nota divulgada pelo Flamengo:<\/h2>\n\n\n\n<p>Nos deixou, nesta quarta-feira (16), aos 85 anos, o s\u00f3cio do nosso Flamengo Jonir Colucci Moraes. Grande rubro-negro, Jonir n\u00e3o perdia uma partida do Mais Querido. O Clube de Regatas do Flamengo lamenta imensamente tamanha perda e presta as mais sinceras condol\u00eancias aos familiares e amigos.<\/p>\n\n\n\n<p><strong>Leia tamb\u00e9m: <a href=\"https:\/\/www.gaveanews.com\/index.php\/2020\/09\/16\/confira-a-provavel-escalacao-do-flamengo-para-o-jogo-contra-o-independiente-del-valle\/\">Confira a prov\u00e1vel escala\u00e7\u00e3o do Flamengo para o jogo contra o Independiente Del Valle<\/a><\/strong><\/p>\n","protected":false},"excerpt":{"rendered":"<p>Na noite da \u00faltima quarta-feira (16 de se setembro), o Flamengo, atrav\u00e9s de seu site oficial, publicou uma nota de pesar devido ao falecimento de Jonir Colucci Moraes. Apaixonado pelo rubro-negro, Jonir era figurinha carimbada em todos os jogos do Flamengo. Em respeito aos familiares de Jonir, o Flamengo optou por n\u00e3o divulgar informa\u00e7\u00f5es como [&hellip;]<\/p>\n","protected":false},"author":2,"featured_media":31951,"comment_status":"open","ping_status":"closed","sticky":false,"template":"","format":"standard","meta":{"footnotes":""},"categories":[47],"tags":[],"class_list":["post-47536","post","type-post","status-publish","format-standard","has-post-thumbnail","hentry","category-destaques"],"yoast_head":"<!-- This site is optimized with the Yoast SEO Premium plugin v24.2 (Yoast SEO v26.9) - https:\/\/yoast.com\/product\/yoast-seo-premium-wordpress\/ -->\n<title>Luto! S\u00f3cio do Flamengo morre e clube emite nota de pesar<\/title>\n<meta name=\"description\" content=\"Em respeito aos familiares, o Flamengo optou por n\u00e3o divulgar informa\u00e7\u00f5es como motivo do falecimentos, fotos ou dados do enterro.\" \/>\n<meta name=\"robots\" content=\"index, follow, max-snippet:-1, max-image-preview:large, max-video-preview:-1\" \/>\n<link rel=\"canonical\" href=\"https:\/\/www.gaveanews.com\/index.php\/2020\/09\/17\/luto-socio-do-flamengo-morre-e-clube-emite-nota-de-pesar\/\" \/>\n<meta property=\"og:locale\" content=\"pt_BR\" \/>\n<meta property=\"og:type\" content=\"article\" \/>\n<meta property=\"og:title\" content=\"Luto! S\u00f3cio do Flamengo morre e clube emite nota de pesar\" \/>\n<meta property=\"og:description\" content=\"Em respeito aos familiares, o Flamengo optou por n\u00e3o divulgar informa\u00e7\u00f5es como motivo do falecimentos, fotos ou dados do enterro.\" \/>\n<meta property=\"og:url\" content=\"https:\/\/www.gaveanews.com\/index.php\/2020\/09\/17\/luto-socio-do-flamengo-morre-e-clube-emite-nota-de-pesar\/\" \/>\n<meta property=\"og:site_name\" content=\"G\u00e1vea News\" \/>\n<meta property=\"article:publisher\" content=\"https:\/\/facebook.com\/gaveaNews\/\" \/>\n<meta property=\"article:published_time\" content=\"2020-09-17T09:45:09+00:00\" \/>\n<meta property=\"article:modified_time\" content=\"2021-08-12T03:44:09+00:00\" \/>\n<meta property=\"og:image\" content=\"https:\/\/www.gaveanews.com\/wp-content\/uploads\/luto-o-que-e.webp\" \/>\n\t<meta property=\"og:image:width\" content=\"640\" \/>\n\t<meta property=\"og:image:height\" content=\"424\" \/>\n\t<meta property=\"og:image:type\" content=\"image\/jpeg\" \/>\n<meta name=\"author\" content=\"Hugo Nogueira\" \/>\n<meta name=\"twitter:card\" content=\"summary_large_image\" \/>\n<meta name=\"twitter:label1\" content=\"Escrito por\" \/>\n\t<meta name=\"twitter:data1\" content=\"Hugo Nogueira\" \/>\n\t<meta name=\"twitter:label2\" content=\"Est. tempo de leitura\" \/>\n\t<meta name=\"twitter:data2\" content=\"1 minuto\" \/>\n<script type=\"application\/ld+json\" class=\"yoast-schema-graph\">{\"@context\":\"https:\/\/schema.org\",\"@graph\":[{\"@type\":\"NewsArticle\",\"@id\":\"https:\/\/www.gaveanews.com\/index.php\/2020\/09\/17\/luto-socio-do-flamengo-morre-e-clube-emite-nota-de-pesar\/#article\",\"isPartOf\":{\"@id\":\"https:\/\/www.gaveanews.com\/index.php\/2020\/09\/17\/luto-socio-do-flamengo-morre-e-clube-emite-nota-de-pesar\/\"},\"author\":{\"name\":\"Hugo Nogueira\",\"@id\":\"https:\/\/www.gaveanews.com\/#\/schema\/person\/3a0372021fabaeec4e7e4242cfa27841\"},\"headline\":\"Luto! S\u00f3cio do Flamengo morre e clube emite nota de pesar\",\"datePublished\":\"2020-09-17T09:45:09+00:00\",\"dateModified\":\"2021-08-12T03:44:09+00:00\",\"mainEntityOfPage\":{\"@id\":\"https:\/\/www.gaveanews.com\/index.php\/2020\/09\/17\/luto-socio-do-flamengo-morre-e-clube-emite-nota-de-pesar\/\"},\"wordCount\":147,\"commentCount\":4,\"image\":{\"@id\":\"https:\/\/www.gaveanews.com\/index.php\/2020\/09\/17\/luto-socio-do-flamengo-morre-e-clube-emite-nota-de-pesar\/#primaryimage\"},\"thumbnailUrl\":\"https:\/\/www.gaveanews.com\/wp-content\/uploads\/luto-o-que-e.webp\",\"articleSection\":[\"Destaques\"],\"inLanguage\":\"pt-BR\",\"potentialAction\":[{\"@type\":\"CommentAction\",\"name\":\"Comment\",\"target\":[\"https:\/\/www.gaveanews.com\/index.php\/2020\/09\/17\/luto-socio-do-flamengo-morre-e-clube-emite-nota-de-pesar\/#respond\"]}],\"copyrightYear\":\"2020\",\"copyrightHolder\":{\"@id\":\"https:\/\/www.gaveanews.com\/#organization\"}},{\"@type\":\"WebPage\",\"@id\":\"https:\/\/www.gaveanews.com\/index.php\/2020\/09\/17\/luto-socio-do-flamengo-morre-e-clube-emite-nota-de-pesar\/\",\"url\":\"https:\/\/www.gaveanews.com\/index.php\/2020\/09\/17\/luto-socio-do-flamengo-morre-e-clube-emite-nota-de-pesar\/\",\"name\":\"Luto! S\u00f3cio do Flamengo morre e clube emite nota de pesar\",\"isPartOf\":{\"@id\":\"https:\/\/www.gaveanews.com\/#website\"},\"primaryImageOfPage\":{\"@id\":\"https:\/\/www.gaveanews.com\/index.php\/2020\/09\/17\/luto-socio-do-flamengo-morre-e-clube-emite-nota-de-pesar\/#primaryimage\"},\"image\":{\"@id\":\"https:\/\/www.gaveanews.com\/index.php\/2020\/09\/17\/luto-socio-do-flamengo-morre-e-clube-emite-nota-de-pesar\/#primaryimage\"},\"thumbnailUrl\":\"https:\/\/www.gaveanews.com\/wp-content\/uploads\/luto-o-que-e.webp\",\"datePublished\":\"2020-09-17T09:45:09+00:00\",\"dateModified\":\"2021-08-12T03:44:09+00:00\",\"author\":{\"@id\":\"https:\/\/www.gaveanews.com\/#\/schema\/person\/3a0372021fabaeec4e7e4242cfa27841\"},\"description\":\"Em respeito aos familiares, o Flamengo optou por n\u00e3o divulgar informa\u00e7\u00f5es como motivo do falecimentos, fotos ou dados do enterro.\",\"breadcrumb\":{\"@id\":\"https:\/\/www.gaveanews.com\/index.php\/2020\/09\/17\/luto-socio-do-flamengo-morre-e-clube-emite-nota-de-pesar\/#breadcrumb\"},\"inLanguage\":\"pt-BR\",\"potentialAction\":[{\"@type\":\"ReadAction\",\"target\":[\"https:\/\/www.gaveanews.com\/index.php\/2020\/09\/17\/luto-socio-do-flamengo-morre-e-clube-emite-nota-de-pesar\/\"]}]},{\"@type\":\"ImageObject\",\"inLanguage\":\"pt-BR\",\"@id\":\"https:\/\/www.gaveanews.com\/index.php\/2020\/09\/17\/luto-socio-do-flamengo-morre-e-clube-emite-nota-de-pesar\/#primaryimage\",\"url\":\"https:\/\/www.gaveanews.com\/wp-content\/uploads\/luto-o-que-e.webp\",\"contentUrl\":\"https:\/\/www.gaveanews.com\/wp-content\/uploads\/luto-o-que-e.webp\",\"width\":640,\"height\":424},{\"@type\":\"BreadcrumbList\",\"@id\":\"https:\/\/www.gaveanews.com\/index.php\/2020\/09\/17\/luto-socio-do-flamengo-morre-e-clube-emite-nota-de-pesar\/#breadcrumb\",\"itemListElement\":[{\"@type\":\"ListItem\",\"position\":1,\"name\":\"Home\",\"item\":\"https:\/\/www.gaveanews.com\/\"},{\"@type\":\"ListItem\",\"position\":2,\"name\":\"Luto! S\u00f3cio do Flamengo morre e clube emite nota de pesar\"}]},{\"@type\":\"WebSite\",\"@id\":\"https:\/\/www.gaveanews.com\/#website\",\"url\":\"https:\/\/www.gaveanews.com\/\",\"name\":\"G\u00e1vea News\",\"description\":\"Veja todas as not\u00edcias sobre o Flamengo: Contrata\u00e7\u00f5es, categorias de base, resultados das partidas, tabela de classifica\u00e7\u00e3o, pr\u00f3ximos jogos!\",\"potentialAction\":[{\"@type\":\"SearchAction\",\"target\":{\"@type\":\"EntryPoint\",\"urlTemplate\":\"https:\/\/www.gaveanews.com\/?s={search_term_string}\"},\"query-input\":{\"@type\":\"PropertyValueSpecification\",\"valueRequired\":true,\"valueName\":\"search_term_string\"}}],\"inLanguage\":\"pt-BR\"},{\"@type\":\"Person\",\"@id\":\"https:\/\/www.gaveanews.com\/#\/schema\/person\/3a0372021fabaeec4e7e4242cfa27841\",\"name\":\"Hugo Nogueira\",\"image\":{\"@type\":\"ImageObject\",\"inLanguage\":\"pt-BR\",\"@id\":\"https:\/\/www.gaveanews.com\/#\/schema\/person\/image\/\",\"url\":\"https:\/\/secure.gravatar.com\/avatar\/0cdd89f3b47bb55926c08eee2db992845cfdd53f84c9fdd47a49d89b3cd40c0a?s=96&d=mm&r=g\",\"contentUrl\":\"https:\/\/secure.gravatar.com\/avatar\/0cdd89f3b47bb55926c08eee2db992845cfdd53f84c9fdd47a49d89b3cd40c0a?s=96&d=mm&r=g\",\"caption\":\"Hugo Nogueira\"}}]}<\/script>\n<!-- \/ Yoast SEO Premium plugin. -->","yoast_head_json":{"title":"Luto! S\u00f3cio do Flamengo morre e clube emite nota de pesar","description":"Em respeito aos familiares, o Flamengo optou por n\u00e3o divulgar informa\u00e7\u00f5es como motivo do falecimentos, fotos ou dados do enterro.","robots":{"index":"index","follow":"follow","max-snippet":"max-snippet:-1","max-image-preview":"max-image-preview:large","max-video-preview":"max-video-preview:-1"},"canonical":"https:\/\/www.gaveanews.com\/index.php\/2020\/09\/17\/luto-socio-do-flamengo-morre-e-clube-emite-nota-de-pesar\/","og_locale":"pt_BR","og_type":"article","og_title":"Luto! S\u00f3cio do Flamengo morre e clube emite nota de pesar","og_description":"Em respeito aos familiares, o Flamengo optou por n\u00e3o divulgar informa\u00e7\u00f5es como motivo do falecimentos, fotos ou dados do enterro.","og_url":"https:\/\/www.gaveanews.com\/index.php\/2020\/09\/17\/luto-socio-do-flamengo-morre-e-clube-emite-nota-de-pesar\/","og_site_name":"G\u00e1vea News","article_publisher":"https:\/\/facebook.com\/gaveaNews\/","article_published_time":"2020-09-17T09:45:09+00:00","article_modified_time":"2021-08-12T03:44:09+00:00","og_image":[{"width":640,"height":424,"url":"https:\/\/www.gaveanews.com\/wp-content\/uploads\/luto-o-que-e.webp","type":"image\/jpeg"}],"author":"Hugo Nogueira","twitter_card":"summary_large_image","twitter_misc":{"Escrito por":"Hugo Nogueira","Est. tempo de leitura":"1 minuto"},"schema":{"@context":"https:\/\/schema.org","@graph":[{"@type":"NewsArticle","@id":"https:\/\/www.gaveanews.com\/index.php\/2020\/09\/17\/luto-socio-do-flamengo-morre-e-clube-emite-nota-de-pesar\/#article","isPartOf":{"@id":"https:\/\/www.gaveanews.com\/index.php\/2020\/09\/17\/luto-socio-do-flamengo-morre-e-clube-emite-nota-de-pesar\/"},"author":{"name":"Hugo Nogueira","@id":"https:\/\/www.gaveanews.com\/#\/schema\/person\/3a0372021fabaeec4e7e4242cfa27841"},"headline":"Luto! S\u00f3cio do Flamengo morre e clube emite nota de pesar","datePublished":"2020-09-17T09:45:09+00:00","dateModified":"2021-08-12T03:44:09+00:00","mainEntityOfPage":{"@id":"https:\/\/www.gaveanews.com\/index.php\/2020\/09\/17\/luto-socio-do-flamengo-morre-e-clube-emite-nota-de-pesar\/"},"wordCount":147,"commentCount":4,"image":{"@id":"https:\/\/www.gaveanews.com\/index.php\/2020\/09\/17\/luto-socio-do-flamengo-morre-e-clube-emite-nota-de-pesar\/#primaryimage"},"thumbnailUrl":"https:\/\/www.gaveanews.com\/wp-content\/uploads\/luto-o-que-e.webp","articleSection":["Destaques"],"inLanguage":"pt-BR","potentialAction":[{"@type":"CommentAction","name":"Comment","target":["https:\/\/www.gaveanews.com\/index.php\/2020\/09\/17\/luto-socio-do-flamengo-morre-e-clube-emite-nota-de-pesar\/#respond"]}],"copyrightYear":"2020","copyrightHolder":{"@id":"https:\/\/www.gaveanews.com\/#organization"}},{"@type":"WebPage","@id":"https:\/\/www.gaveanews.com\/index.php\/2020\/09\/17\/luto-socio-do-flamengo-morre-e-clube-emite-nota-de-pesar\/","url":"https:\/\/www.gaveanews.com\/index.php\/2020\/09\/17\/luto-socio-do-flamengo-morre-e-clube-emite-nota-de-pesar\/","name":"Luto! S\u00f3cio do Flamengo morre e clube emite nota de pesar","isPartOf":{"@id":"https:\/\/www.gaveanews.com\/#website"},"primaryImageOfPage":{"@id":"https:\/\/www.gaveanews.com\/index.php\/2020\/09\/17\/luto-socio-do-flamengo-morre-e-clube-emite-nota-de-pesar\/#primaryimage"},"image":{"@id":"https:\/\/www.gaveanews.com\/index.php\/2020\/09\/17\/luto-socio-do-flamengo-morre-e-clube-emite-nota-de-pesar\/#primaryimage"},"thumbnailUrl":"https:\/\/www.gaveanews.com\/wp-content\/uploads\/luto-o-que-e.webp","datePublished":"2020-09-17T09:45:09+00:00","dateModified":"2021-08-12T03:44:09+00:00","author":{"@id":"https:\/\/www.gaveanews.com\/#\/schema\/person\/3a0372021fabaeec4e7e4242cfa27841"},"description":"Em respeito aos familiares, o Flamengo optou por n\u00e3o divulgar informa\u00e7\u00f5es como motivo do falecimentos, fotos ou dados do enterro.","breadcrumb":{"@id":"https:\/\/www.gaveanews.com\/index.php\/2020\/09\/17\/luto-socio-do-flamengo-morre-e-clube-emite-nota-de-pesar\/#breadcrumb"},"inLanguage":"pt-BR","potentialAction":[{"@type":"ReadAction","target":["https:\/\/www.gaveanews.com\/index.php\/2020\/09\/17\/luto-socio-do-flamengo-morre-e-clube-emite-nota-de-pesar\/"]}]},{"@type":"ImageObject","inLanguage":"pt-BR","@id":"https:\/\/www.gaveanews.com\/index.php\/2020\/09\/17\/luto-socio-do-flamengo-morre-e-clube-emite-nota-de-pesar\/#primaryimage","url":"https:\/\/www.gaveanews.com\/wp-content\/uploads\/luto-o-que-e.webp","contentUrl":"https:\/\/www.gaveanews.com\/wp-content\/uploads\/luto-o-que-e.webp","width":640,"height":424},{"@type":"BreadcrumbList","@id":"https:\/\/www.gaveanews.com\/index.php\/2020\/09\/17\/luto-socio-do-flamengo-morre-e-clube-emite-nota-de-pesar\/#breadcrumb","itemListElement":[{"@type":"ListItem","position":1,"name":"Home","item":"https:\/\/www.gaveanews.com\/"},{"@type":"ListItem","position":2,"name":"Luto! S\u00f3cio do Flamengo morre e clube emite nota de pesar"}]},{"@type":"WebSite","@id":"https:\/\/www.gaveanews.com\/#website","url":"https:\/\/www.gaveanews.com\/","name":"G\u00e1vea News","description":"Veja todas as not\u00edcias sobre o Flamengo: Contrata\u00e7\u00f5es, categorias de base, resultados das partidas, tabela de classifica\u00e7\u00e3o, pr\u00f3ximos jogos!","potentialAction":[{"@type":"SearchAction","target":{"@type":"EntryPoint","urlTemplate":"https:\/\/www.gaveanews.com\/?s={search_term_string}"},"query-input":{"@type":"PropertyValueSpecification","valueRequired":true,"valueName":"search_term_string"}}],"inLanguage":"pt-BR"},{"@type":"Person","@id":"https:\/\/www.gaveanews.com\/#\/schema\/person\/3a0372021fabaeec4e7e4242cfa27841","name":"Hugo Nogueira","image":{"@type":"ImageObject","inLanguage":"pt-BR","@id":"https:\/\/www.gaveanews.com\/#\/schema\/person\/image\/","url":"https:\/\/secure.gravatar.com\/avatar\/0cdd89f3b47bb55926c08eee2db992845cfdd53f84c9fdd47a49d89b3cd40c0a?s=96&d=mm&r=g","contentUrl":"https:\/\/secure.gravatar.com\/avatar\/0cdd89f3b47bb55926c08eee2db992845cfdd53f84c9fdd47a49d89b3cd40c0a?s=96&d=mm&r=g","caption":"Hugo Nogueira"}}]}},"_links":{"self":[{"href":"https:\/\/www.gaveanews.com\/index.php\/wp-json\/wp\/v2\/posts\/47536","targetHints":{"allow":["GET"]}}],"collection":[{"href":"https:\/\/www.gaveanews.com\/index.php\/wp-json\/wp\/v2\/posts"}],"about":[{"href":"https:\/\/www.gaveanews.com\/index.php\/wp-json\/wp\/v2\/types\/post"}],"author":[{"embeddable":true,"href":"https:\/\/www.gaveanews.com\/index.php\/wp-json\/wp\/v2\/users\/2"}],"replies":[{"embeddable":true,"href":"https:\/\/www.gaveanews.com\/index.php\/wp-json\/wp\/v2\/comments?post=47536"}],"version-history":[{"count":0,"href":"https:\/\/www.gaveanews.com\/index.php\/wp-json\/wp\/v2\/posts\/47536\/revisions"}],"wp:featuredmedia":[{"embeddable":true,"href":"https:\/\/www.gaveanews.com\/index.php\/wp-json\/wp\/v2\/media\/31951"}],"wp:attachment":[{"href":"https:\/\/www.gaveanews.com\/index.php\/wp-json\/wp\/v2\/media?parent=47536"}],"wp:term":[{"taxonomy":"category","embeddable":true,"href":"https:\/\/www.gaveanews.com\/index.php\/wp-json\/wp\/v2\/categories?post=47536"},{"taxonomy":"post_tag","embeddable":true,"href":"https:\/\/www.gaveanews.com\/index.php\/wp-json\/wp\/v2\/tags?post=47536"}],"curies":[{"name":"wp","href":"https:\/\/api.w.org\/{rel}","templated":true}]}}