{"id":47557,"date":"2020-09-17T15:22:06","date_gmt":"2020-09-17T18:22:06","guid":{"rendered":"https:\/\/www.gaveanews.com\/?p=47557"},"modified":"2020-09-17T15:22:10","modified_gmt":"2020-09-17T18:22:10","slug":"apos-reclamacoes-maracana-inicia-troca-do-gramado","status":"publish","type":"post","link":"https:\/\/www.gaveanews.com\/index.php\/2020\/09\/17\/apos-reclamacoes-maracana-inicia-troca-do-gramado\/","title":{"rendered":"Ap\u00f3s reclama\u00e7\u00f5es, Maracan\u00e3 inicia troca do gramado"},"content":{"rendered":"\n<p>Assim que o \u00e1rbitro encerrou o jogo Fluminense 1 x 0 Atl\u00e9tico-GO na noite desta quarta-feira, pelo duelo de ida da quarta fase da Copa do Brasil, o Maracan\u00e3 &#8220;entrou em reforma&#8221;. Sa\u00edram de campo os jogadores, entraram os funcion\u00e1rios da &#8220;Greenleaf&#8221;, empresa contratada pela gest\u00e3o conjunta de Flamengo e Fluminense para a manuten\u00e7\u00e3o. O gramado come\u00e7ou a ser trocado nas primeiras horas da madrugada desta quinta, enquanto o est\u00e1dio vai tirar &#8220;folga&#8221; das partidas pelos pr\u00f3ximos 11 dias.<\/p>\n\n\n\n<p>O campo do Maracan\u00e3 vinha sendo alvo de cr\u00edticas nas \u00faltimas semanas, principalmente pelo lado do Flamengo, que exp\u00f4s a insatisfa\u00e7\u00e3o publicamente. Diego e Marcos Braz, vice-presidente de futebol rubro-negro, n\u00e3o pouparam reclama\u00e7\u00f5es logo ap\u00f3s a vit\u00f3ria por 2 a 1 sobre o Fortaleza no in\u00edcio do m\u00eas. O meia avaliou o estado como &#8220;terr\u00edvel&#8221;, e o dirigente classificou como &#8220;pior gramado do Brasil&#8221;. No Fluminense n\u00e3o houve queixas p\u00fablicas, mas internamente tamb\u00e9m h\u00e1 insatisfa\u00e7\u00e3o.<\/p>\n\n\n\n<p>O Maracan\u00e3 passou por um procedimento parecido durante o per\u00edodo sem jogos no in\u00edcio da pandemia do novo coronav\u00edrus no Brasil. Na \u00e9poca, foi trocada s\u00f3 a grama do setor Norte, onde a ilumina\u00e7\u00e3o natural n\u00e3o \u00e9 a adequada de mar\u00e7o a setembro. O jornal &#8220;O Globo&#8221; chegou a revelar um debate dos administradores sobre repetir o m\u00e9todo no setor Sul, mas a postura mais radical, atingindo a maioria do campo, foi vista internamente como a \u00fanica vi\u00e1vel at\u00e9 o fim da temporada.<\/p>\n\n\n\n<p>Recentemente, em declara\u00e7\u00f5es ao canal &#8220;Paparazzo Rubro-Negro&#8221;, o presidente rubro-negro, Rodolfo Landim, condicionou o gramado ruim ao n\u00famero de jogos no local. Ap\u00f3s a reforma do campo, o est\u00e1dio reabrir\u00e1 no dia 28 de setembro com o Fluminense, que vai receber o Coritiba \u00e0s 20h (de Bras\u00edlia), pelo Campeonato Brasileiro. Por sua vez, o Flamengo retorna ao palco no dia 30, \u00e0s 21h30, contra o Independiente del Valle, do Equador, pela fase de grupos da Libertadores.<\/p>\n\n\n\n<p>Retirado de: Globo Esporte<\/p>\n","protected":false},"excerpt":{"rendered":"<p>Assim que o \u00e1rbitro encerrou o jogo Fluminense 1 x 0 Atl\u00e9tico-GO na noite desta quarta-feira, pelo duelo de ida da quarta fase da Copa do Brasil, o Maracan\u00e3 &#8220;entrou em reforma&#8221;. Sa\u00edram de campo os jogadores, entraram os funcion\u00e1rios da &#8220;Greenleaf&#8221;, empresa contratada pela gest\u00e3o conjunta de Flamengo e Fluminense para a manuten\u00e7\u00e3o. O [&hellip;]<\/p>\n","protected":false},"author":1,"featured_media":15081,"comment_status":"open","ping_status":"closed","sticky":false,"template":"","format":"standard","meta":{"footnotes":""},"categories":[47],"tags":[],"class_list":["post-47557","post","type-post","status-publish","format-standard","has-post-thumbnail","hentry","category-destaques"],"yoast_head":"<!-- This site is optimized with the Yoast SEO Premium plugin v24.2 (Yoast SEO v26.9) - https:\/\/yoast.com\/product\/yoast-seo-premium-wordpress\/ -->\n<title>Ap\u00f3s reclama\u00e7\u00f5es, Maracan\u00e3 inicia troca do gramado<\/title>\n<meta name=\"description\" content=\"O campo do Maracan\u00e3 vinha sendo alvo de cr\u00edticas nas \u00faltimas semanas, principalmente pelo lado do Flamengo.\" \/>\n<meta name=\"robots\" content=\"index, follow, max-snippet:-1, max-image-preview:large, max-video-preview:-1\" \/>\n<link rel=\"canonical\" href=\"https:\/\/www.gaveanews.com\/index.php\/2020\/09\/17\/apos-reclamacoes-maracana-inicia-troca-do-gramado\/\" \/>\n<meta property=\"og:locale\" content=\"pt_BR\" \/>\n<meta property=\"og:type\" content=\"article\" \/>\n<meta property=\"og:title\" content=\"Ap\u00f3s reclama\u00e7\u00f5es, Maracan\u00e3 inicia troca do gramado\" \/>\n<meta property=\"og:description\" content=\"O campo do Maracan\u00e3 vinha sendo alvo de cr\u00edticas nas \u00faltimas semanas, principalmente pelo lado do Flamengo.\" \/>\n<meta property=\"og:url\" content=\"https:\/\/www.gaveanews.com\/index.php\/2020\/09\/17\/apos-reclamacoes-maracana-inicia-troca-do-gramado\/\" \/>\n<meta property=\"og:site_name\" content=\"G\u00e1vea News\" \/>\n<meta property=\"article:publisher\" content=\"https:\/\/facebook.com\/gaveaNews\/\" \/>\n<meta property=\"article:published_time\" content=\"2020-09-17T18:22:06+00:00\" \/>\n<meta property=\"article:modified_time\" content=\"2020-09-17T18:22:10+00:00\" \/>\n<meta property=\"og:image\" content=\"https:\/\/www.gaveanews.com\/wp-content\/uploads\/2019\/03\/Escudo-do-Flamengo-e-exposto-proximo-a-um-dos-gols-no-gramado-do-Maracana.webp\" \/>\n\t<meta property=\"og:image:width\" content=\"1\" \/>\n\t<meta property=\"og:image:height\" content=\"1\" \/>\n\t<meta property=\"og:image:type\" content=\"image\/jpeg\" \/>\n<meta name=\"author\" content=\"Equipe G\u00e1vea News\" \/>\n<meta name=\"twitter:card\" content=\"summary_large_image\" \/>\n<meta name=\"twitter:label1\" content=\"Escrito por\" \/>\n\t<meta name=\"twitter:data1\" content=\"Equipe G\u00e1vea News\" \/>\n\t<meta name=\"twitter:label2\" content=\"Est. tempo de leitura\" \/>\n\t<meta name=\"twitter:data2\" content=\"2 minutos\" \/>\n<script type=\"application\/ld+json\" class=\"yoast-schema-graph\">{\"@context\":\"https:\/\/schema.org\",\"@graph\":[{\"@type\":\"NewsArticle\",\"@id\":\"https:\/\/www.gaveanews.com\/index.php\/2020\/09\/17\/apos-reclamacoes-maracana-inicia-troca-do-gramado\/#article\",\"isPartOf\":{\"@id\":\"https:\/\/www.gaveanews.com\/index.php\/2020\/09\/17\/apos-reclamacoes-maracana-inicia-troca-do-gramado\/\"},\"author\":{\"name\":\"Equipe G\u00e1vea News\",\"@id\":\"https:\/\/www.gaveanews.com\/#\/schema\/person\/2ec14f73fb96be2caf28f91afb14749d\"},\"headline\":\"Ap\u00f3s reclama\u00e7\u00f5es, Maracan\u00e3 inicia troca do gramado\",\"datePublished\":\"2020-09-17T18:22:06+00:00\",\"dateModified\":\"2020-09-17T18:22:10+00:00\",\"mainEntityOfPage\":{\"@id\":\"https:\/\/www.gaveanews.com\/index.php\/2020\/09\/17\/apos-reclamacoes-maracana-inicia-troca-do-gramado\/\"},\"wordCount\":353,\"commentCount\":1,\"image\":{\"@id\":\"https:\/\/www.gaveanews.com\/index.php\/2020\/09\/17\/apos-reclamacoes-maracana-inicia-troca-do-gramado\/#primaryimage\"},\"thumbnailUrl\":\"https:\/\/www.gaveanews.com\/wp-content\/uploads\/2019\/03\/Escudo-do-Flamengo-e-exposto-proximo-a-um-dos-gols-no-gramado-do-Maracana.webp\",\"articleSection\":[\"Destaques\"],\"inLanguage\":\"pt-BR\",\"potentialAction\":[{\"@type\":\"CommentAction\",\"name\":\"Comment\",\"target\":[\"https:\/\/www.gaveanews.com\/index.php\/2020\/09\/17\/apos-reclamacoes-maracana-inicia-troca-do-gramado\/#respond\"]}],\"copyrightYear\":\"2020\",\"copyrightHolder\":{\"@id\":\"https:\/\/www.gaveanews.com\/#organization\"}},{\"@type\":\"WebPage\",\"@id\":\"https:\/\/www.gaveanews.com\/index.php\/2020\/09\/17\/apos-reclamacoes-maracana-inicia-troca-do-gramado\/\",\"url\":\"https:\/\/www.gaveanews.com\/index.php\/2020\/09\/17\/apos-reclamacoes-maracana-inicia-troca-do-gramado\/\",\"name\":\"Ap\u00f3s reclama\u00e7\u00f5es, Maracan\u00e3 inicia troca do gramado\",\"isPartOf\":{\"@id\":\"https:\/\/www.gaveanews.com\/#website\"},\"primaryImageOfPage\":{\"@id\":\"https:\/\/www.gaveanews.com\/index.php\/2020\/09\/17\/apos-reclamacoes-maracana-inicia-troca-do-gramado\/#primaryimage\"},\"image\":{\"@id\":\"https:\/\/www.gaveanews.com\/index.php\/2020\/09\/17\/apos-reclamacoes-maracana-inicia-troca-do-gramado\/#primaryimage\"},\"thumbnailUrl\":\"https:\/\/www.gaveanews.com\/wp-content\/uploads\/2019\/03\/Escudo-do-Flamengo-e-exposto-proximo-a-um-dos-gols-no-gramado-do-Maracana.webp\",\"datePublished\":\"2020-09-17T18:22:06+00:00\",\"dateModified\":\"2020-09-17T18:22:10+00:00\",\"author\":{\"@id\":\"https:\/\/www.gaveanews.com\/#\/schema\/person\/2ec14f73fb96be2caf28f91afb14749d\"},\"description\":\"O campo do Maracan\u00e3 vinha sendo alvo de cr\u00edticas nas \u00faltimas semanas, principalmente pelo lado do Flamengo.\",\"breadcrumb\":{\"@id\":\"https:\/\/www.gaveanews.com\/index.php\/2020\/09\/17\/apos-reclamacoes-maracana-inicia-troca-do-gramado\/#breadcrumb\"},\"inLanguage\":\"pt-BR\",\"potentialAction\":[{\"@type\":\"ReadAction\",\"target\":[\"https:\/\/www.gaveanews.com\/index.php\/2020\/09\/17\/apos-reclamacoes-maracana-inicia-troca-do-gramado\/\"]}]},{\"@type\":\"ImageObject\",\"inLanguage\":\"pt-BR\",\"@id\":\"https:\/\/www.gaveanews.com\/index.php\/2020\/09\/17\/apos-reclamacoes-maracana-inicia-troca-do-gramado\/#primaryimage\",\"url\":\"https:\/\/www.gaveanews.com\/wp-content\/uploads\/2019\/03\/Escudo-do-Flamengo-e-exposto-proximo-a-um-dos-gols-no-gramado-do-Maracana.webp\",\"contentUrl\":\"https:\/\/www.gaveanews.com\/wp-content\/uploads\/2019\/03\/Escudo-do-Flamengo-e-exposto-proximo-a-um-dos-gols-no-gramado-do-Maracana.webp\",\"caption\":\"Escudo do Flamengo \u00e9 exposto pr\u00f3ximo a um dos gols, no gramado do Maracan\u00e3 (Foto: Daniel Castelo Branco)\"},{\"@type\":\"BreadcrumbList\",\"@id\":\"https:\/\/www.gaveanews.com\/index.php\/2020\/09\/17\/apos-reclamacoes-maracana-inicia-troca-do-gramado\/#breadcrumb\",\"itemListElement\":[{\"@type\":\"ListItem\",\"position\":1,\"name\":\"Home\",\"item\":\"https:\/\/www.gaveanews.com\/\"},{\"@type\":\"ListItem\",\"position\":2,\"name\":\"Ap\u00f3s reclama\u00e7\u00f5es, Maracan\u00e3 inicia troca do gramado\"}]},{\"@type\":\"WebSite\",\"@id\":\"https:\/\/www.gaveanews.com\/#website\",\"url\":\"https:\/\/www.gaveanews.com\/\",\"name\":\"G\u00e1vea News\",\"description\":\"Veja todas as not\u00edcias sobre o Flamengo: Contrata\u00e7\u00f5es, categorias de base, resultados das partidas, tabela de classifica\u00e7\u00e3o, pr\u00f3ximos jogos!\",\"potentialAction\":[{\"@type\":\"SearchAction\",\"target\":{\"@type\":\"EntryPoint\",\"urlTemplate\":\"https:\/\/www.gaveanews.com\/?s={search_term_string}\"},\"query-input\":{\"@type\":\"PropertyValueSpecification\",\"valueRequired\":true,\"valueName\":\"search_term_string\"}}],\"inLanguage\":\"pt-BR\"},{\"@type\":\"Person\",\"@id\":\"https:\/\/www.gaveanews.com\/#\/schema\/person\/2ec14f73fb96be2caf28f91afb14749d\",\"name\":\"Equipe G\u00e1vea News\",\"image\":{\"@type\":\"ImageObject\",\"inLanguage\":\"pt-BR\",\"@id\":\"https:\/\/www.gaveanews.com\/#\/schema\/person\/image\/\",\"url\":\"https:\/\/secure.gravatar.com\/avatar\/1e1956f1facbffd3f8fa53a326721950116b3b9dc9bd44939c01180fd4a745a9?s=96&d=mm&r=g\",\"contentUrl\":\"https:\/\/secure.gravatar.com\/avatar\/1e1956f1facbffd3f8fa53a326721950116b3b9dc9bd44939c01180fd4a745a9?s=96&d=mm&r=g\",\"caption\":\"Equipe G\u00e1vea News\"}}]}<\/script>\n<!-- \/ Yoast SEO Premium plugin. -->","yoast_head_json":{"title":"Ap\u00f3s reclama\u00e7\u00f5es, Maracan\u00e3 inicia troca do gramado","description":"O campo do Maracan\u00e3 vinha sendo alvo de cr\u00edticas nas \u00faltimas semanas, principalmente pelo lado do Flamengo.","robots":{"index":"index","follow":"follow","max-snippet":"max-snippet:-1","max-image-preview":"max-image-preview:large","max-video-preview":"max-video-preview:-1"},"canonical":"https:\/\/www.gaveanews.com\/index.php\/2020\/09\/17\/apos-reclamacoes-maracana-inicia-troca-do-gramado\/","og_locale":"pt_BR","og_type":"article","og_title":"Ap\u00f3s reclama\u00e7\u00f5es, Maracan\u00e3 inicia troca do gramado","og_description":"O campo do Maracan\u00e3 vinha sendo alvo de cr\u00edticas nas \u00faltimas semanas, principalmente pelo lado do Flamengo.","og_url":"https:\/\/www.gaveanews.com\/index.php\/2020\/09\/17\/apos-reclamacoes-maracana-inicia-troca-do-gramado\/","og_site_name":"G\u00e1vea News","article_publisher":"https:\/\/facebook.com\/gaveaNews\/","article_published_time":"2020-09-17T18:22:06+00:00","article_modified_time":"2020-09-17T18:22:10+00:00","og_image":[{"url":"https:\/\/www.gaveanews.com\/wp-content\/uploads\/2019\/03\/Escudo-do-Flamengo-e-exposto-proximo-a-um-dos-gols-no-gramado-do-Maracana.webp","width":1,"height":1,"type":"image\/jpeg"}],"author":"Equipe G\u00e1vea News","twitter_card":"summary_large_image","twitter_misc":{"Escrito por":"Equipe G\u00e1vea News","Est. tempo de leitura":"2 minutos"},"schema":{"@context":"https:\/\/schema.org","@graph":[{"@type":"NewsArticle","@id":"https:\/\/www.gaveanews.com\/index.php\/2020\/09\/17\/apos-reclamacoes-maracana-inicia-troca-do-gramado\/#article","isPartOf":{"@id":"https:\/\/www.gaveanews.com\/index.php\/2020\/09\/17\/apos-reclamacoes-maracana-inicia-troca-do-gramado\/"},"author":{"name":"Equipe G\u00e1vea News","@id":"https:\/\/www.gaveanews.com\/#\/schema\/person\/2ec14f73fb96be2caf28f91afb14749d"},"headline":"Ap\u00f3s reclama\u00e7\u00f5es, Maracan\u00e3 inicia troca do gramado","datePublished":"2020-09-17T18:22:06+00:00","dateModified":"2020-09-17T18:22:10+00:00","mainEntityOfPage":{"@id":"https:\/\/www.gaveanews.com\/index.php\/2020\/09\/17\/apos-reclamacoes-maracana-inicia-troca-do-gramado\/"},"wordCount":353,"commentCount":1,"image":{"@id":"https:\/\/www.gaveanews.com\/index.php\/2020\/09\/17\/apos-reclamacoes-maracana-inicia-troca-do-gramado\/#primaryimage"},"thumbnailUrl":"https:\/\/www.gaveanews.com\/wp-content\/uploads\/2019\/03\/Escudo-do-Flamengo-e-exposto-proximo-a-um-dos-gols-no-gramado-do-Maracana.webp","articleSection":["Destaques"],"inLanguage":"pt-BR","potentialAction":[{"@type":"CommentAction","name":"Comment","target":["https:\/\/www.gaveanews.com\/index.php\/2020\/09\/17\/apos-reclamacoes-maracana-inicia-troca-do-gramado\/#respond"]}],"copyrightYear":"2020","copyrightHolder":{"@id":"https:\/\/www.gaveanews.com\/#organization"}},{"@type":"WebPage","@id":"https:\/\/www.gaveanews.com\/index.php\/2020\/09\/17\/apos-reclamacoes-maracana-inicia-troca-do-gramado\/","url":"https:\/\/www.gaveanews.com\/index.php\/2020\/09\/17\/apos-reclamacoes-maracana-inicia-troca-do-gramado\/","name":"Ap\u00f3s reclama\u00e7\u00f5es, Maracan\u00e3 inicia troca do gramado","isPartOf":{"@id":"https:\/\/www.gaveanews.com\/#website"},"primaryImageOfPage":{"@id":"https:\/\/www.gaveanews.com\/index.php\/2020\/09\/17\/apos-reclamacoes-maracana-inicia-troca-do-gramado\/#primaryimage"},"image":{"@id":"https:\/\/www.gaveanews.com\/index.php\/2020\/09\/17\/apos-reclamacoes-maracana-inicia-troca-do-gramado\/#primaryimage"},"thumbnailUrl":"https:\/\/www.gaveanews.com\/wp-content\/uploads\/2019\/03\/Escudo-do-Flamengo-e-exposto-proximo-a-um-dos-gols-no-gramado-do-Maracana.webp","datePublished":"2020-09-17T18:22:06+00:00","dateModified":"2020-09-17T18:22:10+00:00","author":{"@id":"https:\/\/www.gaveanews.com\/#\/schema\/person\/2ec14f73fb96be2caf28f91afb14749d"},"description":"O campo do Maracan\u00e3 vinha sendo alvo de cr\u00edticas nas \u00faltimas semanas, principalmente pelo lado do Flamengo.","breadcrumb":{"@id":"https:\/\/www.gaveanews.com\/index.php\/2020\/09\/17\/apos-reclamacoes-maracana-inicia-troca-do-gramado\/#breadcrumb"},"inLanguage":"pt-BR","potentialAction":[{"@type":"ReadAction","target":["https:\/\/www.gaveanews.com\/index.php\/2020\/09\/17\/apos-reclamacoes-maracana-inicia-troca-do-gramado\/"]}]},{"@type":"ImageObject","inLanguage":"pt-BR","@id":"https:\/\/www.gaveanews.com\/index.php\/2020\/09\/17\/apos-reclamacoes-maracana-inicia-troca-do-gramado\/#primaryimage","url":"https:\/\/www.gaveanews.com\/wp-content\/uploads\/2019\/03\/Escudo-do-Flamengo-e-exposto-proximo-a-um-dos-gols-no-gramado-do-Maracana.webp","contentUrl":"https:\/\/www.gaveanews.com\/wp-content\/uploads\/2019\/03\/Escudo-do-Flamengo-e-exposto-proximo-a-um-dos-gols-no-gramado-do-Maracana.webp","caption":"Escudo do Flamengo \u00e9 exposto pr\u00f3ximo a um dos gols, no gramado do Maracan\u00e3 (Foto: Daniel Castelo Branco)"},{"@type":"BreadcrumbList","@id":"https:\/\/www.gaveanews.com\/index.php\/2020\/09\/17\/apos-reclamacoes-maracana-inicia-troca-do-gramado\/#breadcrumb","itemListElement":[{"@type":"ListItem","position":1,"name":"Home","item":"https:\/\/www.gaveanews.com\/"},{"@type":"ListItem","position":2,"name":"Ap\u00f3s reclama\u00e7\u00f5es, Maracan\u00e3 inicia troca do gramado"}]},{"@type":"WebSite","@id":"https:\/\/www.gaveanews.com\/#website","url":"https:\/\/www.gaveanews.com\/","name":"G\u00e1vea News","description":"Veja todas as not\u00edcias sobre o Flamengo: Contrata\u00e7\u00f5es, categorias de base, resultados das partidas, tabela de classifica\u00e7\u00e3o, pr\u00f3ximos jogos!","potentialAction":[{"@type":"SearchAction","target":{"@type":"EntryPoint","urlTemplate":"https:\/\/www.gaveanews.com\/?s={search_term_string}"},"query-input":{"@type":"PropertyValueSpecification","valueRequired":true,"valueName":"search_term_string"}}],"inLanguage":"pt-BR"},{"@type":"Person","@id":"https:\/\/www.gaveanews.com\/#\/schema\/person\/2ec14f73fb96be2caf28f91afb14749d","name":"Equipe G\u00e1vea News","image":{"@type":"ImageObject","inLanguage":"pt-BR","@id":"https:\/\/www.gaveanews.com\/#\/schema\/person\/image\/","url":"https:\/\/secure.gravatar.com\/avatar\/1e1956f1facbffd3f8fa53a326721950116b3b9dc9bd44939c01180fd4a745a9?s=96&d=mm&r=g","contentUrl":"https:\/\/secure.gravatar.com\/avatar\/1e1956f1facbffd3f8fa53a326721950116b3b9dc9bd44939c01180fd4a745a9?s=96&d=mm&r=g","caption":"Equipe G\u00e1vea News"}}]}},"_links":{"self":[{"href":"https:\/\/www.gaveanews.com\/index.php\/wp-json\/wp\/v2\/posts\/47557","targetHints":{"allow":["GET"]}}],"collection":[{"href":"https:\/\/www.gaveanews.com\/index.php\/wp-json\/wp\/v2\/posts"}],"about":[{"href":"https:\/\/www.gaveanews.com\/index.php\/wp-json\/wp\/v2\/types\/post"}],"author":[{"embeddable":true,"href":"https:\/\/www.gaveanews.com\/index.php\/wp-json\/wp\/v2\/users\/1"}],"replies":[{"embeddable":true,"href":"https:\/\/www.gaveanews.com\/index.php\/wp-json\/wp\/v2\/comments?post=47557"}],"version-history":[{"count":0,"href":"https:\/\/www.gaveanews.com\/index.php\/wp-json\/wp\/v2\/posts\/47557\/revisions"}],"wp:featuredmedia":[{"embeddable":true,"href":"https:\/\/www.gaveanews.com\/index.php\/wp-json\/wp\/v2\/media\/15081"}],"wp:attachment":[{"href":"https:\/\/www.gaveanews.com\/index.php\/wp-json\/wp\/v2\/media?parent=47557"}],"wp:term":[{"taxonomy":"category","embeddable":true,"href":"https:\/\/www.gaveanews.com\/index.php\/wp-json\/wp\/v2\/categories?post=47557"},{"taxonomy":"post_tag","embeddable":true,"href":"https:\/\/www.gaveanews.com\/index.php\/wp-json\/wp\/v2\/tags?post=47557"}],"curies":[{"name":"wp","href":"https:\/\/api.w.org\/{rel}","templated":true}]}}