{"id":47561,"date":"2020-09-17T15:33:00","date_gmt":"2020-09-17T18:33:00","guid":{"rendered":"https:\/\/www.gaveanews.com\/?p=47561"},"modified":"2020-09-17T15:33:04","modified_gmt":"2020-09-17T18:33:04","slug":"pedro-pede-flamengo-com-mentalidade-vencedora-para-volta-da-libertadores","status":"publish","type":"post","link":"https:\/\/www.gaveanews.com\/index.php\/2020\/09\/17\/pedro-pede-flamengo-com-mentalidade-vencedora-para-volta-da-libertadores\/","title":{"rendered":"Pedro pede Flamengo com \u201cmentalidade vencedora\u201d para volta da Libertadores"},"content":{"rendered":"\n<p>Ap\u00f3s mais de 6 meses, o Flamengo volta a campo pela Copa Libertadores. Atual campe\u00e3o, o Rubro-Negro encara o Independiente del Valle, time que vem sendo uma das sensa\u00e7\u00f5es do futebol sul-americano nos \u00faltimos anos e que promete dificultar a vida do Meng\u00e3o nesta quinta-feira.<\/p>\n\n\n\n<p>Atacante que marcou um dos gols nos encontros deste ano entre Flamengo e Del Valle, Pedro relembra com carinho as partidas no come\u00e7o da temporada e quer que o Fla tenha uma mentalidade vencedora para buscar uma nova vit\u00f3ria no torneio:<\/p>\n\n\n\n<p>\u201cExpectativa muito boa para esse jogo. Sabemos da dificuldade que \u00e9 enfrentar o Del Valle na altitude. Trabalhamos forte na semana para fazer um grande jogo. Muito bom voltar aqui, que fiz um gol na Recopa. \u00c9 focar nesse jogo. Libertadores tem outro clima, mas entrar com mentalidade vencedora como sempre entramos para ganhar\u201d, disse ao canal oficial do clube, a FlaTV.<\/p>\n\n\n\n<p>O gol marcado por Pedro contra o Del Valle aconteceu no jogo de ida da Recopa Sul-Americana, vencida pelo Fla no jogo da volta no Maracan\u00e3. A ida terminou empatada por 2 a 2 e o jogo de volta teve goleada do Fla por 3 a 0.<\/p>\n\n\n\n<p>Pedro tamb\u00e9m comentou as diferen\u00e7as de se jogar na altitude e garantiu que o time est\u00e1 preparado para as dificuldades de jogar acima do n\u00edvel do mar:<\/p>\n\n\n\n<p>\u201cA velocidade da bola muda muito, fica mais r\u00e1pido. Dificuldade para respirar, mas trabalhamos isso para estarmos fortes mentalmente e fisicamente para a partida.\u201d<\/p>\n\n\n\n<p>O jogo entre Flamengo e Independiente del Valle est\u00e1 marcado para come\u00e7ar \u00e0s 21h30, pelo hor\u00e1rio de Bras\u00edlia.<\/p>\n\n\n\n<p>Retirado de: Hashtag Rubro-Negro<\/p>\n","protected":false},"excerpt":{"rendered":"<p>Ap\u00f3s mais de 6 meses, o Flamengo volta a campo pela Copa Libertadores. Atual campe\u00e3o, o Rubro-Negro encara o Independiente del Valle, time que vem sendo uma das sensa\u00e7\u00f5es do futebol sul-americano nos \u00faltimos anos e que promete dificultar a vida do Meng\u00e3o nesta quinta-feira. Atacante que marcou um dos gols nos encontros deste ano [&hellip;]<\/p>\n","protected":false},"author":1,"featured_media":47562,"comment_status":"open","ping_status":"closed","sticky":false,"template":"","format":"standard","meta":{"footnotes":""},"categories":[47],"tags":[],"class_list":["post-47561","post","type-post","status-publish","format-standard","has-post-thumbnail","hentry","category-destaques"],"yoast_head":"<!-- This site is optimized with the Yoast SEO Premium plugin v24.2 (Yoast SEO v26.9) - https:\/\/yoast.com\/product\/yoast-seo-premium-wordpress\/ -->\n<title>Pedro pede Flamengo com \u201cmentalidade vencedora\u201d na volta da Liberta<\/title>\n<meta name=\"description\" content=\"Atual campe\u00e3o, o Rubro-Negro encara o Independiente del Valle, time que vem sendo uma das sensa\u00e7\u00f5es do futebol sul-americano.\" \/>\n<meta name=\"robots\" content=\"index, follow, max-snippet:-1, max-image-preview:large, max-video-preview:-1\" \/>\n<link rel=\"canonical\" href=\"https:\/\/www.gaveanews.com\/index.php\/2020\/09\/17\/pedro-pede-flamengo-com-mentalidade-vencedora-para-volta-da-libertadores\/\" \/>\n<meta property=\"og:locale\" content=\"pt_BR\" \/>\n<meta property=\"og:type\" content=\"article\" \/>\n<meta property=\"og:title\" content=\"Pedro pede Flamengo com \u201cmentalidade vencedora\u201d para volta da Libertadores\" \/>\n<meta property=\"og:description\" content=\"Atual campe\u00e3o, o Rubro-Negro encara o Independiente del Valle, time que vem sendo uma das sensa\u00e7\u00f5es do futebol sul-americano.\" \/>\n<meta property=\"og:url\" content=\"https:\/\/www.gaveanews.com\/index.php\/2020\/09\/17\/pedro-pede-flamengo-com-mentalidade-vencedora-para-volta-da-libertadores\/\" \/>\n<meta property=\"og:site_name\" content=\"G\u00e1vea News\" \/>\n<meta property=\"article:publisher\" content=\"https:\/\/facebook.com\/gaveaNews\/\" \/>\n<meta property=\"article:published_time\" content=\"2020-09-17T18:33:00+00:00\" \/>\n<meta property=\"article:modified_time\" content=\"2020-09-17T18:33:04+00:00\" \/>\n<meta property=\"og:image\" content=\"https:\/\/www.gaveanews.com\/wp-content\/uploads\/Pedro-em-acao-pelo-Flamengo-na-final-da-Recopa-de-2020-contra-o-Independiente.webp\" \/>\n\t<meta property=\"og:image:width\" content=\"799\" \/>\n\t<meta property=\"og:image:height\" content=\"532\" \/>\n\t<meta property=\"og:image:type\" content=\"image\/jpeg\" \/>\n<meta name=\"author\" content=\"Equipe G\u00e1vea News\" \/>\n<meta name=\"twitter:card\" content=\"summary_large_image\" \/>\n<meta name=\"twitter:label1\" content=\"Escrito por\" \/>\n\t<meta name=\"twitter:data1\" content=\"Equipe G\u00e1vea News\" \/>\n\t<meta name=\"twitter:label2\" content=\"Est. tempo de leitura\" \/>\n\t<meta name=\"twitter:data2\" content=\"1 minuto\" \/>\n<script type=\"application\/ld+json\" class=\"yoast-schema-graph\">{\"@context\":\"https:\/\/schema.org\",\"@graph\":[{\"@type\":\"NewsArticle\",\"@id\":\"https:\/\/www.gaveanews.com\/index.php\/2020\/09\/17\/pedro-pede-flamengo-com-mentalidade-vencedora-para-volta-da-libertadores\/#article\",\"isPartOf\":{\"@id\":\"https:\/\/www.gaveanews.com\/index.php\/2020\/09\/17\/pedro-pede-flamengo-com-mentalidade-vencedora-para-volta-da-libertadores\/\"},\"author\":{\"name\":\"Equipe G\u00e1vea News\",\"@id\":\"https:\/\/www.gaveanews.com\/#\/schema\/person\/2ec14f73fb96be2caf28f91afb14749d\"},\"headline\":\"Pedro pede Flamengo com \u201cmentalidade vencedora\u201d para volta da Libertadores\",\"datePublished\":\"2020-09-17T18:33:00+00:00\",\"dateModified\":\"2020-09-17T18:33:04+00:00\",\"mainEntityOfPage\":{\"@id\":\"https:\/\/www.gaveanews.com\/index.php\/2020\/09\/17\/pedro-pede-flamengo-com-mentalidade-vencedora-para-volta-da-libertadores\/\"},\"wordCount\":284,\"commentCount\":4,\"image\":{\"@id\":\"https:\/\/www.gaveanews.com\/index.php\/2020\/09\/17\/pedro-pede-flamengo-com-mentalidade-vencedora-para-volta-da-libertadores\/#primaryimage\"},\"thumbnailUrl\":\"https:\/\/www.gaveanews.com\/wp-content\/uploads\/Pedro-em-acao-pelo-Flamengo-na-final-da-Recopa-de-2020-contra-o-Independiente.webp\",\"articleSection\":[\"Destaques\"],\"inLanguage\":\"pt-BR\",\"potentialAction\":[{\"@type\":\"CommentAction\",\"name\":\"Comment\",\"target\":[\"https:\/\/www.gaveanews.com\/index.php\/2020\/09\/17\/pedro-pede-flamengo-com-mentalidade-vencedora-para-volta-da-libertadores\/#respond\"]}],\"copyrightYear\":\"2020\",\"copyrightHolder\":{\"@id\":\"https:\/\/www.gaveanews.com\/#organization\"}},{\"@type\":\"WebPage\",\"@id\":\"https:\/\/www.gaveanews.com\/index.php\/2020\/09\/17\/pedro-pede-flamengo-com-mentalidade-vencedora-para-volta-da-libertadores\/\",\"url\":\"https:\/\/www.gaveanews.com\/index.php\/2020\/09\/17\/pedro-pede-flamengo-com-mentalidade-vencedora-para-volta-da-libertadores\/\",\"name\":\"Pedro pede Flamengo com \u201cmentalidade vencedora\u201d na volta da Liberta\",\"isPartOf\":{\"@id\":\"https:\/\/www.gaveanews.com\/#website\"},\"primaryImageOfPage\":{\"@id\":\"https:\/\/www.gaveanews.com\/index.php\/2020\/09\/17\/pedro-pede-flamengo-com-mentalidade-vencedora-para-volta-da-libertadores\/#primaryimage\"},\"image\":{\"@id\":\"https:\/\/www.gaveanews.com\/index.php\/2020\/09\/17\/pedro-pede-flamengo-com-mentalidade-vencedora-para-volta-da-libertadores\/#primaryimage\"},\"thumbnailUrl\":\"https:\/\/www.gaveanews.com\/wp-content\/uploads\/Pedro-em-acao-pelo-Flamengo-na-final-da-Recopa-de-2020-contra-o-Independiente.webp\",\"datePublished\":\"2020-09-17T18:33:00+00:00\",\"dateModified\":\"2020-09-17T18:33:04+00:00\",\"author\":{\"@id\":\"https:\/\/www.gaveanews.com\/#\/schema\/person\/2ec14f73fb96be2caf28f91afb14749d\"},\"description\":\"Atual campe\u00e3o, o Rubro-Negro encara o Independiente del Valle, time que vem sendo uma das sensa\u00e7\u00f5es do futebol sul-americano.\",\"breadcrumb\":{\"@id\":\"https:\/\/www.gaveanews.com\/index.php\/2020\/09\/17\/pedro-pede-flamengo-com-mentalidade-vencedora-para-volta-da-libertadores\/#breadcrumb\"},\"inLanguage\":\"pt-BR\",\"potentialAction\":[{\"@type\":\"ReadAction\",\"target\":[\"https:\/\/www.gaveanews.com\/index.php\/2020\/09\/17\/pedro-pede-flamengo-com-mentalidade-vencedora-para-volta-da-libertadores\/\"]}]},{\"@type\":\"ImageObject\",\"inLanguage\":\"pt-BR\",\"@id\":\"https:\/\/www.gaveanews.com\/index.php\/2020\/09\/17\/pedro-pede-flamengo-com-mentalidade-vencedora-para-volta-da-libertadores\/#primaryimage\",\"url\":\"https:\/\/www.gaveanews.com\/wp-content\/uploads\/Pedro-em-acao-pelo-Flamengo-na-final-da-Recopa-de-2020-contra-o-Independiente.webp\",\"contentUrl\":\"https:\/\/www.gaveanews.com\/wp-content\/uploads\/Pedro-em-acao-pelo-Flamengo-na-final-da-Recopa-de-2020-contra-o-Independiente.webp\",\"width\":799,\"height\":532,\"caption\":\"Pedro em a\u00e7\u00e3o pelo Flamengo na final da Recopa de 2020, contra o Independiente (Foto: Alexandre Vidal\/Flamengo)\"},{\"@type\":\"BreadcrumbList\",\"@id\":\"https:\/\/www.gaveanews.com\/index.php\/2020\/09\/17\/pedro-pede-flamengo-com-mentalidade-vencedora-para-volta-da-libertadores\/#breadcrumb\",\"itemListElement\":[{\"@type\":\"ListItem\",\"position\":1,\"name\":\"Home\",\"item\":\"https:\/\/www.gaveanews.com\/\"},{\"@type\":\"ListItem\",\"position\":2,\"name\":\"Pedro pede Flamengo com \u201cmentalidade vencedora\u201d para volta da Libertadores\"}]},{\"@type\":\"WebSite\",\"@id\":\"https:\/\/www.gaveanews.com\/#website\",\"url\":\"https:\/\/www.gaveanews.com\/\",\"name\":\"G\u00e1vea News\",\"description\":\"Veja todas as not\u00edcias sobre o Flamengo: Contrata\u00e7\u00f5es, categorias de base, resultados das partidas, tabela de classifica\u00e7\u00e3o, pr\u00f3ximos jogos!\",\"potentialAction\":[{\"@type\":\"SearchAction\",\"target\":{\"@type\":\"EntryPoint\",\"urlTemplate\":\"https:\/\/www.gaveanews.com\/?s={search_term_string}\"},\"query-input\":{\"@type\":\"PropertyValueSpecification\",\"valueRequired\":true,\"valueName\":\"search_term_string\"}}],\"inLanguage\":\"pt-BR\"},{\"@type\":\"Person\",\"@id\":\"https:\/\/www.gaveanews.com\/#\/schema\/person\/2ec14f73fb96be2caf28f91afb14749d\",\"name\":\"Equipe G\u00e1vea News\",\"image\":{\"@type\":\"ImageObject\",\"inLanguage\":\"pt-BR\",\"@id\":\"https:\/\/www.gaveanews.com\/#\/schema\/person\/image\/\",\"url\":\"https:\/\/secure.gravatar.com\/avatar\/1e1956f1facbffd3f8fa53a326721950116b3b9dc9bd44939c01180fd4a745a9?s=96&d=mm&r=g\",\"contentUrl\":\"https:\/\/secure.gravatar.com\/avatar\/1e1956f1facbffd3f8fa53a326721950116b3b9dc9bd44939c01180fd4a745a9?s=96&d=mm&r=g\",\"caption\":\"Equipe G\u00e1vea News\"}}]}<\/script>\n<!-- \/ Yoast SEO Premium plugin. -->","yoast_head_json":{"title":"Pedro pede Flamengo com \u201cmentalidade vencedora\u201d na volta da Liberta","description":"Atual campe\u00e3o, o Rubro-Negro encara o Independiente del Valle, time que vem sendo uma das sensa\u00e7\u00f5es do futebol sul-americano.","robots":{"index":"index","follow":"follow","max-snippet":"max-snippet:-1","max-image-preview":"max-image-preview:large","max-video-preview":"max-video-preview:-1"},"canonical":"https:\/\/www.gaveanews.com\/index.php\/2020\/09\/17\/pedro-pede-flamengo-com-mentalidade-vencedora-para-volta-da-libertadores\/","og_locale":"pt_BR","og_type":"article","og_title":"Pedro pede Flamengo com \u201cmentalidade vencedora\u201d para volta da Libertadores","og_description":"Atual campe\u00e3o, o Rubro-Negro encara o Independiente del Valle, time que vem sendo uma das sensa\u00e7\u00f5es do futebol sul-americano.","og_url":"https:\/\/www.gaveanews.com\/index.php\/2020\/09\/17\/pedro-pede-flamengo-com-mentalidade-vencedora-para-volta-da-libertadores\/","og_site_name":"G\u00e1vea News","article_publisher":"https:\/\/facebook.com\/gaveaNews\/","article_published_time":"2020-09-17T18:33:00+00:00","article_modified_time":"2020-09-17T18:33:04+00:00","og_image":[{"width":799,"height":532,"url":"https:\/\/www.gaveanews.com\/wp-content\/uploads\/Pedro-em-acao-pelo-Flamengo-na-final-da-Recopa-de-2020-contra-o-Independiente.webp","type":"image\/jpeg"}],"author":"Equipe G\u00e1vea News","twitter_card":"summary_large_image","twitter_misc":{"Escrito por":"Equipe G\u00e1vea News","Est. tempo de leitura":"1 minuto"},"schema":{"@context":"https:\/\/schema.org","@graph":[{"@type":"NewsArticle","@id":"https:\/\/www.gaveanews.com\/index.php\/2020\/09\/17\/pedro-pede-flamengo-com-mentalidade-vencedora-para-volta-da-libertadores\/#article","isPartOf":{"@id":"https:\/\/www.gaveanews.com\/index.php\/2020\/09\/17\/pedro-pede-flamengo-com-mentalidade-vencedora-para-volta-da-libertadores\/"},"author":{"name":"Equipe G\u00e1vea News","@id":"https:\/\/www.gaveanews.com\/#\/schema\/person\/2ec14f73fb96be2caf28f91afb14749d"},"headline":"Pedro pede Flamengo com \u201cmentalidade vencedora\u201d para volta da Libertadores","datePublished":"2020-09-17T18:33:00+00:00","dateModified":"2020-09-17T18:33:04+00:00","mainEntityOfPage":{"@id":"https:\/\/www.gaveanews.com\/index.php\/2020\/09\/17\/pedro-pede-flamengo-com-mentalidade-vencedora-para-volta-da-libertadores\/"},"wordCount":284,"commentCount":4,"image":{"@id":"https:\/\/www.gaveanews.com\/index.php\/2020\/09\/17\/pedro-pede-flamengo-com-mentalidade-vencedora-para-volta-da-libertadores\/#primaryimage"},"thumbnailUrl":"https:\/\/www.gaveanews.com\/wp-content\/uploads\/Pedro-em-acao-pelo-Flamengo-na-final-da-Recopa-de-2020-contra-o-Independiente.webp","articleSection":["Destaques"],"inLanguage":"pt-BR","potentialAction":[{"@type":"CommentAction","name":"Comment","target":["https:\/\/www.gaveanews.com\/index.php\/2020\/09\/17\/pedro-pede-flamengo-com-mentalidade-vencedora-para-volta-da-libertadores\/#respond"]}],"copyrightYear":"2020","copyrightHolder":{"@id":"https:\/\/www.gaveanews.com\/#organization"}},{"@type":"WebPage","@id":"https:\/\/www.gaveanews.com\/index.php\/2020\/09\/17\/pedro-pede-flamengo-com-mentalidade-vencedora-para-volta-da-libertadores\/","url":"https:\/\/www.gaveanews.com\/index.php\/2020\/09\/17\/pedro-pede-flamengo-com-mentalidade-vencedora-para-volta-da-libertadores\/","name":"Pedro pede Flamengo com \u201cmentalidade vencedora\u201d na volta da Liberta","isPartOf":{"@id":"https:\/\/www.gaveanews.com\/#website"},"primaryImageOfPage":{"@id":"https:\/\/www.gaveanews.com\/index.php\/2020\/09\/17\/pedro-pede-flamengo-com-mentalidade-vencedora-para-volta-da-libertadores\/#primaryimage"},"image":{"@id":"https:\/\/www.gaveanews.com\/index.php\/2020\/09\/17\/pedro-pede-flamengo-com-mentalidade-vencedora-para-volta-da-libertadores\/#primaryimage"},"thumbnailUrl":"https:\/\/www.gaveanews.com\/wp-content\/uploads\/Pedro-em-acao-pelo-Flamengo-na-final-da-Recopa-de-2020-contra-o-Independiente.webp","datePublished":"2020-09-17T18:33:00+00:00","dateModified":"2020-09-17T18:33:04+00:00","author":{"@id":"https:\/\/www.gaveanews.com\/#\/schema\/person\/2ec14f73fb96be2caf28f91afb14749d"},"description":"Atual campe\u00e3o, o Rubro-Negro encara o Independiente del Valle, time que vem sendo uma das sensa\u00e7\u00f5es do futebol sul-americano.","breadcrumb":{"@id":"https:\/\/www.gaveanews.com\/index.php\/2020\/09\/17\/pedro-pede-flamengo-com-mentalidade-vencedora-para-volta-da-libertadores\/#breadcrumb"},"inLanguage":"pt-BR","potentialAction":[{"@type":"ReadAction","target":["https:\/\/www.gaveanews.com\/index.php\/2020\/09\/17\/pedro-pede-flamengo-com-mentalidade-vencedora-para-volta-da-libertadores\/"]}]},{"@type":"ImageObject","inLanguage":"pt-BR","@id":"https:\/\/www.gaveanews.com\/index.php\/2020\/09\/17\/pedro-pede-flamengo-com-mentalidade-vencedora-para-volta-da-libertadores\/#primaryimage","url":"https:\/\/www.gaveanews.com\/wp-content\/uploads\/Pedro-em-acao-pelo-Flamengo-na-final-da-Recopa-de-2020-contra-o-Independiente.webp","contentUrl":"https:\/\/www.gaveanews.com\/wp-content\/uploads\/Pedro-em-acao-pelo-Flamengo-na-final-da-Recopa-de-2020-contra-o-Independiente.webp","width":799,"height":532,"caption":"Pedro em a\u00e7\u00e3o pelo Flamengo na final da Recopa de 2020, contra o Independiente (Foto: Alexandre Vidal\/Flamengo)"},{"@type":"BreadcrumbList","@id":"https:\/\/www.gaveanews.com\/index.php\/2020\/09\/17\/pedro-pede-flamengo-com-mentalidade-vencedora-para-volta-da-libertadores\/#breadcrumb","itemListElement":[{"@type":"ListItem","position":1,"name":"Home","item":"https:\/\/www.gaveanews.com\/"},{"@type":"ListItem","position":2,"name":"Pedro pede Flamengo com \u201cmentalidade vencedora\u201d para volta da Libertadores"}]},{"@type":"WebSite","@id":"https:\/\/www.gaveanews.com\/#website","url":"https:\/\/www.gaveanews.com\/","name":"G\u00e1vea News","description":"Veja todas as not\u00edcias sobre o Flamengo: Contrata\u00e7\u00f5es, categorias de base, resultados das partidas, tabela de classifica\u00e7\u00e3o, pr\u00f3ximos jogos!","potentialAction":[{"@type":"SearchAction","target":{"@type":"EntryPoint","urlTemplate":"https:\/\/www.gaveanews.com\/?s={search_term_string}"},"query-input":{"@type":"PropertyValueSpecification","valueRequired":true,"valueName":"search_term_string"}}],"inLanguage":"pt-BR"},{"@type":"Person","@id":"https:\/\/www.gaveanews.com\/#\/schema\/person\/2ec14f73fb96be2caf28f91afb14749d","name":"Equipe G\u00e1vea News","image":{"@type":"ImageObject","inLanguage":"pt-BR","@id":"https:\/\/www.gaveanews.com\/#\/schema\/person\/image\/","url":"https:\/\/secure.gravatar.com\/avatar\/1e1956f1facbffd3f8fa53a326721950116b3b9dc9bd44939c01180fd4a745a9?s=96&d=mm&r=g","contentUrl":"https:\/\/secure.gravatar.com\/avatar\/1e1956f1facbffd3f8fa53a326721950116b3b9dc9bd44939c01180fd4a745a9?s=96&d=mm&r=g","caption":"Equipe G\u00e1vea News"}}]}},"_links":{"self":[{"href":"https:\/\/www.gaveanews.com\/index.php\/wp-json\/wp\/v2\/posts\/47561","targetHints":{"allow":["GET"]}}],"collection":[{"href":"https:\/\/www.gaveanews.com\/index.php\/wp-json\/wp\/v2\/posts"}],"about":[{"href":"https:\/\/www.gaveanews.com\/index.php\/wp-json\/wp\/v2\/types\/post"}],"author":[{"embeddable":true,"href":"https:\/\/www.gaveanews.com\/index.php\/wp-json\/wp\/v2\/users\/1"}],"replies":[{"embeddable":true,"href":"https:\/\/www.gaveanews.com\/index.php\/wp-json\/wp\/v2\/comments?post=47561"}],"version-history":[{"count":0,"href":"https:\/\/www.gaveanews.com\/index.php\/wp-json\/wp\/v2\/posts\/47561\/revisions"}],"wp:featuredmedia":[{"embeddable":true,"href":"https:\/\/www.gaveanews.com\/index.php\/wp-json\/wp\/v2\/media\/47562"}],"wp:attachment":[{"href":"https:\/\/www.gaveanews.com\/index.php\/wp-json\/wp\/v2\/media?parent=47561"}],"wp:term":[{"taxonomy":"category","embeddable":true,"href":"https:\/\/www.gaveanews.com\/index.php\/wp-json\/wp\/v2\/categories?post=47561"},{"taxonomy":"post_tag","embeddable":true,"href":"https:\/\/www.gaveanews.com\/index.php\/wp-json\/wp\/v2\/tags?post=47561"}],"curies":[{"name":"wp","href":"https:\/\/api.w.org\/{rel}","templated":true}]}}