{"id":47571,"date":"2020-09-17T19:42:48","date_gmt":"2020-09-17T22:42:48","guid":{"rendered":"https:\/\/www.gaveanews.com\/?p=47571"},"modified":"2020-09-17T19:42:50","modified_gmt":"2020-09-17T22:42:50","slug":"mae-de-gomes-promessa-do-flamengo-revela-ter-recusado-o-vasco","status":"publish","type":"post","link":"https:\/\/www.gaveanews.com\/index.php\/2020\/09\/17\/mae-de-gomes-promessa-do-flamengo-revela-ter-recusado-o-vasco\/","title":{"rendered":"M\u00e3e de Gomes, promessa do Flamengo, revela ter recusado o Vasco"},"content":{"rendered":"\n<p>Quando saiu a lista de relacionados do Flamengo para os jogos contra Del Valle e Barcelona de Guayaquil, nos dias 17 e 22, respectivamente, pela Libertadores, um nome chamou aten\u00e7\u00e3o: Gomes. At\u00e9 ent\u00e3o desconhecido por muitos, o jovem volante de 19 anos \u00e9 destaque da categoria de base rubro-negra e seguiu o roteiro de um jovem sonhador de favela para conseguir superar as dificuldades e dar alegria \u00e0 fam\u00edlia.<\/p>\n\n\n\n<h2 class=\"wp-block-heading\"><strong>Hist\u00f3ria de Gomes:<\/strong><\/h2>\n\n\n\n<p>\u201cJo\u00e3o saiu da maternidade ouvindo o hino do Flamengo. Meu irm\u00e3o colocou. Somos todos flamenguistas e o Jo\u00e3o tamb\u00e9m. N\u00e3o teve jeito. Saiu rubro-negro j\u00e1\u201d, contou Monique Gomes, m\u00e3e de Jo\u00e3o Gomes.<\/p>\n\n\n\n<p>Com sete anos, deu os primeiros chutes em um projeto de escolinha de futebol no Piscin\u00e3o de Ramos, Zona Norte do Rio de Janeiro. O time deste projeto fez um amistoso contra o Vasco, que viu futuro no jovem e o convidou para ficar em S\u00e3o Janu\u00e1rio.<\/p>\n\n\n\n<p>Por\u00e9m, Jo\u00e3o Gomes n\u00e3o se adaptou e n\u00e3o quis ficar no Vasco. Segundo a m\u00e3e, Monique Gomes, o garoto sempre inventava uma desculpa para n\u00e3o ir para S\u00e3o Janu\u00e1rio.<\/p>\n\n\n\n<p>\u201cTodo dia inventava uma hist\u00f3ria. O Jo\u00e3o n\u00e3o queria ficar no Vasco. N\u00e3o tivemos o que fazer e tiramos ele do Vasco depois de quatro meses\u201d.<\/p>\n\n\n\n<p>Ap\u00f3s deixar o Cruzmaltino, Jo\u00e3o Gomes contou com um empurr\u00e3o do destino para junt\u00e1-lo com o seu clube de cora\u00e7\u00e3o. A fam\u00edlia do garoto sonhador conheceu um ent\u00e3o treinador das categorias de base do Rubro-Negro, chamado Falc\u00e3o.<\/p>\n\n\n\n<p>\u201cUm amigo nosso falou com o Falc\u00e3o e indicou o nome de Jo\u00e3o para fazer um teste. Por um acaso, eu encontrei o Falc\u00e3o na rua da minha casa e ele me perguntou se poderia levar o Jo\u00e3o para um teste. Ele foi, passou no teste em 2009 para o futsal e est\u00e1 no Flamengo at\u00e9 hoje\u201d.<\/p>\n\n\n\n<h2 class=\"wp-block-heading\"><strong>Momentos complicados:<\/strong><\/h2>\n\n\n\n<p>Como acontece no come\u00e7o da carreira com a maioria dos jogadores, Jo\u00e3o Gomes enfrentou dificuldades para conseguir manter a rotina de treinos na G\u00e1vea. Quem fazia o papel de ser o apoiador na rotina dif\u00edcil era o av\u00f4, Seu Mirinho, quem se esfor\u00e7ava diariamente para que o menino sonhador n\u00e3o desistisse do objetivo.<\/p>\n\n\n\n<p>\u201cTivemos dificuldades. Bastante, bastante, bastante. Fico emocionada porque \u00e9 dif\u00edcil ver um garoto como ele, pobre de favela, com tantas dificuldades, e conseguir chegar \u00e0 uma Libertadores por puro m\u00e9rito. \u00c9 para glorificar de p\u00e9 mesmo\u201d, disse Monique emocionada, deixando as l\u00e1grimas ca\u00edrem.<\/p>\n\n\n\n<p>Quando Seu Mirinho teve problemas de sa\u00fade, quem assumiu o comando na rotina de Jo\u00e3o Gomes foi a m\u00e3e, Monique Gomes. Monique, portanto, precisou deixar o emprego para poder ficar em fun\u00e7\u00e3o da rotina do filho.<\/p>\n\n\n\n<p>\u201cSempre foi uma correria. A gente levava marmita para comer nos \u00f4nibus. \u00c0s vezes n\u00e3o dava tempo de comer no \u00f4nibus e comia no ponto de \u00f4nibus da Leolpoldina (Centro do Rio), esperando o \u00f4nibus 460.\u201d<\/p>\n\n\n\n<p>A rotina foi t\u00e3o marcante na vida de Jo\u00e3o Gomes que ele fez quest\u00e3o de registrar na pele. O volante tatuou uma imagem dele, com o av\u00f4 Mirinho, que faleceu recentemente, em um ponto de \u00f4nibus que fez parte da sua vida durante anos de treinamentos na G\u00e1vea. (veja imagem abaixo)<\/p>\n\n\n\n<h2 class=\"wp-block-heading\"><strong>Esfor\u00e7o para vencer: <\/strong><\/h2>\n\n\n\n<p>Jo\u00e3o Gomes n\u00e3o chegou onde queria por acaso. Segundo a m\u00e3e, o garoto sempre teve no\u00e7\u00e3o do esfor\u00e7o que teria que fazer para conseguir se tornar um jogador de futebol. A m\u00e3e relatou que desde a inf\u00e2ncia ele abriu m\u00e3o de divers\u00f5es e lazeres para focar na miss\u00e3o de ser um atleta profissional.<\/p>\n\n\n\n<p>\u201cJo\u00e3o \u00e9 um menino muito esfor\u00e7ado, dedicado. Ele sempre teve na cabe\u00e7a que queria se tornar um jogador de futebol e fez por onde. Abria m\u00e3o de festas, momentos com amigos, momentos que qualquer adolescente tem, mas ele sempre foi focado\u201d, relatou Monique em tom de orgulho.<\/p>\n\n\n\n<h2 class=\"wp-block-heading\"><strong>Gl\u00f3ria  ao lado da fam\u00edlia:<\/strong><\/h2>\n\n\n\n<p>Em 2019, Jo\u00e3o Gomes renovou o seu contrato com o Flamengo (novo v\u00ednculo vai at\u00e9 dezembro de 2022). Como j\u00e1 tinha 18 anos, a presen\u00e7a da fam\u00edlia n\u00e3o era obrigat\u00f3ria na hora da assinatura do novo compromisso, mas o volante fez quest\u00e3o de levar a m\u00e3e e o av\u00f4, personagens importantes na sua hist\u00f3ria de vida.<\/p>\n\n\n\n<p>\u201cEle fez quest\u00e3o de levar a gente. Ele queria compartilhar o momento com a gente\u201d, disse a m\u00e3e.<\/p>\n\n\n\n<h2 class=\"wp-block-heading\"><strong>T\u00edtulos conquistados:<\/strong><\/h2>\n\n\n\n<p>Os principais t\u00edtulos conquistados por Jo\u00e3o Gomes no Flamengo, atuando no futebol de campo, s\u00e3o: Campeonato Brasileiro Sub-20 em 2019, Supercopa Sub-20 em 2019, Campeonato Carioca em 2019 e 2020 e Copa do Brasil Sub-17 em 2018.<\/p>\n\n\n\n<p>Retirado de: O Dia<\/p>\n","protected":false},"excerpt":{"rendered":"<p>Quando saiu a lista de relacionados do Flamengo para os jogos contra Del Valle e Barcelona de Guayaquil, nos dias 17 e 22, respectivamente, pela Libertadores, um nome chamou aten\u00e7\u00e3o: Gomes. At\u00e9 ent\u00e3o desconhecido por muitos, o jovem volante de 19 anos \u00e9 destaque da categoria de base rubro-negra e seguiu o roteiro de um [&hellip;]<\/p>\n","protected":false},"author":1,"featured_media":47499,"comment_status":"open","ping_status":"closed","sticky":false,"template":"","format":"standard","meta":{"footnotes":""},"categories":[1],"tags":[],"class_list":["post-47571","post","type-post","status-publish","format-standard","has-post-thumbnail","hentry","category-flamengo"],"yoast_head":"<!-- This site is optimized with the Yoast SEO Premium plugin v24.2 (Yoast SEO v26.9) - https:\/\/yoast.com\/product\/yoast-seo-premium-wordpress\/ -->\n<title>M\u00e3e de Gomes, promessa do Flamengo, revela ter recusado o Vasco<\/title>\n<meta name=\"description\" content=\"At\u00e9 ent\u00e3o desconhecido por muitos, o jovem volante de 19 anos \u00e9 destaque da categoria de base rubro-negra.\" \/>\n<meta name=\"robots\" content=\"index, follow, max-snippet:-1, max-image-preview:large, max-video-preview:-1\" \/>\n<link rel=\"canonical\" href=\"https:\/\/www.gaveanews.com\/index.php\/2020\/09\/17\/mae-de-gomes-promessa-do-flamengo-revela-ter-recusado-o-vasco\/\" \/>\n<meta property=\"og:locale\" content=\"pt_BR\" \/>\n<meta property=\"og:type\" content=\"article\" \/>\n<meta property=\"og:title\" content=\"M\u00e3e de Gomes, promessa do Flamengo, revela ter recusado o Vasco\" \/>\n<meta property=\"og:description\" content=\"At\u00e9 ent\u00e3o desconhecido por muitos, o jovem volante de 19 anos \u00e9 destaque da categoria de base rubro-negra.\" \/>\n<meta property=\"og:url\" content=\"https:\/\/www.gaveanews.com\/index.php\/2020\/09\/17\/mae-de-gomes-promessa-do-flamengo-revela-ter-recusado-o-vasco\/\" \/>\n<meta property=\"og:site_name\" content=\"G\u00e1vea News\" \/>\n<meta property=\"article:publisher\" content=\"https:\/\/facebook.com\/gaveaNews\/\" \/>\n<meta property=\"article:published_time\" content=\"2020-09-17T22:42:48+00:00\" \/>\n<meta property=\"article:modified_time\" content=\"2020-09-17T22:42:50+00:00\" \/>\n<meta property=\"og:image\" content=\"https:\/\/www.gaveanews.com\/wp-content\/uploads\/Gomes-em-acao-pelo-Flamengo-no-decorrer-de-um-Fla-Flu.webp\" \/>\n\t<meta property=\"og:image:width\" content=\"984\" \/>\n\t<meta property=\"og:image:height\" content=\"655\" \/>\n\t<meta property=\"og:image:type\" content=\"image\/jpeg\" \/>\n<meta name=\"author\" content=\"Equipe G\u00e1vea News\" \/>\n<meta name=\"twitter:card\" content=\"summary_large_image\" \/>\n<meta name=\"twitter:label1\" content=\"Escrito por\" \/>\n\t<meta name=\"twitter:data1\" content=\"Equipe G\u00e1vea News\" \/>\n\t<meta name=\"twitter:label2\" content=\"Est. tempo de leitura\" \/>\n\t<meta name=\"twitter:data2\" content=\"4 minutos\" \/>\n<script type=\"application\/ld+json\" class=\"yoast-schema-graph\">{\"@context\":\"https:\/\/schema.org\",\"@graph\":[{\"@type\":\"NewsArticle\",\"@id\":\"https:\/\/www.gaveanews.com\/index.php\/2020\/09\/17\/mae-de-gomes-promessa-do-flamengo-revela-ter-recusado-o-vasco\/#article\",\"isPartOf\":{\"@id\":\"https:\/\/www.gaveanews.com\/index.php\/2020\/09\/17\/mae-de-gomes-promessa-do-flamengo-revela-ter-recusado-o-vasco\/\"},\"author\":{\"name\":\"Equipe G\u00e1vea News\",\"@id\":\"https:\/\/www.gaveanews.com\/#\/schema\/person\/2ec14f73fb96be2caf28f91afb14749d\"},\"headline\":\"M\u00e3e de Gomes, promessa do Flamengo, revela ter recusado o Vasco\",\"datePublished\":\"2020-09-17T22:42:48+00:00\",\"dateModified\":\"2020-09-17T22:42:50+00:00\",\"mainEntityOfPage\":{\"@id\":\"https:\/\/www.gaveanews.com\/index.php\/2020\/09\/17\/mae-de-gomes-promessa-do-flamengo-revela-ter-recusado-o-vasco\/\"},\"wordCount\":828,\"commentCount\":0,\"image\":{\"@id\":\"https:\/\/www.gaveanews.com\/index.php\/2020\/09\/17\/mae-de-gomes-promessa-do-flamengo-revela-ter-recusado-o-vasco\/#primaryimage\"},\"thumbnailUrl\":\"https:\/\/www.gaveanews.com\/wp-content\/uploads\/Gomes-em-acao-pelo-Flamengo-no-decorrer-de-um-Fla-Flu.webp\",\"articleSection\":[\"Flamengo\"],\"inLanguage\":\"pt-BR\",\"potentialAction\":[{\"@type\":\"CommentAction\",\"name\":\"Comment\",\"target\":[\"https:\/\/www.gaveanews.com\/index.php\/2020\/09\/17\/mae-de-gomes-promessa-do-flamengo-revela-ter-recusado-o-vasco\/#respond\"]}],\"copyrightYear\":\"2020\",\"copyrightHolder\":{\"@id\":\"https:\/\/www.gaveanews.com\/#organization\"}},{\"@type\":\"WebPage\",\"@id\":\"https:\/\/www.gaveanews.com\/index.php\/2020\/09\/17\/mae-de-gomes-promessa-do-flamengo-revela-ter-recusado-o-vasco\/\",\"url\":\"https:\/\/www.gaveanews.com\/index.php\/2020\/09\/17\/mae-de-gomes-promessa-do-flamengo-revela-ter-recusado-o-vasco\/\",\"name\":\"M\u00e3e de Gomes, promessa do Flamengo, revela ter recusado o Vasco\",\"isPartOf\":{\"@id\":\"https:\/\/www.gaveanews.com\/#website\"},\"primaryImageOfPage\":{\"@id\":\"https:\/\/www.gaveanews.com\/index.php\/2020\/09\/17\/mae-de-gomes-promessa-do-flamengo-revela-ter-recusado-o-vasco\/#primaryimage\"},\"image\":{\"@id\":\"https:\/\/www.gaveanews.com\/index.php\/2020\/09\/17\/mae-de-gomes-promessa-do-flamengo-revela-ter-recusado-o-vasco\/#primaryimage\"},\"thumbnailUrl\":\"https:\/\/www.gaveanews.com\/wp-content\/uploads\/Gomes-em-acao-pelo-Flamengo-no-decorrer-de-um-Fla-Flu.webp\",\"datePublished\":\"2020-09-17T22:42:48+00:00\",\"dateModified\":\"2020-09-17T22:42:50+00:00\",\"author\":{\"@id\":\"https:\/\/www.gaveanews.com\/#\/schema\/person\/2ec14f73fb96be2caf28f91afb14749d\"},\"description\":\"At\u00e9 ent\u00e3o desconhecido por muitos, o jovem volante de 19 anos \u00e9 destaque da categoria de base rubro-negra.\",\"breadcrumb\":{\"@id\":\"https:\/\/www.gaveanews.com\/index.php\/2020\/09\/17\/mae-de-gomes-promessa-do-flamengo-revela-ter-recusado-o-vasco\/#breadcrumb\"},\"inLanguage\":\"pt-BR\",\"potentialAction\":[{\"@type\":\"ReadAction\",\"target\":[\"https:\/\/www.gaveanews.com\/index.php\/2020\/09\/17\/mae-de-gomes-promessa-do-flamengo-revela-ter-recusado-o-vasco\/\"]}]},{\"@type\":\"ImageObject\",\"inLanguage\":\"pt-BR\",\"@id\":\"https:\/\/www.gaveanews.com\/index.php\/2020\/09\/17\/mae-de-gomes-promessa-do-flamengo-revela-ter-recusado-o-vasco\/#primaryimage\",\"url\":\"https:\/\/www.gaveanews.com\/wp-content\/uploads\/Gomes-em-acao-pelo-Flamengo-no-decorrer-de-um-Fla-Flu.webp\",\"contentUrl\":\"https:\/\/www.gaveanews.com\/wp-content\/uploads\/Gomes-em-acao-pelo-Flamengo-no-decorrer-de-um-Fla-Flu.webp\",\"width\":984,\"height\":655,\"caption\":\"Gomes em a\u00e7\u00e3o pelo Flamengo no decorrer de um Fla-Flu (Foto: Marcelo Cortes\/Flamengo)\"},{\"@type\":\"BreadcrumbList\",\"@id\":\"https:\/\/www.gaveanews.com\/index.php\/2020\/09\/17\/mae-de-gomes-promessa-do-flamengo-revela-ter-recusado-o-vasco\/#breadcrumb\",\"itemListElement\":[{\"@type\":\"ListItem\",\"position\":1,\"name\":\"Home\",\"item\":\"https:\/\/www.gaveanews.com\/\"},{\"@type\":\"ListItem\",\"position\":2,\"name\":\"M\u00e3e de Gomes, promessa do Flamengo, revela ter recusado o Vasco\"}]},{\"@type\":\"WebSite\",\"@id\":\"https:\/\/www.gaveanews.com\/#website\",\"url\":\"https:\/\/www.gaveanews.com\/\",\"name\":\"G\u00e1vea News\",\"description\":\"Veja todas as not\u00edcias sobre o Flamengo: Contrata\u00e7\u00f5es, categorias de base, resultados das partidas, tabela de classifica\u00e7\u00e3o, pr\u00f3ximos jogos!\",\"potentialAction\":[{\"@type\":\"SearchAction\",\"target\":{\"@type\":\"EntryPoint\",\"urlTemplate\":\"https:\/\/www.gaveanews.com\/?s={search_term_string}\"},\"query-input\":{\"@type\":\"PropertyValueSpecification\",\"valueRequired\":true,\"valueName\":\"search_term_string\"}}],\"inLanguage\":\"pt-BR\"},{\"@type\":\"Person\",\"@id\":\"https:\/\/www.gaveanews.com\/#\/schema\/person\/2ec14f73fb96be2caf28f91afb14749d\",\"name\":\"Equipe G\u00e1vea News\",\"image\":{\"@type\":\"ImageObject\",\"inLanguage\":\"pt-BR\",\"@id\":\"https:\/\/www.gaveanews.com\/#\/schema\/person\/image\/\",\"url\":\"https:\/\/secure.gravatar.com\/avatar\/1e1956f1facbffd3f8fa53a326721950116b3b9dc9bd44939c01180fd4a745a9?s=96&d=mm&r=g\",\"contentUrl\":\"https:\/\/secure.gravatar.com\/avatar\/1e1956f1facbffd3f8fa53a326721950116b3b9dc9bd44939c01180fd4a745a9?s=96&d=mm&r=g\",\"caption\":\"Equipe G\u00e1vea News\"}}]}<\/script>\n<!-- \/ Yoast SEO Premium plugin. -->","yoast_head_json":{"title":"M\u00e3e de Gomes, promessa do Flamengo, revela ter recusado o Vasco","description":"At\u00e9 ent\u00e3o desconhecido por muitos, o jovem volante de 19 anos \u00e9 destaque da categoria de base rubro-negra.","robots":{"index":"index","follow":"follow","max-snippet":"max-snippet:-1","max-image-preview":"max-image-preview:large","max-video-preview":"max-video-preview:-1"},"canonical":"https:\/\/www.gaveanews.com\/index.php\/2020\/09\/17\/mae-de-gomes-promessa-do-flamengo-revela-ter-recusado-o-vasco\/","og_locale":"pt_BR","og_type":"article","og_title":"M\u00e3e de Gomes, promessa do Flamengo, revela ter recusado o Vasco","og_description":"At\u00e9 ent\u00e3o desconhecido por muitos, o jovem volante de 19 anos \u00e9 destaque da categoria de base rubro-negra.","og_url":"https:\/\/www.gaveanews.com\/index.php\/2020\/09\/17\/mae-de-gomes-promessa-do-flamengo-revela-ter-recusado-o-vasco\/","og_site_name":"G\u00e1vea News","article_publisher":"https:\/\/facebook.com\/gaveaNews\/","article_published_time":"2020-09-17T22:42:48+00:00","article_modified_time":"2020-09-17T22:42:50+00:00","og_image":[{"width":984,"height":655,"url":"https:\/\/www.gaveanews.com\/wp-content\/uploads\/Gomes-em-acao-pelo-Flamengo-no-decorrer-de-um-Fla-Flu.webp","type":"image\/jpeg"}],"author":"Equipe G\u00e1vea News","twitter_card":"summary_large_image","twitter_misc":{"Escrito por":"Equipe G\u00e1vea News","Est. tempo de leitura":"4 minutos"},"schema":{"@context":"https:\/\/schema.org","@graph":[{"@type":"NewsArticle","@id":"https:\/\/www.gaveanews.com\/index.php\/2020\/09\/17\/mae-de-gomes-promessa-do-flamengo-revela-ter-recusado-o-vasco\/#article","isPartOf":{"@id":"https:\/\/www.gaveanews.com\/index.php\/2020\/09\/17\/mae-de-gomes-promessa-do-flamengo-revela-ter-recusado-o-vasco\/"},"author":{"name":"Equipe G\u00e1vea News","@id":"https:\/\/www.gaveanews.com\/#\/schema\/person\/2ec14f73fb96be2caf28f91afb14749d"},"headline":"M\u00e3e de Gomes, promessa do Flamengo, revela ter recusado o Vasco","datePublished":"2020-09-17T22:42:48+00:00","dateModified":"2020-09-17T22:42:50+00:00","mainEntityOfPage":{"@id":"https:\/\/www.gaveanews.com\/index.php\/2020\/09\/17\/mae-de-gomes-promessa-do-flamengo-revela-ter-recusado-o-vasco\/"},"wordCount":828,"commentCount":0,"image":{"@id":"https:\/\/www.gaveanews.com\/index.php\/2020\/09\/17\/mae-de-gomes-promessa-do-flamengo-revela-ter-recusado-o-vasco\/#primaryimage"},"thumbnailUrl":"https:\/\/www.gaveanews.com\/wp-content\/uploads\/Gomes-em-acao-pelo-Flamengo-no-decorrer-de-um-Fla-Flu.webp","articleSection":["Flamengo"],"inLanguage":"pt-BR","potentialAction":[{"@type":"CommentAction","name":"Comment","target":["https:\/\/www.gaveanews.com\/index.php\/2020\/09\/17\/mae-de-gomes-promessa-do-flamengo-revela-ter-recusado-o-vasco\/#respond"]}],"copyrightYear":"2020","copyrightHolder":{"@id":"https:\/\/www.gaveanews.com\/#organization"}},{"@type":"WebPage","@id":"https:\/\/www.gaveanews.com\/index.php\/2020\/09\/17\/mae-de-gomes-promessa-do-flamengo-revela-ter-recusado-o-vasco\/","url":"https:\/\/www.gaveanews.com\/index.php\/2020\/09\/17\/mae-de-gomes-promessa-do-flamengo-revela-ter-recusado-o-vasco\/","name":"M\u00e3e de Gomes, promessa do Flamengo, revela ter recusado o Vasco","isPartOf":{"@id":"https:\/\/www.gaveanews.com\/#website"},"primaryImageOfPage":{"@id":"https:\/\/www.gaveanews.com\/index.php\/2020\/09\/17\/mae-de-gomes-promessa-do-flamengo-revela-ter-recusado-o-vasco\/#primaryimage"},"image":{"@id":"https:\/\/www.gaveanews.com\/index.php\/2020\/09\/17\/mae-de-gomes-promessa-do-flamengo-revela-ter-recusado-o-vasco\/#primaryimage"},"thumbnailUrl":"https:\/\/www.gaveanews.com\/wp-content\/uploads\/Gomes-em-acao-pelo-Flamengo-no-decorrer-de-um-Fla-Flu.webp","datePublished":"2020-09-17T22:42:48+00:00","dateModified":"2020-09-17T22:42:50+00:00","author":{"@id":"https:\/\/www.gaveanews.com\/#\/schema\/person\/2ec14f73fb96be2caf28f91afb14749d"},"description":"At\u00e9 ent\u00e3o desconhecido por muitos, o jovem volante de 19 anos \u00e9 destaque da categoria de base rubro-negra.","breadcrumb":{"@id":"https:\/\/www.gaveanews.com\/index.php\/2020\/09\/17\/mae-de-gomes-promessa-do-flamengo-revela-ter-recusado-o-vasco\/#breadcrumb"},"inLanguage":"pt-BR","potentialAction":[{"@type":"ReadAction","target":["https:\/\/www.gaveanews.com\/index.php\/2020\/09\/17\/mae-de-gomes-promessa-do-flamengo-revela-ter-recusado-o-vasco\/"]}]},{"@type":"ImageObject","inLanguage":"pt-BR","@id":"https:\/\/www.gaveanews.com\/index.php\/2020\/09\/17\/mae-de-gomes-promessa-do-flamengo-revela-ter-recusado-o-vasco\/#primaryimage","url":"https:\/\/www.gaveanews.com\/wp-content\/uploads\/Gomes-em-acao-pelo-Flamengo-no-decorrer-de-um-Fla-Flu.webp","contentUrl":"https:\/\/www.gaveanews.com\/wp-content\/uploads\/Gomes-em-acao-pelo-Flamengo-no-decorrer-de-um-Fla-Flu.webp","width":984,"height":655,"caption":"Gomes em a\u00e7\u00e3o pelo Flamengo no decorrer de um Fla-Flu (Foto: Marcelo Cortes\/Flamengo)"},{"@type":"BreadcrumbList","@id":"https:\/\/www.gaveanews.com\/index.php\/2020\/09\/17\/mae-de-gomes-promessa-do-flamengo-revela-ter-recusado-o-vasco\/#breadcrumb","itemListElement":[{"@type":"ListItem","position":1,"name":"Home","item":"https:\/\/www.gaveanews.com\/"},{"@type":"ListItem","position":2,"name":"M\u00e3e de Gomes, promessa do Flamengo, revela ter recusado o Vasco"}]},{"@type":"WebSite","@id":"https:\/\/www.gaveanews.com\/#website","url":"https:\/\/www.gaveanews.com\/","name":"G\u00e1vea News","description":"Veja todas as not\u00edcias sobre o Flamengo: Contrata\u00e7\u00f5es, categorias de base, resultados das partidas, tabela de classifica\u00e7\u00e3o, pr\u00f3ximos jogos!","potentialAction":[{"@type":"SearchAction","target":{"@type":"EntryPoint","urlTemplate":"https:\/\/www.gaveanews.com\/?s={search_term_string}"},"query-input":{"@type":"PropertyValueSpecification","valueRequired":true,"valueName":"search_term_string"}}],"inLanguage":"pt-BR"},{"@type":"Person","@id":"https:\/\/www.gaveanews.com\/#\/schema\/person\/2ec14f73fb96be2caf28f91afb14749d","name":"Equipe G\u00e1vea News","image":{"@type":"ImageObject","inLanguage":"pt-BR","@id":"https:\/\/www.gaveanews.com\/#\/schema\/person\/image\/","url":"https:\/\/secure.gravatar.com\/avatar\/1e1956f1facbffd3f8fa53a326721950116b3b9dc9bd44939c01180fd4a745a9?s=96&d=mm&r=g","contentUrl":"https:\/\/secure.gravatar.com\/avatar\/1e1956f1facbffd3f8fa53a326721950116b3b9dc9bd44939c01180fd4a745a9?s=96&d=mm&r=g","caption":"Equipe G\u00e1vea News"}}]}},"_links":{"self":[{"href":"https:\/\/www.gaveanews.com\/index.php\/wp-json\/wp\/v2\/posts\/47571","targetHints":{"allow":["GET"]}}],"collection":[{"href":"https:\/\/www.gaveanews.com\/index.php\/wp-json\/wp\/v2\/posts"}],"about":[{"href":"https:\/\/www.gaveanews.com\/index.php\/wp-json\/wp\/v2\/types\/post"}],"author":[{"embeddable":true,"href":"https:\/\/www.gaveanews.com\/index.php\/wp-json\/wp\/v2\/users\/1"}],"replies":[{"embeddable":true,"href":"https:\/\/www.gaveanews.com\/index.php\/wp-json\/wp\/v2\/comments?post=47571"}],"version-history":[{"count":0,"href":"https:\/\/www.gaveanews.com\/index.php\/wp-json\/wp\/v2\/posts\/47571\/revisions"}],"wp:featuredmedia":[{"embeddable":true,"href":"https:\/\/www.gaveanews.com\/index.php\/wp-json\/wp\/v2\/media\/47499"}],"wp:attachment":[{"href":"https:\/\/www.gaveanews.com\/index.php\/wp-json\/wp\/v2\/media?parent=47571"}],"wp:term":[{"taxonomy":"category","embeddable":true,"href":"https:\/\/www.gaveanews.com\/index.php\/wp-json\/wp\/v2\/categories?post=47571"},{"taxonomy":"post_tag","embeddable":true,"href":"https:\/\/www.gaveanews.com\/index.php\/wp-json\/wp\/v2\/tags?post=47571"}],"curies":[{"name":"wp","href":"https:\/\/api.w.org\/{rel}","templated":true}]}}