{"id":47604,"date":"2020-09-18T01:30:25","date_gmt":"2020-09-18T04:30:25","guid":{"rendered":"https:\/\/www.gaveanews.com\/?p=47604"},"modified":"2020-09-18T00:56:10","modified_gmt":"2020-09-18T03:56:10","slug":"mauricio-isla-rasga-o-verbo-e-fala-sobre-a-goleada-sofrida-pelo-flamengo-uma-vergonha","status":"publish","type":"post","link":"https:\/\/www.gaveanews.com\/index.php\/2020\/09\/18\/mauricio-isla-rasga-o-verbo-e-fala-sobre-a-goleada-sofrida-pelo-flamengo-uma-vergonha\/","title":{"rendered":"Mauricio Isla rasga o verbo e fala sobre a goleada sofrida pelo Flamengo: &#8220;Uma vergonha&#8221;"},"content":{"rendered":"\n<p>A retomada da Libertadores foi da pior maneira poss\u00edvel para o Flamengo. Nesta quinta-feira, o time comandado por Dom\u00e8nec Torrent teve uma atua\u00e7\u00e3o desastrosa e foi goleado por 5 a 0 pelo Independiente del Valle, novo l\u00edder isolado do Grupo A. Para Mauricio Isla, o resultado foi uma vergonha:<\/p>\n\n\n\n<p><em>\u2014 N\u00e3o conseguimos fazer o que quer\u00edamos, propor nosso jogo contra um rival que foi o vencedor jogando muito bem com todas as suas armas. Para n\u00f3s \u00e9 sempre uma vergonha perder por esse resultado. Emocional n\u00e3o acredito (que tenha sido o problema). Os gols foram de fora da \u00e1rea. Aqui a bola vai mais r\u00e1pido. Mas tentamos da melhor maneira. Est\u00e1vamos um pouco cansados porque jogar no Equador \u00e9 dif\u00edcil. Mas n\u00e3o conseguimos fazer o que quer\u00edamos.<\/em><\/p>\n\n\n\n<p>Agora segundo colocado do grupo, o Flamengo segue no Equador, j\u00e1 que na pr\u00f3xima ter\u00e7a-feira enfrenta o Barcelona, em Guayaquil. Ao menos desta vez o fato altitude n\u00e3o ser\u00e1 um problema para os comandados de Dome.<\/p>\n\n\n\n<p>Retirado de: Globo Esporte<\/p>\n","protected":false},"excerpt":{"rendered":"<p>A retomada da Libertadores foi da pior maneira poss\u00edvel para o Flamengo. Nesta quinta-feira, o time comandado por Dom\u00e8nec Torrent teve uma atua\u00e7\u00e3o desastrosa e foi goleado por 5 a 0 pelo Independiente del Valle, novo l\u00edder isolado do Grupo A. Para Mauricio Isla, o resultado foi uma vergonha: \u2014 N\u00e3o conseguimos fazer o que [&hellip;]<\/p>\n","protected":false},"author":1,"featured_media":46522,"comment_status":"open","ping_status":"closed","sticky":false,"template":"","format":"standard","meta":{"footnotes":""},"categories":[1],"tags":[],"class_list":["post-47604","post","type-post","status-publish","format-standard","has-post-thumbnail","hentry","category-flamengo"],"yoast_head":"<!-- This site is optimized with the Yoast SEO Premium plugin v24.2 (Yoast SEO v26.9) - https:\/\/yoast.com\/product\/yoast-seo-premium-wordpress\/ -->\n<title>Mauricio Isla rasga o verbo e fala sobre a goleada sofrida pelo Flamengo<\/title>\n<meta name=\"description\" content=\"Agora segundo colocado do grupo, o Flamengo segue no Equador, j\u00e1 que na pr\u00f3xima ter\u00e7a-feira enfrenta o Barcelona.\" \/>\n<meta name=\"robots\" content=\"index, follow, max-snippet:-1, max-image-preview:large, max-video-preview:-1\" \/>\n<link rel=\"canonical\" href=\"https:\/\/www.gaveanews.com\/index.php\/2020\/09\/18\/mauricio-isla-rasga-o-verbo-e-fala-sobre-a-goleada-sofrida-pelo-flamengo-uma-vergonha\/\" \/>\n<meta property=\"og:locale\" content=\"pt_BR\" \/>\n<meta property=\"og:type\" content=\"article\" \/>\n<meta property=\"og:title\" content=\"Mauricio Isla rasga o verbo e fala sobre a goleada sofrida pelo Flamengo: &quot;Uma vergonha&quot;\" \/>\n<meta property=\"og:description\" content=\"Agora segundo colocado do grupo, o Flamengo segue no Equador, j\u00e1 que na pr\u00f3xima ter\u00e7a-feira enfrenta o Barcelona.\" \/>\n<meta property=\"og:url\" content=\"https:\/\/www.gaveanews.com\/index.php\/2020\/09\/18\/mauricio-isla-rasga-o-verbo-e-fala-sobre-a-goleada-sofrida-pelo-flamengo-uma-vergonha\/\" \/>\n<meta property=\"og:site_name\" content=\"G\u00e1vea News\" \/>\n<meta property=\"article:publisher\" content=\"https:\/\/facebook.com\/gaveaNews\/\" \/>\n<meta property=\"article:published_time\" content=\"2020-09-18T04:30:25+00:00\" \/>\n<meta property=\"og:image\" content=\"https:\/\/www.gaveanews.com\/wp-content\/uploads\/Isla-em-acao-pelo-Flamengo.webp\" \/>\n\t<meta property=\"og:image:width\" content=\"799\" \/>\n\t<meta property=\"og:image:height\" content=\"532\" \/>\n\t<meta property=\"og:image:type\" content=\"image\/jpeg\" \/>\n<meta name=\"author\" content=\"Equipe G\u00e1vea News\" \/>\n<meta name=\"twitter:card\" content=\"summary_large_image\" \/>\n<meta name=\"twitter:label1\" content=\"Escrito por\" \/>\n\t<meta name=\"twitter:data1\" content=\"Equipe G\u00e1vea News\" \/>\n\t<meta name=\"twitter:label2\" content=\"Est. tempo de leitura\" \/>\n\t<meta name=\"twitter:data2\" content=\"1 minuto\" \/>\n<script type=\"application\/ld+json\" class=\"yoast-schema-graph\">{\"@context\":\"https:\/\/schema.org\",\"@graph\":[{\"@type\":\"NewsArticle\",\"@id\":\"https:\/\/www.gaveanews.com\/index.php\/2020\/09\/18\/mauricio-isla-rasga-o-verbo-e-fala-sobre-a-goleada-sofrida-pelo-flamengo-uma-vergonha\/#article\",\"isPartOf\":{\"@id\":\"https:\/\/www.gaveanews.com\/index.php\/2020\/09\/18\/mauricio-isla-rasga-o-verbo-e-fala-sobre-a-goleada-sofrida-pelo-flamengo-uma-vergonha\/\"},\"author\":{\"name\":\"Equipe G\u00e1vea News\",\"@id\":\"https:\/\/www.gaveanews.com\/#\/schema\/person\/2ec14f73fb96be2caf28f91afb14749d\"},\"headline\":\"Mauricio Isla rasga o verbo e fala sobre a goleada sofrida pelo Flamengo: &#8220;Uma vergonha&#8221;\",\"datePublished\":\"2020-09-18T04:30:25+00:00\",\"mainEntityOfPage\":{\"@id\":\"https:\/\/www.gaveanews.com\/index.php\/2020\/09\/18\/mauricio-isla-rasga-o-verbo-e-fala-sobre-a-goleada-sofrida-pelo-flamengo-uma-vergonha\/\"},\"wordCount\":193,\"commentCount\":38,\"image\":{\"@id\":\"https:\/\/www.gaveanews.com\/index.php\/2020\/09\/18\/mauricio-isla-rasga-o-verbo-e-fala-sobre-a-goleada-sofrida-pelo-flamengo-uma-vergonha\/#primaryimage\"},\"thumbnailUrl\":\"https:\/\/www.gaveanews.com\/wp-content\/uploads\/Isla-em-acao-pelo-Flamengo.webp\",\"articleSection\":[\"Flamengo\"],\"inLanguage\":\"pt-BR\",\"potentialAction\":[{\"@type\":\"CommentAction\",\"name\":\"Comment\",\"target\":[\"https:\/\/www.gaveanews.com\/index.php\/2020\/09\/18\/mauricio-isla-rasga-o-verbo-e-fala-sobre-a-goleada-sofrida-pelo-flamengo-uma-vergonha\/#respond\"]}],\"copyrightYear\":\"2020\",\"copyrightHolder\":{\"@id\":\"https:\/\/www.gaveanews.com\/#organization\"}},{\"@type\":\"WebPage\",\"@id\":\"https:\/\/www.gaveanews.com\/index.php\/2020\/09\/18\/mauricio-isla-rasga-o-verbo-e-fala-sobre-a-goleada-sofrida-pelo-flamengo-uma-vergonha\/\",\"url\":\"https:\/\/www.gaveanews.com\/index.php\/2020\/09\/18\/mauricio-isla-rasga-o-verbo-e-fala-sobre-a-goleada-sofrida-pelo-flamengo-uma-vergonha\/\",\"name\":\"Mauricio Isla rasga o verbo e fala sobre a goleada sofrida pelo Flamengo\",\"isPartOf\":{\"@id\":\"https:\/\/www.gaveanews.com\/#website\"},\"primaryImageOfPage\":{\"@id\":\"https:\/\/www.gaveanews.com\/index.php\/2020\/09\/18\/mauricio-isla-rasga-o-verbo-e-fala-sobre-a-goleada-sofrida-pelo-flamengo-uma-vergonha\/#primaryimage\"},\"image\":{\"@id\":\"https:\/\/www.gaveanews.com\/index.php\/2020\/09\/18\/mauricio-isla-rasga-o-verbo-e-fala-sobre-a-goleada-sofrida-pelo-flamengo-uma-vergonha\/#primaryimage\"},\"thumbnailUrl\":\"https:\/\/www.gaveanews.com\/wp-content\/uploads\/Isla-em-acao-pelo-Flamengo.webp\",\"datePublished\":\"2020-09-18T04:30:25+00:00\",\"author\":{\"@id\":\"https:\/\/www.gaveanews.com\/#\/schema\/person\/2ec14f73fb96be2caf28f91afb14749d\"},\"description\":\"Agora segundo colocado do grupo, o Flamengo segue no Equador, j\u00e1 que na pr\u00f3xima ter\u00e7a-feira enfrenta o Barcelona.\",\"breadcrumb\":{\"@id\":\"https:\/\/www.gaveanews.com\/index.php\/2020\/09\/18\/mauricio-isla-rasga-o-verbo-e-fala-sobre-a-goleada-sofrida-pelo-flamengo-uma-vergonha\/#breadcrumb\"},\"inLanguage\":\"pt-BR\",\"potentialAction\":[{\"@type\":\"ReadAction\",\"target\":[\"https:\/\/www.gaveanews.com\/index.php\/2020\/09\/18\/mauricio-isla-rasga-o-verbo-e-fala-sobre-a-goleada-sofrida-pelo-flamengo-uma-vergonha\/\"]}]},{\"@type\":\"ImageObject\",\"inLanguage\":\"pt-BR\",\"@id\":\"https:\/\/www.gaveanews.com\/index.php\/2020\/09\/18\/mauricio-isla-rasga-o-verbo-e-fala-sobre-a-goleada-sofrida-pelo-flamengo-uma-vergonha\/#primaryimage\",\"url\":\"https:\/\/www.gaveanews.com\/wp-content\/uploads\/Isla-em-acao-pelo-Flamengo.webp\",\"contentUrl\":\"https:\/\/www.gaveanews.com\/wp-content\/uploads\/Isla-em-acao-pelo-Flamengo.webp\",\"width\":799,\"height\":532,\"caption\":\"Isla em a\u00e7\u00e3o pelo Flamengo (Foto: Alexandre Vidal\/Flamengo)\"},{\"@type\":\"BreadcrumbList\",\"@id\":\"https:\/\/www.gaveanews.com\/index.php\/2020\/09\/18\/mauricio-isla-rasga-o-verbo-e-fala-sobre-a-goleada-sofrida-pelo-flamengo-uma-vergonha\/#breadcrumb\",\"itemListElement\":[{\"@type\":\"ListItem\",\"position\":1,\"name\":\"Home\",\"item\":\"https:\/\/www.gaveanews.com\/\"},{\"@type\":\"ListItem\",\"position\":2,\"name\":\"Mauricio Isla rasga o verbo e fala sobre a goleada sofrida pelo Flamengo: &#8220;Uma vergonha&#8221;\"}]},{\"@type\":\"WebSite\",\"@id\":\"https:\/\/www.gaveanews.com\/#website\",\"url\":\"https:\/\/www.gaveanews.com\/\",\"name\":\"G\u00e1vea News\",\"description\":\"Veja todas as not\u00edcias sobre o Flamengo: Contrata\u00e7\u00f5es, categorias de base, resultados das partidas, tabela de classifica\u00e7\u00e3o, pr\u00f3ximos jogos!\",\"potentialAction\":[{\"@type\":\"SearchAction\",\"target\":{\"@type\":\"EntryPoint\",\"urlTemplate\":\"https:\/\/www.gaveanews.com\/?s={search_term_string}\"},\"query-input\":{\"@type\":\"PropertyValueSpecification\",\"valueRequired\":true,\"valueName\":\"search_term_string\"}}],\"inLanguage\":\"pt-BR\"},{\"@type\":\"Person\",\"@id\":\"https:\/\/www.gaveanews.com\/#\/schema\/person\/2ec14f73fb96be2caf28f91afb14749d\",\"name\":\"Equipe G\u00e1vea News\",\"image\":{\"@type\":\"ImageObject\",\"inLanguage\":\"pt-BR\",\"@id\":\"https:\/\/www.gaveanews.com\/#\/schema\/person\/image\/\",\"url\":\"https:\/\/secure.gravatar.com\/avatar\/1e1956f1facbffd3f8fa53a326721950116b3b9dc9bd44939c01180fd4a745a9?s=96&d=mm&r=g\",\"contentUrl\":\"https:\/\/secure.gravatar.com\/avatar\/1e1956f1facbffd3f8fa53a326721950116b3b9dc9bd44939c01180fd4a745a9?s=96&d=mm&r=g\",\"caption\":\"Equipe G\u00e1vea News\"}}]}<\/script>\n<!-- \/ Yoast SEO Premium plugin. -->","yoast_head_json":{"title":"Mauricio Isla rasga o verbo e fala sobre a goleada sofrida pelo Flamengo","description":"Agora segundo colocado do grupo, o Flamengo segue no Equador, j\u00e1 que na pr\u00f3xima ter\u00e7a-feira enfrenta o Barcelona.","robots":{"index":"index","follow":"follow","max-snippet":"max-snippet:-1","max-image-preview":"max-image-preview:large","max-video-preview":"max-video-preview:-1"},"canonical":"https:\/\/www.gaveanews.com\/index.php\/2020\/09\/18\/mauricio-isla-rasga-o-verbo-e-fala-sobre-a-goleada-sofrida-pelo-flamengo-uma-vergonha\/","og_locale":"pt_BR","og_type":"article","og_title":"Mauricio Isla rasga o verbo e fala sobre a goleada sofrida pelo Flamengo: \"Uma vergonha\"","og_description":"Agora segundo colocado do grupo, o Flamengo segue no Equador, j\u00e1 que na pr\u00f3xima ter\u00e7a-feira enfrenta o Barcelona.","og_url":"https:\/\/www.gaveanews.com\/index.php\/2020\/09\/18\/mauricio-isla-rasga-o-verbo-e-fala-sobre-a-goleada-sofrida-pelo-flamengo-uma-vergonha\/","og_site_name":"G\u00e1vea News","article_publisher":"https:\/\/facebook.com\/gaveaNews\/","article_published_time":"2020-09-18T04:30:25+00:00","og_image":[{"width":799,"height":532,"url":"https:\/\/www.gaveanews.com\/wp-content\/uploads\/Isla-em-acao-pelo-Flamengo.webp","type":"image\/jpeg"}],"author":"Equipe G\u00e1vea News","twitter_card":"summary_large_image","twitter_misc":{"Escrito por":"Equipe G\u00e1vea News","Est. tempo de leitura":"1 minuto"},"schema":{"@context":"https:\/\/schema.org","@graph":[{"@type":"NewsArticle","@id":"https:\/\/www.gaveanews.com\/index.php\/2020\/09\/18\/mauricio-isla-rasga-o-verbo-e-fala-sobre-a-goleada-sofrida-pelo-flamengo-uma-vergonha\/#article","isPartOf":{"@id":"https:\/\/www.gaveanews.com\/index.php\/2020\/09\/18\/mauricio-isla-rasga-o-verbo-e-fala-sobre-a-goleada-sofrida-pelo-flamengo-uma-vergonha\/"},"author":{"name":"Equipe G\u00e1vea News","@id":"https:\/\/www.gaveanews.com\/#\/schema\/person\/2ec14f73fb96be2caf28f91afb14749d"},"headline":"Mauricio Isla rasga o verbo e fala sobre a goleada sofrida pelo Flamengo: &#8220;Uma vergonha&#8221;","datePublished":"2020-09-18T04:30:25+00:00","mainEntityOfPage":{"@id":"https:\/\/www.gaveanews.com\/index.php\/2020\/09\/18\/mauricio-isla-rasga-o-verbo-e-fala-sobre-a-goleada-sofrida-pelo-flamengo-uma-vergonha\/"},"wordCount":193,"commentCount":38,"image":{"@id":"https:\/\/www.gaveanews.com\/index.php\/2020\/09\/18\/mauricio-isla-rasga-o-verbo-e-fala-sobre-a-goleada-sofrida-pelo-flamengo-uma-vergonha\/#primaryimage"},"thumbnailUrl":"https:\/\/www.gaveanews.com\/wp-content\/uploads\/Isla-em-acao-pelo-Flamengo.webp","articleSection":["Flamengo"],"inLanguage":"pt-BR","potentialAction":[{"@type":"CommentAction","name":"Comment","target":["https:\/\/www.gaveanews.com\/index.php\/2020\/09\/18\/mauricio-isla-rasga-o-verbo-e-fala-sobre-a-goleada-sofrida-pelo-flamengo-uma-vergonha\/#respond"]}],"copyrightYear":"2020","copyrightHolder":{"@id":"https:\/\/www.gaveanews.com\/#organization"}},{"@type":"WebPage","@id":"https:\/\/www.gaveanews.com\/index.php\/2020\/09\/18\/mauricio-isla-rasga-o-verbo-e-fala-sobre-a-goleada-sofrida-pelo-flamengo-uma-vergonha\/","url":"https:\/\/www.gaveanews.com\/index.php\/2020\/09\/18\/mauricio-isla-rasga-o-verbo-e-fala-sobre-a-goleada-sofrida-pelo-flamengo-uma-vergonha\/","name":"Mauricio Isla rasga o verbo e fala sobre a goleada sofrida pelo Flamengo","isPartOf":{"@id":"https:\/\/www.gaveanews.com\/#website"},"primaryImageOfPage":{"@id":"https:\/\/www.gaveanews.com\/index.php\/2020\/09\/18\/mauricio-isla-rasga-o-verbo-e-fala-sobre-a-goleada-sofrida-pelo-flamengo-uma-vergonha\/#primaryimage"},"image":{"@id":"https:\/\/www.gaveanews.com\/index.php\/2020\/09\/18\/mauricio-isla-rasga-o-verbo-e-fala-sobre-a-goleada-sofrida-pelo-flamengo-uma-vergonha\/#primaryimage"},"thumbnailUrl":"https:\/\/www.gaveanews.com\/wp-content\/uploads\/Isla-em-acao-pelo-Flamengo.webp","datePublished":"2020-09-18T04:30:25+00:00","author":{"@id":"https:\/\/www.gaveanews.com\/#\/schema\/person\/2ec14f73fb96be2caf28f91afb14749d"},"description":"Agora segundo colocado do grupo, o Flamengo segue no Equador, j\u00e1 que na pr\u00f3xima ter\u00e7a-feira enfrenta o Barcelona.","breadcrumb":{"@id":"https:\/\/www.gaveanews.com\/index.php\/2020\/09\/18\/mauricio-isla-rasga-o-verbo-e-fala-sobre-a-goleada-sofrida-pelo-flamengo-uma-vergonha\/#breadcrumb"},"inLanguage":"pt-BR","potentialAction":[{"@type":"ReadAction","target":["https:\/\/www.gaveanews.com\/index.php\/2020\/09\/18\/mauricio-isla-rasga-o-verbo-e-fala-sobre-a-goleada-sofrida-pelo-flamengo-uma-vergonha\/"]}]},{"@type":"ImageObject","inLanguage":"pt-BR","@id":"https:\/\/www.gaveanews.com\/index.php\/2020\/09\/18\/mauricio-isla-rasga-o-verbo-e-fala-sobre-a-goleada-sofrida-pelo-flamengo-uma-vergonha\/#primaryimage","url":"https:\/\/www.gaveanews.com\/wp-content\/uploads\/Isla-em-acao-pelo-Flamengo.webp","contentUrl":"https:\/\/www.gaveanews.com\/wp-content\/uploads\/Isla-em-acao-pelo-Flamengo.webp","width":799,"height":532,"caption":"Isla em a\u00e7\u00e3o pelo Flamengo (Foto: Alexandre Vidal\/Flamengo)"},{"@type":"BreadcrumbList","@id":"https:\/\/www.gaveanews.com\/index.php\/2020\/09\/18\/mauricio-isla-rasga-o-verbo-e-fala-sobre-a-goleada-sofrida-pelo-flamengo-uma-vergonha\/#breadcrumb","itemListElement":[{"@type":"ListItem","position":1,"name":"Home","item":"https:\/\/www.gaveanews.com\/"},{"@type":"ListItem","position":2,"name":"Mauricio Isla rasga o verbo e fala sobre a goleada sofrida pelo Flamengo: &#8220;Uma vergonha&#8221;"}]},{"@type":"WebSite","@id":"https:\/\/www.gaveanews.com\/#website","url":"https:\/\/www.gaveanews.com\/","name":"G\u00e1vea News","description":"Veja todas as not\u00edcias sobre o Flamengo: Contrata\u00e7\u00f5es, categorias de base, resultados das partidas, tabela de classifica\u00e7\u00e3o, pr\u00f3ximos jogos!","potentialAction":[{"@type":"SearchAction","target":{"@type":"EntryPoint","urlTemplate":"https:\/\/www.gaveanews.com\/?s={search_term_string}"},"query-input":{"@type":"PropertyValueSpecification","valueRequired":true,"valueName":"search_term_string"}}],"inLanguage":"pt-BR"},{"@type":"Person","@id":"https:\/\/www.gaveanews.com\/#\/schema\/person\/2ec14f73fb96be2caf28f91afb14749d","name":"Equipe G\u00e1vea News","image":{"@type":"ImageObject","inLanguage":"pt-BR","@id":"https:\/\/www.gaveanews.com\/#\/schema\/person\/image\/","url":"https:\/\/secure.gravatar.com\/avatar\/1e1956f1facbffd3f8fa53a326721950116b3b9dc9bd44939c01180fd4a745a9?s=96&d=mm&r=g","contentUrl":"https:\/\/secure.gravatar.com\/avatar\/1e1956f1facbffd3f8fa53a326721950116b3b9dc9bd44939c01180fd4a745a9?s=96&d=mm&r=g","caption":"Equipe G\u00e1vea News"}}]}},"_links":{"self":[{"href":"https:\/\/www.gaveanews.com\/index.php\/wp-json\/wp\/v2\/posts\/47604","targetHints":{"allow":["GET"]}}],"collection":[{"href":"https:\/\/www.gaveanews.com\/index.php\/wp-json\/wp\/v2\/posts"}],"about":[{"href":"https:\/\/www.gaveanews.com\/index.php\/wp-json\/wp\/v2\/types\/post"}],"author":[{"embeddable":true,"href":"https:\/\/www.gaveanews.com\/index.php\/wp-json\/wp\/v2\/users\/1"}],"replies":[{"embeddable":true,"href":"https:\/\/www.gaveanews.com\/index.php\/wp-json\/wp\/v2\/comments?post=47604"}],"version-history":[{"count":0,"href":"https:\/\/www.gaveanews.com\/index.php\/wp-json\/wp\/v2\/posts\/47604\/revisions"}],"wp:featuredmedia":[{"embeddable":true,"href":"https:\/\/www.gaveanews.com\/index.php\/wp-json\/wp\/v2\/media\/46522"}],"wp:attachment":[{"href":"https:\/\/www.gaveanews.com\/index.php\/wp-json\/wp\/v2\/media?parent=47604"}],"wp:term":[{"taxonomy":"category","embeddable":true,"href":"https:\/\/www.gaveanews.com\/index.php\/wp-json\/wp\/v2\/categories?post=47604"},{"taxonomy":"post_tag","embeddable":true,"href":"https:\/\/www.gaveanews.com\/index.php\/wp-json\/wp\/v2\/tags?post=47604"}],"curies":[{"name":"wp","href":"https:\/\/api.w.org\/{rel}","templated":true}]}}