{"id":47630,"date":"2020-09-18T12:17:13","date_gmt":"2020-09-18T15:17:13","guid":{"rendered":"https:\/\/www.gaveanews.com\/?p=47630"},"modified":"2020-09-18T12:54:35","modified_gmt":"2020-09-18T15:54:35","slug":"marcos-braz-ameaca-deixar-o-flamengo","status":"publish","type":"post","link":"https:\/\/www.gaveanews.com\/index.php\/2020\/09\/18\/marcos-braz-ameaca-deixar-o-flamengo\/","title":{"rendered":"Marcos Braz amea\u00e7a deixar o Flamengo"},"content":{"rendered":"\n<p>A quem quiser ouvir, o vice de futebol do Flamengo, Marcos Braz, j\u00e1 falou internamente. Se a diretoria tiver um consenso para a troca de treinador e quiser demitir Dom\u00e8nec Torrent, o dirigente tamb\u00e9m seguir\u00e1 o mesmo rumo.<\/p>\n\n\n\n<p>Outro recado nos bastidores foi para o elenco. Caso algum atleta n\u00e3o esteja satisfeito no clube e queira ser negociado, basta informar \u00e0 diretoria. Tudo isso antes mesmo da goleada de 5 a 0 para o Del Valle, no Equador.<\/p>\n\n\n\n<p>Uma troca de comando t\u00e9cnico acarretaria uma reformula\u00e7\u00e3o no futebol dif\u00edcil de acreditar nesse momento. \u00c9 sabido que o vice de rela\u00e7\u00f5es externas do clube, Luiz Eduardo Baptista, disputa o poder e as decis\u00f5es do futebol com Braz.<\/p>\n\n\n\n<p>Braz foi at\u00e9 a Europa buscar Dome. E Bap fez lobby a favor de Miguel Angel Ramirez, t\u00e9cnico do Independiente Del Valle. Os dois fazem parte do Conselho do Futebol do Flamengo, que ainda tem tr\u00eas integrantes. A maioria com Braz.<\/p>\n\n\n\n<p>A sa\u00edda de Dome, impens\u00e1vel inclusive em virtude de uma alta multa rescis\u00f3ria, teria que vir do presidente Rodolfo Landim. Todos esses nomes acompanharam a derrota hist\u00f3rica no Equador. E ter\u00e3o os pr\u00f3ximos dias para dialogar sobre o respaldo e o tempo de trabalho que Torrent ter\u00e1 at\u00e9 que uma ruptura seja realidade.<\/p>\n\n\n\n<p>Na \u00faltima semana, Braz tem sofrido cr\u00edticas por ser candidato a vereador no Rio, decis\u00e3o que ele alega ainda n\u00e3o ter tomado. O dirigente admite que conciliaria as agendas pol\u00edticas com as do Flamengo. O que ele j\u00e1 tem feito.<\/p>\n\n\n\n<p>Para que a ala da diretoria liderada por Bap e Landim assuma o futebol, ela tamb\u00e9m ter\u00e1 que se submeter a cr\u00edticas que normalmente est\u00e3o direcionadas a quem responde pela pasta. Portanto, a guerra interna deve seguir fria.<\/p>\n\n\n\n<p>Bap \u00e9 persona non grata no Ninho do Urubu. Desde que criticou a atua\u00e7\u00e3o de Lincoln na final do Mundial de Clubes. O diretor Bruno Spindel, que reporta o dia a dia para a alta c\u00fapula, n\u00e3o vive os bastidores do vesti\u00e1rio.<\/p>\n\n\n\n<p>Cabe a Marcos Braz fazer mais esse papel. Portanto, uma mudan\u00e7a deixaria o Flamengo com um v\u00e1cuo de di\u00e1logo entre diretoria e elenco. Hoje, quem mais faz essa fun\u00e7\u00e3o \u00e9 o supervisor Gabriel Skinner.<\/p>\n\n\n\n<p>Caso os pr\u00f3ximos resultados da Libertadores tornem a perman\u00eancia de Dome insustent\u00e1vel, e o ambiente interno do vesti\u00e1rios de jogadores indique que n\u00e3o h\u00e1 mais entendimento, a reformula\u00e7\u00e3o entrar\u00e1 de fato na pauta.<\/p>\n\n\n\n<p>Todos trabalham no momento para evitar esse cen\u00e1rio. Uma vit\u00f3ria na ter\u00e7a-feira, contra o Barcelona em Guayaquil, coloca o Flamengo de volta no trilho do tri da Libertadores. E adia a terra arrasada que o clube quer tanto evitar.<\/p>\n\n\n\n<p>Retirado de: O Globo<\/p>\n","protected":false},"excerpt":{"rendered":"<p>A quem quiser ouvir, o vice de futebol do Flamengo, Marcos Braz, j\u00e1 falou internamente. Se a diretoria tiver um consenso para a troca de treinador e quiser demitir Dom\u00e8nec Torrent, o dirigente tamb\u00e9m seguir\u00e1 o mesmo rumo. Outro recado nos bastidores foi para o elenco. Caso algum atleta n\u00e3o esteja satisfeito no clube e [&hellip;]<\/p>\n","protected":false},"author":1,"featured_media":46957,"comment_status":"open","ping_status":"closed","sticky":false,"template":"","format":"standard","meta":{"footnotes":""},"categories":[47],"tags":[],"class_list":["post-47630","post","type-post","status-publish","format-standard","has-post-thumbnail","hentry","category-destaques"],"yoast_head":"<!-- This site is optimized with the Yoast SEO Premium plugin v24.2 (Yoast SEO v26.9) - https:\/\/yoast.com\/product\/yoast-seo-premium-wordpress\/ -->\n<title>Marcos Braz amea\u00e7a deixar o Flamengo<\/title>\n<meta name=\"description\" content=\"Se a diretoria tiver um consenso para a troca de treinador e quiser demitir Dom\u00e8nec Torrent, o dirigente tamb\u00e9m seguir\u00e1 o mesmo rumo.\" \/>\n<meta name=\"robots\" content=\"index, follow, max-snippet:-1, max-image-preview:large, max-video-preview:-1\" \/>\n<link rel=\"canonical\" href=\"https:\/\/www.gaveanews.com\/index.php\/2020\/09\/18\/marcos-braz-ameaca-deixar-o-flamengo\/\" \/>\n<meta property=\"og:locale\" content=\"pt_BR\" \/>\n<meta property=\"og:type\" content=\"article\" \/>\n<meta property=\"og:title\" content=\"Marcos Braz amea\u00e7a deixar o Flamengo\" \/>\n<meta property=\"og:description\" content=\"Se a diretoria tiver um consenso para a troca de treinador e quiser demitir Dom\u00e8nec Torrent, o dirigente tamb\u00e9m seguir\u00e1 o mesmo rumo.\" \/>\n<meta property=\"og:url\" content=\"https:\/\/www.gaveanews.com\/index.php\/2020\/09\/18\/marcos-braz-ameaca-deixar-o-flamengo\/\" \/>\n<meta property=\"og:site_name\" content=\"G\u00e1vea News\" \/>\n<meta property=\"article:publisher\" content=\"https:\/\/facebook.com\/gaveaNews\/\" \/>\n<meta property=\"article:published_time\" content=\"2020-09-18T15:17:13+00:00\" \/>\n<meta property=\"article:modified_time\" content=\"2020-09-18T15:54:35+00:00\" \/>\n<meta property=\"og:image\" content=\"https:\/\/www.gaveanews.com\/wp-content\/uploads\/Marcos-Braz-no-gramado-do-Maracana.webp\" \/>\n\t<meta property=\"og:image:width\" content=\"799\" \/>\n\t<meta property=\"og:image:height\" content=\"532\" \/>\n\t<meta property=\"og:image:type\" content=\"image\/jpeg\" \/>\n<meta name=\"author\" content=\"Equipe G\u00e1vea News\" \/>\n<meta name=\"twitter:card\" content=\"summary_large_image\" \/>\n<meta name=\"twitter:label1\" content=\"Escrito por\" \/>\n\t<meta name=\"twitter:data1\" content=\"Equipe G\u00e1vea News\" \/>\n\t<meta name=\"twitter:label2\" content=\"Est. tempo de leitura\" \/>\n\t<meta name=\"twitter:data2\" content=\"2 minutos\" \/>\n<script type=\"application\/ld+json\" class=\"yoast-schema-graph\">{\"@context\":\"https:\/\/schema.org\",\"@graph\":[{\"@type\":\"NewsArticle\",\"@id\":\"https:\/\/www.gaveanews.com\/index.php\/2020\/09\/18\/marcos-braz-ameaca-deixar-o-flamengo\/#article\",\"isPartOf\":{\"@id\":\"https:\/\/www.gaveanews.com\/index.php\/2020\/09\/18\/marcos-braz-ameaca-deixar-o-flamengo\/\"},\"author\":{\"name\":\"Equipe G\u00e1vea News\",\"@id\":\"https:\/\/www.gaveanews.com\/#\/schema\/person\/2ec14f73fb96be2caf28f91afb14749d\"},\"headline\":\"Marcos Braz amea\u00e7a deixar o Flamengo\",\"datePublished\":\"2020-09-18T15:17:13+00:00\",\"dateModified\":\"2020-09-18T15:54:35+00:00\",\"mainEntityOfPage\":{\"@id\":\"https:\/\/www.gaveanews.com\/index.php\/2020\/09\/18\/marcos-braz-ameaca-deixar-o-flamengo\/\"},\"wordCount\":481,\"commentCount\":82,\"image\":{\"@id\":\"https:\/\/www.gaveanews.com\/index.php\/2020\/09\/18\/marcos-braz-ameaca-deixar-o-flamengo\/#primaryimage\"},\"thumbnailUrl\":\"https:\/\/www.gaveanews.com\/wp-content\/uploads\/Marcos-Braz-no-gramado-do-Maracana.webp\",\"articleSection\":[\"Destaques\"],\"inLanguage\":\"pt-BR\",\"potentialAction\":[{\"@type\":\"CommentAction\",\"name\":\"Comment\",\"target\":[\"https:\/\/www.gaveanews.com\/index.php\/2020\/09\/18\/marcos-braz-ameaca-deixar-o-flamengo\/#respond\"]}],\"copyrightYear\":\"2020\",\"copyrightHolder\":{\"@id\":\"https:\/\/www.gaveanews.com\/#organization\"}},{\"@type\":\"WebPage\",\"@id\":\"https:\/\/www.gaveanews.com\/index.php\/2020\/09\/18\/marcos-braz-ameaca-deixar-o-flamengo\/\",\"url\":\"https:\/\/www.gaveanews.com\/index.php\/2020\/09\/18\/marcos-braz-ameaca-deixar-o-flamengo\/\",\"name\":\"Marcos Braz amea\u00e7a deixar o Flamengo\",\"isPartOf\":{\"@id\":\"https:\/\/www.gaveanews.com\/#website\"},\"primaryImageOfPage\":{\"@id\":\"https:\/\/www.gaveanews.com\/index.php\/2020\/09\/18\/marcos-braz-ameaca-deixar-o-flamengo\/#primaryimage\"},\"image\":{\"@id\":\"https:\/\/www.gaveanews.com\/index.php\/2020\/09\/18\/marcos-braz-ameaca-deixar-o-flamengo\/#primaryimage\"},\"thumbnailUrl\":\"https:\/\/www.gaveanews.com\/wp-content\/uploads\/Marcos-Braz-no-gramado-do-Maracana.webp\",\"datePublished\":\"2020-09-18T15:17:13+00:00\",\"dateModified\":\"2020-09-18T15:54:35+00:00\",\"author\":{\"@id\":\"https:\/\/www.gaveanews.com\/#\/schema\/person\/2ec14f73fb96be2caf28f91afb14749d\"},\"description\":\"Se a diretoria tiver um consenso para a troca de treinador e quiser demitir Dom\u00e8nec Torrent, o dirigente tamb\u00e9m seguir\u00e1 o mesmo rumo.\",\"breadcrumb\":{\"@id\":\"https:\/\/www.gaveanews.com\/index.php\/2020\/09\/18\/marcos-braz-ameaca-deixar-o-flamengo\/#breadcrumb\"},\"inLanguage\":\"pt-BR\",\"potentialAction\":[{\"@type\":\"ReadAction\",\"target\":[\"https:\/\/www.gaveanews.com\/index.php\/2020\/09\/18\/marcos-braz-ameaca-deixar-o-flamengo\/\"]}]},{\"@type\":\"ImageObject\",\"inLanguage\":\"pt-BR\",\"@id\":\"https:\/\/www.gaveanews.com\/index.php\/2020\/09\/18\/marcos-braz-ameaca-deixar-o-flamengo\/#primaryimage\",\"url\":\"https:\/\/www.gaveanews.com\/wp-content\/uploads\/Marcos-Braz-no-gramado-do-Maracana.webp\",\"contentUrl\":\"https:\/\/www.gaveanews.com\/wp-content\/uploads\/Marcos-Braz-no-gramado-do-Maracana.webp\",\"width\":799,\"height\":532,\"caption\":\"Marcos Braz no gramado do Maracan\u00e3 (Foto: Alexandre Vidal\/Flamengo)\"},{\"@type\":\"BreadcrumbList\",\"@id\":\"https:\/\/www.gaveanews.com\/index.php\/2020\/09\/18\/marcos-braz-ameaca-deixar-o-flamengo\/#breadcrumb\",\"itemListElement\":[{\"@type\":\"ListItem\",\"position\":1,\"name\":\"Home\",\"item\":\"https:\/\/www.gaveanews.com\/\"},{\"@type\":\"ListItem\",\"position\":2,\"name\":\"Marcos Braz amea\u00e7a deixar o Flamengo\"}]},{\"@type\":\"WebSite\",\"@id\":\"https:\/\/www.gaveanews.com\/#website\",\"url\":\"https:\/\/www.gaveanews.com\/\",\"name\":\"G\u00e1vea News\",\"description\":\"Veja todas as not\u00edcias sobre o Flamengo: Contrata\u00e7\u00f5es, categorias de base, resultados das partidas, tabela de classifica\u00e7\u00e3o, pr\u00f3ximos jogos!\",\"potentialAction\":[{\"@type\":\"SearchAction\",\"target\":{\"@type\":\"EntryPoint\",\"urlTemplate\":\"https:\/\/www.gaveanews.com\/?s={search_term_string}\"},\"query-input\":{\"@type\":\"PropertyValueSpecification\",\"valueRequired\":true,\"valueName\":\"search_term_string\"}}],\"inLanguage\":\"pt-BR\"},{\"@type\":\"Person\",\"@id\":\"https:\/\/www.gaveanews.com\/#\/schema\/person\/2ec14f73fb96be2caf28f91afb14749d\",\"name\":\"Equipe G\u00e1vea News\",\"image\":{\"@type\":\"ImageObject\",\"inLanguage\":\"pt-BR\",\"@id\":\"https:\/\/www.gaveanews.com\/#\/schema\/person\/image\/\",\"url\":\"https:\/\/secure.gravatar.com\/avatar\/1e1956f1facbffd3f8fa53a326721950116b3b9dc9bd44939c01180fd4a745a9?s=96&d=mm&r=g\",\"contentUrl\":\"https:\/\/secure.gravatar.com\/avatar\/1e1956f1facbffd3f8fa53a326721950116b3b9dc9bd44939c01180fd4a745a9?s=96&d=mm&r=g\",\"caption\":\"Equipe G\u00e1vea News\"}}]}<\/script>\n<!-- \/ Yoast SEO Premium plugin. -->","yoast_head_json":{"title":"Marcos Braz amea\u00e7a deixar o Flamengo","description":"Se a diretoria tiver um consenso para a troca de treinador e quiser demitir Dom\u00e8nec Torrent, o dirigente tamb\u00e9m seguir\u00e1 o mesmo rumo.","robots":{"index":"index","follow":"follow","max-snippet":"max-snippet:-1","max-image-preview":"max-image-preview:large","max-video-preview":"max-video-preview:-1"},"canonical":"https:\/\/www.gaveanews.com\/index.php\/2020\/09\/18\/marcos-braz-ameaca-deixar-o-flamengo\/","og_locale":"pt_BR","og_type":"article","og_title":"Marcos Braz amea\u00e7a deixar o Flamengo","og_description":"Se a diretoria tiver um consenso para a troca de treinador e quiser demitir Dom\u00e8nec Torrent, o dirigente tamb\u00e9m seguir\u00e1 o mesmo rumo.","og_url":"https:\/\/www.gaveanews.com\/index.php\/2020\/09\/18\/marcos-braz-ameaca-deixar-o-flamengo\/","og_site_name":"G\u00e1vea News","article_publisher":"https:\/\/facebook.com\/gaveaNews\/","article_published_time":"2020-09-18T15:17:13+00:00","article_modified_time":"2020-09-18T15:54:35+00:00","og_image":[{"width":799,"height":532,"url":"https:\/\/www.gaveanews.com\/wp-content\/uploads\/Marcos-Braz-no-gramado-do-Maracana.webp","type":"image\/jpeg"}],"author":"Equipe G\u00e1vea News","twitter_card":"summary_large_image","twitter_misc":{"Escrito por":"Equipe G\u00e1vea News","Est. tempo de leitura":"2 minutos"},"schema":{"@context":"https:\/\/schema.org","@graph":[{"@type":"NewsArticle","@id":"https:\/\/www.gaveanews.com\/index.php\/2020\/09\/18\/marcos-braz-ameaca-deixar-o-flamengo\/#article","isPartOf":{"@id":"https:\/\/www.gaveanews.com\/index.php\/2020\/09\/18\/marcos-braz-ameaca-deixar-o-flamengo\/"},"author":{"name":"Equipe G\u00e1vea News","@id":"https:\/\/www.gaveanews.com\/#\/schema\/person\/2ec14f73fb96be2caf28f91afb14749d"},"headline":"Marcos Braz amea\u00e7a deixar o Flamengo","datePublished":"2020-09-18T15:17:13+00:00","dateModified":"2020-09-18T15:54:35+00:00","mainEntityOfPage":{"@id":"https:\/\/www.gaveanews.com\/index.php\/2020\/09\/18\/marcos-braz-ameaca-deixar-o-flamengo\/"},"wordCount":481,"commentCount":82,"image":{"@id":"https:\/\/www.gaveanews.com\/index.php\/2020\/09\/18\/marcos-braz-ameaca-deixar-o-flamengo\/#primaryimage"},"thumbnailUrl":"https:\/\/www.gaveanews.com\/wp-content\/uploads\/Marcos-Braz-no-gramado-do-Maracana.webp","articleSection":["Destaques"],"inLanguage":"pt-BR","potentialAction":[{"@type":"CommentAction","name":"Comment","target":["https:\/\/www.gaveanews.com\/index.php\/2020\/09\/18\/marcos-braz-ameaca-deixar-o-flamengo\/#respond"]}],"copyrightYear":"2020","copyrightHolder":{"@id":"https:\/\/www.gaveanews.com\/#organization"}},{"@type":"WebPage","@id":"https:\/\/www.gaveanews.com\/index.php\/2020\/09\/18\/marcos-braz-ameaca-deixar-o-flamengo\/","url":"https:\/\/www.gaveanews.com\/index.php\/2020\/09\/18\/marcos-braz-ameaca-deixar-o-flamengo\/","name":"Marcos Braz amea\u00e7a deixar o Flamengo","isPartOf":{"@id":"https:\/\/www.gaveanews.com\/#website"},"primaryImageOfPage":{"@id":"https:\/\/www.gaveanews.com\/index.php\/2020\/09\/18\/marcos-braz-ameaca-deixar-o-flamengo\/#primaryimage"},"image":{"@id":"https:\/\/www.gaveanews.com\/index.php\/2020\/09\/18\/marcos-braz-ameaca-deixar-o-flamengo\/#primaryimage"},"thumbnailUrl":"https:\/\/www.gaveanews.com\/wp-content\/uploads\/Marcos-Braz-no-gramado-do-Maracana.webp","datePublished":"2020-09-18T15:17:13+00:00","dateModified":"2020-09-18T15:54:35+00:00","author":{"@id":"https:\/\/www.gaveanews.com\/#\/schema\/person\/2ec14f73fb96be2caf28f91afb14749d"},"description":"Se a diretoria tiver um consenso para a troca de treinador e quiser demitir Dom\u00e8nec Torrent, o dirigente tamb\u00e9m seguir\u00e1 o mesmo rumo.","breadcrumb":{"@id":"https:\/\/www.gaveanews.com\/index.php\/2020\/09\/18\/marcos-braz-ameaca-deixar-o-flamengo\/#breadcrumb"},"inLanguage":"pt-BR","potentialAction":[{"@type":"ReadAction","target":["https:\/\/www.gaveanews.com\/index.php\/2020\/09\/18\/marcos-braz-ameaca-deixar-o-flamengo\/"]}]},{"@type":"ImageObject","inLanguage":"pt-BR","@id":"https:\/\/www.gaveanews.com\/index.php\/2020\/09\/18\/marcos-braz-ameaca-deixar-o-flamengo\/#primaryimage","url":"https:\/\/www.gaveanews.com\/wp-content\/uploads\/Marcos-Braz-no-gramado-do-Maracana.webp","contentUrl":"https:\/\/www.gaveanews.com\/wp-content\/uploads\/Marcos-Braz-no-gramado-do-Maracana.webp","width":799,"height":532,"caption":"Marcos Braz no gramado do Maracan\u00e3 (Foto: Alexandre Vidal\/Flamengo)"},{"@type":"BreadcrumbList","@id":"https:\/\/www.gaveanews.com\/index.php\/2020\/09\/18\/marcos-braz-ameaca-deixar-o-flamengo\/#breadcrumb","itemListElement":[{"@type":"ListItem","position":1,"name":"Home","item":"https:\/\/www.gaveanews.com\/"},{"@type":"ListItem","position":2,"name":"Marcos Braz amea\u00e7a deixar o Flamengo"}]},{"@type":"WebSite","@id":"https:\/\/www.gaveanews.com\/#website","url":"https:\/\/www.gaveanews.com\/","name":"G\u00e1vea News","description":"Veja todas as not\u00edcias sobre o Flamengo: Contrata\u00e7\u00f5es, categorias de base, resultados das partidas, tabela de classifica\u00e7\u00e3o, pr\u00f3ximos jogos!","potentialAction":[{"@type":"SearchAction","target":{"@type":"EntryPoint","urlTemplate":"https:\/\/www.gaveanews.com\/?s={search_term_string}"},"query-input":{"@type":"PropertyValueSpecification","valueRequired":true,"valueName":"search_term_string"}}],"inLanguage":"pt-BR"},{"@type":"Person","@id":"https:\/\/www.gaveanews.com\/#\/schema\/person\/2ec14f73fb96be2caf28f91afb14749d","name":"Equipe G\u00e1vea News","image":{"@type":"ImageObject","inLanguage":"pt-BR","@id":"https:\/\/www.gaveanews.com\/#\/schema\/person\/image\/","url":"https:\/\/secure.gravatar.com\/avatar\/1e1956f1facbffd3f8fa53a326721950116b3b9dc9bd44939c01180fd4a745a9?s=96&d=mm&r=g","contentUrl":"https:\/\/secure.gravatar.com\/avatar\/1e1956f1facbffd3f8fa53a326721950116b3b9dc9bd44939c01180fd4a745a9?s=96&d=mm&r=g","caption":"Equipe G\u00e1vea News"}}]}},"_links":{"self":[{"href":"https:\/\/www.gaveanews.com\/index.php\/wp-json\/wp\/v2\/posts\/47630","targetHints":{"allow":["GET"]}}],"collection":[{"href":"https:\/\/www.gaveanews.com\/index.php\/wp-json\/wp\/v2\/posts"}],"about":[{"href":"https:\/\/www.gaveanews.com\/index.php\/wp-json\/wp\/v2\/types\/post"}],"author":[{"embeddable":true,"href":"https:\/\/www.gaveanews.com\/index.php\/wp-json\/wp\/v2\/users\/1"}],"replies":[{"embeddable":true,"href":"https:\/\/www.gaveanews.com\/index.php\/wp-json\/wp\/v2\/comments?post=47630"}],"version-history":[{"count":0,"href":"https:\/\/www.gaveanews.com\/index.php\/wp-json\/wp\/v2\/posts\/47630\/revisions"}],"wp:featuredmedia":[{"embeddable":true,"href":"https:\/\/www.gaveanews.com\/index.php\/wp-json\/wp\/v2\/media\/46957"}],"wp:attachment":[{"href":"https:\/\/www.gaveanews.com\/index.php\/wp-json\/wp\/v2\/media?parent=47630"}],"wp:term":[{"taxonomy":"category","embeddable":true,"href":"https:\/\/www.gaveanews.com\/index.php\/wp-json\/wp\/v2\/categories?post=47630"},{"taxonomy":"post_tag","embeddable":true,"href":"https:\/\/www.gaveanews.com\/index.php\/wp-json\/wp\/v2\/tags?post=47630"}],"curies":[{"name":"wp","href":"https:\/\/api.w.org\/{rel}","templated":true}]}}