{"id":47639,"date":"2020-09-18T14:37:38","date_gmt":"2020-09-18T17:37:38","guid":{"rendered":"https:\/\/www.gaveanews.com\/?p=47639"},"modified":"2020-09-18T14:37:39","modified_gmt":"2020-09-18T17:37:39","slug":"diretoria-do-flamengo-nao-ve-domenec-como-o-unico-culpado","status":"publish","type":"post","link":"https:\/\/www.gaveanews.com\/index.php\/2020\/09\/18\/diretoria-do-flamengo-nao-ve-domenec-como-o-unico-culpado\/","title":{"rendered":"Diretoria do Flamengo n\u00e3o v\u00ea Dom\u00e8nec como o \u00fanico culpado"},"content":{"rendered":"\n<p>A derrota sofrida pelo Flamengo por 5 a 0 para o Independiente Dell Vale na noite da \u00faltima quinta-feira (17), foi vista por todo o departamento de futebol. Al\u00e9m do presidente Rodolfo Landim, o vice-presidente, o diretor e os tr\u00eas membros do conselho estavam presentes em Quito.<\/p>\n\n\n\n<p>Se h\u00e1 um consenso de que foi uma vergonha, h\u00e1 tamb\u00e9m o consenso de que Dom\u00e8nec Torrent n\u00e3o \u00e9 o \u00fanico culpado. A apatia do time, que foi colocado facilmente na roda pelo advers\u00e1rio, trouxe esta confirma\u00e7\u00e3o. O Flamengo n\u00e3o \u00e9 mais a mesma equipe que acreditava em todas as bolas.<\/p>\n\n\n\n<p>Quando Jorge Jesus deixou o clube em julho, uma das grandes preocupa\u00e7\u00f5es da diretoria era de que o elenco perdesse o foco no projeto, uma vez que o portuga era o cabe\u00e7a do plano de retornar ao Mundial de Clubes. Os questionamentos seguiram com a intensifica\u00e7\u00e3o de sondagens e at\u00e9 ofertas recebidas por alguns jogadores.<\/p>\n\n\n\n<p>Para se ter uma ideia, recentemente, o Flamengo negou propostas oficiais por Everton Ribeiro, Arrascaeta, Vitinho e resistiu as investidas do Benfica em G\u00e9rson e Bruno Henrique. A diretoria vem se virando como pode para n\u00e3o perder mais pe\u00e7as importantes da equipe.<\/p>\n\n\n\n<p>Mas na \u00faltima semana, um recado interno foi dado: quem n\u00e3o estiver satisfeito e quiser ir embora \u00e9 s\u00f3 arrumar uma proposta dentro dos valores pedidos pelo Flamengo. Caso contr\u00e1rio, vai ter que seguir cumprindo contrato.<\/p>\n\n\n\n<p>Retirado de: Goal\/Raisa Simplicio<\/p>\n","protected":false},"excerpt":{"rendered":"<p>A derrota sofrida pelo Flamengo por 5 a 0 para o Independiente Dell Vale na noite da \u00faltima quinta-feira (17), foi vista por todo o departamento de futebol. Al\u00e9m do presidente Rodolfo Landim, o vice-presidente, o diretor e os tr\u00eas membros do conselho estavam presentes em Quito. Se h\u00e1 um consenso de que foi uma [&hellip;]<\/p>\n","protected":false},"author":1,"featured_media":47172,"comment_status":"open","ping_status":"closed","sticky":false,"template":"","format":"standard","meta":{"footnotes":""},"categories":[47],"tags":[],"class_list":["post-47639","post","type-post","status-publish","format-standard","has-post-thumbnail","hentry","category-destaques"],"yoast_head":"<!-- This site is optimized with the Yoast SEO Premium plugin v24.2 (Yoast SEO v26.9) - https:\/\/yoast.com\/product\/yoast-seo-premium-wordpress\/ -->\n<title>Diretoria do Flamengo n\u00e3o v\u00ea Dom\u00e8nec como o \u00fanico culpado<\/title>\n<meta name=\"robots\" content=\"index, follow, max-snippet:-1, max-image-preview:large, max-video-preview:-1\" \/>\n<link rel=\"canonical\" href=\"https:\/\/www.gaveanews.com\/index.php\/2020\/09\/18\/diretoria-do-flamengo-nao-ve-domenec-como-o-unico-culpado\/\" \/>\n<meta property=\"og:locale\" content=\"pt_BR\" \/>\n<meta property=\"og:type\" content=\"article\" \/>\n<meta property=\"og:title\" content=\"Diretoria do Flamengo n\u00e3o v\u00ea Dom\u00e8nec como o \u00fanico culpado\" \/>\n<meta property=\"og:description\" content=\"A derrota sofrida pelo Flamengo por 5 a 0 para o Independiente Dell Vale na noite da \u00faltima quinta-feira (17), foi vista por todo o departamento de futebol. Al\u00e9m do presidente Rodolfo Landim, o vice-presidente, o diretor e os tr\u00eas membros do conselho estavam presentes em Quito. Se h\u00e1 um consenso de que foi uma [&hellip;]\" \/>\n<meta property=\"og:url\" content=\"https:\/\/www.gaveanews.com\/index.php\/2020\/09\/18\/diretoria-do-flamengo-nao-ve-domenec-como-o-unico-culpado\/\" \/>\n<meta property=\"og:site_name\" content=\"G\u00e1vea News\" \/>\n<meta property=\"article:publisher\" content=\"https:\/\/facebook.com\/gaveaNews\/\" \/>\n<meta property=\"article:published_time\" content=\"2020-09-18T17:37:38+00:00\" \/>\n<meta property=\"article:modified_time\" content=\"2020-09-18T17:37:39+00:00\" \/>\n<meta property=\"og:image\" content=\"https:\/\/www.gaveanews.com\/wp-content\/uploads\/Domenec-durante-o-classico-entre-Flamengo-e-Fluminense.webp\" \/>\n\t<meta property=\"og:image:width\" content=\"799\" \/>\n\t<meta property=\"og:image:height\" content=\"532\" \/>\n\t<meta property=\"og:image:type\" content=\"image\/jpeg\" \/>\n<meta name=\"author\" content=\"Equipe G\u00e1vea News\" \/>\n<meta name=\"twitter:card\" content=\"summary_large_image\" \/>\n<meta name=\"twitter:label1\" content=\"Escrito por\" \/>\n\t<meta name=\"twitter:data1\" content=\"Equipe G\u00e1vea News\" \/>\n\t<meta name=\"twitter:label2\" content=\"Est. tempo de leitura\" \/>\n\t<meta name=\"twitter:data2\" content=\"1 minuto\" \/>\n<script type=\"application\/ld+json\" class=\"yoast-schema-graph\">{\"@context\":\"https:\/\/schema.org\",\"@graph\":[{\"@type\":\"NewsArticle\",\"@id\":\"https:\/\/www.gaveanews.com\/index.php\/2020\/09\/18\/diretoria-do-flamengo-nao-ve-domenec-como-o-unico-culpado\/#article\",\"isPartOf\":{\"@id\":\"https:\/\/www.gaveanews.com\/index.php\/2020\/09\/18\/diretoria-do-flamengo-nao-ve-domenec-como-o-unico-culpado\/\"},\"author\":{\"name\":\"Equipe G\u00e1vea News\",\"@id\":\"https:\/\/www.gaveanews.com\/#\/schema\/person\/2ec14f73fb96be2caf28f91afb14749d\"},\"headline\":\"Diretoria do Flamengo n\u00e3o v\u00ea Dom\u00e8nec como o \u00fanico culpado\",\"datePublished\":\"2020-09-18T17:37:38+00:00\",\"dateModified\":\"2020-09-18T17:37:39+00:00\",\"mainEntityOfPage\":{\"@id\":\"https:\/\/www.gaveanews.com\/index.php\/2020\/09\/18\/diretoria-do-flamengo-nao-ve-domenec-como-o-unico-culpado\/\"},\"wordCount\":258,\"commentCount\":36,\"image\":{\"@id\":\"https:\/\/www.gaveanews.com\/index.php\/2020\/09\/18\/diretoria-do-flamengo-nao-ve-domenec-como-o-unico-culpado\/#primaryimage\"},\"thumbnailUrl\":\"https:\/\/www.gaveanews.com\/wp-content\/uploads\/Domenec-durante-o-classico-entre-Flamengo-e-Fluminense.webp\",\"articleSection\":[\"Destaques\"],\"inLanguage\":\"pt-BR\",\"potentialAction\":[{\"@type\":\"CommentAction\",\"name\":\"Comment\",\"target\":[\"https:\/\/www.gaveanews.com\/index.php\/2020\/09\/18\/diretoria-do-flamengo-nao-ve-domenec-como-o-unico-culpado\/#respond\"]}],\"copyrightYear\":\"2020\",\"copyrightHolder\":{\"@id\":\"https:\/\/www.gaveanews.com\/#organization\"}},{\"@type\":\"WebPage\",\"@id\":\"https:\/\/www.gaveanews.com\/index.php\/2020\/09\/18\/diretoria-do-flamengo-nao-ve-domenec-como-o-unico-culpado\/\",\"url\":\"https:\/\/www.gaveanews.com\/index.php\/2020\/09\/18\/diretoria-do-flamengo-nao-ve-domenec-como-o-unico-culpado\/\",\"name\":\"Diretoria do Flamengo n\u00e3o v\u00ea Dom\u00e8nec como o \u00fanico culpado\",\"isPartOf\":{\"@id\":\"https:\/\/www.gaveanews.com\/#website\"},\"primaryImageOfPage\":{\"@id\":\"https:\/\/www.gaveanews.com\/index.php\/2020\/09\/18\/diretoria-do-flamengo-nao-ve-domenec-como-o-unico-culpado\/#primaryimage\"},\"image\":{\"@id\":\"https:\/\/www.gaveanews.com\/index.php\/2020\/09\/18\/diretoria-do-flamengo-nao-ve-domenec-como-o-unico-culpado\/#primaryimage\"},\"thumbnailUrl\":\"https:\/\/www.gaveanews.com\/wp-content\/uploads\/Domenec-durante-o-classico-entre-Flamengo-e-Fluminense.webp\",\"datePublished\":\"2020-09-18T17:37:38+00:00\",\"dateModified\":\"2020-09-18T17:37:39+00:00\",\"author\":{\"@id\":\"https:\/\/www.gaveanews.com\/#\/schema\/person\/2ec14f73fb96be2caf28f91afb14749d\"},\"breadcrumb\":{\"@id\":\"https:\/\/www.gaveanews.com\/index.php\/2020\/09\/18\/diretoria-do-flamengo-nao-ve-domenec-como-o-unico-culpado\/#breadcrumb\"},\"inLanguage\":\"pt-BR\",\"potentialAction\":[{\"@type\":\"ReadAction\",\"target\":[\"https:\/\/www.gaveanews.com\/index.php\/2020\/09\/18\/diretoria-do-flamengo-nao-ve-domenec-como-o-unico-culpado\/\"]}]},{\"@type\":\"ImageObject\",\"inLanguage\":\"pt-BR\",\"@id\":\"https:\/\/www.gaveanews.com\/index.php\/2020\/09\/18\/diretoria-do-flamengo-nao-ve-domenec-como-o-unico-culpado\/#primaryimage\",\"url\":\"https:\/\/www.gaveanews.com\/wp-content\/uploads\/Domenec-durante-o-classico-entre-Flamengo-e-Fluminense.webp\",\"contentUrl\":\"https:\/\/www.gaveanews.com\/wp-content\/uploads\/Domenec-durante-o-classico-entre-Flamengo-e-Fluminense.webp\",\"width\":799,\"height\":532,\"caption\":\"Dom\u00e8nec durante o cl\u00e1ssico entre Flamengo e Fluminense (Foto: Alexandre Vidal\/Flamengo)\"},{\"@type\":\"BreadcrumbList\",\"@id\":\"https:\/\/www.gaveanews.com\/index.php\/2020\/09\/18\/diretoria-do-flamengo-nao-ve-domenec-como-o-unico-culpado\/#breadcrumb\",\"itemListElement\":[{\"@type\":\"ListItem\",\"position\":1,\"name\":\"Home\",\"item\":\"https:\/\/www.gaveanews.com\/\"},{\"@type\":\"ListItem\",\"position\":2,\"name\":\"Diretoria do Flamengo n\u00e3o v\u00ea Dom\u00e8nec como o \u00fanico culpado\"}]},{\"@type\":\"WebSite\",\"@id\":\"https:\/\/www.gaveanews.com\/#website\",\"url\":\"https:\/\/www.gaveanews.com\/\",\"name\":\"G\u00e1vea News\",\"description\":\"Veja todas as not\u00edcias sobre o Flamengo: Contrata\u00e7\u00f5es, categorias de base, resultados das partidas, tabela de classifica\u00e7\u00e3o, pr\u00f3ximos jogos!\",\"potentialAction\":[{\"@type\":\"SearchAction\",\"target\":{\"@type\":\"EntryPoint\",\"urlTemplate\":\"https:\/\/www.gaveanews.com\/?s={search_term_string}\"},\"query-input\":{\"@type\":\"PropertyValueSpecification\",\"valueRequired\":true,\"valueName\":\"search_term_string\"}}],\"inLanguage\":\"pt-BR\"},{\"@type\":\"Person\",\"@id\":\"https:\/\/www.gaveanews.com\/#\/schema\/person\/2ec14f73fb96be2caf28f91afb14749d\",\"name\":\"Equipe G\u00e1vea News\",\"image\":{\"@type\":\"ImageObject\",\"inLanguage\":\"pt-BR\",\"@id\":\"https:\/\/www.gaveanews.com\/#\/schema\/person\/image\/\",\"url\":\"https:\/\/secure.gravatar.com\/avatar\/1e1956f1facbffd3f8fa53a326721950116b3b9dc9bd44939c01180fd4a745a9?s=96&d=mm&r=g\",\"contentUrl\":\"https:\/\/secure.gravatar.com\/avatar\/1e1956f1facbffd3f8fa53a326721950116b3b9dc9bd44939c01180fd4a745a9?s=96&d=mm&r=g\",\"caption\":\"Equipe G\u00e1vea News\"}}]}<\/script>\n<!-- \/ Yoast SEO Premium plugin. -->","yoast_head_json":{"title":"Diretoria do Flamengo n\u00e3o v\u00ea Dom\u00e8nec como o \u00fanico culpado","robots":{"index":"index","follow":"follow","max-snippet":"max-snippet:-1","max-image-preview":"max-image-preview:large","max-video-preview":"max-video-preview:-1"},"canonical":"https:\/\/www.gaveanews.com\/index.php\/2020\/09\/18\/diretoria-do-flamengo-nao-ve-domenec-como-o-unico-culpado\/","og_locale":"pt_BR","og_type":"article","og_title":"Diretoria do Flamengo n\u00e3o v\u00ea Dom\u00e8nec como o \u00fanico culpado","og_description":"A derrota sofrida pelo Flamengo por 5 a 0 para o Independiente Dell Vale na noite da \u00faltima quinta-feira (17), foi vista por todo o departamento de futebol. Al\u00e9m do presidente Rodolfo Landim, o vice-presidente, o diretor e os tr\u00eas membros do conselho estavam presentes em Quito. Se h\u00e1 um consenso de que foi uma [&hellip;]","og_url":"https:\/\/www.gaveanews.com\/index.php\/2020\/09\/18\/diretoria-do-flamengo-nao-ve-domenec-como-o-unico-culpado\/","og_site_name":"G\u00e1vea News","article_publisher":"https:\/\/facebook.com\/gaveaNews\/","article_published_time":"2020-09-18T17:37:38+00:00","article_modified_time":"2020-09-18T17:37:39+00:00","og_image":[{"width":799,"height":532,"url":"https:\/\/www.gaveanews.com\/wp-content\/uploads\/Domenec-durante-o-classico-entre-Flamengo-e-Fluminense.webp","type":"image\/jpeg"}],"author":"Equipe G\u00e1vea News","twitter_card":"summary_large_image","twitter_misc":{"Escrito por":"Equipe G\u00e1vea News","Est. tempo de leitura":"1 minuto"},"schema":{"@context":"https:\/\/schema.org","@graph":[{"@type":"NewsArticle","@id":"https:\/\/www.gaveanews.com\/index.php\/2020\/09\/18\/diretoria-do-flamengo-nao-ve-domenec-como-o-unico-culpado\/#article","isPartOf":{"@id":"https:\/\/www.gaveanews.com\/index.php\/2020\/09\/18\/diretoria-do-flamengo-nao-ve-domenec-como-o-unico-culpado\/"},"author":{"name":"Equipe G\u00e1vea News","@id":"https:\/\/www.gaveanews.com\/#\/schema\/person\/2ec14f73fb96be2caf28f91afb14749d"},"headline":"Diretoria do Flamengo n\u00e3o v\u00ea Dom\u00e8nec como o \u00fanico culpado","datePublished":"2020-09-18T17:37:38+00:00","dateModified":"2020-09-18T17:37:39+00:00","mainEntityOfPage":{"@id":"https:\/\/www.gaveanews.com\/index.php\/2020\/09\/18\/diretoria-do-flamengo-nao-ve-domenec-como-o-unico-culpado\/"},"wordCount":258,"commentCount":36,"image":{"@id":"https:\/\/www.gaveanews.com\/index.php\/2020\/09\/18\/diretoria-do-flamengo-nao-ve-domenec-como-o-unico-culpado\/#primaryimage"},"thumbnailUrl":"https:\/\/www.gaveanews.com\/wp-content\/uploads\/Domenec-durante-o-classico-entre-Flamengo-e-Fluminense.webp","articleSection":["Destaques"],"inLanguage":"pt-BR","potentialAction":[{"@type":"CommentAction","name":"Comment","target":["https:\/\/www.gaveanews.com\/index.php\/2020\/09\/18\/diretoria-do-flamengo-nao-ve-domenec-como-o-unico-culpado\/#respond"]}],"copyrightYear":"2020","copyrightHolder":{"@id":"https:\/\/www.gaveanews.com\/#organization"}},{"@type":"WebPage","@id":"https:\/\/www.gaveanews.com\/index.php\/2020\/09\/18\/diretoria-do-flamengo-nao-ve-domenec-como-o-unico-culpado\/","url":"https:\/\/www.gaveanews.com\/index.php\/2020\/09\/18\/diretoria-do-flamengo-nao-ve-domenec-como-o-unico-culpado\/","name":"Diretoria do Flamengo n\u00e3o v\u00ea Dom\u00e8nec como o \u00fanico culpado","isPartOf":{"@id":"https:\/\/www.gaveanews.com\/#website"},"primaryImageOfPage":{"@id":"https:\/\/www.gaveanews.com\/index.php\/2020\/09\/18\/diretoria-do-flamengo-nao-ve-domenec-como-o-unico-culpado\/#primaryimage"},"image":{"@id":"https:\/\/www.gaveanews.com\/index.php\/2020\/09\/18\/diretoria-do-flamengo-nao-ve-domenec-como-o-unico-culpado\/#primaryimage"},"thumbnailUrl":"https:\/\/www.gaveanews.com\/wp-content\/uploads\/Domenec-durante-o-classico-entre-Flamengo-e-Fluminense.webp","datePublished":"2020-09-18T17:37:38+00:00","dateModified":"2020-09-18T17:37:39+00:00","author":{"@id":"https:\/\/www.gaveanews.com\/#\/schema\/person\/2ec14f73fb96be2caf28f91afb14749d"},"breadcrumb":{"@id":"https:\/\/www.gaveanews.com\/index.php\/2020\/09\/18\/diretoria-do-flamengo-nao-ve-domenec-como-o-unico-culpado\/#breadcrumb"},"inLanguage":"pt-BR","potentialAction":[{"@type":"ReadAction","target":["https:\/\/www.gaveanews.com\/index.php\/2020\/09\/18\/diretoria-do-flamengo-nao-ve-domenec-como-o-unico-culpado\/"]}]},{"@type":"ImageObject","inLanguage":"pt-BR","@id":"https:\/\/www.gaveanews.com\/index.php\/2020\/09\/18\/diretoria-do-flamengo-nao-ve-domenec-como-o-unico-culpado\/#primaryimage","url":"https:\/\/www.gaveanews.com\/wp-content\/uploads\/Domenec-durante-o-classico-entre-Flamengo-e-Fluminense.webp","contentUrl":"https:\/\/www.gaveanews.com\/wp-content\/uploads\/Domenec-durante-o-classico-entre-Flamengo-e-Fluminense.webp","width":799,"height":532,"caption":"Dom\u00e8nec durante o cl\u00e1ssico entre Flamengo e Fluminense (Foto: Alexandre Vidal\/Flamengo)"},{"@type":"BreadcrumbList","@id":"https:\/\/www.gaveanews.com\/index.php\/2020\/09\/18\/diretoria-do-flamengo-nao-ve-domenec-como-o-unico-culpado\/#breadcrumb","itemListElement":[{"@type":"ListItem","position":1,"name":"Home","item":"https:\/\/www.gaveanews.com\/"},{"@type":"ListItem","position":2,"name":"Diretoria do Flamengo n\u00e3o v\u00ea Dom\u00e8nec como o \u00fanico culpado"}]},{"@type":"WebSite","@id":"https:\/\/www.gaveanews.com\/#website","url":"https:\/\/www.gaveanews.com\/","name":"G\u00e1vea News","description":"Veja todas as not\u00edcias sobre o Flamengo: Contrata\u00e7\u00f5es, categorias de base, resultados das partidas, tabela de classifica\u00e7\u00e3o, pr\u00f3ximos jogos!","potentialAction":[{"@type":"SearchAction","target":{"@type":"EntryPoint","urlTemplate":"https:\/\/www.gaveanews.com\/?s={search_term_string}"},"query-input":{"@type":"PropertyValueSpecification","valueRequired":true,"valueName":"search_term_string"}}],"inLanguage":"pt-BR"},{"@type":"Person","@id":"https:\/\/www.gaveanews.com\/#\/schema\/person\/2ec14f73fb96be2caf28f91afb14749d","name":"Equipe G\u00e1vea News","image":{"@type":"ImageObject","inLanguage":"pt-BR","@id":"https:\/\/www.gaveanews.com\/#\/schema\/person\/image\/","url":"https:\/\/secure.gravatar.com\/avatar\/1e1956f1facbffd3f8fa53a326721950116b3b9dc9bd44939c01180fd4a745a9?s=96&d=mm&r=g","contentUrl":"https:\/\/secure.gravatar.com\/avatar\/1e1956f1facbffd3f8fa53a326721950116b3b9dc9bd44939c01180fd4a745a9?s=96&d=mm&r=g","caption":"Equipe G\u00e1vea News"}}]}},"_links":{"self":[{"href":"https:\/\/www.gaveanews.com\/index.php\/wp-json\/wp\/v2\/posts\/47639","targetHints":{"allow":["GET"]}}],"collection":[{"href":"https:\/\/www.gaveanews.com\/index.php\/wp-json\/wp\/v2\/posts"}],"about":[{"href":"https:\/\/www.gaveanews.com\/index.php\/wp-json\/wp\/v2\/types\/post"}],"author":[{"embeddable":true,"href":"https:\/\/www.gaveanews.com\/index.php\/wp-json\/wp\/v2\/users\/1"}],"replies":[{"embeddable":true,"href":"https:\/\/www.gaveanews.com\/index.php\/wp-json\/wp\/v2\/comments?post=47639"}],"version-history":[{"count":0,"href":"https:\/\/www.gaveanews.com\/index.php\/wp-json\/wp\/v2\/posts\/47639\/revisions"}],"wp:featuredmedia":[{"embeddable":true,"href":"https:\/\/www.gaveanews.com\/index.php\/wp-json\/wp\/v2\/media\/47172"}],"wp:attachment":[{"href":"https:\/\/www.gaveanews.com\/index.php\/wp-json\/wp\/v2\/media?parent=47639"}],"wp:term":[{"taxonomy":"category","embeddable":true,"href":"https:\/\/www.gaveanews.com\/index.php\/wp-json\/wp\/v2\/categories?post=47639"},{"taxonomy":"post_tag","embeddable":true,"href":"https:\/\/www.gaveanews.com\/index.php\/wp-json\/wp\/v2\/tags?post=47639"}],"curies":[{"name":"wp","href":"https:\/\/api.w.org\/{rel}","templated":true}]}}