{"id":47646,"date":"2020-09-18T15:33:07","date_gmt":"2020-09-18T18:33:07","guid":{"rendered":"https:\/\/www.gaveanews.com\/?p=47646"},"modified":"2020-09-18T15:33:09","modified_gmt":"2020-09-18T18:33:09","slug":"jornalista-detona-diretoria-do-flamengo-bando-de-cretinos","status":"publish","type":"post","link":"https:\/\/www.gaveanews.com\/index.php\/2020\/09\/18\/jornalista-detona-diretoria-do-flamengo-bando-de-cretinos\/","title":{"rendered":"Jornalista detona diretoria do Flamengo: &#8216;Bando de cretinos&#8217;"},"content":{"rendered":"\n<p>O jornalista Renato Mauricio Prado, flamenguista assumido, &#8216;disparou&#8217; cr\u00edticas pesadas diante do vexaminoso retorno da Libertadores do Flamengo, que foi goleado por 5 a 0 pelo Independiente de Valle, o que representou a pior derrota da hist\u00f3ria do clube na competi\u00e7\u00e3o. O principal alvo de RMP foi Dom\u00e8nec Torrent, treinador do Rubro-Negro.<\/p>\n\n\n\n<p>Primeiro, RMP disse que o catal\u00e3o Dom\u00e8nec errou nas substitui\u00e7\u00f5es durante a partida. Em seguida, fez uma analogia para dizer que o treinador estava perdido na condu\u00e7\u00e3o do time.<\/p>\n\n\n\n<p>\u2014 Como mexe mal, esse catal\u00e3o! Entrou o Tiago Maia, mas ficou o Ar\u00e3o. E saiu o \u00c9verton Ribeiro mas n\u00e3o entrou o Pedro. Ele colocou o Michael! Organiza\u00e7\u00f5es Tabajara, seus problemas acabaram! &#8211; disse.<\/p>\n\n\n\n<p>\u2014 Esse catal\u00e3o est\u00e1 mais perdido que cachorro que caiu de mudan\u00e7a. Estuda os advers\u00e1rios incessantemente mas, pelo visto, n\u00e3o aprende nada. Duas pauladas seguidas: Cear\u00e1 e Del Valle. E ainda vai ter gente defendendo &#8211; completou.<\/p>\n\n\n\n<p id=\"pnull-m166-3-167\">Ele ainda comparou o treinador do Fla com o antigo ocupante do cargo, Jorge Jesus.<br><br>\u2014\u00a0Quantas derrotas o Dome j\u00e1 tem? Ainda v\u00e3o fazer amanh\u00e3 aqueles quadrinhos, nas mesas redondas, pra provar que o in\u00edcio do t\u00e9cnico de tot\u00f3 \u00e9 melhor que o de Jesus? O portugu\u00eas perdeu quatro jogos em um ano. O catal\u00e3o, se n\u00e3o me engano, j\u00e1 chegou a isso em pouco mais de um m\u00eas &#8211; disse.<\/p>\n\n\n\n<p>Ap\u00f3s a partida, o jornalista compartilhou uma foto da delega\u00e7\u00e3o de dirigentes do Flamengo, chamando-os de &#8216;cretinos&#8217;. Sobrou principalmente para Marcos Braz, que pode se candidatar a vereador da cidade do Rio de Janeiro nas pr\u00f3ximas elei\u00e7\u00f5es.<\/p>\n\n\n\n<p>\u2014 Em plena pandemia, farra do boi da diretoria antes da maior humilha\u00e7\u00e3o do Flamengo na hist\u00f3ria da Libertadores. Foram fazer o que no Equador? Gastar o dinheiro que economizaram demitindo um bando de funcion\u00e1rios? Bando de cretinos. E Marcos Braz, vereador \u00e9 o cacete! &#8211; cornetou.<\/p>\n\n\n\n<p>Retirado de: Lance<\/p>\n","protected":false},"excerpt":{"rendered":"<p>O jornalista Renato Mauricio Prado, flamenguista assumido, &#8216;disparou&#8217; cr\u00edticas pesadas diante do vexaminoso retorno da Libertadores do Flamengo, que foi goleado por 5 a 0 pelo Independiente de Valle, o que representou a pior derrota da hist\u00f3ria do clube na competi\u00e7\u00e3o. O principal alvo de RMP foi Dom\u00e8nec Torrent, treinador do Rubro-Negro. Primeiro, RMP disse [&hellip;]<\/p>\n","protected":false},"author":1,"featured_media":15077,"comment_status":"open","ping_status":"closed","sticky":false,"template":"","format":"standard","meta":{"footnotes":""},"categories":[47],"tags":[],"class_list":["post-47646","post","type-post","status-publish","format-standard","has-post-thumbnail","hentry","category-destaques"],"yoast_head":"<!-- This site is optimized with the Yoast SEO Premium plugin v24.2 (Yoast SEO v26.9) - https:\/\/yoast.com\/product\/yoast-seo-premium-wordpress\/ -->\n<title>Jornalista detona diretoria do Flamengo: &#039;Bando de cretinos&#039;<\/title>\n<meta name=\"description\" content=\"Ap\u00f3s a partida, o jornalista compartilhou uma foto da delega\u00e7\u00e3o de dirigentes do Flamengo, chamando-os de &#039;cretinos&#039;.\" \/>\n<meta name=\"robots\" content=\"index, follow, max-snippet:-1, max-image-preview:large, max-video-preview:-1\" \/>\n<link rel=\"canonical\" href=\"https:\/\/www.gaveanews.com\/index.php\/2020\/09\/18\/jornalista-detona-diretoria-do-flamengo-bando-de-cretinos\/\" \/>\n<meta property=\"og:locale\" content=\"pt_BR\" \/>\n<meta property=\"og:type\" content=\"article\" \/>\n<meta property=\"og:title\" content=\"Jornalista detona diretoria do Flamengo: &#039;Bando de cretinos&#039;\" \/>\n<meta property=\"og:description\" content=\"Ap\u00f3s a partida, o jornalista compartilhou uma foto da delega\u00e7\u00e3o de dirigentes do Flamengo, chamando-os de &#039;cretinos&#039;.\" \/>\n<meta property=\"og:url\" content=\"https:\/\/www.gaveanews.com\/index.php\/2020\/09\/18\/jornalista-detona-diretoria-do-flamengo-bando-de-cretinos\/\" \/>\n<meta property=\"og:site_name\" content=\"G\u00e1vea News\" \/>\n<meta property=\"article:publisher\" content=\"https:\/\/facebook.com\/gaveaNews\/\" \/>\n<meta property=\"article:published_time\" content=\"2020-09-18T18:33:07+00:00\" \/>\n<meta property=\"article:modified_time\" content=\"2020-09-18T18:33:09+00:00\" \/>\n<meta property=\"og:image\" content=\"https:\/\/www.gaveanews.com\/wp-content\/uploads\/2019\/03\/Rodolfo-Landim-durante-entrevista-coletiva-na-Gavea.webp\" \/>\n\t<meta property=\"og:image:width\" content=\"1\" \/>\n\t<meta property=\"og:image:height\" content=\"1\" \/>\n\t<meta property=\"og:image:type\" content=\"image\/jpeg\" \/>\n<meta name=\"author\" content=\"Equipe G\u00e1vea News\" \/>\n<meta name=\"twitter:card\" content=\"summary_large_image\" \/>\n<meta name=\"twitter:label1\" content=\"Escrito por\" \/>\n\t<meta name=\"twitter:data1\" content=\"Equipe G\u00e1vea News\" \/>\n\t<meta name=\"twitter:label2\" content=\"Est. tempo de leitura\" \/>\n\t<meta name=\"twitter:data2\" content=\"2 minutos\" \/>\n<script type=\"application\/ld+json\" class=\"yoast-schema-graph\">{\"@context\":\"https:\/\/schema.org\",\"@graph\":[{\"@type\":\"NewsArticle\",\"@id\":\"https:\/\/www.gaveanews.com\/index.php\/2020\/09\/18\/jornalista-detona-diretoria-do-flamengo-bando-de-cretinos\/#article\",\"isPartOf\":{\"@id\":\"https:\/\/www.gaveanews.com\/index.php\/2020\/09\/18\/jornalista-detona-diretoria-do-flamengo-bando-de-cretinos\/\"},\"author\":{\"name\":\"Equipe G\u00e1vea News\",\"@id\":\"https:\/\/www.gaveanews.com\/#\/schema\/person\/2ec14f73fb96be2caf28f91afb14749d\"},\"headline\":\"Jornalista detona diretoria do Flamengo: &#8216;Bando de cretinos&#8217;\",\"datePublished\":\"2020-09-18T18:33:07+00:00\",\"dateModified\":\"2020-09-18T18:33:09+00:00\",\"mainEntityOfPage\":{\"@id\":\"https:\/\/www.gaveanews.com\/index.php\/2020\/09\/18\/jornalista-detona-diretoria-do-flamengo-bando-de-cretinos\/\"},\"wordCount\":342,\"commentCount\":44,\"image\":{\"@id\":\"https:\/\/www.gaveanews.com\/index.php\/2020\/09\/18\/jornalista-detona-diretoria-do-flamengo-bando-de-cretinos\/#primaryimage\"},\"thumbnailUrl\":\"https:\/\/www.gaveanews.com\/wp-content\/uploads\/2019\/03\/Rodolfo-Landim-durante-entrevista-coletiva-na-Gavea.webp\",\"articleSection\":[\"Destaques\"],\"inLanguage\":\"pt-BR\",\"potentialAction\":[{\"@type\":\"CommentAction\",\"name\":\"Comment\",\"target\":[\"https:\/\/www.gaveanews.com\/index.php\/2020\/09\/18\/jornalista-detona-diretoria-do-flamengo-bando-de-cretinos\/#respond\"]}],\"copyrightYear\":\"2020\",\"copyrightHolder\":{\"@id\":\"https:\/\/www.gaveanews.com\/#organization\"}},{\"@type\":\"WebPage\",\"@id\":\"https:\/\/www.gaveanews.com\/index.php\/2020\/09\/18\/jornalista-detona-diretoria-do-flamengo-bando-de-cretinos\/\",\"url\":\"https:\/\/www.gaveanews.com\/index.php\/2020\/09\/18\/jornalista-detona-diretoria-do-flamengo-bando-de-cretinos\/\",\"name\":\"Jornalista detona diretoria do Flamengo: 'Bando de cretinos'\",\"isPartOf\":{\"@id\":\"https:\/\/www.gaveanews.com\/#website\"},\"primaryImageOfPage\":{\"@id\":\"https:\/\/www.gaveanews.com\/index.php\/2020\/09\/18\/jornalista-detona-diretoria-do-flamengo-bando-de-cretinos\/#primaryimage\"},\"image\":{\"@id\":\"https:\/\/www.gaveanews.com\/index.php\/2020\/09\/18\/jornalista-detona-diretoria-do-flamengo-bando-de-cretinos\/#primaryimage\"},\"thumbnailUrl\":\"https:\/\/www.gaveanews.com\/wp-content\/uploads\/2019\/03\/Rodolfo-Landim-durante-entrevista-coletiva-na-Gavea.webp\",\"datePublished\":\"2020-09-18T18:33:07+00:00\",\"dateModified\":\"2020-09-18T18:33:09+00:00\",\"author\":{\"@id\":\"https:\/\/www.gaveanews.com\/#\/schema\/person\/2ec14f73fb96be2caf28f91afb14749d\"},\"description\":\"Ap\u00f3s a partida, o jornalista compartilhou uma foto da delega\u00e7\u00e3o de dirigentes do Flamengo, chamando-os de 'cretinos'.\",\"breadcrumb\":{\"@id\":\"https:\/\/www.gaveanews.com\/index.php\/2020\/09\/18\/jornalista-detona-diretoria-do-flamengo-bando-de-cretinos\/#breadcrumb\"},\"inLanguage\":\"pt-BR\",\"potentialAction\":[{\"@type\":\"ReadAction\",\"target\":[\"https:\/\/www.gaveanews.com\/index.php\/2020\/09\/18\/jornalista-detona-diretoria-do-flamengo-bando-de-cretinos\/\"]}]},{\"@type\":\"ImageObject\",\"inLanguage\":\"pt-BR\",\"@id\":\"https:\/\/www.gaveanews.com\/index.php\/2020\/09\/18\/jornalista-detona-diretoria-do-flamengo-bando-de-cretinos\/#primaryimage\",\"url\":\"https:\/\/www.gaveanews.com\/wp-content\/uploads\/2019\/03\/Rodolfo-Landim-durante-entrevista-coletiva-na-Gavea.webp\",\"contentUrl\":\"https:\/\/www.gaveanews.com\/wp-content\/uploads\/2019\/03\/Rodolfo-Landim-durante-entrevista-coletiva-na-Gavea.webp\",\"width\":900,\"height\":599,\"caption\":\"Rodolfo Landim durante entrevista coletiva na G\u00e1vea (Foto: Ag\u00eancia Foto BR)\"},{\"@type\":\"BreadcrumbList\",\"@id\":\"https:\/\/www.gaveanews.com\/index.php\/2020\/09\/18\/jornalista-detona-diretoria-do-flamengo-bando-de-cretinos\/#breadcrumb\",\"itemListElement\":[{\"@type\":\"ListItem\",\"position\":1,\"name\":\"Home\",\"item\":\"https:\/\/www.gaveanews.com\/\"},{\"@type\":\"ListItem\",\"position\":2,\"name\":\"Jornalista detona diretoria do Flamengo: &#8216;Bando de cretinos&#8217;\"}]},{\"@type\":\"WebSite\",\"@id\":\"https:\/\/www.gaveanews.com\/#website\",\"url\":\"https:\/\/www.gaveanews.com\/\",\"name\":\"G\u00e1vea News\",\"description\":\"Veja todas as not\u00edcias sobre o Flamengo: Contrata\u00e7\u00f5es, categorias de base, resultados das partidas, tabela de classifica\u00e7\u00e3o, pr\u00f3ximos jogos!\",\"potentialAction\":[{\"@type\":\"SearchAction\",\"target\":{\"@type\":\"EntryPoint\",\"urlTemplate\":\"https:\/\/www.gaveanews.com\/?s={search_term_string}\"},\"query-input\":{\"@type\":\"PropertyValueSpecification\",\"valueRequired\":true,\"valueName\":\"search_term_string\"}}],\"inLanguage\":\"pt-BR\"},{\"@type\":\"Person\",\"@id\":\"https:\/\/www.gaveanews.com\/#\/schema\/person\/2ec14f73fb96be2caf28f91afb14749d\",\"name\":\"Equipe G\u00e1vea News\",\"image\":{\"@type\":\"ImageObject\",\"inLanguage\":\"pt-BR\",\"@id\":\"https:\/\/www.gaveanews.com\/#\/schema\/person\/image\/\",\"url\":\"https:\/\/secure.gravatar.com\/avatar\/1e1956f1facbffd3f8fa53a326721950116b3b9dc9bd44939c01180fd4a745a9?s=96&d=mm&r=g\",\"contentUrl\":\"https:\/\/secure.gravatar.com\/avatar\/1e1956f1facbffd3f8fa53a326721950116b3b9dc9bd44939c01180fd4a745a9?s=96&d=mm&r=g\",\"caption\":\"Equipe G\u00e1vea News\"}}]}<\/script>\n<!-- \/ Yoast SEO Premium plugin. -->","yoast_head_json":{"title":"Jornalista detona diretoria do Flamengo: 'Bando de cretinos'","description":"Ap\u00f3s a partida, o jornalista compartilhou uma foto da delega\u00e7\u00e3o de dirigentes do Flamengo, chamando-os de 'cretinos'.","robots":{"index":"index","follow":"follow","max-snippet":"max-snippet:-1","max-image-preview":"max-image-preview:large","max-video-preview":"max-video-preview:-1"},"canonical":"https:\/\/www.gaveanews.com\/index.php\/2020\/09\/18\/jornalista-detona-diretoria-do-flamengo-bando-de-cretinos\/","og_locale":"pt_BR","og_type":"article","og_title":"Jornalista detona diretoria do Flamengo: 'Bando de cretinos'","og_description":"Ap\u00f3s a partida, o jornalista compartilhou uma foto da delega\u00e7\u00e3o de dirigentes do Flamengo, chamando-os de 'cretinos'.","og_url":"https:\/\/www.gaveanews.com\/index.php\/2020\/09\/18\/jornalista-detona-diretoria-do-flamengo-bando-de-cretinos\/","og_site_name":"G\u00e1vea News","article_publisher":"https:\/\/facebook.com\/gaveaNews\/","article_published_time":"2020-09-18T18:33:07+00:00","article_modified_time":"2020-09-18T18:33:09+00:00","og_image":[{"url":"https:\/\/www.gaveanews.com\/wp-content\/uploads\/2019\/03\/Rodolfo-Landim-durante-entrevista-coletiva-na-Gavea.webp","width":1,"height":1,"type":"image\/jpeg"}],"author":"Equipe G\u00e1vea News","twitter_card":"summary_large_image","twitter_misc":{"Escrito por":"Equipe G\u00e1vea News","Est. tempo de leitura":"2 minutos"},"schema":{"@context":"https:\/\/schema.org","@graph":[{"@type":"NewsArticle","@id":"https:\/\/www.gaveanews.com\/index.php\/2020\/09\/18\/jornalista-detona-diretoria-do-flamengo-bando-de-cretinos\/#article","isPartOf":{"@id":"https:\/\/www.gaveanews.com\/index.php\/2020\/09\/18\/jornalista-detona-diretoria-do-flamengo-bando-de-cretinos\/"},"author":{"name":"Equipe G\u00e1vea News","@id":"https:\/\/www.gaveanews.com\/#\/schema\/person\/2ec14f73fb96be2caf28f91afb14749d"},"headline":"Jornalista detona diretoria do Flamengo: &#8216;Bando de cretinos&#8217;","datePublished":"2020-09-18T18:33:07+00:00","dateModified":"2020-09-18T18:33:09+00:00","mainEntityOfPage":{"@id":"https:\/\/www.gaveanews.com\/index.php\/2020\/09\/18\/jornalista-detona-diretoria-do-flamengo-bando-de-cretinos\/"},"wordCount":342,"commentCount":44,"image":{"@id":"https:\/\/www.gaveanews.com\/index.php\/2020\/09\/18\/jornalista-detona-diretoria-do-flamengo-bando-de-cretinos\/#primaryimage"},"thumbnailUrl":"https:\/\/www.gaveanews.com\/wp-content\/uploads\/2019\/03\/Rodolfo-Landim-durante-entrevista-coletiva-na-Gavea.webp","articleSection":["Destaques"],"inLanguage":"pt-BR","potentialAction":[{"@type":"CommentAction","name":"Comment","target":["https:\/\/www.gaveanews.com\/index.php\/2020\/09\/18\/jornalista-detona-diretoria-do-flamengo-bando-de-cretinos\/#respond"]}],"copyrightYear":"2020","copyrightHolder":{"@id":"https:\/\/www.gaveanews.com\/#organization"}},{"@type":"WebPage","@id":"https:\/\/www.gaveanews.com\/index.php\/2020\/09\/18\/jornalista-detona-diretoria-do-flamengo-bando-de-cretinos\/","url":"https:\/\/www.gaveanews.com\/index.php\/2020\/09\/18\/jornalista-detona-diretoria-do-flamengo-bando-de-cretinos\/","name":"Jornalista detona diretoria do Flamengo: 'Bando de cretinos'","isPartOf":{"@id":"https:\/\/www.gaveanews.com\/#website"},"primaryImageOfPage":{"@id":"https:\/\/www.gaveanews.com\/index.php\/2020\/09\/18\/jornalista-detona-diretoria-do-flamengo-bando-de-cretinos\/#primaryimage"},"image":{"@id":"https:\/\/www.gaveanews.com\/index.php\/2020\/09\/18\/jornalista-detona-diretoria-do-flamengo-bando-de-cretinos\/#primaryimage"},"thumbnailUrl":"https:\/\/www.gaveanews.com\/wp-content\/uploads\/2019\/03\/Rodolfo-Landim-durante-entrevista-coletiva-na-Gavea.webp","datePublished":"2020-09-18T18:33:07+00:00","dateModified":"2020-09-18T18:33:09+00:00","author":{"@id":"https:\/\/www.gaveanews.com\/#\/schema\/person\/2ec14f73fb96be2caf28f91afb14749d"},"description":"Ap\u00f3s a partida, o jornalista compartilhou uma foto da delega\u00e7\u00e3o de dirigentes do Flamengo, chamando-os de 'cretinos'.","breadcrumb":{"@id":"https:\/\/www.gaveanews.com\/index.php\/2020\/09\/18\/jornalista-detona-diretoria-do-flamengo-bando-de-cretinos\/#breadcrumb"},"inLanguage":"pt-BR","potentialAction":[{"@type":"ReadAction","target":["https:\/\/www.gaveanews.com\/index.php\/2020\/09\/18\/jornalista-detona-diretoria-do-flamengo-bando-de-cretinos\/"]}]},{"@type":"ImageObject","inLanguage":"pt-BR","@id":"https:\/\/www.gaveanews.com\/index.php\/2020\/09\/18\/jornalista-detona-diretoria-do-flamengo-bando-de-cretinos\/#primaryimage","url":"https:\/\/www.gaveanews.com\/wp-content\/uploads\/2019\/03\/Rodolfo-Landim-durante-entrevista-coletiva-na-Gavea.webp","contentUrl":"https:\/\/www.gaveanews.com\/wp-content\/uploads\/2019\/03\/Rodolfo-Landim-durante-entrevista-coletiva-na-Gavea.webp","width":900,"height":599,"caption":"Rodolfo Landim durante entrevista coletiva na G\u00e1vea (Foto: Ag\u00eancia Foto BR)"},{"@type":"BreadcrumbList","@id":"https:\/\/www.gaveanews.com\/index.php\/2020\/09\/18\/jornalista-detona-diretoria-do-flamengo-bando-de-cretinos\/#breadcrumb","itemListElement":[{"@type":"ListItem","position":1,"name":"Home","item":"https:\/\/www.gaveanews.com\/"},{"@type":"ListItem","position":2,"name":"Jornalista detona diretoria do Flamengo: &#8216;Bando de cretinos&#8217;"}]},{"@type":"WebSite","@id":"https:\/\/www.gaveanews.com\/#website","url":"https:\/\/www.gaveanews.com\/","name":"G\u00e1vea News","description":"Veja todas as not\u00edcias sobre o Flamengo: Contrata\u00e7\u00f5es, categorias de base, resultados das partidas, tabela de classifica\u00e7\u00e3o, pr\u00f3ximos jogos!","potentialAction":[{"@type":"SearchAction","target":{"@type":"EntryPoint","urlTemplate":"https:\/\/www.gaveanews.com\/?s={search_term_string}"},"query-input":{"@type":"PropertyValueSpecification","valueRequired":true,"valueName":"search_term_string"}}],"inLanguage":"pt-BR"},{"@type":"Person","@id":"https:\/\/www.gaveanews.com\/#\/schema\/person\/2ec14f73fb96be2caf28f91afb14749d","name":"Equipe G\u00e1vea News","image":{"@type":"ImageObject","inLanguage":"pt-BR","@id":"https:\/\/www.gaveanews.com\/#\/schema\/person\/image\/","url":"https:\/\/secure.gravatar.com\/avatar\/1e1956f1facbffd3f8fa53a326721950116b3b9dc9bd44939c01180fd4a745a9?s=96&d=mm&r=g","contentUrl":"https:\/\/secure.gravatar.com\/avatar\/1e1956f1facbffd3f8fa53a326721950116b3b9dc9bd44939c01180fd4a745a9?s=96&d=mm&r=g","caption":"Equipe G\u00e1vea News"}}]}},"_links":{"self":[{"href":"https:\/\/www.gaveanews.com\/index.php\/wp-json\/wp\/v2\/posts\/47646","targetHints":{"allow":["GET"]}}],"collection":[{"href":"https:\/\/www.gaveanews.com\/index.php\/wp-json\/wp\/v2\/posts"}],"about":[{"href":"https:\/\/www.gaveanews.com\/index.php\/wp-json\/wp\/v2\/types\/post"}],"author":[{"embeddable":true,"href":"https:\/\/www.gaveanews.com\/index.php\/wp-json\/wp\/v2\/users\/1"}],"replies":[{"embeddable":true,"href":"https:\/\/www.gaveanews.com\/index.php\/wp-json\/wp\/v2\/comments?post=47646"}],"version-history":[{"count":0,"href":"https:\/\/www.gaveanews.com\/index.php\/wp-json\/wp\/v2\/posts\/47646\/revisions"}],"wp:featuredmedia":[{"embeddable":true,"href":"https:\/\/www.gaveanews.com\/index.php\/wp-json\/wp\/v2\/media\/15077"}],"wp:attachment":[{"href":"https:\/\/www.gaveanews.com\/index.php\/wp-json\/wp\/v2\/media?parent=47646"}],"wp:term":[{"taxonomy":"category","embeddable":true,"href":"https:\/\/www.gaveanews.com\/index.php\/wp-json\/wp\/v2\/categories?post=47646"},{"taxonomy":"post_tag","embeddable":true,"href":"https:\/\/www.gaveanews.com\/index.php\/wp-json\/wp\/v2\/tags?post=47646"}],"curies":[{"name":"wp","href":"https:\/\/api.w.org\/{rel}","templated":true}]}}