{"id":47679,"date":"2020-09-19T10:43:22","date_gmt":"2020-09-19T13:43:22","guid":{"rendered":"https:\/\/www.gaveanews.com\/?p=47679"},"modified":"2024-04-06T23:23:17","modified_gmt":"2024-04-07T02:23:17","slug":"tite-revela-porque-nao-convocou-gabigol","status":"publish","type":"post","link":"https:\/\/www.gaveanews.com\/index.php\/2020\/09\/19\/tite-revela-porque-nao-convocou-gabigol\/","title":{"rendered":"Tite revela porque n\u00e3o convocou Gabigol"},"content":{"rendered":"\n<p>Os altos e baixos marcaram as decis\u00f5es de Tite em rela\u00e7\u00e3o \u00e0 convoca\u00e7\u00e3o para a Sele\u00e7\u00e3o Brasileira de jogadores que defendem o Flamengo. Em entrevista coletiva online na \u00faltima sexta-feira, o t\u00e9cnico ressaltou que o &#8220;hist\u00f3rico&#8221; foi crucial para que Rodrigo Caio recebesse uma oportunidade entre os 23 escolhidos para as partidas contra Bol\u00edvia e Peru, nos dias 9 e 13 de outubro, respectivamente.<\/p>\n\n\n\n<p>\u2014 O Rodrigo Caio j\u00e1 vem h\u00e1 bastante tempo na (Sele\u00e7\u00e3o) Ol\u00edmpica e tamb\u00e9m na principal. E a\u00ed tem todo um hist\u00f3rico de desempenho, tanto no S\u00e3o Paulo quanto no Flamengo, de alto n\u00edvel &#8211; destacou.<\/p>\n\n\n\n<p>Al\u00e9m disto, o fato de seguir com ares de titular absoluto da defesa rubro-negra fez a diferen\u00e7a para que o camisa 3 seguisse entre os cotados para a Sele\u00e7\u00e3o.<\/p>\n\n\n\n<p>\u2014 A sua conduta e a retomada no padr\u00e3o. Ent\u00e3o, a gente j\u00e1 tem esse grau de confian\u00e7a, e as participa\u00e7\u00f5es dele, o hist\u00f3rico na sele\u00e7\u00e3o, me deixam muito confort\u00e1vel e tranquilo. Ele faz tudo dentro do que eu estabele\u00e7o como crit\u00e9rios. Como gosto de falar, ele merece, pelo desempenho e pela conduta &#8211; completou.<\/p>\n\n\n\n<p>Everton Ribeiro, que tem sido fundamental para abrir caminho para as investidas do Flamengo desde a retomada (al\u00e9m dos dois gols marcados), desembarca em uma Sele\u00e7\u00e3o que ainda quer achar varia\u00e7\u00f5es ofensivas.<\/p>\n\n\n\n<p>\u2014 Vamos buscar equil\u00edbrio no meio-campo, com as possibilidades e nomes que temos. Uma equipe com padr\u00e3o e identidade que voc\u00eas j\u00e1 sabem, principalmente em seus jogos oficiais, e ajustando para ter equil\u00edbrio, desempenho e resultado<\/p>\n\n\n\n<p>Um dos ausentes que mais chamaram aten\u00e7\u00e3o na lista da \u00faltima sexta-feira, Gabigol viu Tite rever um conceito sobre seu desempenho tir\u00e1-lo do in\u00edcio brasileiro nas Eliminat\u00f3rias. Aos olhos do comandante, a oscila\u00e7\u00e3o custou caro ao camisa 9. Segundo o comandante da Sele\u00e7\u00e3o, o desempenho n\u00e3o teve a ver com a equipe de Dom\u00e8nec Torrent.<\/p>\n\n\n\n<p>\u2014 Voc\u00ea falou do chamado de mar\u00e7o para setembro\u2026 S\u00e3o seis meses. Mas o que vale \u00e9 o desempenho t\u00e9cnico, individual. Eu falo para atleta: a mec\u00e2nica da equipe \u00e9 uma coisa, o dom\u00ednio, o passe, estar em forma, isso \u00e9 responsabilidade do atleta. Serve para todos &#8211; e frisou:<\/p>\n\n\n\n<p>\u2014 Fazemos an\u00e1lise muito mais individual do que o coletivo. O coletivo auxilia? Claro. Mas s\u00e3o as duas coisas &#8211; complementou.<\/p>\n\n\n\n<p>Assim como Gabigol, Bruno Henrique foi um dos jogadores que Tite modificou dos convocados para os confrontos com Bol\u00edvia e Peru previstos inicialmente para o fim de mar\u00e7o (e adiados em virtude da escalada da pandemia do novo coronav\u00edrus). Al\u00e9m da dupla, os goleiros Ederson, do Manchester City e Ivan, da Ponte Preta, o zagueiro Eder Milit\u00e3o e o atacante Rodrygo, do Real Madrid, o lateral-direito Daniel Alves, do S\u00e3o Paulo, o lateral-esquerdo Alex Sandro e o meio-campista Arthur, da Juventus.<\/p>\n\n\n\n<p>Retirado de: Lance<\/p>\n","protected":false},"excerpt":{"rendered":"<p>Os altos e baixos marcaram as decis\u00f5es de Tite em rela\u00e7\u00e3o \u00e0 convoca\u00e7\u00e3o para a Sele\u00e7\u00e3o Brasileira de jogadores que defendem o Flamengo. Em entrevista coletiva online na \u00faltima sexta-feira, o t\u00e9cnico ressaltou que o &#8220;hist\u00f3rico&#8221; foi crucial para que Rodrigo Caio recebesse uma oportunidade entre os 23 escolhidos para as partidas contra Bol\u00edvia e [&hellip;]<\/p>\n","protected":false},"author":1,"featured_media":23781,"comment_status":"open","ping_status":"closed","sticky":false,"template":"","format":"standard","meta":{"footnotes":""},"categories":[1],"tags":[171],"class_list":["post-47679","post","type-post","status-publish","format-standard","has-post-thumbnail","hentry","category-flamengo","tag-adenor-leonardo-bachi-tite"],"yoast_head":"<!-- This site is optimized with the Yoast SEO Premium plugin v24.2 (Yoast SEO v26.9) - https:\/\/yoast.com\/product\/yoast-seo-premium-wordpress\/ -->\n<title>Tite revela porque n\u00e3o convocou Gabigol<\/title>\n<meta name=\"description\" content=\"Os altos e baixos marcaram as decis\u00f5es de Tite em rela\u00e7\u00e3o \u00e0 convoca\u00e7\u00e3o para a Sele\u00e7\u00e3o Brasileira de jogadores que defendem o Flamengo.\" \/>\n<meta name=\"robots\" content=\"index, follow, max-snippet:-1, max-image-preview:large, max-video-preview:-1\" \/>\n<link rel=\"canonical\" href=\"https:\/\/www.gaveanews.com\/index.php\/2020\/09\/19\/tite-revela-porque-nao-convocou-gabigol\/\" \/>\n<meta property=\"og:locale\" content=\"pt_BR\" \/>\n<meta property=\"og:type\" content=\"article\" \/>\n<meta property=\"og:title\" content=\"Tite revela porque n\u00e3o convocou Gabigol\" \/>\n<meta property=\"og:description\" content=\"Os altos e baixos marcaram as decis\u00f5es de Tite em rela\u00e7\u00e3o \u00e0 convoca\u00e7\u00e3o para a Sele\u00e7\u00e3o Brasileira de jogadores que defendem o Flamengo.\" \/>\n<meta property=\"og:url\" content=\"https:\/\/www.gaveanews.com\/index.php\/2020\/09\/19\/tite-revela-porque-nao-convocou-gabigol\/\" \/>\n<meta property=\"og:site_name\" content=\"G\u00e1vea News\" \/>\n<meta property=\"article:publisher\" content=\"https:\/\/facebook.com\/gaveaNews\/\" \/>\n<meta property=\"article:published_time\" content=\"2020-09-19T13:43:22+00:00\" \/>\n<meta property=\"article:modified_time\" content=\"2024-04-07T02:23:17+00:00\" \/>\n<meta property=\"og:image\" content=\"https:\/\/www.gaveanews.com\/wp-content\/uploads\/2019\/07\/Tite-durante-coletiva-de-imprensa-do-Brasil.webp\" \/>\n\t<meta property=\"og:image:width\" content=\"960\" \/>\n\t<meta property=\"og:image:height\" content=\"639\" \/>\n\t<meta property=\"og:image:type\" content=\"image\/jpeg\" \/>\n<meta name=\"author\" content=\"Equipe G\u00e1vea News\" \/>\n<meta name=\"twitter:card\" content=\"summary_large_image\" \/>\n<meta name=\"twitter:label1\" content=\"Escrito por\" \/>\n\t<meta name=\"twitter:data1\" content=\"Equipe G\u00e1vea News\" \/>\n\t<meta name=\"twitter:label2\" content=\"Est. tempo de leitura\" \/>\n\t<meta name=\"twitter:data2\" content=\"3 minutos\" \/>\n<script type=\"application\/ld+json\" class=\"yoast-schema-graph\">{\"@context\":\"https:\/\/schema.org\",\"@graph\":[{\"@type\":\"NewsArticle\",\"@id\":\"https:\/\/www.gaveanews.com\/index.php\/2020\/09\/19\/tite-revela-porque-nao-convocou-gabigol\/#article\",\"isPartOf\":{\"@id\":\"https:\/\/www.gaveanews.com\/index.php\/2020\/09\/19\/tite-revela-porque-nao-convocou-gabigol\/\"},\"author\":{\"name\":\"Equipe G\u00e1vea News\",\"@id\":\"https:\/\/www.gaveanews.com\/#\/schema\/person\/2ec14f73fb96be2caf28f91afb14749d\"},\"headline\":\"Tite revela porque n\u00e3o convocou Gabigol\",\"datePublished\":\"2020-09-19T13:43:22+00:00\",\"dateModified\":\"2024-04-07T02:23:17+00:00\",\"mainEntityOfPage\":{\"@id\":\"https:\/\/www.gaveanews.com\/index.php\/2020\/09\/19\/tite-revela-porque-nao-convocou-gabigol\/\"},\"wordCount\":508,\"commentCount\":26,\"image\":{\"@id\":\"https:\/\/www.gaveanews.com\/index.php\/2020\/09\/19\/tite-revela-porque-nao-convocou-gabigol\/#primaryimage\"},\"thumbnailUrl\":\"https:\/\/www.gaveanews.com\/wp-content\/uploads\/2019\/07\/Tite-durante-coletiva-de-imprensa-do-Brasil.webp\",\"keywords\":[\"Adenor Leonardo Bachi\"],\"articleSection\":[\"Flamengo\"],\"inLanguage\":\"pt-BR\",\"potentialAction\":[{\"@type\":\"CommentAction\",\"name\":\"Comment\",\"target\":[\"https:\/\/www.gaveanews.com\/index.php\/2020\/09\/19\/tite-revela-porque-nao-convocou-gabigol\/#respond\"]}],\"copyrightYear\":\"2020\",\"copyrightHolder\":{\"@id\":\"https:\/\/www.gaveanews.com\/#organization\"}},{\"@type\":\"WebPage\",\"@id\":\"https:\/\/www.gaveanews.com\/index.php\/2020\/09\/19\/tite-revela-porque-nao-convocou-gabigol\/\",\"url\":\"https:\/\/www.gaveanews.com\/index.php\/2020\/09\/19\/tite-revela-porque-nao-convocou-gabigol\/\",\"name\":\"Tite revela porque n\u00e3o convocou Gabigol\",\"isPartOf\":{\"@id\":\"https:\/\/www.gaveanews.com\/#website\"},\"primaryImageOfPage\":{\"@id\":\"https:\/\/www.gaveanews.com\/index.php\/2020\/09\/19\/tite-revela-porque-nao-convocou-gabigol\/#primaryimage\"},\"image\":{\"@id\":\"https:\/\/www.gaveanews.com\/index.php\/2020\/09\/19\/tite-revela-porque-nao-convocou-gabigol\/#primaryimage\"},\"thumbnailUrl\":\"https:\/\/www.gaveanews.com\/wp-content\/uploads\/2019\/07\/Tite-durante-coletiva-de-imprensa-do-Brasil.webp\",\"datePublished\":\"2020-09-19T13:43:22+00:00\",\"dateModified\":\"2024-04-07T02:23:17+00:00\",\"author\":{\"@id\":\"https:\/\/www.gaveanews.com\/#\/schema\/person\/2ec14f73fb96be2caf28f91afb14749d\"},\"description\":\"Os altos e baixos marcaram as decis\u00f5es de Tite em rela\u00e7\u00e3o \u00e0 convoca\u00e7\u00e3o para a Sele\u00e7\u00e3o Brasileira de jogadores que defendem o Flamengo.\",\"breadcrumb\":{\"@id\":\"https:\/\/www.gaveanews.com\/index.php\/2020\/09\/19\/tite-revela-porque-nao-convocou-gabigol\/#breadcrumb\"},\"inLanguage\":\"pt-BR\",\"potentialAction\":[{\"@type\":\"ReadAction\",\"target\":[\"https:\/\/www.gaveanews.com\/index.php\/2020\/09\/19\/tite-revela-porque-nao-convocou-gabigol\/\"]}]},{\"@type\":\"ImageObject\",\"inLanguage\":\"pt-BR\",\"@id\":\"https:\/\/www.gaveanews.com\/index.php\/2020\/09\/19\/tite-revela-porque-nao-convocou-gabigol\/#primaryimage\",\"url\":\"https:\/\/www.gaveanews.com\/wp-content\/uploads\/2019\/07\/Tite-durante-coletiva-de-imprensa-do-Brasil.webp\",\"contentUrl\":\"https:\/\/www.gaveanews.com\/wp-content\/uploads\/2019\/07\/Tite-durante-coletiva-de-imprensa-do-Brasil.webp\",\"width\":960,\"height\":639,\"caption\":\"Tite durante coletiva de imprensa do Brasil (Foto: Lucas Figueiredo\/CBF)\"},{\"@type\":\"BreadcrumbList\",\"@id\":\"https:\/\/www.gaveanews.com\/index.php\/2020\/09\/19\/tite-revela-porque-nao-convocou-gabigol\/#breadcrumb\",\"itemListElement\":[{\"@type\":\"ListItem\",\"position\":1,\"name\":\"Home\",\"item\":\"https:\/\/www.gaveanews.com\/\"},{\"@type\":\"ListItem\",\"position\":2,\"name\":\"Tite revela porque n\u00e3o convocou Gabigol\"}]},{\"@type\":\"WebSite\",\"@id\":\"https:\/\/www.gaveanews.com\/#website\",\"url\":\"https:\/\/www.gaveanews.com\/\",\"name\":\"G\u00e1vea News\",\"description\":\"Veja todas as not\u00edcias sobre o Flamengo: Contrata\u00e7\u00f5es, categorias de base, resultados das partidas, tabela de classifica\u00e7\u00e3o, pr\u00f3ximos jogos!\",\"potentialAction\":[{\"@type\":\"SearchAction\",\"target\":{\"@type\":\"EntryPoint\",\"urlTemplate\":\"https:\/\/www.gaveanews.com\/?s={search_term_string}\"},\"query-input\":{\"@type\":\"PropertyValueSpecification\",\"valueRequired\":true,\"valueName\":\"search_term_string\"}}],\"inLanguage\":\"pt-BR\"},{\"@type\":\"Person\",\"@id\":\"https:\/\/www.gaveanews.com\/#\/schema\/person\/2ec14f73fb96be2caf28f91afb14749d\",\"name\":\"Equipe G\u00e1vea News\",\"image\":{\"@type\":\"ImageObject\",\"inLanguage\":\"pt-BR\",\"@id\":\"https:\/\/www.gaveanews.com\/#\/schema\/person\/image\/\",\"url\":\"https:\/\/secure.gravatar.com\/avatar\/1e1956f1facbffd3f8fa53a326721950116b3b9dc9bd44939c01180fd4a745a9?s=96&d=mm&r=g\",\"contentUrl\":\"https:\/\/secure.gravatar.com\/avatar\/1e1956f1facbffd3f8fa53a326721950116b3b9dc9bd44939c01180fd4a745a9?s=96&d=mm&r=g\",\"caption\":\"Equipe G\u00e1vea News\"}}]}<\/script>\n<!-- \/ Yoast SEO Premium plugin. -->","yoast_head_json":{"title":"Tite revela porque n\u00e3o convocou Gabigol","description":"Os altos e baixos marcaram as decis\u00f5es de Tite em rela\u00e7\u00e3o \u00e0 convoca\u00e7\u00e3o para a Sele\u00e7\u00e3o Brasileira de jogadores que defendem o Flamengo.","robots":{"index":"index","follow":"follow","max-snippet":"max-snippet:-1","max-image-preview":"max-image-preview:large","max-video-preview":"max-video-preview:-1"},"canonical":"https:\/\/www.gaveanews.com\/index.php\/2020\/09\/19\/tite-revela-porque-nao-convocou-gabigol\/","og_locale":"pt_BR","og_type":"article","og_title":"Tite revela porque n\u00e3o convocou Gabigol","og_description":"Os altos e baixos marcaram as decis\u00f5es de Tite em rela\u00e7\u00e3o \u00e0 convoca\u00e7\u00e3o para a Sele\u00e7\u00e3o Brasileira de jogadores que defendem o Flamengo.","og_url":"https:\/\/www.gaveanews.com\/index.php\/2020\/09\/19\/tite-revela-porque-nao-convocou-gabigol\/","og_site_name":"G\u00e1vea News","article_publisher":"https:\/\/facebook.com\/gaveaNews\/","article_published_time":"2020-09-19T13:43:22+00:00","article_modified_time":"2024-04-07T02:23:17+00:00","og_image":[{"width":960,"height":639,"url":"https:\/\/www.gaveanews.com\/wp-content\/uploads\/2019\/07\/Tite-durante-coletiva-de-imprensa-do-Brasil.webp","type":"image\/jpeg"}],"author":"Equipe G\u00e1vea News","twitter_card":"summary_large_image","twitter_misc":{"Escrito por":"Equipe G\u00e1vea News","Est. tempo de leitura":"3 minutos"},"schema":{"@context":"https:\/\/schema.org","@graph":[{"@type":"NewsArticle","@id":"https:\/\/www.gaveanews.com\/index.php\/2020\/09\/19\/tite-revela-porque-nao-convocou-gabigol\/#article","isPartOf":{"@id":"https:\/\/www.gaveanews.com\/index.php\/2020\/09\/19\/tite-revela-porque-nao-convocou-gabigol\/"},"author":{"name":"Equipe G\u00e1vea News","@id":"https:\/\/www.gaveanews.com\/#\/schema\/person\/2ec14f73fb96be2caf28f91afb14749d"},"headline":"Tite revela porque n\u00e3o convocou Gabigol","datePublished":"2020-09-19T13:43:22+00:00","dateModified":"2024-04-07T02:23:17+00:00","mainEntityOfPage":{"@id":"https:\/\/www.gaveanews.com\/index.php\/2020\/09\/19\/tite-revela-porque-nao-convocou-gabigol\/"},"wordCount":508,"commentCount":26,"image":{"@id":"https:\/\/www.gaveanews.com\/index.php\/2020\/09\/19\/tite-revela-porque-nao-convocou-gabigol\/#primaryimage"},"thumbnailUrl":"https:\/\/www.gaveanews.com\/wp-content\/uploads\/2019\/07\/Tite-durante-coletiva-de-imprensa-do-Brasil.webp","keywords":["Adenor Leonardo Bachi"],"articleSection":["Flamengo"],"inLanguage":"pt-BR","potentialAction":[{"@type":"CommentAction","name":"Comment","target":["https:\/\/www.gaveanews.com\/index.php\/2020\/09\/19\/tite-revela-porque-nao-convocou-gabigol\/#respond"]}],"copyrightYear":"2020","copyrightHolder":{"@id":"https:\/\/www.gaveanews.com\/#organization"}},{"@type":"WebPage","@id":"https:\/\/www.gaveanews.com\/index.php\/2020\/09\/19\/tite-revela-porque-nao-convocou-gabigol\/","url":"https:\/\/www.gaveanews.com\/index.php\/2020\/09\/19\/tite-revela-porque-nao-convocou-gabigol\/","name":"Tite revela porque n\u00e3o convocou Gabigol","isPartOf":{"@id":"https:\/\/www.gaveanews.com\/#website"},"primaryImageOfPage":{"@id":"https:\/\/www.gaveanews.com\/index.php\/2020\/09\/19\/tite-revela-porque-nao-convocou-gabigol\/#primaryimage"},"image":{"@id":"https:\/\/www.gaveanews.com\/index.php\/2020\/09\/19\/tite-revela-porque-nao-convocou-gabigol\/#primaryimage"},"thumbnailUrl":"https:\/\/www.gaveanews.com\/wp-content\/uploads\/2019\/07\/Tite-durante-coletiva-de-imprensa-do-Brasil.webp","datePublished":"2020-09-19T13:43:22+00:00","dateModified":"2024-04-07T02:23:17+00:00","author":{"@id":"https:\/\/www.gaveanews.com\/#\/schema\/person\/2ec14f73fb96be2caf28f91afb14749d"},"description":"Os altos e baixos marcaram as decis\u00f5es de Tite em rela\u00e7\u00e3o \u00e0 convoca\u00e7\u00e3o para a Sele\u00e7\u00e3o Brasileira de jogadores que defendem o Flamengo.","breadcrumb":{"@id":"https:\/\/www.gaveanews.com\/index.php\/2020\/09\/19\/tite-revela-porque-nao-convocou-gabigol\/#breadcrumb"},"inLanguage":"pt-BR","potentialAction":[{"@type":"ReadAction","target":["https:\/\/www.gaveanews.com\/index.php\/2020\/09\/19\/tite-revela-porque-nao-convocou-gabigol\/"]}]},{"@type":"ImageObject","inLanguage":"pt-BR","@id":"https:\/\/www.gaveanews.com\/index.php\/2020\/09\/19\/tite-revela-porque-nao-convocou-gabigol\/#primaryimage","url":"https:\/\/www.gaveanews.com\/wp-content\/uploads\/2019\/07\/Tite-durante-coletiva-de-imprensa-do-Brasil.webp","contentUrl":"https:\/\/www.gaveanews.com\/wp-content\/uploads\/2019\/07\/Tite-durante-coletiva-de-imprensa-do-Brasil.webp","width":960,"height":639,"caption":"Tite durante coletiva de imprensa do Brasil (Foto: Lucas Figueiredo\/CBF)"},{"@type":"BreadcrumbList","@id":"https:\/\/www.gaveanews.com\/index.php\/2020\/09\/19\/tite-revela-porque-nao-convocou-gabigol\/#breadcrumb","itemListElement":[{"@type":"ListItem","position":1,"name":"Home","item":"https:\/\/www.gaveanews.com\/"},{"@type":"ListItem","position":2,"name":"Tite revela porque n\u00e3o convocou Gabigol"}]},{"@type":"WebSite","@id":"https:\/\/www.gaveanews.com\/#website","url":"https:\/\/www.gaveanews.com\/","name":"G\u00e1vea News","description":"Veja todas as not\u00edcias sobre o Flamengo: Contrata\u00e7\u00f5es, categorias de base, resultados das partidas, tabela de classifica\u00e7\u00e3o, pr\u00f3ximos jogos!","potentialAction":[{"@type":"SearchAction","target":{"@type":"EntryPoint","urlTemplate":"https:\/\/www.gaveanews.com\/?s={search_term_string}"},"query-input":{"@type":"PropertyValueSpecification","valueRequired":true,"valueName":"search_term_string"}}],"inLanguage":"pt-BR"},{"@type":"Person","@id":"https:\/\/www.gaveanews.com\/#\/schema\/person\/2ec14f73fb96be2caf28f91afb14749d","name":"Equipe G\u00e1vea News","image":{"@type":"ImageObject","inLanguage":"pt-BR","@id":"https:\/\/www.gaveanews.com\/#\/schema\/person\/image\/","url":"https:\/\/secure.gravatar.com\/avatar\/1e1956f1facbffd3f8fa53a326721950116b3b9dc9bd44939c01180fd4a745a9?s=96&d=mm&r=g","contentUrl":"https:\/\/secure.gravatar.com\/avatar\/1e1956f1facbffd3f8fa53a326721950116b3b9dc9bd44939c01180fd4a745a9?s=96&d=mm&r=g","caption":"Equipe G\u00e1vea News"}}]}},"_links":{"self":[{"href":"https:\/\/www.gaveanews.com\/index.php\/wp-json\/wp\/v2\/posts\/47679","targetHints":{"allow":["GET"]}}],"collection":[{"href":"https:\/\/www.gaveanews.com\/index.php\/wp-json\/wp\/v2\/posts"}],"about":[{"href":"https:\/\/www.gaveanews.com\/index.php\/wp-json\/wp\/v2\/types\/post"}],"author":[{"embeddable":true,"href":"https:\/\/www.gaveanews.com\/index.php\/wp-json\/wp\/v2\/users\/1"}],"replies":[{"embeddable":true,"href":"https:\/\/www.gaveanews.com\/index.php\/wp-json\/wp\/v2\/comments?post=47679"}],"version-history":[{"count":1,"href":"https:\/\/www.gaveanews.com\/index.php\/wp-json\/wp\/v2\/posts\/47679\/revisions"}],"predecessor-version":[{"id":135267,"href":"https:\/\/www.gaveanews.com\/index.php\/wp-json\/wp\/v2\/posts\/47679\/revisions\/135267"}],"wp:featuredmedia":[{"embeddable":true,"href":"https:\/\/www.gaveanews.com\/index.php\/wp-json\/wp\/v2\/media\/23781"}],"wp:attachment":[{"href":"https:\/\/www.gaveanews.com\/index.php\/wp-json\/wp\/v2\/media?parent=47679"}],"wp:term":[{"taxonomy":"category","embeddable":true,"href":"https:\/\/www.gaveanews.com\/index.php\/wp-json\/wp\/v2\/categories?post=47679"},{"taxonomy":"post_tag","embeddable":true,"href":"https:\/\/www.gaveanews.com\/index.php\/wp-json\/wp\/v2\/tags?post=47679"}],"curies":[{"name":"wp","href":"https:\/\/api.w.org\/{rel}","templated":true}]}}