{"id":47718,"date":"2020-09-20T19:19:28","date_gmt":"2020-09-20T22:19:28","guid":{"rendered":"https:\/\/www.gaveanews.com\/?p=47718"},"modified":"2020-09-20T19:19:30","modified_gmt":"2020-09-20T22:19:30","slug":"novo-modelo-de-tv-da-a-conmebol-mais-poder-sobre-venda-da-libertadores","status":"publish","type":"post","link":"https:\/\/www.gaveanews.com\/index.php\/2020\/09\/20\/novo-modelo-de-tv-da-a-conmebol-mais-poder-sobre-venda-da-libertadores\/","title":{"rendered":"Novo modelo de TV d\u00e1 \u00e0 Conmebol mais poder sobre venda da Libertadores"},"content":{"rendered":"\n<p>A estreia da Libertadores no SBT e o an\u00fancio dos canais Conmebol mostrou uma mudan\u00e7a no modelo de TV da competi\u00e7\u00e3o: a entidade organizadora passa a ter bem mais controle sobre a transmiss\u00e3o. Na realidade, o formato \u00e9 de parcerias que d\u00e3o uma plataforma para a Conmebol exibir seus torneios em vez da tradicional venda de direitos para m\u00eddias.<\/p>\n\n\n\n<p>Primeiro, mostremos como funcionava antes o modelo de transmiss\u00e3o da Libertadores com a Globo. A emissora pagava US$ 60 milh\u00f5es pelos direitos de TV Aberta e TV Fechada. Em troca, recebia s\u00f3 a imagem da Conmebol e fazia o que queria com a comercializa\u00e7\u00e3o do produto, isto \u00e9, o uso de anunciantes.<\/p>\n\n\n\n<p>Lembremos que o fato de a Conmebol filmar e produzir as imagens dos jogos, que ocorre desde 2019, j\u00e1 era uma mudan\u00e7a em rela\u00e7\u00e3o a contratos anteriores. Pelos acordos anteriores, era a Globo e outras emissoras que tinham suas equipes de filmagem, o que lhes dava mais poder sobre o produto.<\/p>\n\n\n\n<p>Bem, voltemos ao tema inicial, o controle da Conmebol sobre a transmiss\u00e3o aumentou no SBT. Durante a transmiss\u00e3o, todos os patrocinadores da competi\u00e7\u00e3o foram exibidos abaixo do placar do jogo. O mesmo foi feito com promo\u00e7\u00f5es como o melhor do jogo, patrocinado por um dos parceiros da entidade. At\u00e9 mensagens institucionais da entidade foram inclu\u00eddas como homenagens a quem combateu \u00e0 Covid.<\/p>\n\n\n\n<p>O SBT, sabe-se, paga menos do que a Globo dava pelos direitos de TV. A diferen\u00e7a entre os n\u00fameros ainda n\u00e3o \u00e9 sabida. Mas essa exibi\u00e7\u00e3o de patrocinadores t\u00eam um valor agregado significativo em publicidade. Ao renovar contratos de patroc\u00ednio, a Conmebol pode garantir que seus parceiros estar\u00e3o na TV Aberta o tempo todo durante a transmiss\u00e3o e cobrar mais por isso.<\/p>\n\n\n\n<p>E os canais da Conmebol? Esse \u00e9 um caso de um controle ainda mais direto da entidade sobre seu produto. Foi firmada uma parceria com a Claro, Sky e Bandsports para criar quatro canais, como mostrado aqui no blog. A comercializa\u00e7\u00e3o em formato de pay-per-view tem renda dividida percentualmente entre as partes.<\/p>\n\n\n\n<p>Com esse modelo, a Conmebol segue entidades como a NBA que tem pacotes pagos exclusivos para suas competi\u00e7\u00f5es organizado pela pr\u00f3pria entidade. N\u00e3o s\u00e3o canais pagos que adquiriram os direitos de TV, mas uma comercializa\u00e7\u00e3o quase direta feita pela entidade.<\/p>\n\n\n\n<p>\u00c9 cedo para saber quanto esse modelo da Conmebol de TV para a Libertadores e Sul-Americana vai gerar de dinheiro. Assim, n\u00e3o d\u00e1 para comparar com a f\u00f3rmula anterior de simples venda de direitos \u00e0 canais de televis\u00e3o. O que se demonstra \u00e9 uma nova experi\u00eancia de mercado que pode virar uma tend\u00eancia caso se torne lucrativa ou pode voltar atr\u00e1s ao formato anterior.<\/p>\n\n\n\n<p>Retirado de: Blog do Rodrigo Mattos<\/p>\n","protected":false},"excerpt":{"rendered":"<p>A estreia da Libertadores no SBT e o an\u00fancio dos canais Conmebol mostrou uma mudan\u00e7a no modelo de TV da competi\u00e7\u00e3o: a entidade organizadora passa a ter bem mais controle sobre a transmiss\u00e3o. Na realidade, o formato \u00e9 de parcerias que d\u00e3o uma plataforma para a Conmebol exibir seus torneios em vez da tradicional venda [&hellip;]<\/p>\n","protected":false},"author":1,"featured_media":35738,"comment_status":"open","ping_status":"closed","sticky":false,"template":"","format":"standard","meta":{"footnotes":""},"categories":[1],"tags":[],"class_list":["post-47718","post","type-post","status-publish","format-standard","has-post-thumbnail","hentry","category-flamengo"],"yoast_head":"<!-- This site is optimized with the Yoast SEO Premium plugin v24.2 (Yoast SEO v26.9) - https:\/\/yoast.com\/product\/yoast-seo-premium-wordpress\/ -->\n<title>Novo modelo de TV d\u00e1 \u00e0 Conmebol mais poder sobre venda da Libertadores<\/title>\n<meta name=\"robots\" content=\"index, follow, max-snippet:-1, max-image-preview:large, max-video-preview:-1\" \/>\n<link rel=\"canonical\" href=\"https:\/\/www.gaveanews.com\/index.php\/2020\/09\/20\/novo-modelo-de-tv-da-a-conmebol-mais-poder-sobre-venda-da-libertadores\/\" \/>\n<meta property=\"og:locale\" content=\"pt_BR\" \/>\n<meta property=\"og:type\" content=\"article\" \/>\n<meta property=\"og:title\" content=\"Novo modelo de TV d\u00e1 \u00e0 Conmebol mais poder sobre venda da Libertadores\" \/>\n<meta property=\"og:description\" content=\"A estreia da Libertadores no SBT e o an\u00fancio dos canais Conmebol mostrou uma mudan\u00e7a no modelo de TV da competi\u00e7\u00e3o: a entidade organizadora passa a ter bem mais controle sobre a transmiss\u00e3o. Na realidade, o formato \u00e9 de parcerias que d\u00e3o uma plataforma para a Conmebol exibir seus torneios em vez da tradicional venda [&hellip;]\" \/>\n<meta property=\"og:url\" content=\"https:\/\/www.gaveanews.com\/index.php\/2020\/09\/20\/novo-modelo-de-tv-da-a-conmebol-mais-poder-sobre-venda-da-libertadores\/\" \/>\n<meta property=\"og:site_name\" content=\"G\u00e1vea News\" \/>\n<meta property=\"article:publisher\" content=\"https:\/\/facebook.com\/gaveaNews\/\" \/>\n<meta property=\"article:published_time\" content=\"2020-09-20T22:19:28+00:00\" \/>\n<meta property=\"article:modified_time\" content=\"2020-09-20T22:19:30+00:00\" \/>\n<meta property=\"og:image\" content=\"https:\/\/www.gaveanews.com\/wp-content\/uploads\/Logomarca-da-Conmebol.webp\" \/>\n\t<meta property=\"og:image:width\" content=\"1162\" \/>\n\t<meta property=\"og:image:height\" content=\"751\" \/>\n\t<meta property=\"og:image:type\" content=\"image\/jpeg\" \/>\n<meta name=\"author\" content=\"Equipe G\u00e1vea News\" \/>\n<meta name=\"twitter:card\" content=\"summary_large_image\" \/>\n<meta name=\"twitter:label1\" content=\"Escrito por\" \/>\n\t<meta name=\"twitter:data1\" content=\"Equipe G\u00e1vea News\" \/>\n\t<meta name=\"twitter:label2\" content=\"Est. tempo de leitura\" \/>\n\t<meta name=\"twitter:data2\" content=\"2 minutos\" \/>\n<script type=\"application\/ld+json\" class=\"yoast-schema-graph\">{\"@context\":\"https:\/\/schema.org\",\"@graph\":[{\"@type\":\"NewsArticle\",\"@id\":\"https:\/\/www.gaveanews.com\/index.php\/2020\/09\/20\/novo-modelo-de-tv-da-a-conmebol-mais-poder-sobre-venda-da-libertadores\/#article\",\"isPartOf\":{\"@id\":\"https:\/\/www.gaveanews.com\/index.php\/2020\/09\/20\/novo-modelo-de-tv-da-a-conmebol-mais-poder-sobre-venda-da-libertadores\/\"},\"author\":{\"name\":\"Equipe G\u00e1vea News\",\"@id\":\"https:\/\/www.gaveanews.com\/#\/schema\/person\/2ec14f73fb96be2caf28f91afb14749d\"},\"headline\":\"Novo modelo de TV d\u00e1 \u00e0 Conmebol mais poder sobre venda da Libertadores\",\"datePublished\":\"2020-09-20T22:19:28+00:00\",\"dateModified\":\"2020-09-20T22:19:30+00:00\",\"mainEntityOfPage\":{\"@id\":\"https:\/\/www.gaveanews.com\/index.php\/2020\/09\/20\/novo-modelo-de-tv-da-a-conmebol-mais-poder-sobre-venda-da-libertadores\/\"},\"wordCount\":486,\"commentCount\":4,\"image\":{\"@id\":\"https:\/\/www.gaveanews.com\/index.php\/2020\/09\/20\/novo-modelo-de-tv-da-a-conmebol-mais-poder-sobre-venda-da-libertadores\/#primaryimage\"},\"thumbnailUrl\":\"https:\/\/www.gaveanews.com\/wp-content\/uploads\/Logomarca-da-Conmebol.webp\",\"articleSection\":[\"Flamengo\"],\"inLanguage\":\"pt-BR\",\"potentialAction\":[{\"@type\":\"CommentAction\",\"name\":\"Comment\",\"target\":[\"https:\/\/www.gaveanews.com\/index.php\/2020\/09\/20\/novo-modelo-de-tv-da-a-conmebol-mais-poder-sobre-venda-da-libertadores\/#respond\"]}],\"copyrightYear\":\"2020\",\"copyrightHolder\":{\"@id\":\"https:\/\/www.gaveanews.com\/#organization\"}},{\"@type\":\"WebPage\",\"@id\":\"https:\/\/www.gaveanews.com\/index.php\/2020\/09\/20\/novo-modelo-de-tv-da-a-conmebol-mais-poder-sobre-venda-da-libertadores\/\",\"url\":\"https:\/\/www.gaveanews.com\/index.php\/2020\/09\/20\/novo-modelo-de-tv-da-a-conmebol-mais-poder-sobre-venda-da-libertadores\/\",\"name\":\"Novo modelo de TV d\u00e1 \u00e0 Conmebol mais poder sobre venda da Libertadores\",\"isPartOf\":{\"@id\":\"https:\/\/www.gaveanews.com\/#website\"},\"primaryImageOfPage\":{\"@id\":\"https:\/\/www.gaveanews.com\/index.php\/2020\/09\/20\/novo-modelo-de-tv-da-a-conmebol-mais-poder-sobre-venda-da-libertadores\/#primaryimage\"},\"image\":{\"@id\":\"https:\/\/www.gaveanews.com\/index.php\/2020\/09\/20\/novo-modelo-de-tv-da-a-conmebol-mais-poder-sobre-venda-da-libertadores\/#primaryimage\"},\"thumbnailUrl\":\"https:\/\/www.gaveanews.com\/wp-content\/uploads\/Logomarca-da-Conmebol.webp\",\"datePublished\":\"2020-09-20T22:19:28+00:00\",\"dateModified\":\"2020-09-20T22:19:30+00:00\",\"author\":{\"@id\":\"https:\/\/www.gaveanews.com\/#\/schema\/person\/2ec14f73fb96be2caf28f91afb14749d\"},\"breadcrumb\":{\"@id\":\"https:\/\/www.gaveanews.com\/index.php\/2020\/09\/20\/novo-modelo-de-tv-da-a-conmebol-mais-poder-sobre-venda-da-libertadores\/#breadcrumb\"},\"inLanguage\":\"pt-BR\",\"potentialAction\":[{\"@type\":\"ReadAction\",\"target\":[\"https:\/\/www.gaveanews.com\/index.php\/2020\/09\/20\/novo-modelo-de-tv-da-a-conmebol-mais-poder-sobre-venda-da-libertadores\/\"]}]},{\"@type\":\"ImageObject\",\"inLanguage\":\"pt-BR\",\"@id\":\"https:\/\/www.gaveanews.com\/index.php\/2020\/09\/20\/novo-modelo-de-tv-da-a-conmebol-mais-poder-sobre-venda-da-libertadores\/#primaryimage\",\"url\":\"https:\/\/www.gaveanews.com\/wp-content\/uploads\/Logomarca-da-Conmebol.webp\",\"contentUrl\":\"https:\/\/www.gaveanews.com\/wp-content\/uploads\/Logomarca-da-Conmebol.webp\",\"width\":1162,\"height\":751},{\"@type\":\"BreadcrumbList\",\"@id\":\"https:\/\/www.gaveanews.com\/index.php\/2020\/09\/20\/novo-modelo-de-tv-da-a-conmebol-mais-poder-sobre-venda-da-libertadores\/#breadcrumb\",\"itemListElement\":[{\"@type\":\"ListItem\",\"position\":1,\"name\":\"Home\",\"item\":\"https:\/\/www.gaveanews.com\/\"},{\"@type\":\"ListItem\",\"position\":2,\"name\":\"Novo modelo de TV d\u00e1 \u00e0 Conmebol mais poder sobre venda da Libertadores\"}]},{\"@type\":\"WebSite\",\"@id\":\"https:\/\/www.gaveanews.com\/#website\",\"url\":\"https:\/\/www.gaveanews.com\/\",\"name\":\"G\u00e1vea News\",\"description\":\"Veja todas as not\u00edcias sobre o Flamengo: Contrata\u00e7\u00f5es, categorias de base, resultados das partidas, tabela de classifica\u00e7\u00e3o, pr\u00f3ximos jogos!\",\"potentialAction\":[{\"@type\":\"SearchAction\",\"target\":{\"@type\":\"EntryPoint\",\"urlTemplate\":\"https:\/\/www.gaveanews.com\/?s={search_term_string}\"},\"query-input\":{\"@type\":\"PropertyValueSpecification\",\"valueRequired\":true,\"valueName\":\"search_term_string\"}}],\"inLanguage\":\"pt-BR\"},{\"@type\":\"Person\",\"@id\":\"https:\/\/www.gaveanews.com\/#\/schema\/person\/2ec14f73fb96be2caf28f91afb14749d\",\"name\":\"Equipe G\u00e1vea News\",\"image\":{\"@type\":\"ImageObject\",\"inLanguage\":\"pt-BR\",\"@id\":\"https:\/\/www.gaveanews.com\/#\/schema\/person\/image\/\",\"url\":\"https:\/\/secure.gravatar.com\/avatar\/1e1956f1facbffd3f8fa53a326721950116b3b9dc9bd44939c01180fd4a745a9?s=96&d=mm&r=g\",\"contentUrl\":\"https:\/\/secure.gravatar.com\/avatar\/1e1956f1facbffd3f8fa53a326721950116b3b9dc9bd44939c01180fd4a745a9?s=96&d=mm&r=g\",\"caption\":\"Equipe G\u00e1vea News\"}}]}<\/script>\n<!-- \/ Yoast SEO Premium plugin. -->","yoast_head_json":{"title":"Novo modelo de TV d\u00e1 \u00e0 Conmebol mais poder sobre venda da Libertadores","robots":{"index":"index","follow":"follow","max-snippet":"max-snippet:-1","max-image-preview":"max-image-preview:large","max-video-preview":"max-video-preview:-1"},"canonical":"https:\/\/www.gaveanews.com\/index.php\/2020\/09\/20\/novo-modelo-de-tv-da-a-conmebol-mais-poder-sobre-venda-da-libertadores\/","og_locale":"pt_BR","og_type":"article","og_title":"Novo modelo de TV d\u00e1 \u00e0 Conmebol mais poder sobre venda da Libertadores","og_description":"A estreia da Libertadores no SBT e o an\u00fancio dos canais Conmebol mostrou uma mudan\u00e7a no modelo de TV da competi\u00e7\u00e3o: a entidade organizadora passa a ter bem mais controle sobre a transmiss\u00e3o. Na realidade, o formato \u00e9 de parcerias que d\u00e3o uma plataforma para a Conmebol exibir seus torneios em vez da tradicional venda [&hellip;]","og_url":"https:\/\/www.gaveanews.com\/index.php\/2020\/09\/20\/novo-modelo-de-tv-da-a-conmebol-mais-poder-sobre-venda-da-libertadores\/","og_site_name":"G\u00e1vea News","article_publisher":"https:\/\/facebook.com\/gaveaNews\/","article_published_time":"2020-09-20T22:19:28+00:00","article_modified_time":"2020-09-20T22:19:30+00:00","og_image":[{"width":1162,"height":751,"url":"https:\/\/www.gaveanews.com\/wp-content\/uploads\/Logomarca-da-Conmebol.webp","type":"image\/jpeg"}],"author":"Equipe G\u00e1vea News","twitter_card":"summary_large_image","twitter_misc":{"Escrito por":"Equipe G\u00e1vea News","Est. tempo de leitura":"2 minutos"},"schema":{"@context":"https:\/\/schema.org","@graph":[{"@type":"NewsArticle","@id":"https:\/\/www.gaveanews.com\/index.php\/2020\/09\/20\/novo-modelo-de-tv-da-a-conmebol-mais-poder-sobre-venda-da-libertadores\/#article","isPartOf":{"@id":"https:\/\/www.gaveanews.com\/index.php\/2020\/09\/20\/novo-modelo-de-tv-da-a-conmebol-mais-poder-sobre-venda-da-libertadores\/"},"author":{"name":"Equipe G\u00e1vea News","@id":"https:\/\/www.gaveanews.com\/#\/schema\/person\/2ec14f73fb96be2caf28f91afb14749d"},"headline":"Novo modelo de TV d\u00e1 \u00e0 Conmebol mais poder sobre venda da Libertadores","datePublished":"2020-09-20T22:19:28+00:00","dateModified":"2020-09-20T22:19:30+00:00","mainEntityOfPage":{"@id":"https:\/\/www.gaveanews.com\/index.php\/2020\/09\/20\/novo-modelo-de-tv-da-a-conmebol-mais-poder-sobre-venda-da-libertadores\/"},"wordCount":486,"commentCount":4,"image":{"@id":"https:\/\/www.gaveanews.com\/index.php\/2020\/09\/20\/novo-modelo-de-tv-da-a-conmebol-mais-poder-sobre-venda-da-libertadores\/#primaryimage"},"thumbnailUrl":"https:\/\/www.gaveanews.com\/wp-content\/uploads\/Logomarca-da-Conmebol.webp","articleSection":["Flamengo"],"inLanguage":"pt-BR","potentialAction":[{"@type":"CommentAction","name":"Comment","target":["https:\/\/www.gaveanews.com\/index.php\/2020\/09\/20\/novo-modelo-de-tv-da-a-conmebol-mais-poder-sobre-venda-da-libertadores\/#respond"]}],"copyrightYear":"2020","copyrightHolder":{"@id":"https:\/\/www.gaveanews.com\/#organization"}},{"@type":"WebPage","@id":"https:\/\/www.gaveanews.com\/index.php\/2020\/09\/20\/novo-modelo-de-tv-da-a-conmebol-mais-poder-sobre-venda-da-libertadores\/","url":"https:\/\/www.gaveanews.com\/index.php\/2020\/09\/20\/novo-modelo-de-tv-da-a-conmebol-mais-poder-sobre-venda-da-libertadores\/","name":"Novo modelo de TV d\u00e1 \u00e0 Conmebol mais poder sobre venda da Libertadores","isPartOf":{"@id":"https:\/\/www.gaveanews.com\/#website"},"primaryImageOfPage":{"@id":"https:\/\/www.gaveanews.com\/index.php\/2020\/09\/20\/novo-modelo-de-tv-da-a-conmebol-mais-poder-sobre-venda-da-libertadores\/#primaryimage"},"image":{"@id":"https:\/\/www.gaveanews.com\/index.php\/2020\/09\/20\/novo-modelo-de-tv-da-a-conmebol-mais-poder-sobre-venda-da-libertadores\/#primaryimage"},"thumbnailUrl":"https:\/\/www.gaveanews.com\/wp-content\/uploads\/Logomarca-da-Conmebol.webp","datePublished":"2020-09-20T22:19:28+00:00","dateModified":"2020-09-20T22:19:30+00:00","author":{"@id":"https:\/\/www.gaveanews.com\/#\/schema\/person\/2ec14f73fb96be2caf28f91afb14749d"},"breadcrumb":{"@id":"https:\/\/www.gaveanews.com\/index.php\/2020\/09\/20\/novo-modelo-de-tv-da-a-conmebol-mais-poder-sobre-venda-da-libertadores\/#breadcrumb"},"inLanguage":"pt-BR","potentialAction":[{"@type":"ReadAction","target":["https:\/\/www.gaveanews.com\/index.php\/2020\/09\/20\/novo-modelo-de-tv-da-a-conmebol-mais-poder-sobre-venda-da-libertadores\/"]}]},{"@type":"ImageObject","inLanguage":"pt-BR","@id":"https:\/\/www.gaveanews.com\/index.php\/2020\/09\/20\/novo-modelo-de-tv-da-a-conmebol-mais-poder-sobre-venda-da-libertadores\/#primaryimage","url":"https:\/\/www.gaveanews.com\/wp-content\/uploads\/Logomarca-da-Conmebol.webp","contentUrl":"https:\/\/www.gaveanews.com\/wp-content\/uploads\/Logomarca-da-Conmebol.webp","width":1162,"height":751},{"@type":"BreadcrumbList","@id":"https:\/\/www.gaveanews.com\/index.php\/2020\/09\/20\/novo-modelo-de-tv-da-a-conmebol-mais-poder-sobre-venda-da-libertadores\/#breadcrumb","itemListElement":[{"@type":"ListItem","position":1,"name":"Home","item":"https:\/\/www.gaveanews.com\/"},{"@type":"ListItem","position":2,"name":"Novo modelo de TV d\u00e1 \u00e0 Conmebol mais poder sobre venda da Libertadores"}]},{"@type":"WebSite","@id":"https:\/\/www.gaveanews.com\/#website","url":"https:\/\/www.gaveanews.com\/","name":"G\u00e1vea News","description":"Veja todas as not\u00edcias sobre o Flamengo: Contrata\u00e7\u00f5es, categorias de base, resultados das partidas, tabela de classifica\u00e7\u00e3o, pr\u00f3ximos jogos!","potentialAction":[{"@type":"SearchAction","target":{"@type":"EntryPoint","urlTemplate":"https:\/\/www.gaveanews.com\/?s={search_term_string}"},"query-input":{"@type":"PropertyValueSpecification","valueRequired":true,"valueName":"search_term_string"}}],"inLanguage":"pt-BR"},{"@type":"Person","@id":"https:\/\/www.gaveanews.com\/#\/schema\/person\/2ec14f73fb96be2caf28f91afb14749d","name":"Equipe G\u00e1vea News","image":{"@type":"ImageObject","inLanguage":"pt-BR","@id":"https:\/\/www.gaveanews.com\/#\/schema\/person\/image\/","url":"https:\/\/secure.gravatar.com\/avatar\/1e1956f1facbffd3f8fa53a326721950116b3b9dc9bd44939c01180fd4a745a9?s=96&d=mm&r=g","contentUrl":"https:\/\/secure.gravatar.com\/avatar\/1e1956f1facbffd3f8fa53a326721950116b3b9dc9bd44939c01180fd4a745a9?s=96&d=mm&r=g","caption":"Equipe G\u00e1vea News"}}]}},"_links":{"self":[{"href":"https:\/\/www.gaveanews.com\/index.php\/wp-json\/wp\/v2\/posts\/47718","targetHints":{"allow":["GET"]}}],"collection":[{"href":"https:\/\/www.gaveanews.com\/index.php\/wp-json\/wp\/v2\/posts"}],"about":[{"href":"https:\/\/www.gaveanews.com\/index.php\/wp-json\/wp\/v2\/types\/post"}],"author":[{"embeddable":true,"href":"https:\/\/www.gaveanews.com\/index.php\/wp-json\/wp\/v2\/users\/1"}],"replies":[{"embeddable":true,"href":"https:\/\/www.gaveanews.com\/index.php\/wp-json\/wp\/v2\/comments?post=47718"}],"version-history":[{"count":0,"href":"https:\/\/www.gaveanews.com\/index.php\/wp-json\/wp\/v2\/posts\/47718\/revisions"}],"wp:featuredmedia":[{"embeddable":true,"href":"https:\/\/www.gaveanews.com\/index.php\/wp-json\/wp\/v2\/media\/35738"}],"wp:attachment":[{"href":"https:\/\/www.gaveanews.com\/index.php\/wp-json\/wp\/v2\/media?parent=47718"}],"wp:term":[{"taxonomy":"category","embeddable":true,"href":"https:\/\/www.gaveanews.com\/index.php\/wp-json\/wp\/v2\/categories?post=47718"},{"taxonomy":"post_tag","embeddable":true,"href":"https:\/\/www.gaveanews.com\/index.php\/wp-json\/wp\/v2\/tags?post=47718"}],"curies":[{"name":"wp","href":"https:\/\/api.w.org\/{rel}","templated":true}]}}