{"id":47722,"date":"2020-09-20T20:22:29","date_gmt":"2020-09-20T23:22:29","guid":{"rendered":"https:\/\/www.gaveanews.com\/?p=47722"},"modified":"2022-01-29T14:25:47","modified_gmt":"2022-01-29T17:25:47","slug":"quatro-jogadores-do-flamengo-testam-positivo-para-o-covid-19-veja-nomes","status":"publish","type":"post","link":"https:\/\/www.gaveanews.com\/index.php\/2020\/09\/20\/quatro-jogadores-do-flamengo-testam-positivo-para-o-covid-19-veja-nomes\/","title":{"rendered":"Quatro jogadores do Flamengo testam positivo para o COVID-19; veja nomes"},"content":{"rendered":"\n<p>Com problemas dentro e fora de campo, a equipe do Flamengo n\u00e3o vive o seu melhor momento na atual temporada. Primeiramente, o Mais Querido sofreu uma goleada na \u00faltima quinta-feira (17 de setembro). J\u00e1 neste domingo <strong><a href=\"https:\/\/www.gaveanews.com\/index.php\/2020\/09\/20\/devido-a-vulcao-treino-do-flamengo-e-cancelado\/\">time carioca n\u00e3o pode treinar <\/a><\/strong>e o <strong><a href=\"https:\/\/www.gaveanews.com\/index.php\/2020\/09\/20\/atacante-do-flamengo-sofre-lesao-da-coxa\/\">atacante Gabigol sofreu uma les\u00e3o na coxa<\/a><\/strong>. Al\u00e9m dos acontecimentos supracitados, quatro jogadores foram diagnosticados com COVID-19. <\/p>\n\n\n\n<p>Segundo o jornalista Ven\u00ea Casagrande, Diego Ribas, Michael, Bruno Henrique e Mauricio Isla testaram positivo para Covid-19. Naturalmente, o departamento m\u00e9dico do clube ir\u00e1 realizar mais um exame para descartar a possibilidade de um falso positivo. Isto \u00e9, o exame apresentou um resultado positivo, mas na verdade, ele \u00e9 negativo.<\/p>\n\n\n\n<p>Vale destacar que at\u00e9 o momento da publica\u00e7\u00e3o desta mat\u00e9ria, o Flamengo e nenhum dos jogadores envolvidos se manifestaram publicamente.<\/p>\n","protected":false},"excerpt":{"rendered":"<p>Com problemas dentro e fora de campo, a equipe do Flamengo n\u00e3o vive o seu melhor momento na atual temporada. Primeiramente, o Mais Querido sofreu uma goleada na \u00faltima quinta-feira (17 de setembro). J\u00e1 neste domingo time carioca n\u00e3o pode treinar e o atacante Gabigol sofreu uma les\u00e3o na coxa. Al\u00e9m dos acontecimentos supracitados, quatro [&hellip;]<\/p>\n","protected":false},"author":2,"featured_media":47311,"comment_status":"open","ping_status":"closed","sticky":false,"template":"","format":"standard","meta":{"footnotes":""},"categories":[47],"tags":[],"class_list":["post-47722","post","type-post","status-publish","format-standard","has-post-thumbnail","hentry","category-destaques"],"yoast_head":"<!-- This site is optimized with the Yoast SEO Premium plugin v24.2 (Yoast SEO v26.9) - https:\/\/yoast.com\/product\/yoast-seo-premium-wordpress\/ -->\n<title>Quatro jogadores do Flamengo testam positivo para o COVID; veja nomes<\/title>\n<meta name=\"description\" content=\"Com problemas dentro e fora de campo, a equipe do Flamengo, n\u00e3o vive o seu melhor momento na atual temporada.\" \/>\n<meta name=\"robots\" content=\"index, follow, max-snippet:-1, max-image-preview:large, max-video-preview:-1\" \/>\n<link rel=\"canonical\" href=\"https:\/\/www.gaveanews.com\/index.php\/2020\/09\/20\/quatro-jogadores-do-flamengo-testam-positivo-para-o-covid-19-veja-nomes\/\" \/>\n<meta property=\"og:locale\" content=\"pt_BR\" \/>\n<meta property=\"og:type\" content=\"article\" \/>\n<meta property=\"og:title\" content=\"Quatro jogadores do Flamengo testam positivo para o COVID-19; veja nomes\" \/>\n<meta property=\"og:description\" content=\"Com problemas dentro e fora de campo, a equipe do Flamengo, n\u00e3o vive o seu melhor momento na atual temporada.\" \/>\n<meta property=\"og:url\" content=\"https:\/\/www.gaveanews.com\/index.php\/2020\/09\/20\/quatro-jogadores-do-flamengo-testam-positivo-para-o-covid-19-veja-nomes\/\" \/>\n<meta property=\"og:site_name\" content=\"G\u00e1vea News\" \/>\n<meta property=\"article:publisher\" content=\"https:\/\/facebook.com\/gaveaNews\/\" \/>\n<meta property=\"article:published_time\" content=\"2020-09-20T23:22:29+00:00\" \/>\n<meta property=\"article:modified_time\" content=\"2022-01-29T17:25:47+00:00\" \/>\n<meta property=\"og:image\" content=\"https:\/\/www.gaveanews.com\/wp-content\/uploads\/Diego-Ribas-em-acao-pelo-Flamengo-na-partida-contra-o-Ceara.webp\" \/>\n\t<meta property=\"og:image:width\" content=\"800\" \/>\n\t<meta property=\"og:image:height\" content=\"533\" \/>\n\t<meta property=\"og:image:type\" content=\"image\/jpeg\" \/>\n<meta name=\"author\" content=\"Hugo Nogueira\" \/>\n<meta name=\"twitter:card\" content=\"summary_large_image\" \/>\n<meta name=\"twitter:label1\" content=\"Escrito por\" \/>\n\t<meta name=\"twitter:data1\" content=\"Hugo Nogueira\" \/>\n\t<meta name=\"twitter:label2\" content=\"Est. tempo de leitura\" \/>\n\t<meta name=\"twitter:data2\" content=\"1 minuto\" \/>\n<script type=\"application\/ld+json\" class=\"yoast-schema-graph\">{\"@context\":\"https:\/\/schema.org\",\"@graph\":[{\"@type\":\"NewsArticle\",\"@id\":\"https:\/\/www.gaveanews.com\/index.php\/2020\/09\/20\/quatro-jogadores-do-flamengo-testam-positivo-para-o-covid-19-veja-nomes\/#article\",\"isPartOf\":{\"@id\":\"https:\/\/www.gaveanews.com\/index.php\/2020\/09\/20\/quatro-jogadores-do-flamengo-testam-positivo-para-o-covid-19-veja-nomes\/\"},\"author\":{\"name\":\"Hugo Nogueira\",\"@id\":\"https:\/\/www.gaveanews.com\/#\/schema\/person\/3a0372021fabaeec4e7e4242cfa27841\"},\"headline\":\"Quatro jogadores do Flamengo testam positivo para o COVID-19; veja nomes\",\"datePublished\":\"2020-09-20T23:22:29+00:00\",\"dateModified\":\"2022-01-29T17:25:47+00:00\",\"mainEntityOfPage\":{\"@id\":\"https:\/\/www.gaveanews.com\/index.php\/2020\/09\/20\/quatro-jogadores-do-flamengo-testam-positivo-para-o-covid-19-veja-nomes\/\"},\"wordCount\":145,\"commentCount\":23,\"image\":{\"@id\":\"https:\/\/www.gaveanews.com\/index.php\/2020\/09\/20\/quatro-jogadores-do-flamengo-testam-positivo-para-o-covid-19-veja-nomes\/#primaryimage\"},\"thumbnailUrl\":\"https:\/\/www.gaveanews.com\/wp-content\/uploads\/Diego-Ribas-em-acao-pelo-Flamengo-na-partida-contra-o-Ceara.webp\",\"articleSection\":[\"Destaques\"],\"inLanguage\":\"pt-BR\",\"potentialAction\":[{\"@type\":\"CommentAction\",\"name\":\"Comment\",\"target\":[\"https:\/\/www.gaveanews.com\/index.php\/2020\/09\/20\/quatro-jogadores-do-flamengo-testam-positivo-para-o-covid-19-veja-nomes\/#respond\"]}],\"copyrightYear\":\"2020\",\"copyrightHolder\":{\"@id\":\"https:\/\/www.gaveanews.com\/#organization\"}},{\"@type\":\"WebPage\",\"@id\":\"https:\/\/www.gaveanews.com\/index.php\/2020\/09\/20\/quatro-jogadores-do-flamengo-testam-positivo-para-o-covid-19-veja-nomes\/\",\"url\":\"https:\/\/www.gaveanews.com\/index.php\/2020\/09\/20\/quatro-jogadores-do-flamengo-testam-positivo-para-o-covid-19-veja-nomes\/\",\"name\":\"Quatro jogadores do Flamengo testam positivo para o COVID; veja nomes\",\"isPartOf\":{\"@id\":\"https:\/\/www.gaveanews.com\/#website\"},\"primaryImageOfPage\":{\"@id\":\"https:\/\/www.gaveanews.com\/index.php\/2020\/09\/20\/quatro-jogadores-do-flamengo-testam-positivo-para-o-covid-19-veja-nomes\/#primaryimage\"},\"image\":{\"@id\":\"https:\/\/www.gaveanews.com\/index.php\/2020\/09\/20\/quatro-jogadores-do-flamengo-testam-positivo-para-o-covid-19-veja-nomes\/#primaryimage\"},\"thumbnailUrl\":\"https:\/\/www.gaveanews.com\/wp-content\/uploads\/Diego-Ribas-em-acao-pelo-Flamengo-na-partida-contra-o-Ceara.webp\",\"datePublished\":\"2020-09-20T23:22:29+00:00\",\"dateModified\":\"2022-01-29T17:25:47+00:00\",\"author\":{\"@id\":\"https:\/\/www.gaveanews.com\/#\/schema\/person\/3a0372021fabaeec4e7e4242cfa27841\"},\"description\":\"Com problemas dentro e fora de campo, a equipe do Flamengo, n\u00e3o vive o seu melhor momento na atual temporada.\",\"breadcrumb\":{\"@id\":\"https:\/\/www.gaveanews.com\/index.php\/2020\/09\/20\/quatro-jogadores-do-flamengo-testam-positivo-para-o-covid-19-veja-nomes\/#breadcrumb\"},\"inLanguage\":\"pt-BR\",\"potentialAction\":[{\"@type\":\"ReadAction\",\"target\":[\"https:\/\/www.gaveanews.com\/index.php\/2020\/09\/20\/quatro-jogadores-do-flamengo-testam-positivo-para-o-covid-19-veja-nomes\/\"]}]},{\"@type\":\"ImageObject\",\"inLanguage\":\"pt-BR\",\"@id\":\"https:\/\/www.gaveanews.com\/index.php\/2020\/09\/20\/quatro-jogadores-do-flamengo-testam-positivo-para-o-covid-19-veja-nomes\/#primaryimage\",\"url\":\"https:\/\/www.gaveanews.com\/wp-content\/uploads\/Diego-Ribas-em-acao-pelo-Flamengo-na-partida-contra-o-Ceara.webp\",\"contentUrl\":\"https:\/\/www.gaveanews.com\/wp-content\/uploads\/Diego-Ribas-em-acao-pelo-Flamengo-na-partida-contra-o-Ceara.webp\",\"width\":800,\"height\":533,\"caption\":\"Diego Ribas em a\u00e7\u00e3o pelo Flamengo na partida contra o Cear\u00e1 (Foto: Alexandre Vidal\/Flamengo)\"},{\"@type\":\"BreadcrumbList\",\"@id\":\"https:\/\/www.gaveanews.com\/index.php\/2020\/09\/20\/quatro-jogadores-do-flamengo-testam-positivo-para-o-covid-19-veja-nomes\/#breadcrumb\",\"itemListElement\":[{\"@type\":\"ListItem\",\"position\":1,\"name\":\"Home\",\"item\":\"https:\/\/www.gaveanews.com\/\"},{\"@type\":\"ListItem\",\"position\":2,\"name\":\"Quatro jogadores do Flamengo testam positivo para o COVID-19; veja nomes\"}]},{\"@type\":\"WebSite\",\"@id\":\"https:\/\/www.gaveanews.com\/#website\",\"url\":\"https:\/\/www.gaveanews.com\/\",\"name\":\"G\u00e1vea News\",\"description\":\"Veja todas as not\u00edcias sobre o Flamengo: Contrata\u00e7\u00f5es, categorias de base, resultados das partidas, tabela de classifica\u00e7\u00e3o, pr\u00f3ximos jogos!\",\"potentialAction\":[{\"@type\":\"SearchAction\",\"target\":{\"@type\":\"EntryPoint\",\"urlTemplate\":\"https:\/\/www.gaveanews.com\/?s={search_term_string}\"},\"query-input\":{\"@type\":\"PropertyValueSpecification\",\"valueRequired\":true,\"valueName\":\"search_term_string\"}}],\"inLanguage\":\"pt-BR\"},{\"@type\":\"Person\",\"@id\":\"https:\/\/www.gaveanews.com\/#\/schema\/person\/3a0372021fabaeec4e7e4242cfa27841\",\"name\":\"Hugo Nogueira\",\"image\":{\"@type\":\"ImageObject\",\"inLanguage\":\"pt-BR\",\"@id\":\"https:\/\/www.gaveanews.com\/#\/schema\/person\/image\/\",\"url\":\"https:\/\/secure.gravatar.com\/avatar\/0cdd89f3b47bb55926c08eee2db992845cfdd53f84c9fdd47a49d89b3cd40c0a?s=96&d=mm&r=g\",\"contentUrl\":\"https:\/\/secure.gravatar.com\/avatar\/0cdd89f3b47bb55926c08eee2db992845cfdd53f84c9fdd47a49d89b3cd40c0a?s=96&d=mm&r=g\",\"caption\":\"Hugo Nogueira\"}}]}<\/script>\n<!-- \/ Yoast SEO Premium plugin. -->","yoast_head_json":{"title":"Quatro jogadores do Flamengo testam positivo para o COVID; veja nomes","description":"Com problemas dentro e fora de campo, a equipe do Flamengo, n\u00e3o vive o seu melhor momento na atual temporada.","robots":{"index":"index","follow":"follow","max-snippet":"max-snippet:-1","max-image-preview":"max-image-preview:large","max-video-preview":"max-video-preview:-1"},"canonical":"https:\/\/www.gaveanews.com\/index.php\/2020\/09\/20\/quatro-jogadores-do-flamengo-testam-positivo-para-o-covid-19-veja-nomes\/","og_locale":"pt_BR","og_type":"article","og_title":"Quatro jogadores do Flamengo testam positivo para o COVID-19; veja nomes","og_description":"Com problemas dentro e fora de campo, a equipe do Flamengo, n\u00e3o vive o seu melhor momento na atual temporada.","og_url":"https:\/\/www.gaveanews.com\/index.php\/2020\/09\/20\/quatro-jogadores-do-flamengo-testam-positivo-para-o-covid-19-veja-nomes\/","og_site_name":"G\u00e1vea News","article_publisher":"https:\/\/facebook.com\/gaveaNews\/","article_published_time":"2020-09-20T23:22:29+00:00","article_modified_time":"2022-01-29T17:25:47+00:00","og_image":[{"width":800,"height":533,"url":"https:\/\/www.gaveanews.com\/wp-content\/uploads\/Diego-Ribas-em-acao-pelo-Flamengo-na-partida-contra-o-Ceara.webp","type":"image\/jpeg"}],"author":"Hugo Nogueira","twitter_card":"summary_large_image","twitter_misc":{"Escrito por":"Hugo Nogueira","Est. tempo de leitura":"1 minuto"},"schema":{"@context":"https:\/\/schema.org","@graph":[{"@type":"NewsArticle","@id":"https:\/\/www.gaveanews.com\/index.php\/2020\/09\/20\/quatro-jogadores-do-flamengo-testam-positivo-para-o-covid-19-veja-nomes\/#article","isPartOf":{"@id":"https:\/\/www.gaveanews.com\/index.php\/2020\/09\/20\/quatro-jogadores-do-flamengo-testam-positivo-para-o-covid-19-veja-nomes\/"},"author":{"name":"Hugo Nogueira","@id":"https:\/\/www.gaveanews.com\/#\/schema\/person\/3a0372021fabaeec4e7e4242cfa27841"},"headline":"Quatro jogadores do Flamengo testam positivo para o COVID-19; veja nomes","datePublished":"2020-09-20T23:22:29+00:00","dateModified":"2022-01-29T17:25:47+00:00","mainEntityOfPage":{"@id":"https:\/\/www.gaveanews.com\/index.php\/2020\/09\/20\/quatro-jogadores-do-flamengo-testam-positivo-para-o-covid-19-veja-nomes\/"},"wordCount":145,"commentCount":23,"image":{"@id":"https:\/\/www.gaveanews.com\/index.php\/2020\/09\/20\/quatro-jogadores-do-flamengo-testam-positivo-para-o-covid-19-veja-nomes\/#primaryimage"},"thumbnailUrl":"https:\/\/www.gaveanews.com\/wp-content\/uploads\/Diego-Ribas-em-acao-pelo-Flamengo-na-partida-contra-o-Ceara.webp","articleSection":["Destaques"],"inLanguage":"pt-BR","potentialAction":[{"@type":"CommentAction","name":"Comment","target":["https:\/\/www.gaveanews.com\/index.php\/2020\/09\/20\/quatro-jogadores-do-flamengo-testam-positivo-para-o-covid-19-veja-nomes\/#respond"]}],"copyrightYear":"2020","copyrightHolder":{"@id":"https:\/\/www.gaveanews.com\/#organization"}},{"@type":"WebPage","@id":"https:\/\/www.gaveanews.com\/index.php\/2020\/09\/20\/quatro-jogadores-do-flamengo-testam-positivo-para-o-covid-19-veja-nomes\/","url":"https:\/\/www.gaveanews.com\/index.php\/2020\/09\/20\/quatro-jogadores-do-flamengo-testam-positivo-para-o-covid-19-veja-nomes\/","name":"Quatro jogadores do Flamengo testam positivo para o COVID; veja nomes","isPartOf":{"@id":"https:\/\/www.gaveanews.com\/#website"},"primaryImageOfPage":{"@id":"https:\/\/www.gaveanews.com\/index.php\/2020\/09\/20\/quatro-jogadores-do-flamengo-testam-positivo-para-o-covid-19-veja-nomes\/#primaryimage"},"image":{"@id":"https:\/\/www.gaveanews.com\/index.php\/2020\/09\/20\/quatro-jogadores-do-flamengo-testam-positivo-para-o-covid-19-veja-nomes\/#primaryimage"},"thumbnailUrl":"https:\/\/www.gaveanews.com\/wp-content\/uploads\/Diego-Ribas-em-acao-pelo-Flamengo-na-partida-contra-o-Ceara.webp","datePublished":"2020-09-20T23:22:29+00:00","dateModified":"2022-01-29T17:25:47+00:00","author":{"@id":"https:\/\/www.gaveanews.com\/#\/schema\/person\/3a0372021fabaeec4e7e4242cfa27841"},"description":"Com problemas dentro e fora de campo, a equipe do Flamengo, n\u00e3o vive o seu melhor momento na atual temporada.","breadcrumb":{"@id":"https:\/\/www.gaveanews.com\/index.php\/2020\/09\/20\/quatro-jogadores-do-flamengo-testam-positivo-para-o-covid-19-veja-nomes\/#breadcrumb"},"inLanguage":"pt-BR","potentialAction":[{"@type":"ReadAction","target":["https:\/\/www.gaveanews.com\/index.php\/2020\/09\/20\/quatro-jogadores-do-flamengo-testam-positivo-para-o-covid-19-veja-nomes\/"]}]},{"@type":"ImageObject","inLanguage":"pt-BR","@id":"https:\/\/www.gaveanews.com\/index.php\/2020\/09\/20\/quatro-jogadores-do-flamengo-testam-positivo-para-o-covid-19-veja-nomes\/#primaryimage","url":"https:\/\/www.gaveanews.com\/wp-content\/uploads\/Diego-Ribas-em-acao-pelo-Flamengo-na-partida-contra-o-Ceara.webp","contentUrl":"https:\/\/www.gaveanews.com\/wp-content\/uploads\/Diego-Ribas-em-acao-pelo-Flamengo-na-partida-contra-o-Ceara.webp","width":800,"height":533,"caption":"Diego Ribas em a\u00e7\u00e3o pelo Flamengo na partida contra o Cear\u00e1 (Foto: Alexandre Vidal\/Flamengo)"},{"@type":"BreadcrumbList","@id":"https:\/\/www.gaveanews.com\/index.php\/2020\/09\/20\/quatro-jogadores-do-flamengo-testam-positivo-para-o-covid-19-veja-nomes\/#breadcrumb","itemListElement":[{"@type":"ListItem","position":1,"name":"Home","item":"https:\/\/www.gaveanews.com\/"},{"@type":"ListItem","position":2,"name":"Quatro jogadores do Flamengo testam positivo para o COVID-19; veja nomes"}]},{"@type":"WebSite","@id":"https:\/\/www.gaveanews.com\/#website","url":"https:\/\/www.gaveanews.com\/","name":"G\u00e1vea News","description":"Veja todas as not\u00edcias sobre o Flamengo: Contrata\u00e7\u00f5es, categorias de base, resultados das partidas, tabela de classifica\u00e7\u00e3o, pr\u00f3ximos jogos!","potentialAction":[{"@type":"SearchAction","target":{"@type":"EntryPoint","urlTemplate":"https:\/\/www.gaveanews.com\/?s={search_term_string}"},"query-input":{"@type":"PropertyValueSpecification","valueRequired":true,"valueName":"search_term_string"}}],"inLanguage":"pt-BR"},{"@type":"Person","@id":"https:\/\/www.gaveanews.com\/#\/schema\/person\/3a0372021fabaeec4e7e4242cfa27841","name":"Hugo Nogueira","image":{"@type":"ImageObject","inLanguage":"pt-BR","@id":"https:\/\/www.gaveanews.com\/#\/schema\/person\/image\/","url":"https:\/\/secure.gravatar.com\/avatar\/0cdd89f3b47bb55926c08eee2db992845cfdd53f84c9fdd47a49d89b3cd40c0a?s=96&d=mm&r=g","contentUrl":"https:\/\/secure.gravatar.com\/avatar\/0cdd89f3b47bb55926c08eee2db992845cfdd53f84c9fdd47a49d89b3cd40c0a?s=96&d=mm&r=g","caption":"Hugo Nogueira"}}]}},"_links":{"self":[{"href":"https:\/\/www.gaveanews.com\/index.php\/wp-json\/wp\/v2\/posts\/47722","targetHints":{"allow":["GET"]}}],"collection":[{"href":"https:\/\/www.gaveanews.com\/index.php\/wp-json\/wp\/v2\/posts"}],"about":[{"href":"https:\/\/www.gaveanews.com\/index.php\/wp-json\/wp\/v2\/types\/post"}],"author":[{"embeddable":true,"href":"https:\/\/www.gaveanews.com\/index.php\/wp-json\/wp\/v2\/users\/2"}],"replies":[{"embeddable":true,"href":"https:\/\/www.gaveanews.com\/index.php\/wp-json\/wp\/v2\/comments?post=47722"}],"version-history":[{"count":0,"href":"https:\/\/www.gaveanews.com\/index.php\/wp-json\/wp\/v2\/posts\/47722\/revisions"}],"wp:featuredmedia":[{"embeddable":true,"href":"https:\/\/www.gaveanews.com\/index.php\/wp-json\/wp\/v2\/media\/47311"}],"wp:attachment":[{"href":"https:\/\/www.gaveanews.com\/index.php\/wp-json\/wp\/v2\/media?parent=47722"}],"wp:term":[{"taxonomy":"category","embeddable":true,"href":"https:\/\/www.gaveanews.com\/index.php\/wp-json\/wp\/v2\/categories?post=47722"},{"taxonomy":"post_tag","embeddable":true,"href":"https:\/\/www.gaveanews.com\/index.php\/wp-json\/wp\/v2\/tags?post=47722"}],"curies":[{"name":"wp","href":"https:\/\/api.w.org\/{rel}","templated":true}]}}