{"id":47731,"date":"2020-09-20T23:30:39","date_gmt":"2020-09-21T02:30:39","guid":{"rendered":"https:\/\/www.gaveanews.com\/?p=47731"},"modified":"2020-09-20T23:31:48","modified_gmt":"2020-09-21T02:31:48","slug":"com-covid-19-diego-ribas-fala-sobre-seu-estado-clinico","status":"publish","type":"post","link":"https:\/\/www.gaveanews.com\/index.php\/2020\/09\/20\/com-covid-19-diego-ribas-fala-sobre-seu-estado-clinico\/","title":{"rendered":"Com Covid-19, Diego Ribas fala sobre seu estado cl\u00ednico"},"content":{"rendered":"\n<p>O meia Diego confirmou h\u00e1 pouco que \u00e9 um dos seis jogadores do Flamengo infectados pela covid-19. Por meio de um v\u00eddeo gravado no Equador, onde a delega\u00e7\u00e3o se concentra para a partida contra o Barcelona de Guayaquil, pela Libertadores, o atleta disse que est\u00e1 bem, mas com dores no corpo.<\/p>\n\n\n\n<p>&#8220;\u00c9 uma situa\u00e7\u00e3o bem desagrad\u00e1vel. O mais dif\u00edcil com certeza \u00e9 ter de ficar nos bastidores num momento t\u00e3o importante como esse. Temos de encontrar uma solu\u00e7\u00e3o e seguir em frente&#8221;, disse Diego.<\/p>\n\n\n\n<p>O Flamengo est\u00e1 no Equador desde a semana passada para dois jogos da Libertadores, contra o Independiente del Valle e o Barcelona de Guayaquil. O time perdeu por 5 a 0 a primeira partida. O pr\u00f3ximo duelo ser\u00e1 na ter\u00e7a-feira (22).<\/p>\n\n\n\n<p>O clube rubro-negro j\u00e1 recebeu a contraprova e ainda h\u00e1 o temor que outros integrantes da delega\u00e7\u00e3o tenham contra\u00eddo a doen\u00e7a. O departamento m\u00e9dico aguarda os laudos. Por meio de suas redes sociais, o Fla confirmou o n\u00famero e afirmou que todos est\u00e3o assintom\u00e1ticos e em isolamento.<\/p>\n\n\n\n<p>Retirado de: UOL<\/p>\n","protected":false},"excerpt":{"rendered":"<p>O meia Diego confirmou h\u00e1 pouco que \u00e9 um dos seis jogadores do Flamengo infectados pela covid-19. Por meio de um v\u00eddeo gravado no Equador, onde a delega\u00e7\u00e3o se concentra para a partida contra o Barcelona de Guayaquil, pela Libertadores, o atleta disse que est\u00e1 bem, mas com dores no corpo. &#8220;\u00c9 uma situa\u00e7\u00e3o bem [&hellip;]<\/p>\n","protected":false},"author":1,"featured_media":46966,"comment_status":"open","ping_status":"closed","sticky":false,"template":"","format":"standard","meta":{"footnotes":""},"categories":[47],"tags":[],"class_list":["post-47731","post","type-post","status-publish","format-standard","has-post-thumbnail","hentry","category-destaques"],"yoast_head":"<!-- This site is optimized with the Yoast SEO Premium plugin v24.2 (Yoast SEO v26.9) - https:\/\/yoast.com\/product\/yoast-seo-premium-wordpress\/ -->\n<title>Com Covid-19, Diego Ribas fala sobre seu estado cl\u00ednico<\/title>\n<meta name=\"description\" content=\"O Flamengo est\u00e1 no Equador desde a semana passada para dois jogos da Libertadores, contra o Independiente del Valle e o Barcelona.\" \/>\n<meta name=\"robots\" content=\"index, follow, max-snippet:-1, max-image-preview:large, max-video-preview:-1\" \/>\n<link rel=\"canonical\" href=\"https:\/\/www.gaveanews.com\/index.php\/2020\/09\/20\/com-covid-19-diego-ribas-fala-sobre-seu-estado-clinico\/\" \/>\n<meta property=\"og:locale\" content=\"pt_BR\" \/>\n<meta property=\"og:type\" content=\"article\" \/>\n<meta property=\"og:title\" content=\"Com Covid-19, Diego Ribas fala sobre seu estado cl\u00ednico\" \/>\n<meta property=\"og:description\" content=\"O Flamengo est\u00e1 no Equador desde a semana passada para dois jogos da Libertadores, contra o Independiente del Valle e o Barcelona.\" \/>\n<meta property=\"og:url\" content=\"https:\/\/www.gaveanews.com\/index.php\/2020\/09\/20\/com-covid-19-diego-ribas-fala-sobre-seu-estado-clinico\/\" \/>\n<meta property=\"og:site_name\" content=\"G\u00e1vea News\" \/>\n<meta property=\"article:publisher\" content=\"https:\/\/facebook.com\/gaveaNews\/\" \/>\n<meta property=\"article:published_time\" content=\"2020-09-21T02:30:39+00:00\" \/>\n<meta property=\"article:modified_time\" content=\"2020-09-21T02:31:48+00:00\" \/>\n<meta property=\"og:image\" content=\"https:\/\/www.gaveanews.com\/wp-content\/uploads\/Diego-Ribas-com-a-bola-dominada-no-gramado-do-Maracana.webp\" \/>\n\t<meta property=\"og:image:width\" content=\"799\" \/>\n\t<meta property=\"og:image:height\" content=\"532\" \/>\n\t<meta property=\"og:image:type\" content=\"image\/jpeg\" \/>\n<meta name=\"author\" content=\"Equipe G\u00e1vea News\" \/>\n<meta name=\"twitter:card\" content=\"summary_large_image\" \/>\n<meta name=\"twitter:label1\" content=\"Escrito por\" \/>\n\t<meta name=\"twitter:data1\" content=\"Equipe G\u00e1vea News\" \/>\n\t<meta name=\"twitter:label2\" content=\"Est. tempo de leitura\" \/>\n\t<meta name=\"twitter:data2\" content=\"1 minuto\" \/>\n<script type=\"application\/ld+json\" class=\"yoast-schema-graph\">{\"@context\":\"https:\/\/schema.org\",\"@graph\":[{\"@type\":\"NewsArticle\",\"@id\":\"https:\/\/www.gaveanews.com\/index.php\/2020\/09\/20\/com-covid-19-diego-ribas-fala-sobre-seu-estado-clinico\/#article\",\"isPartOf\":{\"@id\":\"https:\/\/www.gaveanews.com\/index.php\/2020\/09\/20\/com-covid-19-diego-ribas-fala-sobre-seu-estado-clinico\/\"},\"author\":{\"name\":\"Equipe G\u00e1vea News\",\"@id\":\"https:\/\/www.gaveanews.com\/#\/schema\/person\/2ec14f73fb96be2caf28f91afb14749d\"},\"headline\":\"Com Covid-19, Diego Ribas fala sobre seu estado cl\u00ednico\",\"datePublished\":\"2020-09-21T02:30:39+00:00\",\"dateModified\":\"2020-09-21T02:31:48+00:00\",\"mainEntityOfPage\":{\"@id\":\"https:\/\/www.gaveanews.com\/index.php\/2020\/09\/20\/com-covid-19-diego-ribas-fala-sobre-seu-estado-clinico\/\"},\"wordCount\":195,\"commentCount\":12,\"image\":{\"@id\":\"https:\/\/www.gaveanews.com\/index.php\/2020\/09\/20\/com-covid-19-diego-ribas-fala-sobre-seu-estado-clinico\/#primaryimage\"},\"thumbnailUrl\":\"https:\/\/www.gaveanews.com\/wp-content\/uploads\/Diego-Ribas-com-a-bola-dominada-no-gramado-do-Maracana.webp\",\"articleSection\":[\"Destaques\"],\"inLanguage\":\"pt-BR\",\"potentialAction\":[{\"@type\":\"CommentAction\",\"name\":\"Comment\",\"target\":[\"https:\/\/www.gaveanews.com\/index.php\/2020\/09\/20\/com-covid-19-diego-ribas-fala-sobre-seu-estado-clinico\/#respond\"]}],\"copyrightYear\":\"2020\",\"copyrightHolder\":{\"@id\":\"https:\/\/www.gaveanews.com\/#organization\"}},{\"@type\":\"WebPage\",\"@id\":\"https:\/\/www.gaveanews.com\/index.php\/2020\/09\/20\/com-covid-19-diego-ribas-fala-sobre-seu-estado-clinico\/\",\"url\":\"https:\/\/www.gaveanews.com\/index.php\/2020\/09\/20\/com-covid-19-diego-ribas-fala-sobre-seu-estado-clinico\/\",\"name\":\"Com Covid-19, Diego Ribas fala sobre seu estado cl\u00ednico\",\"isPartOf\":{\"@id\":\"https:\/\/www.gaveanews.com\/#website\"},\"primaryImageOfPage\":{\"@id\":\"https:\/\/www.gaveanews.com\/index.php\/2020\/09\/20\/com-covid-19-diego-ribas-fala-sobre-seu-estado-clinico\/#primaryimage\"},\"image\":{\"@id\":\"https:\/\/www.gaveanews.com\/index.php\/2020\/09\/20\/com-covid-19-diego-ribas-fala-sobre-seu-estado-clinico\/#primaryimage\"},\"thumbnailUrl\":\"https:\/\/www.gaveanews.com\/wp-content\/uploads\/Diego-Ribas-com-a-bola-dominada-no-gramado-do-Maracana.webp\",\"datePublished\":\"2020-09-21T02:30:39+00:00\",\"dateModified\":\"2020-09-21T02:31:48+00:00\",\"author\":{\"@id\":\"https:\/\/www.gaveanews.com\/#\/schema\/person\/2ec14f73fb96be2caf28f91afb14749d\"},\"description\":\"O Flamengo est\u00e1 no Equador desde a semana passada para dois jogos da Libertadores, contra o Independiente del Valle e o Barcelona.\",\"breadcrumb\":{\"@id\":\"https:\/\/www.gaveanews.com\/index.php\/2020\/09\/20\/com-covid-19-diego-ribas-fala-sobre-seu-estado-clinico\/#breadcrumb\"},\"inLanguage\":\"pt-BR\",\"potentialAction\":[{\"@type\":\"ReadAction\",\"target\":[\"https:\/\/www.gaveanews.com\/index.php\/2020\/09\/20\/com-covid-19-diego-ribas-fala-sobre-seu-estado-clinico\/\"]}]},{\"@type\":\"ImageObject\",\"inLanguage\":\"pt-BR\",\"@id\":\"https:\/\/www.gaveanews.com\/index.php\/2020\/09\/20\/com-covid-19-diego-ribas-fala-sobre-seu-estado-clinico\/#primaryimage\",\"url\":\"https:\/\/www.gaveanews.com\/wp-content\/uploads\/Diego-Ribas-com-a-bola-dominada-no-gramado-do-Maracana.webp\",\"contentUrl\":\"https:\/\/www.gaveanews.com\/wp-content\/uploads\/Diego-Ribas-com-a-bola-dominada-no-gramado-do-Maracana.webp\",\"width\":799,\"height\":532,\"caption\":\"Diego Ribas com a bola dominada no gramado do Maracan\u00e3 (Foto: Alexandre Vidal\/Flamengo)\"},{\"@type\":\"BreadcrumbList\",\"@id\":\"https:\/\/www.gaveanews.com\/index.php\/2020\/09\/20\/com-covid-19-diego-ribas-fala-sobre-seu-estado-clinico\/#breadcrumb\",\"itemListElement\":[{\"@type\":\"ListItem\",\"position\":1,\"name\":\"Home\",\"item\":\"https:\/\/www.gaveanews.com\/\"},{\"@type\":\"ListItem\",\"position\":2,\"name\":\"Com Covid-19, Diego Ribas fala sobre seu estado cl\u00ednico\"}]},{\"@type\":\"WebSite\",\"@id\":\"https:\/\/www.gaveanews.com\/#website\",\"url\":\"https:\/\/www.gaveanews.com\/\",\"name\":\"G\u00e1vea News\",\"description\":\"Veja todas as not\u00edcias sobre o Flamengo: Contrata\u00e7\u00f5es, categorias de base, resultados das partidas, tabela de classifica\u00e7\u00e3o, pr\u00f3ximos jogos!\",\"potentialAction\":[{\"@type\":\"SearchAction\",\"target\":{\"@type\":\"EntryPoint\",\"urlTemplate\":\"https:\/\/www.gaveanews.com\/?s={search_term_string}\"},\"query-input\":{\"@type\":\"PropertyValueSpecification\",\"valueRequired\":true,\"valueName\":\"search_term_string\"}}],\"inLanguage\":\"pt-BR\"},{\"@type\":\"Person\",\"@id\":\"https:\/\/www.gaveanews.com\/#\/schema\/person\/2ec14f73fb96be2caf28f91afb14749d\",\"name\":\"Equipe G\u00e1vea News\",\"image\":{\"@type\":\"ImageObject\",\"inLanguage\":\"pt-BR\",\"@id\":\"https:\/\/www.gaveanews.com\/#\/schema\/person\/image\/\",\"url\":\"https:\/\/secure.gravatar.com\/avatar\/1e1956f1facbffd3f8fa53a326721950116b3b9dc9bd44939c01180fd4a745a9?s=96&d=mm&r=g\",\"contentUrl\":\"https:\/\/secure.gravatar.com\/avatar\/1e1956f1facbffd3f8fa53a326721950116b3b9dc9bd44939c01180fd4a745a9?s=96&d=mm&r=g\",\"caption\":\"Equipe G\u00e1vea News\"}}]}<\/script>\n<!-- \/ Yoast SEO Premium plugin. -->","yoast_head_json":{"title":"Com Covid-19, Diego Ribas fala sobre seu estado cl\u00ednico","description":"O Flamengo est\u00e1 no Equador desde a semana passada para dois jogos da Libertadores, contra o Independiente del Valle e o Barcelona.","robots":{"index":"index","follow":"follow","max-snippet":"max-snippet:-1","max-image-preview":"max-image-preview:large","max-video-preview":"max-video-preview:-1"},"canonical":"https:\/\/www.gaveanews.com\/index.php\/2020\/09\/20\/com-covid-19-diego-ribas-fala-sobre-seu-estado-clinico\/","og_locale":"pt_BR","og_type":"article","og_title":"Com Covid-19, Diego Ribas fala sobre seu estado cl\u00ednico","og_description":"O Flamengo est\u00e1 no Equador desde a semana passada para dois jogos da Libertadores, contra o Independiente del Valle e o Barcelona.","og_url":"https:\/\/www.gaveanews.com\/index.php\/2020\/09\/20\/com-covid-19-diego-ribas-fala-sobre-seu-estado-clinico\/","og_site_name":"G\u00e1vea News","article_publisher":"https:\/\/facebook.com\/gaveaNews\/","article_published_time":"2020-09-21T02:30:39+00:00","article_modified_time":"2020-09-21T02:31:48+00:00","og_image":[{"width":799,"height":532,"url":"https:\/\/www.gaveanews.com\/wp-content\/uploads\/Diego-Ribas-com-a-bola-dominada-no-gramado-do-Maracana.webp","type":"image\/jpeg"}],"author":"Equipe G\u00e1vea News","twitter_card":"summary_large_image","twitter_misc":{"Escrito por":"Equipe G\u00e1vea News","Est. tempo de leitura":"1 minuto"},"schema":{"@context":"https:\/\/schema.org","@graph":[{"@type":"NewsArticle","@id":"https:\/\/www.gaveanews.com\/index.php\/2020\/09\/20\/com-covid-19-diego-ribas-fala-sobre-seu-estado-clinico\/#article","isPartOf":{"@id":"https:\/\/www.gaveanews.com\/index.php\/2020\/09\/20\/com-covid-19-diego-ribas-fala-sobre-seu-estado-clinico\/"},"author":{"name":"Equipe G\u00e1vea News","@id":"https:\/\/www.gaveanews.com\/#\/schema\/person\/2ec14f73fb96be2caf28f91afb14749d"},"headline":"Com Covid-19, Diego Ribas fala sobre seu estado cl\u00ednico","datePublished":"2020-09-21T02:30:39+00:00","dateModified":"2020-09-21T02:31:48+00:00","mainEntityOfPage":{"@id":"https:\/\/www.gaveanews.com\/index.php\/2020\/09\/20\/com-covid-19-diego-ribas-fala-sobre-seu-estado-clinico\/"},"wordCount":195,"commentCount":12,"image":{"@id":"https:\/\/www.gaveanews.com\/index.php\/2020\/09\/20\/com-covid-19-diego-ribas-fala-sobre-seu-estado-clinico\/#primaryimage"},"thumbnailUrl":"https:\/\/www.gaveanews.com\/wp-content\/uploads\/Diego-Ribas-com-a-bola-dominada-no-gramado-do-Maracana.webp","articleSection":["Destaques"],"inLanguage":"pt-BR","potentialAction":[{"@type":"CommentAction","name":"Comment","target":["https:\/\/www.gaveanews.com\/index.php\/2020\/09\/20\/com-covid-19-diego-ribas-fala-sobre-seu-estado-clinico\/#respond"]}],"copyrightYear":"2020","copyrightHolder":{"@id":"https:\/\/www.gaveanews.com\/#organization"}},{"@type":"WebPage","@id":"https:\/\/www.gaveanews.com\/index.php\/2020\/09\/20\/com-covid-19-diego-ribas-fala-sobre-seu-estado-clinico\/","url":"https:\/\/www.gaveanews.com\/index.php\/2020\/09\/20\/com-covid-19-diego-ribas-fala-sobre-seu-estado-clinico\/","name":"Com Covid-19, Diego Ribas fala sobre seu estado cl\u00ednico","isPartOf":{"@id":"https:\/\/www.gaveanews.com\/#website"},"primaryImageOfPage":{"@id":"https:\/\/www.gaveanews.com\/index.php\/2020\/09\/20\/com-covid-19-diego-ribas-fala-sobre-seu-estado-clinico\/#primaryimage"},"image":{"@id":"https:\/\/www.gaveanews.com\/index.php\/2020\/09\/20\/com-covid-19-diego-ribas-fala-sobre-seu-estado-clinico\/#primaryimage"},"thumbnailUrl":"https:\/\/www.gaveanews.com\/wp-content\/uploads\/Diego-Ribas-com-a-bola-dominada-no-gramado-do-Maracana.webp","datePublished":"2020-09-21T02:30:39+00:00","dateModified":"2020-09-21T02:31:48+00:00","author":{"@id":"https:\/\/www.gaveanews.com\/#\/schema\/person\/2ec14f73fb96be2caf28f91afb14749d"},"description":"O Flamengo est\u00e1 no Equador desde a semana passada para dois jogos da Libertadores, contra o Independiente del Valle e o Barcelona.","breadcrumb":{"@id":"https:\/\/www.gaveanews.com\/index.php\/2020\/09\/20\/com-covid-19-diego-ribas-fala-sobre-seu-estado-clinico\/#breadcrumb"},"inLanguage":"pt-BR","potentialAction":[{"@type":"ReadAction","target":["https:\/\/www.gaveanews.com\/index.php\/2020\/09\/20\/com-covid-19-diego-ribas-fala-sobre-seu-estado-clinico\/"]}]},{"@type":"ImageObject","inLanguage":"pt-BR","@id":"https:\/\/www.gaveanews.com\/index.php\/2020\/09\/20\/com-covid-19-diego-ribas-fala-sobre-seu-estado-clinico\/#primaryimage","url":"https:\/\/www.gaveanews.com\/wp-content\/uploads\/Diego-Ribas-com-a-bola-dominada-no-gramado-do-Maracana.webp","contentUrl":"https:\/\/www.gaveanews.com\/wp-content\/uploads\/Diego-Ribas-com-a-bola-dominada-no-gramado-do-Maracana.webp","width":799,"height":532,"caption":"Diego Ribas com a bola dominada no gramado do Maracan\u00e3 (Foto: Alexandre Vidal\/Flamengo)"},{"@type":"BreadcrumbList","@id":"https:\/\/www.gaveanews.com\/index.php\/2020\/09\/20\/com-covid-19-diego-ribas-fala-sobre-seu-estado-clinico\/#breadcrumb","itemListElement":[{"@type":"ListItem","position":1,"name":"Home","item":"https:\/\/www.gaveanews.com\/"},{"@type":"ListItem","position":2,"name":"Com Covid-19, Diego Ribas fala sobre seu estado cl\u00ednico"}]},{"@type":"WebSite","@id":"https:\/\/www.gaveanews.com\/#website","url":"https:\/\/www.gaveanews.com\/","name":"G\u00e1vea News","description":"Veja todas as not\u00edcias sobre o Flamengo: Contrata\u00e7\u00f5es, categorias de base, resultados das partidas, tabela de classifica\u00e7\u00e3o, pr\u00f3ximos jogos!","potentialAction":[{"@type":"SearchAction","target":{"@type":"EntryPoint","urlTemplate":"https:\/\/www.gaveanews.com\/?s={search_term_string}"},"query-input":{"@type":"PropertyValueSpecification","valueRequired":true,"valueName":"search_term_string"}}],"inLanguage":"pt-BR"},{"@type":"Person","@id":"https:\/\/www.gaveanews.com\/#\/schema\/person\/2ec14f73fb96be2caf28f91afb14749d","name":"Equipe G\u00e1vea News","image":{"@type":"ImageObject","inLanguage":"pt-BR","@id":"https:\/\/www.gaveanews.com\/#\/schema\/person\/image\/","url":"https:\/\/secure.gravatar.com\/avatar\/1e1956f1facbffd3f8fa53a326721950116b3b9dc9bd44939c01180fd4a745a9?s=96&d=mm&r=g","contentUrl":"https:\/\/secure.gravatar.com\/avatar\/1e1956f1facbffd3f8fa53a326721950116b3b9dc9bd44939c01180fd4a745a9?s=96&d=mm&r=g","caption":"Equipe G\u00e1vea News"}}]}},"_links":{"self":[{"href":"https:\/\/www.gaveanews.com\/index.php\/wp-json\/wp\/v2\/posts\/47731","targetHints":{"allow":["GET"]}}],"collection":[{"href":"https:\/\/www.gaveanews.com\/index.php\/wp-json\/wp\/v2\/posts"}],"about":[{"href":"https:\/\/www.gaveanews.com\/index.php\/wp-json\/wp\/v2\/types\/post"}],"author":[{"embeddable":true,"href":"https:\/\/www.gaveanews.com\/index.php\/wp-json\/wp\/v2\/users\/1"}],"replies":[{"embeddable":true,"href":"https:\/\/www.gaveanews.com\/index.php\/wp-json\/wp\/v2\/comments?post=47731"}],"version-history":[{"count":0,"href":"https:\/\/www.gaveanews.com\/index.php\/wp-json\/wp\/v2\/posts\/47731\/revisions"}],"wp:featuredmedia":[{"embeddable":true,"href":"https:\/\/www.gaveanews.com\/index.php\/wp-json\/wp\/v2\/media\/46966"}],"wp:attachment":[{"href":"https:\/\/www.gaveanews.com\/index.php\/wp-json\/wp\/v2\/media?parent=47731"}],"wp:term":[{"taxonomy":"category","embeddable":true,"href":"https:\/\/www.gaveanews.com\/index.php\/wp-json\/wp\/v2\/categories?post=47731"},{"taxonomy":"post_tag","embeddable":true,"href":"https:\/\/www.gaveanews.com\/index.php\/wp-json\/wp\/v2\/tags?post=47731"}],"curies":[{"name":"wp","href":"https:\/\/api.w.org\/{rel}","templated":true}]}}