{"id":47777,"date":"2020-09-22T07:45:14","date_gmt":"2020-09-22T10:45:14","guid":{"rendered":"https:\/\/www.gaveanews.com\/?p=47777"},"modified":"2020-09-22T05:02:00","modified_gmt":"2020-09-22T08:02:00","slug":"covid-baixas-jovens-sem-hora-para-chegar-e-5-a-0-os-desafios-do-flamengo","status":"publish","type":"post","link":"https:\/\/www.gaveanews.com\/index.php\/2020\/09\/22\/covid-baixas-jovens-sem-hora-para-chegar-e-5-a-0-os-desafios-do-flamengo\/","title":{"rendered":"Covid, baixas, jovens sem hora para chegar e 5 a 0: os desafios do Flamengo"},"content":{"rendered":"\n<p>A passagem do Flamengo pelo Equador abalou as estruturas do clube e um time em peda\u00e7os entra hoje (22) em campo para encarar o Barcelona, \u00e0s 19h15, no Monumental, pela Copa Libertadores.<\/p>\n\n\n\n<p>N\u00e3o bastasse o terremoto causado pela goleada de 5 a 0 imposta pelo Independiente del Valle (EQU), resultado que colocou em xeque o trabalho de Dom\u00e8nec Torrent, a delega\u00e7\u00e3o foi varrida por um surto de Covid, drama que j\u00e1 tirou de combate Isla, Filipe Lu\u00eds, Diego, Vitinho, Bruno Henrique, Michael e Matheuzinho. Com problemas na coxa, Gabigol \u00e9 outra baixa.<\/p>\n\n\n\n<p>O goleiro Diego Alves e o atacante Pedro Rocha sequer viajaram e j\u00e1 estavam fora de combate. Ao todo, o espanhol tem nada menos que 11 desfalques, o que representa um time inteiro. Em tempos de dificuldades no Fla, um desafio extra a ser superado.<\/p>\n\n\n\n<p>Torrent viajou com 25 jogadores, mas s\u00f3 tinha 17 \u00e0 disposi\u00e7\u00e3o para a \u00faltima atividade antes do jogo desta ter\u00e7a-feira. Isso se contado o zagueiro Gustavo Henrique, expulso contra o Del Valle e outra baixa conformada para a decis\u00e3o de hoje. O clima \u00e9 de tens\u00e3o e o Fla tenta juntar os cacos para sacudir a poeira contra o lanterninha do Grupo A.<\/p>\n\n\n\n<p>&#8220;A equipe vai bem. Primeiro j\u00e1 tira fato dos 2.800 metros [de altitude], aqui j\u00e1 estamos no n\u00edvel do mar. A gente, imediatamente ap\u00f3s o jogo de Quito, j\u00e1 estava dentro do avi\u00e3o fretado para vir para Guayaquil. Isso \u00e9 trabalho de uni\u00e3o, de outras pessoas. As pessoas aqui trabalham com excel\u00eancia&#8221;, disse o vice de futebol Marcos Braz, antes de a pandemia atacar o grupo.<\/p>\n\n\n\n<p>O momento \u00e9 t\u00e3o conturbado que at\u00e9 um fen\u00f4meno natural atrapalhou a vida rubro-negra. No domingo, o vulc\u00e3o Sangay entrou em atividade e fez o treino ser cancelado. Ontem, a quest\u00e3o se normalizou e os jogadores dispon\u00edveis puderam ir ao campo.<\/p>\n\n\n\n<p>Para minimizar os estragos, o Rubro-Negro fez uma opera\u00e7\u00e3o de guerra para conseguir embarcar o lateral direito Jo\u00e3o Lucas, o zagueiro Natan e os atacantes Guilherme Bala e Rodrigo Muniz. O voo ficou retido em Goi\u00e2nia at\u00e9 o sinal verde para decolagem. Neste mesmo jato, os infectados ser\u00e3o trazidos de volta para o Brasil.<\/p>\n\n\n\n<p>Ante o furac\u00e3o que varre o Flamengo desde a \u00faltima quinta-feira (17), a partida desta noite ganhou um car\u00e1ter de decis\u00e3o fora de hora na G\u00e1vea. Uma performance ruim, ainda que todo o cen\u00e1rio seja levado em conta, pode agitar ainda mais as estruturas dos atuais campe\u00f5es do continente. Por outro lado, sair de campo com os tr\u00eas pontos seria uma demonstra\u00e7\u00e3o de for\u00e7a e um poss\u00edvel recome\u00e7o na temporada.<\/p>\n\n\n\n<p>Retirado de: UOL<\/p>\n","protected":false},"excerpt":{"rendered":"<p>A passagem do Flamengo pelo Equador abalou as estruturas do clube e um time em peda\u00e7os entra hoje (22) em campo para encarar o Barcelona, \u00e0s 19h15, no Monumental, pela Copa Libertadores. N\u00e3o bastasse o terremoto causado pela goleada de 5 a 0 imposta pelo Independiente del Valle (EQU), resultado que colocou em xeque o [&hellip;]<\/p>\n","protected":false},"author":1,"featured_media":14851,"comment_status":"open","ping_status":"closed","sticky":false,"template":"","format":"standard","meta":{"footnotes":""},"categories":[47],"tags":[],"class_list":["post-47777","post","type-post","status-publish","format-standard","has-post-thumbnail","hentry","category-destaques"],"yoast_head":"<!-- This site is optimized with the Yoast SEO Premium plugin v24.2 (Yoast SEO v26.9) - https:\/\/yoast.com\/product\/yoast-seo-premium-wordpress\/ -->\n<title>Covid, baixas, jovens sem hora para chegar e 5 a 0: os desafios do Flamengo<\/title>\n<meta name=\"robots\" content=\"index, follow, max-snippet:-1, max-image-preview:large, max-video-preview:-1\" \/>\n<link rel=\"canonical\" href=\"https:\/\/www.gaveanews.com\/index.php\/2020\/09\/22\/covid-baixas-jovens-sem-hora-para-chegar-e-5-a-0-os-desafios-do-flamengo\/\" \/>\n<meta property=\"og:locale\" content=\"pt_BR\" \/>\n<meta property=\"og:type\" content=\"article\" \/>\n<meta property=\"og:title\" content=\"Covid, baixas, jovens sem hora para chegar e 5 a 0: os desafios do Flamengo\" \/>\n<meta property=\"og:description\" content=\"A passagem do Flamengo pelo Equador abalou as estruturas do clube e um time em peda\u00e7os entra hoje (22) em campo para encarar o Barcelona, \u00e0s 19h15, no Monumental, pela Copa Libertadores. N\u00e3o bastasse o terremoto causado pela goleada de 5 a 0 imposta pelo Independiente del Valle (EQU), resultado que colocou em xeque o [&hellip;]\" \/>\n<meta property=\"og:url\" content=\"https:\/\/www.gaveanews.com\/index.php\/2020\/09\/22\/covid-baixas-jovens-sem-hora-para-chegar-e-5-a-0-os-desafios-do-flamengo\/\" \/>\n<meta property=\"og:site_name\" content=\"G\u00e1vea News\" \/>\n<meta property=\"article:publisher\" content=\"https:\/\/facebook.com\/gaveaNews\/\" \/>\n<meta property=\"article:published_time\" content=\"2020-09-22T10:45:14+00:00\" \/>\n<meta property=\"og:image\" content=\"https:\/\/www.gaveanews.com\/wp-content\/uploads\/2019\/03\/Taca-da-Copa-Libertadores-da-America.webp\" \/>\n\t<meta property=\"og:image:width\" content=\"1\" \/>\n\t<meta property=\"og:image:height\" content=\"1\" \/>\n\t<meta property=\"og:image:type\" content=\"image\/jpeg\" \/>\n<meta name=\"author\" content=\"Equipe G\u00e1vea News\" \/>\n<meta name=\"twitter:card\" content=\"summary_large_image\" \/>\n<meta name=\"twitter:label1\" content=\"Escrito por\" \/>\n\t<meta name=\"twitter:data1\" content=\"Equipe G\u00e1vea News\" \/>\n\t<meta name=\"twitter:label2\" content=\"Est. tempo de leitura\" \/>\n\t<meta name=\"twitter:data2\" content=\"2 minutos\" \/>\n<script type=\"application\/ld+json\" class=\"yoast-schema-graph\">{\"@context\":\"https:\/\/schema.org\",\"@graph\":[{\"@type\":\"NewsArticle\",\"@id\":\"https:\/\/www.gaveanews.com\/index.php\/2020\/09\/22\/covid-baixas-jovens-sem-hora-para-chegar-e-5-a-0-os-desafios-do-flamengo\/#article\",\"isPartOf\":{\"@id\":\"https:\/\/www.gaveanews.com\/index.php\/2020\/09\/22\/covid-baixas-jovens-sem-hora-para-chegar-e-5-a-0-os-desafios-do-flamengo\/\"},\"author\":{\"name\":\"Equipe G\u00e1vea News\",\"@id\":\"https:\/\/www.gaveanews.com\/#\/schema\/person\/2ec14f73fb96be2caf28f91afb14749d\"},\"headline\":\"Covid, baixas, jovens sem hora para chegar e 5 a 0: os desafios do Flamengo\",\"datePublished\":\"2020-09-22T10:45:14+00:00\",\"mainEntityOfPage\":{\"@id\":\"https:\/\/www.gaveanews.com\/index.php\/2020\/09\/22\/covid-baixas-jovens-sem-hora-para-chegar-e-5-a-0-os-desafios-do-flamengo\/\"},\"wordCount\":468,\"commentCount\":20,\"image\":{\"@id\":\"https:\/\/www.gaveanews.com\/index.php\/2020\/09\/22\/covid-baixas-jovens-sem-hora-para-chegar-e-5-a-0-os-desafios-do-flamengo\/#primaryimage\"},\"thumbnailUrl\":\"https:\/\/www.gaveanews.com\/wp-content\/uploads\/2019\/03\/Taca-da-Copa-Libertadores-da-America.webp\",\"articleSection\":[\"Destaques\"],\"inLanguage\":\"pt-BR\",\"potentialAction\":[{\"@type\":\"CommentAction\",\"name\":\"Comment\",\"target\":[\"https:\/\/www.gaveanews.com\/index.php\/2020\/09\/22\/covid-baixas-jovens-sem-hora-para-chegar-e-5-a-0-os-desafios-do-flamengo\/#respond\"]}],\"copyrightYear\":\"2020\",\"copyrightHolder\":{\"@id\":\"https:\/\/www.gaveanews.com\/#organization\"}},{\"@type\":\"WebPage\",\"@id\":\"https:\/\/www.gaveanews.com\/index.php\/2020\/09\/22\/covid-baixas-jovens-sem-hora-para-chegar-e-5-a-0-os-desafios-do-flamengo\/\",\"url\":\"https:\/\/www.gaveanews.com\/index.php\/2020\/09\/22\/covid-baixas-jovens-sem-hora-para-chegar-e-5-a-0-os-desafios-do-flamengo\/\",\"name\":\"Covid, baixas, jovens sem hora para chegar e 5 a 0: os desafios do Flamengo\",\"isPartOf\":{\"@id\":\"https:\/\/www.gaveanews.com\/#website\"},\"primaryImageOfPage\":{\"@id\":\"https:\/\/www.gaveanews.com\/index.php\/2020\/09\/22\/covid-baixas-jovens-sem-hora-para-chegar-e-5-a-0-os-desafios-do-flamengo\/#primaryimage\"},\"image\":{\"@id\":\"https:\/\/www.gaveanews.com\/index.php\/2020\/09\/22\/covid-baixas-jovens-sem-hora-para-chegar-e-5-a-0-os-desafios-do-flamengo\/#primaryimage\"},\"thumbnailUrl\":\"https:\/\/www.gaveanews.com\/wp-content\/uploads\/2019\/03\/Taca-da-Copa-Libertadores-da-America.webp\",\"datePublished\":\"2020-09-22T10:45:14+00:00\",\"author\":{\"@id\":\"https:\/\/www.gaveanews.com\/#\/schema\/person\/2ec14f73fb96be2caf28f91afb14749d\"},\"breadcrumb\":{\"@id\":\"https:\/\/www.gaveanews.com\/index.php\/2020\/09\/22\/covid-baixas-jovens-sem-hora-para-chegar-e-5-a-0-os-desafios-do-flamengo\/#breadcrumb\"},\"inLanguage\":\"pt-BR\",\"potentialAction\":[{\"@type\":\"ReadAction\",\"target\":[\"https:\/\/www.gaveanews.com\/index.php\/2020\/09\/22\/covid-baixas-jovens-sem-hora-para-chegar-e-5-a-0-os-desafios-do-flamengo\/\"]}]},{\"@type\":\"ImageObject\",\"inLanguage\":\"pt-BR\",\"@id\":\"https:\/\/www.gaveanews.com\/index.php\/2020\/09\/22\/covid-baixas-jovens-sem-hora-para-chegar-e-5-a-0-os-desafios-do-flamengo\/#primaryimage\",\"url\":\"https:\/\/www.gaveanews.com\/wp-content\/uploads\/2019\/03\/Taca-da-Copa-Libertadores-da-America.webp\",\"contentUrl\":\"https:\/\/www.gaveanews.com\/wp-content\/uploads\/2019\/03\/Taca-da-Copa-Libertadores-da-America.webp\",\"caption\":\"Ta\u00e7a da Copa Libertadores da Am\u00e9rica (Foto: Divulga\u00e7\u00e3o\/Conmebol)\"},{\"@type\":\"BreadcrumbList\",\"@id\":\"https:\/\/www.gaveanews.com\/index.php\/2020\/09\/22\/covid-baixas-jovens-sem-hora-para-chegar-e-5-a-0-os-desafios-do-flamengo\/#breadcrumb\",\"itemListElement\":[{\"@type\":\"ListItem\",\"position\":1,\"name\":\"Home\",\"item\":\"https:\/\/www.gaveanews.com\/\"},{\"@type\":\"ListItem\",\"position\":2,\"name\":\"Covid, baixas, jovens sem hora para chegar e 5 a 0: os desafios do Flamengo\"}]},{\"@type\":\"WebSite\",\"@id\":\"https:\/\/www.gaveanews.com\/#website\",\"url\":\"https:\/\/www.gaveanews.com\/\",\"name\":\"G\u00e1vea News\",\"description\":\"Veja todas as not\u00edcias sobre o Flamengo: Contrata\u00e7\u00f5es, categorias de base, resultados das partidas, tabela de classifica\u00e7\u00e3o, pr\u00f3ximos jogos!\",\"potentialAction\":[{\"@type\":\"SearchAction\",\"target\":{\"@type\":\"EntryPoint\",\"urlTemplate\":\"https:\/\/www.gaveanews.com\/?s={search_term_string}\"},\"query-input\":{\"@type\":\"PropertyValueSpecification\",\"valueRequired\":true,\"valueName\":\"search_term_string\"}}],\"inLanguage\":\"pt-BR\"},{\"@type\":\"Person\",\"@id\":\"https:\/\/www.gaveanews.com\/#\/schema\/person\/2ec14f73fb96be2caf28f91afb14749d\",\"name\":\"Equipe G\u00e1vea News\",\"image\":{\"@type\":\"ImageObject\",\"inLanguage\":\"pt-BR\",\"@id\":\"https:\/\/www.gaveanews.com\/#\/schema\/person\/image\/\",\"url\":\"https:\/\/secure.gravatar.com\/avatar\/1e1956f1facbffd3f8fa53a326721950116b3b9dc9bd44939c01180fd4a745a9?s=96&d=mm&r=g\",\"contentUrl\":\"https:\/\/secure.gravatar.com\/avatar\/1e1956f1facbffd3f8fa53a326721950116b3b9dc9bd44939c01180fd4a745a9?s=96&d=mm&r=g\",\"caption\":\"Equipe G\u00e1vea News\"}}]}<\/script>\n<!-- \/ Yoast SEO Premium plugin. -->","yoast_head_json":{"title":"Covid, baixas, jovens sem hora para chegar e 5 a 0: os desafios do Flamengo","robots":{"index":"index","follow":"follow","max-snippet":"max-snippet:-1","max-image-preview":"max-image-preview:large","max-video-preview":"max-video-preview:-1"},"canonical":"https:\/\/www.gaveanews.com\/index.php\/2020\/09\/22\/covid-baixas-jovens-sem-hora-para-chegar-e-5-a-0-os-desafios-do-flamengo\/","og_locale":"pt_BR","og_type":"article","og_title":"Covid, baixas, jovens sem hora para chegar e 5 a 0: os desafios do Flamengo","og_description":"A passagem do Flamengo pelo Equador abalou as estruturas do clube e um time em peda\u00e7os entra hoje (22) em campo para encarar o Barcelona, \u00e0s 19h15, no Monumental, pela Copa Libertadores. N\u00e3o bastasse o terremoto causado pela goleada de 5 a 0 imposta pelo Independiente del Valle (EQU), resultado que colocou em xeque o [&hellip;]","og_url":"https:\/\/www.gaveanews.com\/index.php\/2020\/09\/22\/covid-baixas-jovens-sem-hora-para-chegar-e-5-a-0-os-desafios-do-flamengo\/","og_site_name":"G\u00e1vea News","article_publisher":"https:\/\/facebook.com\/gaveaNews\/","article_published_time":"2020-09-22T10:45:14+00:00","og_image":[{"url":"https:\/\/www.gaveanews.com\/wp-content\/uploads\/2019\/03\/Taca-da-Copa-Libertadores-da-America.webp","width":1,"height":1,"type":"image\/jpeg"}],"author":"Equipe G\u00e1vea News","twitter_card":"summary_large_image","twitter_misc":{"Escrito por":"Equipe G\u00e1vea News","Est. tempo de leitura":"2 minutos"},"schema":{"@context":"https:\/\/schema.org","@graph":[{"@type":"NewsArticle","@id":"https:\/\/www.gaveanews.com\/index.php\/2020\/09\/22\/covid-baixas-jovens-sem-hora-para-chegar-e-5-a-0-os-desafios-do-flamengo\/#article","isPartOf":{"@id":"https:\/\/www.gaveanews.com\/index.php\/2020\/09\/22\/covid-baixas-jovens-sem-hora-para-chegar-e-5-a-0-os-desafios-do-flamengo\/"},"author":{"name":"Equipe G\u00e1vea News","@id":"https:\/\/www.gaveanews.com\/#\/schema\/person\/2ec14f73fb96be2caf28f91afb14749d"},"headline":"Covid, baixas, jovens sem hora para chegar e 5 a 0: os desafios do Flamengo","datePublished":"2020-09-22T10:45:14+00:00","mainEntityOfPage":{"@id":"https:\/\/www.gaveanews.com\/index.php\/2020\/09\/22\/covid-baixas-jovens-sem-hora-para-chegar-e-5-a-0-os-desafios-do-flamengo\/"},"wordCount":468,"commentCount":20,"image":{"@id":"https:\/\/www.gaveanews.com\/index.php\/2020\/09\/22\/covid-baixas-jovens-sem-hora-para-chegar-e-5-a-0-os-desafios-do-flamengo\/#primaryimage"},"thumbnailUrl":"https:\/\/www.gaveanews.com\/wp-content\/uploads\/2019\/03\/Taca-da-Copa-Libertadores-da-America.webp","articleSection":["Destaques"],"inLanguage":"pt-BR","potentialAction":[{"@type":"CommentAction","name":"Comment","target":["https:\/\/www.gaveanews.com\/index.php\/2020\/09\/22\/covid-baixas-jovens-sem-hora-para-chegar-e-5-a-0-os-desafios-do-flamengo\/#respond"]}],"copyrightYear":"2020","copyrightHolder":{"@id":"https:\/\/www.gaveanews.com\/#organization"}},{"@type":"WebPage","@id":"https:\/\/www.gaveanews.com\/index.php\/2020\/09\/22\/covid-baixas-jovens-sem-hora-para-chegar-e-5-a-0-os-desafios-do-flamengo\/","url":"https:\/\/www.gaveanews.com\/index.php\/2020\/09\/22\/covid-baixas-jovens-sem-hora-para-chegar-e-5-a-0-os-desafios-do-flamengo\/","name":"Covid, baixas, jovens sem hora para chegar e 5 a 0: os desafios do Flamengo","isPartOf":{"@id":"https:\/\/www.gaveanews.com\/#website"},"primaryImageOfPage":{"@id":"https:\/\/www.gaveanews.com\/index.php\/2020\/09\/22\/covid-baixas-jovens-sem-hora-para-chegar-e-5-a-0-os-desafios-do-flamengo\/#primaryimage"},"image":{"@id":"https:\/\/www.gaveanews.com\/index.php\/2020\/09\/22\/covid-baixas-jovens-sem-hora-para-chegar-e-5-a-0-os-desafios-do-flamengo\/#primaryimage"},"thumbnailUrl":"https:\/\/www.gaveanews.com\/wp-content\/uploads\/2019\/03\/Taca-da-Copa-Libertadores-da-America.webp","datePublished":"2020-09-22T10:45:14+00:00","author":{"@id":"https:\/\/www.gaveanews.com\/#\/schema\/person\/2ec14f73fb96be2caf28f91afb14749d"},"breadcrumb":{"@id":"https:\/\/www.gaveanews.com\/index.php\/2020\/09\/22\/covid-baixas-jovens-sem-hora-para-chegar-e-5-a-0-os-desafios-do-flamengo\/#breadcrumb"},"inLanguage":"pt-BR","potentialAction":[{"@type":"ReadAction","target":["https:\/\/www.gaveanews.com\/index.php\/2020\/09\/22\/covid-baixas-jovens-sem-hora-para-chegar-e-5-a-0-os-desafios-do-flamengo\/"]}]},{"@type":"ImageObject","inLanguage":"pt-BR","@id":"https:\/\/www.gaveanews.com\/index.php\/2020\/09\/22\/covid-baixas-jovens-sem-hora-para-chegar-e-5-a-0-os-desafios-do-flamengo\/#primaryimage","url":"https:\/\/www.gaveanews.com\/wp-content\/uploads\/2019\/03\/Taca-da-Copa-Libertadores-da-America.webp","contentUrl":"https:\/\/www.gaveanews.com\/wp-content\/uploads\/2019\/03\/Taca-da-Copa-Libertadores-da-America.webp","caption":"Ta\u00e7a da Copa Libertadores da Am\u00e9rica (Foto: Divulga\u00e7\u00e3o\/Conmebol)"},{"@type":"BreadcrumbList","@id":"https:\/\/www.gaveanews.com\/index.php\/2020\/09\/22\/covid-baixas-jovens-sem-hora-para-chegar-e-5-a-0-os-desafios-do-flamengo\/#breadcrumb","itemListElement":[{"@type":"ListItem","position":1,"name":"Home","item":"https:\/\/www.gaveanews.com\/"},{"@type":"ListItem","position":2,"name":"Covid, baixas, jovens sem hora para chegar e 5 a 0: os desafios do Flamengo"}]},{"@type":"WebSite","@id":"https:\/\/www.gaveanews.com\/#website","url":"https:\/\/www.gaveanews.com\/","name":"G\u00e1vea News","description":"Veja todas as not\u00edcias sobre o Flamengo: Contrata\u00e7\u00f5es, categorias de base, resultados das partidas, tabela de classifica\u00e7\u00e3o, pr\u00f3ximos jogos!","potentialAction":[{"@type":"SearchAction","target":{"@type":"EntryPoint","urlTemplate":"https:\/\/www.gaveanews.com\/?s={search_term_string}"},"query-input":{"@type":"PropertyValueSpecification","valueRequired":true,"valueName":"search_term_string"}}],"inLanguage":"pt-BR"},{"@type":"Person","@id":"https:\/\/www.gaveanews.com\/#\/schema\/person\/2ec14f73fb96be2caf28f91afb14749d","name":"Equipe G\u00e1vea News","image":{"@type":"ImageObject","inLanguage":"pt-BR","@id":"https:\/\/www.gaveanews.com\/#\/schema\/person\/image\/","url":"https:\/\/secure.gravatar.com\/avatar\/1e1956f1facbffd3f8fa53a326721950116b3b9dc9bd44939c01180fd4a745a9?s=96&d=mm&r=g","contentUrl":"https:\/\/secure.gravatar.com\/avatar\/1e1956f1facbffd3f8fa53a326721950116b3b9dc9bd44939c01180fd4a745a9?s=96&d=mm&r=g","caption":"Equipe G\u00e1vea News"}}]}},"_links":{"self":[{"href":"https:\/\/www.gaveanews.com\/index.php\/wp-json\/wp\/v2\/posts\/47777","targetHints":{"allow":["GET"]}}],"collection":[{"href":"https:\/\/www.gaveanews.com\/index.php\/wp-json\/wp\/v2\/posts"}],"about":[{"href":"https:\/\/www.gaveanews.com\/index.php\/wp-json\/wp\/v2\/types\/post"}],"author":[{"embeddable":true,"href":"https:\/\/www.gaveanews.com\/index.php\/wp-json\/wp\/v2\/users\/1"}],"replies":[{"embeddable":true,"href":"https:\/\/www.gaveanews.com\/index.php\/wp-json\/wp\/v2\/comments?post=47777"}],"version-history":[{"count":0,"href":"https:\/\/www.gaveanews.com\/index.php\/wp-json\/wp\/v2\/posts\/47777\/revisions"}],"wp:featuredmedia":[{"embeddable":true,"href":"https:\/\/www.gaveanews.com\/index.php\/wp-json\/wp\/v2\/media\/14851"}],"wp:attachment":[{"href":"https:\/\/www.gaveanews.com\/index.php\/wp-json\/wp\/v2\/media?parent=47777"}],"wp:term":[{"taxonomy":"category","embeddable":true,"href":"https:\/\/www.gaveanews.com\/index.php\/wp-json\/wp\/v2\/categories?post=47777"},{"taxonomy":"post_tag","embeddable":true,"href":"https:\/\/www.gaveanews.com\/index.php\/wp-json\/wp\/v2\/tags?post=47777"}],"curies":[{"name":"wp","href":"https:\/\/api.w.org\/{rel}","templated":true}]}}