{"id":47888,"date":"2020-09-23T10:22:10","date_gmt":"2020-09-23T13:22:10","guid":{"rendered":"https:\/\/www.gaveanews.com\/?p=47888"},"modified":"2020-09-23T10:22:12","modified_gmt":"2020-09-23T13:22:12","slug":"time-do-flamengo-ganha-um-dia-de-descanso-apos-adversidades-no-equador","status":"publish","type":"post","link":"https:\/\/www.gaveanews.com\/index.php\/2020\/09\/23\/time-do-flamengo-ganha-um-dia-de-descanso-apos-adversidades-no-equador\/","title":{"rendered":"Time do Flamengo ganha um dia de descanso ap\u00f3s adversidades no Equador"},"content":{"rendered":"\n<p>Ap\u00f3s mais de uma semana de trabalho no Equador, o elenco do Flamengo ganhou um dia de folga para recarregar as baterias depois da vit\u00f3ria por 2 a 1 sobre o Barcelona.<\/p>\n\n\n\n<p>Desgastado ap\u00f3s a &#8220;semana maluca&#8221; em Quito e em Guyaquil, o time se reapresenta apenas amanh\u00e3 (24) no Ninho do Urubu. O treino est\u00e1 marcado para 16h.<\/p>\n\n\n\n<p>O t\u00e9cnico Dom\u00e8nec Torrent respirou aliviado com o triunfo e recha\u00e7ou a hip\u00f3tese de press\u00e3o pela manuten\u00e7\u00e3o do seu cargo no Rubro-negro:<\/p>\n\n\n\n<p>&#8220;Jogadores n\u00e3o s\u00e3o m\u00e1quinas, treinamos juntos 10 dias. Se n\u00e3o h\u00e1 tempo para treinar, como analisar? Klopp n\u00e3o ganhou nada no Liverpool no primeiro ano, mas agora tem uma equipe maravilhosa. Eu n\u00e3o controlo, estou focado em trabalhar duro. Que continuidade? Aqui perde uma partida e est\u00e1 fora, na Europa \u00e9 diferente&#8221;, disse ele.<\/p>\n\n\n\n<p>Com o surto de covid-19 no clube, a dire\u00e7\u00e3o tenta adiar a partida de domingo contra o Palmeiras, \u00e0s 16h, no Allianz Parque. O Alviverde j\u00e1 avisou que n\u00e3o topa o adiamento e o caso est\u00e1 nas m\u00e3os da CBF.<\/p>\n\n\n\n<p>Retirado de: UOL<\/p>\n","protected":false},"excerpt":{"rendered":"<p>Ap\u00f3s mais de uma semana de trabalho no Equador, o elenco do Flamengo ganhou um dia de folga para recarregar as baterias depois da vit\u00f3ria por 2 a 1 sobre o Barcelona. Desgastado ap\u00f3s a &#8220;semana maluca&#8221; em Quito e em Guyaquil, o time se reapresenta apenas amanh\u00e3 (24) no Ninho do Urubu. O treino [&hellip;]<\/p>\n","protected":false},"author":1,"featured_media":14851,"comment_status":"open","ping_status":"closed","sticky":false,"template":"","format":"standard","meta":{"footnotes":""},"categories":[1],"tags":[],"class_list":["post-47888","post","type-post","status-publish","format-standard","has-post-thumbnail","hentry","category-flamengo"],"yoast_head":"<!-- This site is optimized with the Yoast SEO Premium plugin v24.2 (Yoast SEO v26.9) - https:\/\/yoast.com\/product\/yoast-seo-premium-wordpress\/ -->\n<title>Time do Flamengo ganha um dia de descanso ap\u00f3s adversidades<\/title>\n<meta name=\"description\" content=\"O t\u00e9cnico Dom\u00e8nec Torrent respirou aliviado com o triunfo e recha\u00e7ou a hip\u00f3tese de press\u00e3o pela manuten\u00e7\u00e3o do seu cargo.\" \/>\n<meta name=\"robots\" content=\"index, follow, max-snippet:-1, max-image-preview:large, max-video-preview:-1\" \/>\n<link rel=\"canonical\" href=\"https:\/\/www.gaveanews.com\/index.php\/2020\/09\/23\/time-do-flamengo-ganha-um-dia-de-descanso-apos-adversidades-no-equador\/\" \/>\n<meta property=\"og:locale\" content=\"pt_BR\" \/>\n<meta property=\"og:type\" content=\"article\" \/>\n<meta property=\"og:title\" content=\"Time do Flamengo ganha um dia de descanso ap\u00f3s adversidades no Equador\" \/>\n<meta property=\"og:description\" content=\"O t\u00e9cnico Dom\u00e8nec Torrent respirou aliviado com o triunfo e recha\u00e7ou a hip\u00f3tese de press\u00e3o pela manuten\u00e7\u00e3o do seu cargo.\" \/>\n<meta property=\"og:url\" content=\"https:\/\/www.gaveanews.com\/index.php\/2020\/09\/23\/time-do-flamengo-ganha-um-dia-de-descanso-apos-adversidades-no-equador\/\" \/>\n<meta property=\"og:site_name\" content=\"G\u00e1vea News\" \/>\n<meta property=\"article:publisher\" content=\"https:\/\/facebook.com\/gaveaNews\/\" \/>\n<meta property=\"article:published_time\" content=\"2020-09-23T13:22:10+00:00\" \/>\n<meta property=\"article:modified_time\" content=\"2020-09-23T13:22:12+00:00\" \/>\n<meta property=\"og:image\" content=\"https:\/\/www.gaveanews.com\/wp-content\/uploads\/2019\/03\/Taca-da-Copa-Libertadores-da-America.webp\" \/>\n\t<meta property=\"og:image:width\" content=\"1\" \/>\n\t<meta property=\"og:image:height\" content=\"1\" \/>\n\t<meta property=\"og:image:type\" content=\"image\/jpeg\" \/>\n<meta name=\"author\" content=\"Equipe G\u00e1vea News\" \/>\n<meta name=\"twitter:card\" content=\"summary_large_image\" \/>\n<meta name=\"twitter:label1\" content=\"Escrito por\" \/>\n\t<meta name=\"twitter:data1\" content=\"Equipe G\u00e1vea News\" \/>\n\t<meta name=\"twitter:label2\" content=\"Est. tempo de leitura\" \/>\n\t<meta name=\"twitter:data2\" content=\"1 minuto\" \/>\n<script type=\"application\/ld+json\" class=\"yoast-schema-graph\">{\"@context\":\"https:\/\/schema.org\",\"@graph\":[{\"@type\":\"NewsArticle\",\"@id\":\"https:\/\/www.gaveanews.com\/index.php\/2020\/09\/23\/time-do-flamengo-ganha-um-dia-de-descanso-apos-adversidades-no-equador\/#article\",\"isPartOf\":{\"@id\":\"https:\/\/www.gaveanews.com\/index.php\/2020\/09\/23\/time-do-flamengo-ganha-um-dia-de-descanso-apos-adversidades-no-equador\/\"},\"author\":{\"name\":\"Equipe G\u00e1vea News\",\"@id\":\"https:\/\/www.gaveanews.com\/#\/schema\/person\/2ec14f73fb96be2caf28f91afb14749d\"},\"headline\":\"Time do Flamengo ganha um dia de descanso ap\u00f3s adversidades no Equador\",\"datePublished\":\"2020-09-23T13:22:10+00:00\",\"dateModified\":\"2020-09-23T13:22:12+00:00\",\"mainEntityOfPage\":{\"@id\":\"https:\/\/www.gaveanews.com\/index.php\/2020\/09\/23\/time-do-flamengo-ganha-um-dia-de-descanso-apos-adversidades-no-equador\/\"},\"wordCount\":204,\"commentCount\":10,\"image\":{\"@id\":\"https:\/\/www.gaveanews.com\/index.php\/2020\/09\/23\/time-do-flamengo-ganha-um-dia-de-descanso-apos-adversidades-no-equador\/#primaryimage\"},\"thumbnailUrl\":\"https:\/\/www.gaveanews.com\/wp-content\/uploads\/2019\/03\/Taca-da-Copa-Libertadores-da-America.webp\",\"articleSection\":[\"Flamengo\"],\"inLanguage\":\"pt-BR\",\"potentialAction\":[{\"@type\":\"CommentAction\",\"name\":\"Comment\",\"target\":[\"https:\/\/www.gaveanews.com\/index.php\/2020\/09\/23\/time-do-flamengo-ganha-um-dia-de-descanso-apos-adversidades-no-equador\/#respond\"]}],\"copyrightYear\":\"2020\",\"copyrightHolder\":{\"@id\":\"https:\/\/www.gaveanews.com\/#organization\"}},{\"@type\":\"WebPage\",\"@id\":\"https:\/\/www.gaveanews.com\/index.php\/2020\/09\/23\/time-do-flamengo-ganha-um-dia-de-descanso-apos-adversidades-no-equador\/\",\"url\":\"https:\/\/www.gaveanews.com\/index.php\/2020\/09\/23\/time-do-flamengo-ganha-um-dia-de-descanso-apos-adversidades-no-equador\/\",\"name\":\"Time do Flamengo ganha um dia de descanso ap\u00f3s adversidades\",\"isPartOf\":{\"@id\":\"https:\/\/www.gaveanews.com\/#website\"},\"primaryImageOfPage\":{\"@id\":\"https:\/\/www.gaveanews.com\/index.php\/2020\/09\/23\/time-do-flamengo-ganha-um-dia-de-descanso-apos-adversidades-no-equador\/#primaryimage\"},\"image\":{\"@id\":\"https:\/\/www.gaveanews.com\/index.php\/2020\/09\/23\/time-do-flamengo-ganha-um-dia-de-descanso-apos-adversidades-no-equador\/#primaryimage\"},\"thumbnailUrl\":\"https:\/\/www.gaveanews.com\/wp-content\/uploads\/2019\/03\/Taca-da-Copa-Libertadores-da-America.webp\",\"datePublished\":\"2020-09-23T13:22:10+00:00\",\"dateModified\":\"2020-09-23T13:22:12+00:00\",\"author\":{\"@id\":\"https:\/\/www.gaveanews.com\/#\/schema\/person\/2ec14f73fb96be2caf28f91afb14749d\"},\"description\":\"O t\u00e9cnico Dom\u00e8nec Torrent respirou aliviado com o triunfo e recha\u00e7ou a hip\u00f3tese de press\u00e3o pela manuten\u00e7\u00e3o do seu cargo.\",\"breadcrumb\":{\"@id\":\"https:\/\/www.gaveanews.com\/index.php\/2020\/09\/23\/time-do-flamengo-ganha-um-dia-de-descanso-apos-adversidades-no-equador\/#breadcrumb\"},\"inLanguage\":\"pt-BR\",\"potentialAction\":[{\"@type\":\"ReadAction\",\"target\":[\"https:\/\/www.gaveanews.com\/index.php\/2020\/09\/23\/time-do-flamengo-ganha-um-dia-de-descanso-apos-adversidades-no-equador\/\"]}]},{\"@type\":\"ImageObject\",\"inLanguage\":\"pt-BR\",\"@id\":\"https:\/\/www.gaveanews.com\/index.php\/2020\/09\/23\/time-do-flamengo-ganha-um-dia-de-descanso-apos-adversidades-no-equador\/#primaryimage\",\"url\":\"https:\/\/www.gaveanews.com\/wp-content\/uploads\/2019\/03\/Taca-da-Copa-Libertadores-da-America.webp\",\"contentUrl\":\"https:\/\/www.gaveanews.com\/wp-content\/uploads\/2019\/03\/Taca-da-Copa-Libertadores-da-America.webp\",\"caption\":\"Ta\u00e7a da Copa Libertadores da Am\u00e9rica (Foto: Divulga\u00e7\u00e3o\/Conmebol)\"},{\"@type\":\"BreadcrumbList\",\"@id\":\"https:\/\/www.gaveanews.com\/index.php\/2020\/09\/23\/time-do-flamengo-ganha-um-dia-de-descanso-apos-adversidades-no-equador\/#breadcrumb\",\"itemListElement\":[{\"@type\":\"ListItem\",\"position\":1,\"name\":\"Home\",\"item\":\"https:\/\/www.gaveanews.com\/\"},{\"@type\":\"ListItem\",\"position\":2,\"name\":\"Time do Flamengo ganha um dia de descanso ap\u00f3s adversidades no Equador\"}]},{\"@type\":\"WebSite\",\"@id\":\"https:\/\/www.gaveanews.com\/#website\",\"url\":\"https:\/\/www.gaveanews.com\/\",\"name\":\"G\u00e1vea News\",\"description\":\"Veja todas as not\u00edcias sobre o Flamengo: Contrata\u00e7\u00f5es, categorias de base, resultados das partidas, tabela de classifica\u00e7\u00e3o, pr\u00f3ximos jogos!\",\"potentialAction\":[{\"@type\":\"SearchAction\",\"target\":{\"@type\":\"EntryPoint\",\"urlTemplate\":\"https:\/\/www.gaveanews.com\/?s={search_term_string}\"},\"query-input\":{\"@type\":\"PropertyValueSpecification\",\"valueRequired\":true,\"valueName\":\"search_term_string\"}}],\"inLanguage\":\"pt-BR\"},{\"@type\":\"Person\",\"@id\":\"https:\/\/www.gaveanews.com\/#\/schema\/person\/2ec14f73fb96be2caf28f91afb14749d\",\"name\":\"Equipe G\u00e1vea News\",\"image\":{\"@type\":\"ImageObject\",\"inLanguage\":\"pt-BR\",\"@id\":\"https:\/\/www.gaveanews.com\/#\/schema\/person\/image\/\",\"url\":\"https:\/\/secure.gravatar.com\/avatar\/1e1956f1facbffd3f8fa53a326721950116b3b9dc9bd44939c01180fd4a745a9?s=96&d=mm&r=g\",\"contentUrl\":\"https:\/\/secure.gravatar.com\/avatar\/1e1956f1facbffd3f8fa53a326721950116b3b9dc9bd44939c01180fd4a745a9?s=96&d=mm&r=g\",\"caption\":\"Equipe G\u00e1vea News\"}}]}<\/script>\n<!-- \/ Yoast SEO Premium plugin. -->","yoast_head_json":{"title":"Time do Flamengo ganha um dia de descanso ap\u00f3s adversidades","description":"O t\u00e9cnico Dom\u00e8nec Torrent respirou aliviado com o triunfo e recha\u00e7ou a hip\u00f3tese de press\u00e3o pela manuten\u00e7\u00e3o do seu cargo.","robots":{"index":"index","follow":"follow","max-snippet":"max-snippet:-1","max-image-preview":"max-image-preview:large","max-video-preview":"max-video-preview:-1"},"canonical":"https:\/\/www.gaveanews.com\/index.php\/2020\/09\/23\/time-do-flamengo-ganha-um-dia-de-descanso-apos-adversidades-no-equador\/","og_locale":"pt_BR","og_type":"article","og_title":"Time do Flamengo ganha um dia de descanso ap\u00f3s adversidades no Equador","og_description":"O t\u00e9cnico Dom\u00e8nec Torrent respirou aliviado com o triunfo e recha\u00e7ou a hip\u00f3tese de press\u00e3o pela manuten\u00e7\u00e3o do seu cargo.","og_url":"https:\/\/www.gaveanews.com\/index.php\/2020\/09\/23\/time-do-flamengo-ganha-um-dia-de-descanso-apos-adversidades-no-equador\/","og_site_name":"G\u00e1vea News","article_publisher":"https:\/\/facebook.com\/gaveaNews\/","article_published_time":"2020-09-23T13:22:10+00:00","article_modified_time":"2020-09-23T13:22:12+00:00","og_image":[{"url":"https:\/\/www.gaveanews.com\/wp-content\/uploads\/2019\/03\/Taca-da-Copa-Libertadores-da-America.webp","width":1,"height":1,"type":"image\/jpeg"}],"author":"Equipe G\u00e1vea News","twitter_card":"summary_large_image","twitter_misc":{"Escrito por":"Equipe G\u00e1vea News","Est. tempo de leitura":"1 minuto"},"schema":{"@context":"https:\/\/schema.org","@graph":[{"@type":"NewsArticle","@id":"https:\/\/www.gaveanews.com\/index.php\/2020\/09\/23\/time-do-flamengo-ganha-um-dia-de-descanso-apos-adversidades-no-equador\/#article","isPartOf":{"@id":"https:\/\/www.gaveanews.com\/index.php\/2020\/09\/23\/time-do-flamengo-ganha-um-dia-de-descanso-apos-adversidades-no-equador\/"},"author":{"name":"Equipe G\u00e1vea News","@id":"https:\/\/www.gaveanews.com\/#\/schema\/person\/2ec14f73fb96be2caf28f91afb14749d"},"headline":"Time do Flamengo ganha um dia de descanso ap\u00f3s adversidades no Equador","datePublished":"2020-09-23T13:22:10+00:00","dateModified":"2020-09-23T13:22:12+00:00","mainEntityOfPage":{"@id":"https:\/\/www.gaveanews.com\/index.php\/2020\/09\/23\/time-do-flamengo-ganha-um-dia-de-descanso-apos-adversidades-no-equador\/"},"wordCount":204,"commentCount":10,"image":{"@id":"https:\/\/www.gaveanews.com\/index.php\/2020\/09\/23\/time-do-flamengo-ganha-um-dia-de-descanso-apos-adversidades-no-equador\/#primaryimage"},"thumbnailUrl":"https:\/\/www.gaveanews.com\/wp-content\/uploads\/2019\/03\/Taca-da-Copa-Libertadores-da-America.webp","articleSection":["Flamengo"],"inLanguage":"pt-BR","potentialAction":[{"@type":"CommentAction","name":"Comment","target":["https:\/\/www.gaveanews.com\/index.php\/2020\/09\/23\/time-do-flamengo-ganha-um-dia-de-descanso-apos-adversidades-no-equador\/#respond"]}],"copyrightYear":"2020","copyrightHolder":{"@id":"https:\/\/www.gaveanews.com\/#organization"}},{"@type":"WebPage","@id":"https:\/\/www.gaveanews.com\/index.php\/2020\/09\/23\/time-do-flamengo-ganha-um-dia-de-descanso-apos-adversidades-no-equador\/","url":"https:\/\/www.gaveanews.com\/index.php\/2020\/09\/23\/time-do-flamengo-ganha-um-dia-de-descanso-apos-adversidades-no-equador\/","name":"Time do Flamengo ganha um dia de descanso ap\u00f3s adversidades","isPartOf":{"@id":"https:\/\/www.gaveanews.com\/#website"},"primaryImageOfPage":{"@id":"https:\/\/www.gaveanews.com\/index.php\/2020\/09\/23\/time-do-flamengo-ganha-um-dia-de-descanso-apos-adversidades-no-equador\/#primaryimage"},"image":{"@id":"https:\/\/www.gaveanews.com\/index.php\/2020\/09\/23\/time-do-flamengo-ganha-um-dia-de-descanso-apos-adversidades-no-equador\/#primaryimage"},"thumbnailUrl":"https:\/\/www.gaveanews.com\/wp-content\/uploads\/2019\/03\/Taca-da-Copa-Libertadores-da-America.webp","datePublished":"2020-09-23T13:22:10+00:00","dateModified":"2020-09-23T13:22:12+00:00","author":{"@id":"https:\/\/www.gaveanews.com\/#\/schema\/person\/2ec14f73fb96be2caf28f91afb14749d"},"description":"O t\u00e9cnico Dom\u00e8nec Torrent respirou aliviado com o triunfo e recha\u00e7ou a hip\u00f3tese de press\u00e3o pela manuten\u00e7\u00e3o do seu cargo.","breadcrumb":{"@id":"https:\/\/www.gaveanews.com\/index.php\/2020\/09\/23\/time-do-flamengo-ganha-um-dia-de-descanso-apos-adversidades-no-equador\/#breadcrumb"},"inLanguage":"pt-BR","potentialAction":[{"@type":"ReadAction","target":["https:\/\/www.gaveanews.com\/index.php\/2020\/09\/23\/time-do-flamengo-ganha-um-dia-de-descanso-apos-adversidades-no-equador\/"]}]},{"@type":"ImageObject","inLanguage":"pt-BR","@id":"https:\/\/www.gaveanews.com\/index.php\/2020\/09\/23\/time-do-flamengo-ganha-um-dia-de-descanso-apos-adversidades-no-equador\/#primaryimage","url":"https:\/\/www.gaveanews.com\/wp-content\/uploads\/2019\/03\/Taca-da-Copa-Libertadores-da-America.webp","contentUrl":"https:\/\/www.gaveanews.com\/wp-content\/uploads\/2019\/03\/Taca-da-Copa-Libertadores-da-America.webp","caption":"Ta\u00e7a da Copa Libertadores da Am\u00e9rica (Foto: Divulga\u00e7\u00e3o\/Conmebol)"},{"@type":"BreadcrumbList","@id":"https:\/\/www.gaveanews.com\/index.php\/2020\/09\/23\/time-do-flamengo-ganha-um-dia-de-descanso-apos-adversidades-no-equador\/#breadcrumb","itemListElement":[{"@type":"ListItem","position":1,"name":"Home","item":"https:\/\/www.gaveanews.com\/"},{"@type":"ListItem","position":2,"name":"Time do Flamengo ganha um dia de descanso ap\u00f3s adversidades no Equador"}]},{"@type":"WebSite","@id":"https:\/\/www.gaveanews.com\/#website","url":"https:\/\/www.gaveanews.com\/","name":"G\u00e1vea News","description":"Veja todas as not\u00edcias sobre o Flamengo: Contrata\u00e7\u00f5es, categorias de base, resultados das partidas, tabela de classifica\u00e7\u00e3o, pr\u00f3ximos jogos!","potentialAction":[{"@type":"SearchAction","target":{"@type":"EntryPoint","urlTemplate":"https:\/\/www.gaveanews.com\/?s={search_term_string}"},"query-input":{"@type":"PropertyValueSpecification","valueRequired":true,"valueName":"search_term_string"}}],"inLanguage":"pt-BR"},{"@type":"Person","@id":"https:\/\/www.gaveanews.com\/#\/schema\/person\/2ec14f73fb96be2caf28f91afb14749d","name":"Equipe G\u00e1vea News","image":{"@type":"ImageObject","inLanguage":"pt-BR","@id":"https:\/\/www.gaveanews.com\/#\/schema\/person\/image\/","url":"https:\/\/secure.gravatar.com\/avatar\/1e1956f1facbffd3f8fa53a326721950116b3b9dc9bd44939c01180fd4a745a9?s=96&d=mm&r=g","contentUrl":"https:\/\/secure.gravatar.com\/avatar\/1e1956f1facbffd3f8fa53a326721950116b3b9dc9bd44939c01180fd4a745a9?s=96&d=mm&r=g","caption":"Equipe G\u00e1vea News"}}]}},"_links":{"self":[{"href":"https:\/\/www.gaveanews.com\/index.php\/wp-json\/wp\/v2\/posts\/47888","targetHints":{"allow":["GET"]}}],"collection":[{"href":"https:\/\/www.gaveanews.com\/index.php\/wp-json\/wp\/v2\/posts"}],"about":[{"href":"https:\/\/www.gaveanews.com\/index.php\/wp-json\/wp\/v2\/types\/post"}],"author":[{"embeddable":true,"href":"https:\/\/www.gaveanews.com\/index.php\/wp-json\/wp\/v2\/users\/1"}],"replies":[{"embeddable":true,"href":"https:\/\/www.gaveanews.com\/index.php\/wp-json\/wp\/v2\/comments?post=47888"}],"version-history":[{"count":0,"href":"https:\/\/www.gaveanews.com\/index.php\/wp-json\/wp\/v2\/posts\/47888\/revisions"}],"wp:featuredmedia":[{"embeddable":true,"href":"https:\/\/www.gaveanews.com\/index.php\/wp-json\/wp\/v2\/media\/14851"}],"wp:attachment":[{"href":"https:\/\/www.gaveanews.com\/index.php\/wp-json\/wp\/v2\/media?parent=47888"}],"wp:term":[{"taxonomy":"category","embeddable":true,"href":"https:\/\/www.gaveanews.com\/index.php\/wp-json\/wp\/v2\/categories?post=47888"},{"taxonomy":"post_tag","embeddable":true,"href":"https:\/\/www.gaveanews.com\/index.php\/wp-json\/wp\/v2\/tags?post=47888"}],"curies":[{"name":"wp","href":"https:\/\/api.w.org\/{rel}","templated":true}]}}