{"id":47901,"date":"2020-09-23T16:09:00","date_gmt":"2020-09-23T19:09:00","guid":{"rendered":"https:\/\/www.gaveanews.com\/?p=47901"},"modified":"2020-09-23T16:09:04","modified_gmt":"2020-09-23T19:09:04","slug":"jornal-argentino-exalta-vitoria-do-flamengo-na-libertadores-renasceu-das-cinzas","status":"publish","type":"post","link":"https:\/\/www.gaveanews.com\/index.php\/2020\/09\/23\/jornal-argentino-exalta-vitoria-do-flamengo-na-libertadores-renasceu-das-cinzas\/","title":{"rendered":"Jornal argentino exalta vit\u00f3ria do Flamengo na Libertadores: &#8216;Renasceu das cinzas&#8217;"},"content":{"rendered":"\n<p>Mesmo com sete desfalques de jogadores contaminados com a Covid-19, o Flamengo insistiu em entrar em campo contra o Barcelona SC, pela rodada 4 da Libertadores. Dentro das quatro linhas, a equipe de Dom\u00e8nec Torrent venceu por 2 a 1 e o jornal argentino &#8220;Ol\u00e9&#8221; exaltou a vit\u00f3ria.<\/p>\n\n\n\n<p>O di\u00e1rio comentou sobre o epis\u00f3dio no qual as cinzas do vulc\u00e3o Sangay, que entrou em atividade tomou o c\u00e9u de Guayaquil, o que impediu o Flamengo de treinar ao ar livre. Desta forma, o jornal nomeou a vit\u00f3ria como &#8220;Renascimento&#8221; do atual campe\u00e3o da competi\u00e7\u00e3o.<\/p>\n\n\n\n<p>&#8220;A excurs\u00e3o do Flamengo pelo Equador se tornou um romance apaixonado que tinha de tudo: tristeza, preocupa\u00e7\u00e3o, incerteza at\u00e9 o \u00faltimo minuto e um t\u00e3o esperado final feliz porque com a vit\u00f3ria sobre o Barcelona em Guayaquil. Ele ressurgiu das cinzas e conseguiu manter suas chances de entrar nas oitavas de final da Copa Libertadores&#8221;.<\/p>\n\n\n\n<p>&#8220;Embora as cinzas do vulc\u00e3o Sangay tenham gerado incertezas e os quatro garotos que o Flamengo convocou chegaram em cima da hora por problemas de voo, os comandados de Torrent exibiram a ins\u00edgnia de campe\u00e3o sul-americano: Pedro abriu a baliza e Giorgian De Arrascaeta venceu o goleiro argentino Burrai. Com esses tr\u00eas pontos, os homens de Torrent entraram no Grupo A com uma explos\u00e3o de alegria. Sim, o vulc\u00e3o foi o Flamengo&#8221;, analisou o jornal.<\/p>\n\n\n\n<p>Retirado de: O Dia<\/p>\n","protected":false},"excerpt":{"rendered":"<p>Mesmo com sete desfalques de jogadores contaminados com a Covid-19, o Flamengo insistiu em entrar em campo contra o Barcelona SC, pela rodada 4 da Libertadores. Dentro das quatro linhas, a equipe de Dom\u00e8nec Torrent venceu por 2 a 1 e o jornal argentino &#8220;Ol\u00e9&#8221; exaltou a vit\u00f3ria. O di\u00e1rio comentou sobre o epis\u00f3dio no [&hellip;]<\/p>\n","protected":false},"author":1,"featured_media":14851,"comment_status":"open","ping_status":"closed","sticky":false,"template":"","format":"standard","meta":{"footnotes":""},"categories":[47],"tags":[],"class_list":["post-47901","post","type-post","status-publish","format-standard","has-post-thumbnail","hentry","category-destaques"],"yoast_head":"<!-- This site is optimized with the Yoast SEO Premium plugin v24.2 (Yoast SEO v26.9) - https:\/\/yoast.com\/product\/yoast-seo-premium-wordpress\/ -->\n<title>Jornal argentino exalta vit\u00f3ria do Flamengo na Copa Libertadores<\/title>\n<meta name=\"description\" content=\"Dentro das quatro linhas, a equipe de Dom\u00e8nec Torrent venceu por 2 a 1 e o jornal argentino &quot;Ol\u00e9&quot; exaltou a vit\u00f3ria.\" \/>\n<meta name=\"robots\" content=\"index, follow, max-snippet:-1, max-image-preview:large, max-video-preview:-1\" \/>\n<link rel=\"canonical\" href=\"https:\/\/www.gaveanews.com\/index.php\/2020\/09\/23\/jornal-argentino-exalta-vitoria-do-flamengo-na-libertadores-renasceu-das-cinzas\/\" \/>\n<meta property=\"og:locale\" content=\"pt_BR\" \/>\n<meta property=\"og:type\" content=\"article\" \/>\n<meta property=\"og:title\" content=\"Jornal argentino exalta vit\u00f3ria do Flamengo na Libertadores: &#039;Renasceu das cinzas&#039;\" \/>\n<meta property=\"og:description\" content=\"Dentro das quatro linhas, a equipe de Dom\u00e8nec Torrent venceu por 2 a 1 e o jornal argentino &quot;Ol\u00e9&quot; exaltou a vit\u00f3ria.\" \/>\n<meta property=\"og:url\" content=\"https:\/\/www.gaveanews.com\/index.php\/2020\/09\/23\/jornal-argentino-exalta-vitoria-do-flamengo-na-libertadores-renasceu-das-cinzas\/\" \/>\n<meta property=\"og:site_name\" content=\"G\u00e1vea News\" \/>\n<meta property=\"article:publisher\" content=\"https:\/\/facebook.com\/gaveaNews\/\" \/>\n<meta property=\"article:published_time\" content=\"2020-09-23T19:09:00+00:00\" \/>\n<meta property=\"article:modified_time\" content=\"2020-09-23T19:09:04+00:00\" \/>\n<meta property=\"og:image\" content=\"https:\/\/www.gaveanews.com\/wp-content\/uploads\/2019\/03\/Taca-da-Copa-Libertadores-da-America.webp\" \/>\n\t<meta property=\"og:image:width\" content=\"1\" \/>\n\t<meta property=\"og:image:height\" content=\"1\" \/>\n\t<meta property=\"og:image:type\" content=\"image\/jpeg\" \/>\n<meta name=\"author\" content=\"Equipe G\u00e1vea News\" \/>\n<meta name=\"twitter:card\" content=\"summary_large_image\" \/>\n<meta name=\"twitter:label1\" content=\"Escrito por\" \/>\n\t<meta name=\"twitter:data1\" content=\"Equipe G\u00e1vea News\" \/>\n\t<meta name=\"twitter:label2\" content=\"Est. tempo de leitura\" \/>\n\t<meta name=\"twitter:data2\" content=\"1 minuto\" \/>\n<script type=\"application\/ld+json\" class=\"yoast-schema-graph\">{\"@context\":\"https:\/\/schema.org\",\"@graph\":[{\"@type\":\"NewsArticle\",\"@id\":\"https:\/\/www.gaveanews.com\/index.php\/2020\/09\/23\/jornal-argentino-exalta-vitoria-do-flamengo-na-libertadores-renasceu-das-cinzas\/#article\",\"isPartOf\":{\"@id\":\"https:\/\/www.gaveanews.com\/index.php\/2020\/09\/23\/jornal-argentino-exalta-vitoria-do-flamengo-na-libertadores-renasceu-das-cinzas\/\"},\"author\":{\"name\":\"Equipe G\u00e1vea News\",\"@id\":\"https:\/\/www.gaveanews.com\/#\/schema\/person\/2ec14f73fb96be2caf28f91afb14749d\"},\"headline\":\"Jornal argentino exalta vit\u00f3ria do Flamengo na Libertadores: &#8216;Renasceu das cinzas&#8217;\",\"datePublished\":\"2020-09-23T19:09:00+00:00\",\"dateModified\":\"2020-09-23T19:09:04+00:00\",\"mainEntityOfPage\":{\"@id\":\"https:\/\/www.gaveanews.com\/index.php\/2020\/09\/23\/jornal-argentino-exalta-vitoria-do-flamengo-na-libertadores-renasceu-das-cinzas\/\"},\"wordCount\":256,\"commentCount\":12,\"image\":{\"@id\":\"https:\/\/www.gaveanews.com\/index.php\/2020\/09\/23\/jornal-argentino-exalta-vitoria-do-flamengo-na-libertadores-renasceu-das-cinzas\/#primaryimage\"},\"thumbnailUrl\":\"https:\/\/www.gaveanews.com\/wp-content\/uploads\/2019\/03\/Taca-da-Copa-Libertadores-da-America.webp\",\"articleSection\":[\"Destaques\"],\"inLanguage\":\"pt-BR\",\"potentialAction\":[{\"@type\":\"CommentAction\",\"name\":\"Comment\",\"target\":[\"https:\/\/www.gaveanews.com\/index.php\/2020\/09\/23\/jornal-argentino-exalta-vitoria-do-flamengo-na-libertadores-renasceu-das-cinzas\/#respond\"]}],\"copyrightYear\":\"2020\",\"copyrightHolder\":{\"@id\":\"https:\/\/www.gaveanews.com\/#organization\"}},{\"@type\":\"WebPage\",\"@id\":\"https:\/\/www.gaveanews.com\/index.php\/2020\/09\/23\/jornal-argentino-exalta-vitoria-do-flamengo-na-libertadores-renasceu-das-cinzas\/\",\"url\":\"https:\/\/www.gaveanews.com\/index.php\/2020\/09\/23\/jornal-argentino-exalta-vitoria-do-flamengo-na-libertadores-renasceu-das-cinzas\/\",\"name\":\"Jornal argentino exalta vit\u00f3ria do Flamengo na Copa Libertadores\",\"isPartOf\":{\"@id\":\"https:\/\/www.gaveanews.com\/#website\"},\"primaryImageOfPage\":{\"@id\":\"https:\/\/www.gaveanews.com\/index.php\/2020\/09\/23\/jornal-argentino-exalta-vitoria-do-flamengo-na-libertadores-renasceu-das-cinzas\/#primaryimage\"},\"image\":{\"@id\":\"https:\/\/www.gaveanews.com\/index.php\/2020\/09\/23\/jornal-argentino-exalta-vitoria-do-flamengo-na-libertadores-renasceu-das-cinzas\/#primaryimage\"},\"thumbnailUrl\":\"https:\/\/www.gaveanews.com\/wp-content\/uploads\/2019\/03\/Taca-da-Copa-Libertadores-da-America.webp\",\"datePublished\":\"2020-09-23T19:09:00+00:00\",\"dateModified\":\"2020-09-23T19:09:04+00:00\",\"author\":{\"@id\":\"https:\/\/www.gaveanews.com\/#\/schema\/person\/2ec14f73fb96be2caf28f91afb14749d\"},\"description\":\"Dentro das quatro linhas, a equipe de Dom\u00e8nec Torrent venceu por 2 a 1 e o jornal argentino \\\"Ol\u00e9\\\" exaltou a vit\u00f3ria.\",\"breadcrumb\":{\"@id\":\"https:\/\/www.gaveanews.com\/index.php\/2020\/09\/23\/jornal-argentino-exalta-vitoria-do-flamengo-na-libertadores-renasceu-das-cinzas\/#breadcrumb\"},\"inLanguage\":\"pt-BR\",\"potentialAction\":[{\"@type\":\"ReadAction\",\"target\":[\"https:\/\/www.gaveanews.com\/index.php\/2020\/09\/23\/jornal-argentino-exalta-vitoria-do-flamengo-na-libertadores-renasceu-das-cinzas\/\"]}]},{\"@type\":\"ImageObject\",\"inLanguage\":\"pt-BR\",\"@id\":\"https:\/\/www.gaveanews.com\/index.php\/2020\/09\/23\/jornal-argentino-exalta-vitoria-do-flamengo-na-libertadores-renasceu-das-cinzas\/#primaryimage\",\"url\":\"https:\/\/www.gaveanews.com\/wp-content\/uploads\/2019\/03\/Taca-da-Copa-Libertadores-da-America.webp\",\"contentUrl\":\"https:\/\/www.gaveanews.com\/wp-content\/uploads\/2019\/03\/Taca-da-Copa-Libertadores-da-America.webp\",\"caption\":\"Ta\u00e7a da Copa Libertadores da Am\u00e9rica (Foto: Divulga\u00e7\u00e3o\/Conmebol)\"},{\"@type\":\"BreadcrumbList\",\"@id\":\"https:\/\/www.gaveanews.com\/index.php\/2020\/09\/23\/jornal-argentino-exalta-vitoria-do-flamengo-na-libertadores-renasceu-das-cinzas\/#breadcrumb\",\"itemListElement\":[{\"@type\":\"ListItem\",\"position\":1,\"name\":\"Home\",\"item\":\"https:\/\/www.gaveanews.com\/\"},{\"@type\":\"ListItem\",\"position\":2,\"name\":\"Jornal argentino exalta vit\u00f3ria do Flamengo na Libertadores: &#8216;Renasceu das cinzas&#8217;\"}]},{\"@type\":\"WebSite\",\"@id\":\"https:\/\/www.gaveanews.com\/#website\",\"url\":\"https:\/\/www.gaveanews.com\/\",\"name\":\"G\u00e1vea News\",\"description\":\"Veja todas as not\u00edcias sobre o Flamengo: Contrata\u00e7\u00f5es, categorias de base, resultados das partidas, tabela de classifica\u00e7\u00e3o, pr\u00f3ximos jogos!\",\"potentialAction\":[{\"@type\":\"SearchAction\",\"target\":{\"@type\":\"EntryPoint\",\"urlTemplate\":\"https:\/\/www.gaveanews.com\/?s={search_term_string}\"},\"query-input\":{\"@type\":\"PropertyValueSpecification\",\"valueRequired\":true,\"valueName\":\"search_term_string\"}}],\"inLanguage\":\"pt-BR\"},{\"@type\":\"Person\",\"@id\":\"https:\/\/www.gaveanews.com\/#\/schema\/person\/2ec14f73fb96be2caf28f91afb14749d\",\"name\":\"Equipe G\u00e1vea News\",\"image\":{\"@type\":\"ImageObject\",\"inLanguage\":\"pt-BR\",\"@id\":\"https:\/\/www.gaveanews.com\/#\/schema\/person\/image\/\",\"url\":\"https:\/\/secure.gravatar.com\/avatar\/1e1956f1facbffd3f8fa53a326721950116b3b9dc9bd44939c01180fd4a745a9?s=96&d=mm&r=g\",\"contentUrl\":\"https:\/\/secure.gravatar.com\/avatar\/1e1956f1facbffd3f8fa53a326721950116b3b9dc9bd44939c01180fd4a745a9?s=96&d=mm&r=g\",\"caption\":\"Equipe G\u00e1vea News\"}}]}<\/script>\n<!-- \/ Yoast SEO Premium plugin. -->","yoast_head_json":{"title":"Jornal argentino exalta vit\u00f3ria do Flamengo na Copa Libertadores","description":"Dentro das quatro linhas, a equipe de Dom\u00e8nec Torrent venceu por 2 a 1 e o jornal argentino \"Ol\u00e9\" exaltou a vit\u00f3ria.","robots":{"index":"index","follow":"follow","max-snippet":"max-snippet:-1","max-image-preview":"max-image-preview:large","max-video-preview":"max-video-preview:-1"},"canonical":"https:\/\/www.gaveanews.com\/index.php\/2020\/09\/23\/jornal-argentino-exalta-vitoria-do-flamengo-na-libertadores-renasceu-das-cinzas\/","og_locale":"pt_BR","og_type":"article","og_title":"Jornal argentino exalta vit\u00f3ria do Flamengo na Libertadores: 'Renasceu das cinzas'","og_description":"Dentro das quatro linhas, a equipe de Dom\u00e8nec Torrent venceu por 2 a 1 e o jornal argentino \"Ol\u00e9\" exaltou a vit\u00f3ria.","og_url":"https:\/\/www.gaveanews.com\/index.php\/2020\/09\/23\/jornal-argentino-exalta-vitoria-do-flamengo-na-libertadores-renasceu-das-cinzas\/","og_site_name":"G\u00e1vea News","article_publisher":"https:\/\/facebook.com\/gaveaNews\/","article_published_time":"2020-09-23T19:09:00+00:00","article_modified_time":"2020-09-23T19:09:04+00:00","og_image":[{"url":"https:\/\/www.gaveanews.com\/wp-content\/uploads\/2019\/03\/Taca-da-Copa-Libertadores-da-America.webp","width":1,"height":1,"type":"image\/jpeg"}],"author":"Equipe G\u00e1vea News","twitter_card":"summary_large_image","twitter_misc":{"Escrito por":"Equipe G\u00e1vea News","Est. tempo de leitura":"1 minuto"},"schema":{"@context":"https:\/\/schema.org","@graph":[{"@type":"NewsArticle","@id":"https:\/\/www.gaveanews.com\/index.php\/2020\/09\/23\/jornal-argentino-exalta-vitoria-do-flamengo-na-libertadores-renasceu-das-cinzas\/#article","isPartOf":{"@id":"https:\/\/www.gaveanews.com\/index.php\/2020\/09\/23\/jornal-argentino-exalta-vitoria-do-flamengo-na-libertadores-renasceu-das-cinzas\/"},"author":{"name":"Equipe G\u00e1vea News","@id":"https:\/\/www.gaveanews.com\/#\/schema\/person\/2ec14f73fb96be2caf28f91afb14749d"},"headline":"Jornal argentino exalta vit\u00f3ria do Flamengo na Libertadores: &#8216;Renasceu das cinzas&#8217;","datePublished":"2020-09-23T19:09:00+00:00","dateModified":"2020-09-23T19:09:04+00:00","mainEntityOfPage":{"@id":"https:\/\/www.gaveanews.com\/index.php\/2020\/09\/23\/jornal-argentino-exalta-vitoria-do-flamengo-na-libertadores-renasceu-das-cinzas\/"},"wordCount":256,"commentCount":12,"image":{"@id":"https:\/\/www.gaveanews.com\/index.php\/2020\/09\/23\/jornal-argentino-exalta-vitoria-do-flamengo-na-libertadores-renasceu-das-cinzas\/#primaryimage"},"thumbnailUrl":"https:\/\/www.gaveanews.com\/wp-content\/uploads\/2019\/03\/Taca-da-Copa-Libertadores-da-America.webp","articleSection":["Destaques"],"inLanguage":"pt-BR","potentialAction":[{"@type":"CommentAction","name":"Comment","target":["https:\/\/www.gaveanews.com\/index.php\/2020\/09\/23\/jornal-argentino-exalta-vitoria-do-flamengo-na-libertadores-renasceu-das-cinzas\/#respond"]}],"copyrightYear":"2020","copyrightHolder":{"@id":"https:\/\/www.gaveanews.com\/#organization"}},{"@type":"WebPage","@id":"https:\/\/www.gaveanews.com\/index.php\/2020\/09\/23\/jornal-argentino-exalta-vitoria-do-flamengo-na-libertadores-renasceu-das-cinzas\/","url":"https:\/\/www.gaveanews.com\/index.php\/2020\/09\/23\/jornal-argentino-exalta-vitoria-do-flamengo-na-libertadores-renasceu-das-cinzas\/","name":"Jornal argentino exalta vit\u00f3ria do Flamengo na Copa Libertadores","isPartOf":{"@id":"https:\/\/www.gaveanews.com\/#website"},"primaryImageOfPage":{"@id":"https:\/\/www.gaveanews.com\/index.php\/2020\/09\/23\/jornal-argentino-exalta-vitoria-do-flamengo-na-libertadores-renasceu-das-cinzas\/#primaryimage"},"image":{"@id":"https:\/\/www.gaveanews.com\/index.php\/2020\/09\/23\/jornal-argentino-exalta-vitoria-do-flamengo-na-libertadores-renasceu-das-cinzas\/#primaryimage"},"thumbnailUrl":"https:\/\/www.gaveanews.com\/wp-content\/uploads\/2019\/03\/Taca-da-Copa-Libertadores-da-America.webp","datePublished":"2020-09-23T19:09:00+00:00","dateModified":"2020-09-23T19:09:04+00:00","author":{"@id":"https:\/\/www.gaveanews.com\/#\/schema\/person\/2ec14f73fb96be2caf28f91afb14749d"},"description":"Dentro das quatro linhas, a equipe de Dom\u00e8nec Torrent venceu por 2 a 1 e o jornal argentino \"Ol\u00e9\" exaltou a vit\u00f3ria.","breadcrumb":{"@id":"https:\/\/www.gaveanews.com\/index.php\/2020\/09\/23\/jornal-argentino-exalta-vitoria-do-flamengo-na-libertadores-renasceu-das-cinzas\/#breadcrumb"},"inLanguage":"pt-BR","potentialAction":[{"@type":"ReadAction","target":["https:\/\/www.gaveanews.com\/index.php\/2020\/09\/23\/jornal-argentino-exalta-vitoria-do-flamengo-na-libertadores-renasceu-das-cinzas\/"]}]},{"@type":"ImageObject","inLanguage":"pt-BR","@id":"https:\/\/www.gaveanews.com\/index.php\/2020\/09\/23\/jornal-argentino-exalta-vitoria-do-flamengo-na-libertadores-renasceu-das-cinzas\/#primaryimage","url":"https:\/\/www.gaveanews.com\/wp-content\/uploads\/2019\/03\/Taca-da-Copa-Libertadores-da-America.webp","contentUrl":"https:\/\/www.gaveanews.com\/wp-content\/uploads\/2019\/03\/Taca-da-Copa-Libertadores-da-America.webp","caption":"Ta\u00e7a da Copa Libertadores da Am\u00e9rica (Foto: Divulga\u00e7\u00e3o\/Conmebol)"},{"@type":"BreadcrumbList","@id":"https:\/\/www.gaveanews.com\/index.php\/2020\/09\/23\/jornal-argentino-exalta-vitoria-do-flamengo-na-libertadores-renasceu-das-cinzas\/#breadcrumb","itemListElement":[{"@type":"ListItem","position":1,"name":"Home","item":"https:\/\/www.gaveanews.com\/"},{"@type":"ListItem","position":2,"name":"Jornal argentino exalta vit\u00f3ria do Flamengo na Libertadores: &#8216;Renasceu das cinzas&#8217;"}]},{"@type":"WebSite","@id":"https:\/\/www.gaveanews.com\/#website","url":"https:\/\/www.gaveanews.com\/","name":"G\u00e1vea News","description":"Veja todas as not\u00edcias sobre o Flamengo: Contrata\u00e7\u00f5es, categorias de base, resultados das partidas, tabela de classifica\u00e7\u00e3o, pr\u00f3ximos jogos!","potentialAction":[{"@type":"SearchAction","target":{"@type":"EntryPoint","urlTemplate":"https:\/\/www.gaveanews.com\/?s={search_term_string}"},"query-input":{"@type":"PropertyValueSpecification","valueRequired":true,"valueName":"search_term_string"}}],"inLanguage":"pt-BR"},{"@type":"Person","@id":"https:\/\/www.gaveanews.com\/#\/schema\/person\/2ec14f73fb96be2caf28f91afb14749d","name":"Equipe G\u00e1vea News","image":{"@type":"ImageObject","inLanguage":"pt-BR","@id":"https:\/\/www.gaveanews.com\/#\/schema\/person\/image\/","url":"https:\/\/secure.gravatar.com\/avatar\/1e1956f1facbffd3f8fa53a326721950116b3b9dc9bd44939c01180fd4a745a9?s=96&d=mm&r=g","contentUrl":"https:\/\/secure.gravatar.com\/avatar\/1e1956f1facbffd3f8fa53a326721950116b3b9dc9bd44939c01180fd4a745a9?s=96&d=mm&r=g","caption":"Equipe G\u00e1vea News"}}]}},"_links":{"self":[{"href":"https:\/\/www.gaveanews.com\/index.php\/wp-json\/wp\/v2\/posts\/47901","targetHints":{"allow":["GET"]}}],"collection":[{"href":"https:\/\/www.gaveanews.com\/index.php\/wp-json\/wp\/v2\/posts"}],"about":[{"href":"https:\/\/www.gaveanews.com\/index.php\/wp-json\/wp\/v2\/types\/post"}],"author":[{"embeddable":true,"href":"https:\/\/www.gaveanews.com\/index.php\/wp-json\/wp\/v2\/users\/1"}],"replies":[{"embeddable":true,"href":"https:\/\/www.gaveanews.com\/index.php\/wp-json\/wp\/v2\/comments?post=47901"}],"version-history":[{"count":0,"href":"https:\/\/www.gaveanews.com\/index.php\/wp-json\/wp\/v2\/posts\/47901\/revisions"}],"wp:featuredmedia":[{"embeddable":true,"href":"https:\/\/www.gaveanews.com\/index.php\/wp-json\/wp\/v2\/media\/14851"}],"wp:attachment":[{"href":"https:\/\/www.gaveanews.com\/index.php\/wp-json\/wp\/v2\/media?parent=47901"}],"wp:term":[{"taxonomy":"category","embeddable":true,"href":"https:\/\/www.gaveanews.com\/index.php\/wp-json\/wp\/v2\/categories?post=47901"},{"taxonomy":"post_tag","embeddable":true,"href":"https:\/\/www.gaveanews.com\/index.php\/wp-json\/wp\/v2\/tags?post=47901"}],"curies":[{"name":"wp","href":"https:\/\/api.w.org\/{rel}","templated":true}]}}