{"id":47909,"date":"2020-09-23T19:04:23","date_gmt":"2020-09-23T22:04:23","guid":{"rendered":"https:\/\/www.gaveanews.com\/?p=47909"},"modified":"2024-04-07T09:12:12","modified_gmt":"2024-04-07T12:12:12","slug":"domenec-torrent-do-flamengo-testa-positivo-para-covid","status":"publish","type":"post","link":"https:\/\/www.gaveanews.com\/index.php\/2020\/09\/23\/domenec-torrent-do-flamengo-testa-positivo-para-covid\/","title":{"rendered":"Dom\u00e8nec Torrent, do Flamengo, testa positivo para Covid"},"content":{"rendered":"\n<p>O treinador Dom\u00e8nec Torrent testou positivo para o COVID-19 nesta quarta-feira (23 de setembro). Al\u00e9m de Dom\u00e8nec, os zagueiros Rodrigo Caio e Matheus Thuler, o goleiro Gabriel Batista e o lateral Ren\u00ea tamb\u00e9m testaram positivo no retorno ao Brasil. Ainda no Equador, Diego Ribas, Mauricio Isla, Filipe Lu\u00eds, Michael, Vitinho, Matheuzinho e Bruno Henrique foram afastados devido ao coronav\u00edrus.<\/p>\n\n\n\n<p>Vale destacar que Dom\u00e8nec \u00e9 o segundo membro da comiss\u00e3o t\u00e9cnica que foi contaminado, isso porque, anteriormente o doutor M\u00e1rcio Tannure (chefe do departamento m\u00e9dico) j\u00e1 havia contra\u00eddo a doen\u00e7a.<\/p>\n\n\n\n<h2 class=\"wp-block-heading\">Solicita\u00e7\u00e3o enviada a CBF:<\/h2>\n\n\n\n<p>Diante de tal situa\u00e7\u00e3o, o Flamengo  encaminhou uma solicita\u00e7\u00e3o para que a CBF adisse a partida do pr\u00f3ximo final de semana, contra o Palmeiras. A federa\u00e7\u00e3o ainda n\u00e3o emitiu nenhum comunicado oficial, mas segundo Walter Feldman (secret\u00e1rio-geral da entidade), o jogo deve acontecer:<\/p>\n\n\n\n<p>\u2014 N\u00f3s recebemos o pedido ontem \u00e0 noite, mas o jogo deve acontecer. Quando o clube tem infectados, os jogadores s\u00e3o separados e o time continua jogando. S\u00f3 adiaria a partida se eles n\u00e3o tivessem a quantidade m\u00ednima pra entrar em campo, n\u00e3o \u00e9 o caso &#8211; afirmou Feldeman, em entrevista \u00e0 &#8220;R\u00e1dio Bandeirantes&#8221;.<\/p>\n","protected":false},"excerpt":{"rendered":"<p>O treinador Dom\u00e8nec Torrent testou positivo para o COVID-19 nesta quarta-feira (23 de setembro). Al\u00e9m de Dom\u00e8nec, os zagueiros Rodrigo Caio e Matheus Thuler, o goleiro Gabriel Batista e o lateral Ren\u00ea tamb\u00e9m testaram positivo no retorno ao Brasil. Ainda no Equador, Diego Ribas, Mauricio Isla, Filipe Lu\u00eds, Michael, Vitinho, Matheuzinho e Bruno Henrique foram [&hellip;]<\/p>\n","protected":false},"author":2,"featured_media":47172,"comment_status":"open","ping_status":"closed","sticky":false,"template":"","format":"standard","meta":{"footnotes":""},"categories":[47],"tags":[198],"class_list":["post-47909","post","type-post","status-publish","format-standard","has-post-thumbnail","hentry","category-destaques","tag-domenec-torrent-font"],"yoast_head":"<!-- This site is optimized with the Yoast SEO Premium plugin v24.2 (Yoast SEO v26.9) - https:\/\/yoast.com\/product\/yoast-seo-premium-wordpress\/ -->\n<title>Dom\u00e8nec Torrent, do Flamengo, testa positivo para Covid<\/title>\n<meta name=\"robots\" content=\"index, follow, max-snippet:-1, max-image-preview:large, max-video-preview:-1\" \/>\n<link rel=\"canonical\" href=\"https:\/\/www.gaveanews.com\/index.php\/2020\/09\/23\/domenec-torrent-do-flamengo-testa-positivo-para-covid\/\" \/>\n<meta property=\"og:locale\" content=\"pt_BR\" \/>\n<meta property=\"og:type\" content=\"article\" \/>\n<meta property=\"og:title\" content=\"Dom\u00e8nec Torrent, do Flamengo, testa positivo para Covid\" \/>\n<meta property=\"og:description\" content=\"O treinador Dom\u00e8nec Torrent testou positivo para o COVID-19 nesta quarta-feira (23 de setembro). Al\u00e9m de Dom\u00e8nec, os zagueiros Rodrigo Caio e Matheus Thuler, o goleiro Gabriel Batista e o lateral Ren\u00ea tamb\u00e9m testaram positivo no retorno ao Brasil. Ainda no Equador, Diego Ribas, Mauricio Isla, Filipe Lu\u00eds, Michael, Vitinho, Matheuzinho e Bruno Henrique foram [&hellip;]\" \/>\n<meta property=\"og:url\" content=\"https:\/\/www.gaveanews.com\/index.php\/2020\/09\/23\/domenec-torrent-do-flamengo-testa-positivo-para-covid\/\" \/>\n<meta property=\"og:site_name\" content=\"G\u00e1vea News\" \/>\n<meta property=\"article:publisher\" content=\"https:\/\/facebook.com\/gaveaNews\/\" \/>\n<meta property=\"article:published_time\" content=\"2020-09-23T22:04:23+00:00\" \/>\n<meta property=\"article:modified_time\" content=\"2024-04-07T12:12:12+00:00\" \/>\n<meta property=\"og:image\" content=\"https:\/\/www.gaveanews.com\/wp-content\/uploads\/Domenec-durante-o-classico-entre-Flamengo-e-Fluminense.webp\" \/>\n\t<meta property=\"og:image:width\" content=\"799\" \/>\n\t<meta property=\"og:image:height\" content=\"532\" \/>\n\t<meta property=\"og:image:type\" content=\"image\/jpeg\" \/>\n<meta name=\"author\" content=\"Hugo Nogueira\" \/>\n<meta name=\"twitter:card\" content=\"summary_large_image\" \/>\n<meta name=\"twitter:label1\" content=\"Escrito por\" \/>\n\t<meta name=\"twitter:data1\" content=\"Hugo Nogueira\" \/>\n\t<meta name=\"twitter:label2\" content=\"Est. tempo de leitura\" \/>\n\t<meta name=\"twitter:data2\" content=\"1 minuto\" \/>\n<script type=\"application\/ld+json\" class=\"yoast-schema-graph\">{\"@context\":\"https:\/\/schema.org\",\"@graph\":[{\"@type\":\"NewsArticle\",\"@id\":\"https:\/\/www.gaveanews.com\/index.php\/2020\/09\/23\/domenec-torrent-do-flamengo-testa-positivo-para-covid\/#article\",\"isPartOf\":{\"@id\":\"https:\/\/www.gaveanews.com\/index.php\/2020\/09\/23\/domenec-torrent-do-flamengo-testa-positivo-para-covid\/\"},\"author\":{\"name\":\"Hugo Nogueira\",\"@id\":\"https:\/\/www.gaveanews.com\/#\/schema\/person\/3a0372021fabaeec4e7e4242cfa27841\"},\"headline\":\"Dom\u00e8nec Torrent, do Flamengo, testa positivo para Covid\",\"datePublished\":\"2020-09-23T22:04:23+00:00\",\"dateModified\":\"2024-04-07T12:12:12+00:00\",\"mainEntityOfPage\":{\"@id\":\"https:\/\/www.gaveanews.com\/index.php\/2020\/09\/23\/domenec-torrent-do-flamengo-testa-positivo-para-covid\/\"},\"wordCount\":219,\"commentCount\":23,\"image\":{\"@id\":\"https:\/\/www.gaveanews.com\/index.php\/2020\/09\/23\/domenec-torrent-do-flamengo-testa-positivo-para-covid\/#primaryimage\"},\"thumbnailUrl\":\"https:\/\/www.gaveanews.com\/wp-content\/uploads\/Domenec-durante-o-classico-entre-Flamengo-e-Fluminense.webp\",\"keywords\":[\"Dom\u00e8nec Torrent Font\"],\"articleSection\":[\"Destaques\"],\"inLanguage\":\"pt-BR\",\"potentialAction\":[{\"@type\":\"CommentAction\",\"name\":\"Comment\",\"target\":[\"https:\/\/www.gaveanews.com\/index.php\/2020\/09\/23\/domenec-torrent-do-flamengo-testa-positivo-para-covid\/#respond\"]}],\"copyrightYear\":\"2020\",\"copyrightHolder\":{\"@id\":\"https:\/\/www.gaveanews.com\/#organization\"}},{\"@type\":\"WebPage\",\"@id\":\"https:\/\/www.gaveanews.com\/index.php\/2020\/09\/23\/domenec-torrent-do-flamengo-testa-positivo-para-covid\/\",\"url\":\"https:\/\/www.gaveanews.com\/index.php\/2020\/09\/23\/domenec-torrent-do-flamengo-testa-positivo-para-covid\/\",\"name\":\"Dom\u00e8nec Torrent, do Flamengo, testa positivo para Covid\",\"isPartOf\":{\"@id\":\"https:\/\/www.gaveanews.com\/#website\"},\"primaryImageOfPage\":{\"@id\":\"https:\/\/www.gaveanews.com\/index.php\/2020\/09\/23\/domenec-torrent-do-flamengo-testa-positivo-para-covid\/#primaryimage\"},\"image\":{\"@id\":\"https:\/\/www.gaveanews.com\/index.php\/2020\/09\/23\/domenec-torrent-do-flamengo-testa-positivo-para-covid\/#primaryimage\"},\"thumbnailUrl\":\"https:\/\/www.gaveanews.com\/wp-content\/uploads\/Domenec-durante-o-classico-entre-Flamengo-e-Fluminense.webp\",\"datePublished\":\"2020-09-23T22:04:23+00:00\",\"dateModified\":\"2024-04-07T12:12:12+00:00\",\"author\":{\"@id\":\"https:\/\/www.gaveanews.com\/#\/schema\/person\/3a0372021fabaeec4e7e4242cfa27841\"},\"breadcrumb\":{\"@id\":\"https:\/\/www.gaveanews.com\/index.php\/2020\/09\/23\/domenec-torrent-do-flamengo-testa-positivo-para-covid\/#breadcrumb\"},\"inLanguage\":\"pt-BR\",\"potentialAction\":[{\"@type\":\"ReadAction\",\"target\":[\"https:\/\/www.gaveanews.com\/index.php\/2020\/09\/23\/domenec-torrent-do-flamengo-testa-positivo-para-covid\/\"]}]},{\"@type\":\"ImageObject\",\"inLanguage\":\"pt-BR\",\"@id\":\"https:\/\/www.gaveanews.com\/index.php\/2020\/09\/23\/domenec-torrent-do-flamengo-testa-positivo-para-covid\/#primaryimage\",\"url\":\"https:\/\/www.gaveanews.com\/wp-content\/uploads\/Domenec-durante-o-classico-entre-Flamengo-e-Fluminense.webp\",\"contentUrl\":\"https:\/\/www.gaveanews.com\/wp-content\/uploads\/Domenec-durante-o-classico-entre-Flamengo-e-Fluminense.webp\",\"width\":799,\"height\":532,\"caption\":\"Dom\u00e8nec durante o cl\u00e1ssico entre Flamengo e Fluminense (Foto: Alexandre Vidal\/Flamengo)\"},{\"@type\":\"BreadcrumbList\",\"@id\":\"https:\/\/www.gaveanews.com\/index.php\/2020\/09\/23\/domenec-torrent-do-flamengo-testa-positivo-para-covid\/#breadcrumb\",\"itemListElement\":[{\"@type\":\"ListItem\",\"position\":1,\"name\":\"Home\",\"item\":\"https:\/\/www.gaveanews.com\/\"},{\"@type\":\"ListItem\",\"position\":2,\"name\":\"Dom\u00e8nec Torrent, do Flamengo, testa positivo para Covid\"}]},{\"@type\":\"WebSite\",\"@id\":\"https:\/\/www.gaveanews.com\/#website\",\"url\":\"https:\/\/www.gaveanews.com\/\",\"name\":\"G\u00e1vea News\",\"description\":\"Veja todas as not\u00edcias sobre o Flamengo: Contrata\u00e7\u00f5es, categorias de base, resultados das partidas, tabela de classifica\u00e7\u00e3o, pr\u00f3ximos jogos!\",\"potentialAction\":[{\"@type\":\"SearchAction\",\"target\":{\"@type\":\"EntryPoint\",\"urlTemplate\":\"https:\/\/www.gaveanews.com\/?s={search_term_string}\"},\"query-input\":{\"@type\":\"PropertyValueSpecification\",\"valueRequired\":true,\"valueName\":\"search_term_string\"}}],\"inLanguage\":\"pt-BR\"},{\"@type\":\"Person\",\"@id\":\"https:\/\/www.gaveanews.com\/#\/schema\/person\/3a0372021fabaeec4e7e4242cfa27841\",\"name\":\"Hugo Nogueira\",\"image\":{\"@type\":\"ImageObject\",\"inLanguage\":\"pt-BR\",\"@id\":\"https:\/\/www.gaveanews.com\/#\/schema\/person\/image\/\",\"url\":\"https:\/\/secure.gravatar.com\/avatar\/0cdd89f3b47bb55926c08eee2db992845cfdd53f84c9fdd47a49d89b3cd40c0a?s=96&d=mm&r=g\",\"contentUrl\":\"https:\/\/secure.gravatar.com\/avatar\/0cdd89f3b47bb55926c08eee2db992845cfdd53f84c9fdd47a49d89b3cd40c0a?s=96&d=mm&r=g\",\"caption\":\"Hugo Nogueira\"}}]}<\/script>\n<!-- \/ Yoast SEO Premium plugin. -->","yoast_head_json":{"title":"Dom\u00e8nec Torrent, do Flamengo, testa positivo para Covid","robots":{"index":"index","follow":"follow","max-snippet":"max-snippet:-1","max-image-preview":"max-image-preview:large","max-video-preview":"max-video-preview:-1"},"canonical":"https:\/\/www.gaveanews.com\/index.php\/2020\/09\/23\/domenec-torrent-do-flamengo-testa-positivo-para-covid\/","og_locale":"pt_BR","og_type":"article","og_title":"Dom\u00e8nec Torrent, do Flamengo, testa positivo para Covid","og_description":"O treinador Dom\u00e8nec Torrent testou positivo para o COVID-19 nesta quarta-feira (23 de setembro). Al\u00e9m de Dom\u00e8nec, os zagueiros Rodrigo Caio e Matheus Thuler, o goleiro Gabriel Batista e o lateral Ren\u00ea tamb\u00e9m testaram positivo no retorno ao Brasil. Ainda no Equador, Diego Ribas, Mauricio Isla, Filipe Lu\u00eds, Michael, Vitinho, Matheuzinho e Bruno Henrique foram [&hellip;]","og_url":"https:\/\/www.gaveanews.com\/index.php\/2020\/09\/23\/domenec-torrent-do-flamengo-testa-positivo-para-covid\/","og_site_name":"G\u00e1vea News","article_publisher":"https:\/\/facebook.com\/gaveaNews\/","article_published_time":"2020-09-23T22:04:23+00:00","article_modified_time":"2024-04-07T12:12:12+00:00","og_image":[{"width":799,"height":532,"url":"https:\/\/www.gaveanews.com\/wp-content\/uploads\/Domenec-durante-o-classico-entre-Flamengo-e-Fluminense.webp","type":"image\/jpeg"}],"author":"Hugo Nogueira","twitter_card":"summary_large_image","twitter_misc":{"Escrito por":"Hugo Nogueira","Est. tempo de leitura":"1 minuto"},"schema":{"@context":"https:\/\/schema.org","@graph":[{"@type":"NewsArticle","@id":"https:\/\/www.gaveanews.com\/index.php\/2020\/09\/23\/domenec-torrent-do-flamengo-testa-positivo-para-covid\/#article","isPartOf":{"@id":"https:\/\/www.gaveanews.com\/index.php\/2020\/09\/23\/domenec-torrent-do-flamengo-testa-positivo-para-covid\/"},"author":{"name":"Hugo Nogueira","@id":"https:\/\/www.gaveanews.com\/#\/schema\/person\/3a0372021fabaeec4e7e4242cfa27841"},"headline":"Dom\u00e8nec Torrent, do Flamengo, testa positivo para Covid","datePublished":"2020-09-23T22:04:23+00:00","dateModified":"2024-04-07T12:12:12+00:00","mainEntityOfPage":{"@id":"https:\/\/www.gaveanews.com\/index.php\/2020\/09\/23\/domenec-torrent-do-flamengo-testa-positivo-para-covid\/"},"wordCount":219,"commentCount":23,"image":{"@id":"https:\/\/www.gaveanews.com\/index.php\/2020\/09\/23\/domenec-torrent-do-flamengo-testa-positivo-para-covid\/#primaryimage"},"thumbnailUrl":"https:\/\/www.gaveanews.com\/wp-content\/uploads\/Domenec-durante-o-classico-entre-Flamengo-e-Fluminense.webp","keywords":["Dom\u00e8nec Torrent Font"],"articleSection":["Destaques"],"inLanguage":"pt-BR","potentialAction":[{"@type":"CommentAction","name":"Comment","target":["https:\/\/www.gaveanews.com\/index.php\/2020\/09\/23\/domenec-torrent-do-flamengo-testa-positivo-para-covid\/#respond"]}],"copyrightYear":"2020","copyrightHolder":{"@id":"https:\/\/www.gaveanews.com\/#organization"}},{"@type":"WebPage","@id":"https:\/\/www.gaveanews.com\/index.php\/2020\/09\/23\/domenec-torrent-do-flamengo-testa-positivo-para-covid\/","url":"https:\/\/www.gaveanews.com\/index.php\/2020\/09\/23\/domenec-torrent-do-flamengo-testa-positivo-para-covid\/","name":"Dom\u00e8nec Torrent, do Flamengo, testa positivo para Covid","isPartOf":{"@id":"https:\/\/www.gaveanews.com\/#website"},"primaryImageOfPage":{"@id":"https:\/\/www.gaveanews.com\/index.php\/2020\/09\/23\/domenec-torrent-do-flamengo-testa-positivo-para-covid\/#primaryimage"},"image":{"@id":"https:\/\/www.gaveanews.com\/index.php\/2020\/09\/23\/domenec-torrent-do-flamengo-testa-positivo-para-covid\/#primaryimage"},"thumbnailUrl":"https:\/\/www.gaveanews.com\/wp-content\/uploads\/Domenec-durante-o-classico-entre-Flamengo-e-Fluminense.webp","datePublished":"2020-09-23T22:04:23+00:00","dateModified":"2024-04-07T12:12:12+00:00","author":{"@id":"https:\/\/www.gaveanews.com\/#\/schema\/person\/3a0372021fabaeec4e7e4242cfa27841"},"breadcrumb":{"@id":"https:\/\/www.gaveanews.com\/index.php\/2020\/09\/23\/domenec-torrent-do-flamengo-testa-positivo-para-covid\/#breadcrumb"},"inLanguage":"pt-BR","potentialAction":[{"@type":"ReadAction","target":["https:\/\/www.gaveanews.com\/index.php\/2020\/09\/23\/domenec-torrent-do-flamengo-testa-positivo-para-covid\/"]}]},{"@type":"ImageObject","inLanguage":"pt-BR","@id":"https:\/\/www.gaveanews.com\/index.php\/2020\/09\/23\/domenec-torrent-do-flamengo-testa-positivo-para-covid\/#primaryimage","url":"https:\/\/www.gaveanews.com\/wp-content\/uploads\/Domenec-durante-o-classico-entre-Flamengo-e-Fluminense.webp","contentUrl":"https:\/\/www.gaveanews.com\/wp-content\/uploads\/Domenec-durante-o-classico-entre-Flamengo-e-Fluminense.webp","width":799,"height":532,"caption":"Dom\u00e8nec durante o cl\u00e1ssico entre Flamengo e Fluminense (Foto: Alexandre Vidal\/Flamengo)"},{"@type":"BreadcrumbList","@id":"https:\/\/www.gaveanews.com\/index.php\/2020\/09\/23\/domenec-torrent-do-flamengo-testa-positivo-para-covid\/#breadcrumb","itemListElement":[{"@type":"ListItem","position":1,"name":"Home","item":"https:\/\/www.gaveanews.com\/"},{"@type":"ListItem","position":2,"name":"Dom\u00e8nec Torrent, do Flamengo, testa positivo para Covid"}]},{"@type":"WebSite","@id":"https:\/\/www.gaveanews.com\/#website","url":"https:\/\/www.gaveanews.com\/","name":"G\u00e1vea News","description":"Veja todas as not\u00edcias sobre o Flamengo: Contrata\u00e7\u00f5es, categorias de base, resultados das partidas, tabela de classifica\u00e7\u00e3o, pr\u00f3ximos jogos!","potentialAction":[{"@type":"SearchAction","target":{"@type":"EntryPoint","urlTemplate":"https:\/\/www.gaveanews.com\/?s={search_term_string}"},"query-input":{"@type":"PropertyValueSpecification","valueRequired":true,"valueName":"search_term_string"}}],"inLanguage":"pt-BR"},{"@type":"Person","@id":"https:\/\/www.gaveanews.com\/#\/schema\/person\/3a0372021fabaeec4e7e4242cfa27841","name":"Hugo Nogueira","image":{"@type":"ImageObject","inLanguage":"pt-BR","@id":"https:\/\/www.gaveanews.com\/#\/schema\/person\/image\/","url":"https:\/\/secure.gravatar.com\/avatar\/0cdd89f3b47bb55926c08eee2db992845cfdd53f84c9fdd47a49d89b3cd40c0a?s=96&d=mm&r=g","contentUrl":"https:\/\/secure.gravatar.com\/avatar\/0cdd89f3b47bb55926c08eee2db992845cfdd53f84c9fdd47a49d89b3cd40c0a?s=96&d=mm&r=g","caption":"Hugo Nogueira"}}]}},"_links":{"self":[{"href":"https:\/\/www.gaveanews.com\/index.php\/wp-json\/wp\/v2\/posts\/47909","targetHints":{"allow":["GET"]}}],"collection":[{"href":"https:\/\/www.gaveanews.com\/index.php\/wp-json\/wp\/v2\/posts"}],"about":[{"href":"https:\/\/www.gaveanews.com\/index.php\/wp-json\/wp\/v2\/types\/post"}],"author":[{"embeddable":true,"href":"https:\/\/www.gaveanews.com\/index.php\/wp-json\/wp\/v2\/users\/2"}],"replies":[{"embeddable":true,"href":"https:\/\/www.gaveanews.com\/index.php\/wp-json\/wp\/v2\/comments?post=47909"}],"version-history":[{"count":1,"href":"https:\/\/www.gaveanews.com\/index.php\/wp-json\/wp\/v2\/posts\/47909\/revisions"}],"predecessor-version":[{"id":136667,"href":"https:\/\/www.gaveanews.com\/index.php\/wp-json\/wp\/v2\/posts\/47909\/revisions\/136667"}],"wp:featuredmedia":[{"embeddable":true,"href":"https:\/\/www.gaveanews.com\/index.php\/wp-json\/wp\/v2\/media\/47172"}],"wp:attachment":[{"href":"https:\/\/www.gaveanews.com\/index.php\/wp-json\/wp\/v2\/media?parent=47909"}],"wp:term":[{"taxonomy":"category","embeddable":true,"href":"https:\/\/www.gaveanews.com\/index.php\/wp-json\/wp\/v2\/categories?post=47909"},{"taxonomy":"post_tag","embeddable":true,"href":"https:\/\/www.gaveanews.com\/index.php\/wp-json\/wp\/v2\/tags?post=47909"}],"curies":[{"name":"wp","href":"https:\/\/api.w.org\/{rel}","templated":true}]}}