{"id":47914,"date":"2020-09-23T19:37:39","date_gmt":"2020-09-23T22:37:39","guid":{"rendered":"https:\/\/www.gaveanews.com\/?p=47914"},"modified":"2020-09-23T19:37:40","modified_gmt":"2020-09-23T22:37:40","slug":"presidente-do-flamengo-rodolfo-landim-testa-positivo-para-o-covid","status":"publish","type":"post","link":"https:\/\/www.gaveanews.com\/index.php\/2020\/09\/23\/presidente-do-flamengo-rodolfo-landim-testa-positivo-para-o-covid\/","title":{"rendered":"Presidente do Flamengo, Rodolfo Landim testa positivo para o COVID"},"content":{"rendered":"\n<p>O n\u00famero de casos de Covid-19 n\u00e3o param de crescer no elenco do Flamengo. Ap\u00f3s desembarcar no Brasil na madrugada desta quinta-feira, o Rubro-Negro viu a sua lista de infectados aumentar consideravelmente: do vice-presidente de futebol, Marcos Braz, ao t\u00e9cnico Dom\u00e8nec Torrent at\u00e9 ao presidente Rodolfo Landim, s\u00e3o 16 contaminados confirmados na delega\u00e7\u00e3o que viajou para o Equador para os duelos contra Independiente del Valle e Barcelona.<\/p>\n\n\n\n<p>A tend\u00eancia \u00e9 que os casos n\u00e3o parem por a\u00ed. O Rubro-Negro est\u00e1 ciente da possibilidade de novos testes positivos serem encontrados na equipe e manter\u00e1 o elenco sob observa\u00e7\u00e3o. Inclusive, h\u00e1 informa\u00e7\u00e3o de que os casos confirmados nesta quarta-feira j\u00e1 tinham alguns sintomas antes do jogo com o Barcelona, embora ainda n\u00e3o tivessem dado positivo nos testes.<\/p>\n\n\n\n<p>\u00c9 certo que todos os que nomes que est\u00e3o confirmados ser\u00e3o desfalques para a partida contra o Palmeiras, no pr\u00f3ximo domingo, pelo Campeonato Brasileiro. O clube, inclusive, usa este argumento para tentar o adiamento. Com os casos anteriores a viagem ao Equador, de C\u00e9sar, Diego Alves e Jo\u00e3o Lucas, e os atletas contaminados antes da volta do futebol no meio do ano, o Flamengo j\u00e1 contabiliza 25 infectados entre os jogadores.<\/p>\n\n\n\n<p>Depois da paralisa\u00e7\u00e3o, foram nove atletas contaminados. Entre eles, Gabigol, Gerson, Arrascaeta, Ramon, Hugo Souza, Piris da Motta e Vinicius Souza, esses dois \u00faltimos j\u00e1 negociados pelo Flamengo. Al\u00e9m deles, oito funcion\u00e1rios testaram positivo na primeira leva, que mais recentemente teve o acr\u00e9scimo do preparador f\u00edsico Roberto Oliveira.<\/p>\n\n\n\n<p>Retirado de: O Globo<\/p>\n","protected":false},"excerpt":{"rendered":"<p>O n\u00famero de casos de Covid-19 n\u00e3o param de crescer no elenco do Flamengo. Ap\u00f3s desembarcar no Brasil na madrugada desta quinta-feira, o Rubro-Negro viu a sua lista de infectados aumentar consideravelmente: do vice-presidente de futebol, Marcos Braz, ao t\u00e9cnico Dom\u00e8nec Torrent at\u00e9 ao presidente Rodolfo Landim, s\u00e3o 16 contaminados confirmados na delega\u00e7\u00e3o que viajou [&hellip;]<\/p>\n","protected":false},"author":1,"featured_media":15077,"comment_status":"open","ping_status":"closed","sticky":false,"template":"","format":"standard","meta":{"footnotes":""},"categories":[1],"tags":[],"class_list":["post-47914","post","type-post","status-publish","format-standard","has-post-thumbnail","hentry","category-flamengo"],"yoast_head":"<!-- This site is optimized with the Yoast SEO Premium plugin v24.2 (Yoast SEO v26.9) - https:\/\/yoast.com\/product\/yoast-seo-premium-wordpress\/ -->\n<title>Presidente do Flamengo, Rodolfo Landim testa positivo para o COVID<\/title>\n<meta name=\"description\" content=\"h\u00e1 informa\u00e7\u00e3o de que os casos confirmados nesta quarta-feira j\u00e1 tinham alguns sintomas antes do jogo com o Barcelona.\" \/>\n<meta name=\"robots\" content=\"index, follow, max-snippet:-1, max-image-preview:large, max-video-preview:-1\" \/>\n<link rel=\"canonical\" href=\"https:\/\/www.gaveanews.com\/index.php\/2020\/09\/23\/presidente-do-flamengo-rodolfo-landim-testa-positivo-para-o-covid\/\" \/>\n<meta property=\"og:locale\" content=\"pt_BR\" \/>\n<meta property=\"og:type\" content=\"article\" \/>\n<meta property=\"og:title\" content=\"Presidente do Flamengo, Rodolfo Landim testa positivo para o COVID\" \/>\n<meta property=\"og:description\" content=\"h\u00e1 informa\u00e7\u00e3o de que os casos confirmados nesta quarta-feira j\u00e1 tinham alguns sintomas antes do jogo com o Barcelona.\" \/>\n<meta property=\"og:url\" content=\"https:\/\/www.gaveanews.com\/index.php\/2020\/09\/23\/presidente-do-flamengo-rodolfo-landim-testa-positivo-para-o-covid\/\" \/>\n<meta property=\"og:site_name\" content=\"G\u00e1vea News\" \/>\n<meta property=\"article:publisher\" content=\"https:\/\/facebook.com\/gaveaNews\/\" \/>\n<meta property=\"article:published_time\" content=\"2020-09-23T22:37:39+00:00\" \/>\n<meta property=\"article:modified_time\" content=\"2020-09-23T22:37:40+00:00\" \/>\n<meta property=\"og:image\" content=\"https:\/\/www.gaveanews.com\/wp-content\/uploads\/2019\/03\/Rodolfo-Landim-durante-entrevista-coletiva-na-Gavea.webp\" \/>\n\t<meta property=\"og:image:width\" content=\"1\" \/>\n\t<meta property=\"og:image:height\" content=\"1\" \/>\n\t<meta property=\"og:image:type\" content=\"image\/jpeg\" \/>\n<meta name=\"author\" content=\"Equipe G\u00e1vea News\" \/>\n<meta name=\"twitter:card\" content=\"summary_large_image\" \/>\n<meta name=\"twitter:label1\" content=\"Escrito por\" \/>\n\t<meta name=\"twitter:data1\" content=\"Equipe G\u00e1vea News\" \/>\n\t<meta name=\"twitter:label2\" content=\"Est. tempo de leitura\" \/>\n\t<meta name=\"twitter:data2\" content=\"1 minuto\" \/>\n<script type=\"application\/ld+json\" class=\"yoast-schema-graph\">{\"@context\":\"https:\/\/schema.org\",\"@graph\":[{\"@type\":\"NewsArticle\",\"@id\":\"https:\/\/www.gaveanews.com\/index.php\/2020\/09\/23\/presidente-do-flamengo-rodolfo-landim-testa-positivo-para-o-covid\/#article\",\"isPartOf\":{\"@id\":\"https:\/\/www.gaveanews.com\/index.php\/2020\/09\/23\/presidente-do-flamengo-rodolfo-landim-testa-positivo-para-o-covid\/\"},\"author\":{\"name\":\"Equipe G\u00e1vea News\",\"@id\":\"https:\/\/www.gaveanews.com\/#\/schema\/person\/2ec14f73fb96be2caf28f91afb14749d\"},\"headline\":\"Presidente do Flamengo, Rodolfo Landim testa positivo para o COVID\",\"datePublished\":\"2020-09-23T22:37:39+00:00\",\"dateModified\":\"2020-09-23T22:37:40+00:00\",\"mainEntityOfPage\":{\"@id\":\"https:\/\/www.gaveanews.com\/index.php\/2020\/09\/23\/presidente-do-flamengo-rodolfo-landim-testa-positivo-para-o-covid\/\"},\"wordCount\":276,\"commentCount\":17,\"image\":{\"@id\":\"https:\/\/www.gaveanews.com\/index.php\/2020\/09\/23\/presidente-do-flamengo-rodolfo-landim-testa-positivo-para-o-covid\/#primaryimage\"},\"thumbnailUrl\":\"https:\/\/www.gaveanews.com\/wp-content\/uploads\/2019\/03\/Rodolfo-Landim-durante-entrevista-coletiva-na-Gavea.webp\",\"articleSection\":[\"Flamengo\"],\"inLanguage\":\"pt-BR\",\"potentialAction\":[{\"@type\":\"CommentAction\",\"name\":\"Comment\",\"target\":[\"https:\/\/www.gaveanews.com\/index.php\/2020\/09\/23\/presidente-do-flamengo-rodolfo-landim-testa-positivo-para-o-covid\/#respond\"]}],\"copyrightYear\":\"2020\",\"copyrightHolder\":{\"@id\":\"https:\/\/www.gaveanews.com\/#organization\"}},{\"@type\":\"WebPage\",\"@id\":\"https:\/\/www.gaveanews.com\/index.php\/2020\/09\/23\/presidente-do-flamengo-rodolfo-landim-testa-positivo-para-o-covid\/\",\"url\":\"https:\/\/www.gaveanews.com\/index.php\/2020\/09\/23\/presidente-do-flamengo-rodolfo-landim-testa-positivo-para-o-covid\/\",\"name\":\"Presidente do Flamengo, Rodolfo Landim testa positivo para o COVID\",\"isPartOf\":{\"@id\":\"https:\/\/www.gaveanews.com\/#website\"},\"primaryImageOfPage\":{\"@id\":\"https:\/\/www.gaveanews.com\/index.php\/2020\/09\/23\/presidente-do-flamengo-rodolfo-landim-testa-positivo-para-o-covid\/#primaryimage\"},\"image\":{\"@id\":\"https:\/\/www.gaveanews.com\/index.php\/2020\/09\/23\/presidente-do-flamengo-rodolfo-landim-testa-positivo-para-o-covid\/#primaryimage\"},\"thumbnailUrl\":\"https:\/\/www.gaveanews.com\/wp-content\/uploads\/2019\/03\/Rodolfo-Landim-durante-entrevista-coletiva-na-Gavea.webp\",\"datePublished\":\"2020-09-23T22:37:39+00:00\",\"dateModified\":\"2020-09-23T22:37:40+00:00\",\"author\":{\"@id\":\"https:\/\/www.gaveanews.com\/#\/schema\/person\/2ec14f73fb96be2caf28f91afb14749d\"},\"description\":\"h\u00e1 informa\u00e7\u00e3o de que os casos confirmados nesta quarta-feira j\u00e1 tinham alguns sintomas antes do jogo com o Barcelona.\",\"breadcrumb\":{\"@id\":\"https:\/\/www.gaveanews.com\/index.php\/2020\/09\/23\/presidente-do-flamengo-rodolfo-landim-testa-positivo-para-o-covid\/#breadcrumb\"},\"inLanguage\":\"pt-BR\",\"potentialAction\":[{\"@type\":\"ReadAction\",\"target\":[\"https:\/\/www.gaveanews.com\/index.php\/2020\/09\/23\/presidente-do-flamengo-rodolfo-landim-testa-positivo-para-o-covid\/\"]}]},{\"@type\":\"ImageObject\",\"inLanguage\":\"pt-BR\",\"@id\":\"https:\/\/www.gaveanews.com\/index.php\/2020\/09\/23\/presidente-do-flamengo-rodolfo-landim-testa-positivo-para-o-covid\/#primaryimage\",\"url\":\"https:\/\/www.gaveanews.com\/wp-content\/uploads\/2019\/03\/Rodolfo-Landim-durante-entrevista-coletiva-na-Gavea.webp\",\"contentUrl\":\"https:\/\/www.gaveanews.com\/wp-content\/uploads\/2019\/03\/Rodolfo-Landim-durante-entrevista-coletiva-na-Gavea.webp\",\"width\":900,\"height\":599,\"caption\":\"Rodolfo Landim durante entrevista coletiva na G\u00e1vea (Foto: Ag\u00eancia Foto BR)\"},{\"@type\":\"BreadcrumbList\",\"@id\":\"https:\/\/www.gaveanews.com\/index.php\/2020\/09\/23\/presidente-do-flamengo-rodolfo-landim-testa-positivo-para-o-covid\/#breadcrumb\",\"itemListElement\":[{\"@type\":\"ListItem\",\"position\":1,\"name\":\"Home\",\"item\":\"https:\/\/www.gaveanews.com\/\"},{\"@type\":\"ListItem\",\"position\":2,\"name\":\"Presidente do Flamengo, Rodolfo Landim testa positivo para o COVID\"}]},{\"@type\":\"WebSite\",\"@id\":\"https:\/\/www.gaveanews.com\/#website\",\"url\":\"https:\/\/www.gaveanews.com\/\",\"name\":\"G\u00e1vea News\",\"description\":\"Veja todas as not\u00edcias sobre o Flamengo: Contrata\u00e7\u00f5es, categorias de base, resultados das partidas, tabela de classifica\u00e7\u00e3o, pr\u00f3ximos jogos!\",\"potentialAction\":[{\"@type\":\"SearchAction\",\"target\":{\"@type\":\"EntryPoint\",\"urlTemplate\":\"https:\/\/www.gaveanews.com\/?s={search_term_string}\"},\"query-input\":{\"@type\":\"PropertyValueSpecification\",\"valueRequired\":true,\"valueName\":\"search_term_string\"}}],\"inLanguage\":\"pt-BR\"},{\"@type\":\"Person\",\"@id\":\"https:\/\/www.gaveanews.com\/#\/schema\/person\/2ec14f73fb96be2caf28f91afb14749d\",\"name\":\"Equipe G\u00e1vea News\",\"image\":{\"@type\":\"ImageObject\",\"inLanguage\":\"pt-BR\",\"@id\":\"https:\/\/www.gaveanews.com\/#\/schema\/person\/image\/\",\"url\":\"https:\/\/secure.gravatar.com\/avatar\/1e1956f1facbffd3f8fa53a326721950116b3b9dc9bd44939c01180fd4a745a9?s=96&d=mm&r=g\",\"contentUrl\":\"https:\/\/secure.gravatar.com\/avatar\/1e1956f1facbffd3f8fa53a326721950116b3b9dc9bd44939c01180fd4a745a9?s=96&d=mm&r=g\",\"caption\":\"Equipe G\u00e1vea News\"}}]}<\/script>\n<!-- \/ Yoast SEO Premium plugin. -->","yoast_head_json":{"title":"Presidente do Flamengo, Rodolfo Landim testa positivo para o COVID","description":"h\u00e1 informa\u00e7\u00e3o de que os casos confirmados nesta quarta-feira j\u00e1 tinham alguns sintomas antes do jogo com o Barcelona.","robots":{"index":"index","follow":"follow","max-snippet":"max-snippet:-1","max-image-preview":"max-image-preview:large","max-video-preview":"max-video-preview:-1"},"canonical":"https:\/\/www.gaveanews.com\/index.php\/2020\/09\/23\/presidente-do-flamengo-rodolfo-landim-testa-positivo-para-o-covid\/","og_locale":"pt_BR","og_type":"article","og_title":"Presidente do Flamengo, Rodolfo Landim testa positivo para o COVID","og_description":"h\u00e1 informa\u00e7\u00e3o de que os casos confirmados nesta quarta-feira j\u00e1 tinham alguns sintomas antes do jogo com o Barcelona.","og_url":"https:\/\/www.gaveanews.com\/index.php\/2020\/09\/23\/presidente-do-flamengo-rodolfo-landim-testa-positivo-para-o-covid\/","og_site_name":"G\u00e1vea News","article_publisher":"https:\/\/facebook.com\/gaveaNews\/","article_published_time":"2020-09-23T22:37:39+00:00","article_modified_time":"2020-09-23T22:37:40+00:00","og_image":[{"url":"https:\/\/www.gaveanews.com\/wp-content\/uploads\/2019\/03\/Rodolfo-Landim-durante-entrevista-coletiva-na-Gavea.webp","width":1,"height":1,"type":"image\/jpeg"}],"author":"Equipe G\u00e1vea News","twitter_card":"summary_large_image","twitter_misc":{"Escrito por":"Equipe G\u00e1vea News","Est. tempo de leitura":"1 minuto"},"schema":{"@context":"https:\/\/schema.org","@graph":[{"@type":"NewsArticle","@id":"https:\/\/www.gaveanews.com\/index.php\/2020\/09\/23\/presidente-do-flamengo-rodolfo-landim-testa-positivo-para-o-covid\/#article","isPartOf":{"@id":"https:\/\/www.gaveanews.com\/index.php\/2020\/09\/23\/presidente-do-flamengo-rodolfo-landim-testa-positivo-para-o-covid\/"},"author":{"name":"Equipe G\u00e1vea News","@id":"https:\/\/www.gaveanews.com\/#\/schema\/person\/2ec14f73fb96be2caf28f91afb14749d"},"headline":"Presidente do Flamengo, Rodolfo Landim testa positivo para o COVID","datePublished":"2020-09-23T22:37:39+00:00","dateModified":"2020-09-23T22:37:40+00:00","mainEntityOfPage":{"@id":"https:\/\/www.gaveanews.com\/index.php\/2020\/09\/23\/presidente-do-flamengo-rodolfo-landim-testa-positivo-para-o-covid\/"},"wordCount":276,"commentCount":17,"image":{"@id":"https:\/\/www.gaveanews.com\/index.php\/2020\/09\/23\/presidente-do-flamengo-rodolfo-landim-testa-positivo-para-o-covid\/#primaryimage"},"thumbnailUrl":"https:\/\/www.gaveanews.com\/wp-content\/uploads\/2019\/03\/Rodolfo-Landim-durante-entrevista-coletiva-na-Gavea.webp","articleSection":["Flamengo"],"inLanguage":"pt-BR","potentialAction":[{"@type":"CommentAction","name":"Comment","target":["https:\/\/www.gaveanews.com\/index.php\/2020\/09\/23\/presidente-do-flamengo-rodolfo-landim-testa-positivo-para-o-covid\/#respond"]}],"copyrightYear":"2020","copyrightHolder":{"@id":"https:\/\/www.gaveanews.com\/#organization"}},{"@type":"WebPage","@id":"https:\/\/www.gaveanews.com\/index.php\/2020\/09\/23\/presidente-do-flamengo-rodolfo-landim-testa-positivo-para-o-covid\/","url":"https:\/\/www.gaveanews.com\/index.php\/2020\/09\/23\/presidente-do-flamengo-rodolfo-landim-testa-positivo-para-o-covid\/","name":"Presidente do Flamengo, Rodolfo Landim testa positivo para o COVID","isPartOf":{"@id":"https:\/\/www.gaveanews.com\/#website"},"primaryImageOfPage":{"@id":"https:\/\/www.gaveanews.com\/index.php\/2020\/09\/23\/presidente-do-flamengo-rodolfo-landim-testa-positivo-para-o-covid\/#primaryimage"},"image":{"@id":"https:\/\/www.gaveanews.com\/index.php\/2020\/09\/23\/presidente-do-flamengo-rodolfo-landim-testa-positivo-para-o-covid\/#primaryimage"},"thumbnailUrl":"https:\/\/www.gaveanews.com\/wp-content\/uploads\/2019\/03\/Rodolfo-Landim-durante-entrevista-coletiva-na-Gavea.webp","datePublished":"2020-09-23T22:37:39+00:00","dateModified":"2020-09-23T22:37:40+00:00","author":{"@id":"https:\/\/www.gaveanews.com\/#\/schema\/person\/2ec14f73fb96be2caf28f91afb14749d"},"description":"h\u00e1 informa\u00e7\u00e3o de que os casos confirmados nesta quarta-feira j\u00e1 tinham alguns sintomas antes do jogo com o Barcelona.","breadcrumb":{"@id":"https:\/\/www.gaveanews.com\/index.php\/2020\/09\/23\/presidente-do-flamengo-rodolfo-landim-testa-positivo-para-o-covid\/#breadcrumb"},"inLanguage":"pt-BR","potentialAction":[{"@type":"ReadAction","target":["https:\/\/www.gaveanews.com\/index.php\/2020\/09\/23\/presidente-do-flamengo-rodolfo-landim-testa-positivo-para-o-covid\/"]}]},{"@type":"ImageObject","inLanguage":"pt-BR","@id":"https:\/\/www.gaveanews.com\/index.php\/2020\/09\/23\/presidente-do-flamengo-rodolfo-landim-testa-positivo-para-o-covid\/#primaryimage","url":"https:\/\/www.gaveanews.com\/wp-content\/uploads\/2019\/03\/Rodolfo-Landim-durante-entrevista-coletiva-na-Gavea.webp","contentUrl":"https:\/\/www.gaveanews.com\/wp-content\/uploads\/2019\/03\/Rodolfo-Landim-durante-entrevista-coletiva-na-Gavea.webp","width":900,"height":599,"caption":"Rodolfo Landim durante entrevista coletiva na G\u00e1vea (Foto: Ag\u00eancia Foto BR)"},{"@type":"BreadcrumbList","@id":"https:\/\/www.gaveanews.com\/index.php\/2020\/09\/23\/presidente-do-flamengo-rodolfo-landim-testa-positivo-para-o-covid\/#breadcrumb","itemListElement":[{"@type":"ListItem","position":1,"name":"Home","item":"https:\/\/www.gaveanews.com\/"},{"@type":"ListItem","position":2,"name":"Presidente do Flamengo, Rodolfo Landim testa positivo para o COVID"}]},{"@type":"WebSite","@id":"https:\/\/www.gaveanews.com\/#website","url":"https:\/\/www.gaveanews.com\/","name":"G\u00e1vea News","description":"Veja todas as not\u00edcias sobre o Flamengo: Contrata\u00e7\u00f5es, categorias de base, resultados das partidas, tabela de classifica\u00e7\u00e3o, pr\u00f3ximos jogos!","potentialAction":[{"@type":"SearchAction","target":{"@type":"EntryPoint","urlTemplate":"https:\/\/www.gaveanews.com\/?s={search_term_string}"},"query-input":{"@type":"PropertyValueSpecification","valueRequired":true,"valueName":"search_term_string"}}],"inLanguage":"pt-BR"},{"@type":"Person","@id":"https:\/\/www.gaveanews.com\/#\/schema\/person\/2ec14f73fb96be2caf28f91afb14749d","name":"Equipe G\u00e1vea News","image":{"@type":"ImageObject","inLanguage":"pt-BR","@id":"https:\/\/www.gaveanews.com\/#\/schema\/person\/image\/","url":"https:\/\/secure.gravatar.com\/avatar\/1e1956f1facbffd3f8fa53a326721950116b3b9dc9bd44939c01180fd4a745a9?s=96&d=mm&r=g","contentUrl":"https:\/\/secure.gravatar.com\/avatar\/1e1956f1facbffd3f8fa53a326721950116b3b9dc9bd44939c01180fd4a745a9?s=96&d=mm&r=g","caption":"Equipe G\u00e1vea News"}}]}},"_links":{"self":[{"href":"https:\/\/www.gaveanews.com\/index.php\/wp-json\/wp\/v2\/posts\/47914","targetHints":{"allow":["GET"]}}],"collection":[{"href":"https:\/\/www.gaveanews.com\/index.php\/wp-json\/wp\/v2\/posts"}],"about":[{"href":"https:\/\/www.gaveanews.com\/index.php\/wp-json\/wp\/v2\/types\/post"}],"author":[{"embeddable":true,"href":"https:\/\/www.gaveanews.com\/index.php\/wp-json\/wp\/v2\/users\/1"}],"replies":[{"embeddable":true,"href":"https:\/\/www.gaveanews.com\/index.php\/wp-json\/wp\/v2\/comments?post=47914"}],"version-history":[{"count":0,"href":"https:\/\/www.gaveanews.com\/index.php\/wp-json\/wp\/v2\/posts\/47914\/revisions"}],"wp:featuredmedia":[{"embeddable":true,"href":"https:\/\/www.gaveanews.com\/index.php\/wp-json\/wp\/v2\/media\/15077"}],"wp:attachment":[{"href":"https:\/\/www.gaveanews.com\/index.php\/wp-json\/wp\/v2\/media?parent=47914"}],"wp:term":[{"taxonomy":"category","embeddable":true,"href":"https:\/\/www.gaveanews.com\/index.php\/wp-json\/wp\/v2\/categories?post=47914"},{"taxonomy":"post_tag","embeddable":true,"href":"https:\/\/www.gaveanews.com\/index.php\/wp-json\/wp\/v2\/tags?post=47914"}],"curies":[{"name":"wp","href":"https:\/\/api.w.org\/{rel}","templated":true}]}}