{"id":47917,"date":"2020-09-23T20:23:25","date_gmt":"2020-09-23T23:23:25","guid":{"rendered":"https:\/\/www.gaveanews.com\/?p=47917"},"modified":"2020-09-23T21:18:36","modified_gmt":"2020-09-24T00:18:36","slug":"meia-do-flamengo-everton-ribeiro-testa-positivo-para-o-covid","status":"publish","type":"post","link":"https:\/\/www.gaveanews.com\/index.php\/2020\/09\/23\/meia-do-flamengo-everton-ribeiro-testa-positivo-para-o-covid\/","title":{"rendered":"Meia do Flamengo, Everton Ribeiro testa positivo para o COVID"},"content":{"rendered":"\n<p>O Flamengo tem mais dois casos importantes de covid no seu departamento de futebol. O t\u00e9cnico Dom\u00e8nec Torrent, o meia \u00c9verton Ribeiro e o presidente Rodolfo Landim, segundo confirmado pelo rep\u00f3rter Fl\u00e1vio Amendola, \u00e9 mais um caso confirmado na equipe. Com o comandante, s\u00e3o 25 pessoas que viajaram para o Equador para disputa das duas partidas da Conmebol Libertadores.<\/p>\n\n\n\n<p>At\u00e9 o momento, os casos confirmados foram Gustavo Henrique, Willian Ar\u00e3o, L\u00e9o Pereira, Ren\u00ea, Thuler, Gabriel Batista, Isla, Matheuzinho, Rodrigo Caio, Filipe Lu\u00eds, Diego Ribas, Bruno Henrique, Michael, Vitinho, Jo\u00e3o Gomes (volante do sub-20), Marcio Tannure (m\u00e9dico), Marcos Braz, BAP (vice de rela\u00e7\u00f5es externas) e o ex-jogador Juan, al\u00e9m de mais dois nomes da comiss\u00e3o t\u00e9cnica.<\/p>\n\n\n\n<p>Na \u00faltima ter\u00e7a-feira (22 de setembro), o time pediu o adiamento da partida do pr\u00f3ximo domingo (27), contra o Palmeiras, alegando que n\u00e3o h\u00e1 igualdade de condi\u00e7\u00f5es para a disputa da partida.<\/p>\n\n\n\n<p>O Palmeiras, por\u00e9m, se posicionou de maneira contr\u00e1ria \u00e0 mudan\u00e7a, al\u00e9m de o secret\u00e1rio-geral da CBF afirmar que o adiamento da partida s\u00f3 ocorrer\u00e1 em caso de o clube n\u00e3o ter um n\u00famero m\u00ednimo de jogadores para se inscrever.<\/p>\n\n\n\n<p>Retirado de: Fox Sports<\/p>\n","protected":false},"excerpt":{"rendered":"<p>O Flamengo tem mais dois casos importantes de covid no seu departamento de futebol. O t\u00e9cnico Dom\u00e8nec Torrent, o meia \u00c9verton Ribeiro e o presidente Rodolfo Landim, segundo confirmado pelo rep\u00f3rter Fl\u00e1vio Amendola, \u00e9 mais um caso confirmado na equipe. Com o comandante, s\u00e3o 25 pessoas que viajaram para o Equador para disputa das duas [&hellip;]<\/p>\n","protected":false},"author":1,"featured_media":47004,"comment_status":"open","ping_status":"closed","sticky":false,"template":"","format":"standard","meta":{"footnotes":""},"categories":[47],"tags":[],"class_list":["post-47917","post","type-post","status-publish","format-standard","has-post-thumbnail","hentry","category-destaques"],"yoast_head":"<!-- This site is optimized with the Yoast SEO Premium plugin v24.2 (Yoast SEO v26.9) - https:\/\/yoast.com\/product\/yoast-seo-premium-wordpress\/ -->\n<title>Meia do Flamengo, Everton Ribeiro testa positivo para o COVID<\/title>\n<meta name=\"robots\" content=\"index, follow, max-snippet:-1, max-image-preview:large, max-video-preview:-1\" \/>\n<link rel=\"canonical\" href=\"https:\/\/www.gaveanews.com\/index.php\/2020\/09\/23\/meia-do-flamengo-everton-ribeiro-testa-positivo-para-o-covid\/\" \/>\n<meta property=\"og:locale\" content=\"pt_BR\" \/>\n<meta property=\"og:type\" content=\"article\" \/>\n<meta property=\"og:title\" content=\"Meia do Flamengo, Everton Ribeiro testa positivo para o COVID\" \/>\n<meta property=\"og:description\" content=\"O Flamengo tem mais dois casos importantes de covid no seu departamento de futebol. O t\u00e9cnico Dom\u00e8nec Torrent, o meia \u00c9verton Ribeiro e o presidente Rodolfo Landim, segundo confirmado pelo rep\u00f3rter Fl\u00e1vio Amendola, \u00e9 mais um caso confirmado na equipe. Com o comandante, s\u00e3o 25 pessoas que viajaram para o Equador para disputa das duas [&hellip;]\" \/>\n<meta property=\"og:url\" content=\"https:\/\/www.gaveanews.com\/index.php\/2020\/09\/23\/meia-do-flamengo-everton-ribeiro-testa-positivo-para-o-covid\/\" \/>\n<meta property=\"og:site_name\" content=\"G\u00e1vea News\" \/>\n<meta property=\"article:publisher\" content=\"https:\/\/facebook.com\/gaveaNews\/\" \/>\n<meta property=\"article:published_time\" content=\"2020-09-23T23:23:25+00:00\" \/>\n<meta property=\"article:modified_time\" content=\"2020-09-24T00:18:36+00:00\" \/>\n<meta property=\"og:image\" content=\"https:\/\/www.gaveanews.com\/wp-content\/uploads\/Everton-Ribeiro-em-acao-pelo-Flamengo-na-partida-contra-o-Fortaleza.webp\" \/>\n\t<meta property=\"og:image:width\" content=\"800\" \/>\n\t<meta property=\"og:image:height\" content=\"533\" \/>\n\t<meta property=\"og:image:type\" content=\"image\/jpeg\" \/>\n<meta name=\"author\" content=\"Equipe G\u00e1vea News\" \/>\n<meta name=\"twitter:card\" content=\"summary_large_image\" \/>\n<meta name=\"twitter:label1\" content=\"Escrito por\" \/>\n\t<meta name=\"twitter:data1\" content=\"Equipe G\u00e1vea News\" \/>\n\t<meta name=\"twitter:label2\" content=\"Est. tempo de leitura\" \/>\n\t<meta name=\"twitter:data2\" content=\"1 minuto\" \/>\n<script type=\"application\/ld+json\" class=\"yoast-schema-graph\">{\"@context\":\"https:\/\/schema.org\",\"@graph\":[{\"@type\":\"NewsArticle\",\"@id\":\"https:\/\/www.gaveanews.com\/index.php\/2020\/09\/23\/meia-do-flamengo-everton-ribeiro-testa-positivo-para-o-covid\/#article\",\"isPartOf\":{\"@id\":\"https:\/\/www.gaveanews.com\/index.php\/2020\/09\/23\/meia-do-flamengo-everton-ribeiro-testa-positivo-para-o-covid\/\"},\"author\":{\"name\":\"Equipe G\u00e1vea News\",\"@id\":\"https:\/\/www.gaveanews.com\/#\/schema\/person\/2ec14f73fb96be2caf28f91afb14749d\"},\"headline\":\"Meia do Flamengo, Everton Ribeiro testa positivo para o COVID\",\"datePublished\":\"2020-09-23T23:23:25+00:00\",\"dateModified\":\"2020-09-24T00:18:36+00:00\",\"mainEntityOfPage\":{\"@id\":\"https:\/\/www.gaveanews.com\/index.php\/2020\/09\/23\/meia-do-flamengo-everton-ribeiro-testa-positivo-para-o-covid\/\"},\"wordCount\":221,\"commentCount\":4,\"image\":{\"@id\":\"https:\/\/www.gaveanews.com\/index.php\/2020\/09\/23\/meia-do-flamengo-everton-ribeiro-testa-positivo-para-o-covid\/#primaryimage\"},\"thumbnailUrl\":\"https:\/\/www.gaveanews.com\/wp-content\/uploads\/Everton-Ribeiro-em-acao-pelo-Flamengo-na-partida-contra-o-Fortaleza.webp\",\"articleSection\":[\"Destaques\"],\"inLanguage\":\"pt-BR\",\"potentialAction\":[{\"@type\":\"CommentAction\",\"name\":\"Comment\",\"target\":[\"https:\/\/www.gaveanews.com\/index.php\/2020\/09\/23\/meia-do-flamengo-everton-ribeiro-testa-positivo-para-o-covid\/#respond\"]}],\"copyrightYear\":\"2020\",\"copyrightHolder\":{\"@id\":\"https:\/\/www.gaveanews.com\/#organization\"}},{\"@type\":\"WebPage\",\"@id\":\"https:\/\/www.gaveanews.com\/index.php\/2020\/09\/23\/meia-do-flamengo-everton-ribeiro-testa-positivo-para-o-covid\/\",\"url\":\"https:\/\/www.gaveanews.com\/index.php\/2020\/09\/23\/meia-do-flamengo-everton-ribeiro-testa-positivo-para-o-covid\/\",\"name\":\"Meia do Flamengo, Everton Ribeiro testa positivo para o COVID\",\"isPartOf\":{\"@id\":\"https:\/\/www.gaveanews.com\/#website\"},\"primaryImageOfPage\":{\"@id\":\"https:\/\/www.gaveanews.com\/index.php\/2020\/09\/23\/meia-do-flamengo-everton-ribeiro-testa-positivo-para-o-covid\/#primaryimage\"},\"image\":{\"@id\":\"https:\/\/www.gaveanews.com\/index.php\/2020\/09\/23\/meia-do-flamengo-everton-ribeiro-testa-positivo-para-o-covid\/#primaryimage\"},\"thumbnailUrl\":\"https:\/\/www.gaveanews.com\/wp-content\/uploads\/Everton-Ribeiro-em-acao-pelo-Flamengo-na-partida-contra-o-Fortaleza.webp\",\"datePublished\":\"2020-09-23T23:23:25+00:00\",\"dateModified\":\"2020-09-24T00:18:36+00:00\",\"author\":{\"@id\":\"https:\/\/www.gaveanews.com\/#\/schema\/person\/2ec14f73fb96be2caf28f91afb14749d\"},\"breadcrumb\":{\"@id\":\"https:\/\/www.gaveanews.com\/index.php\/2020\/09\/23\/meia-do-flamengo-everton-ribeiro-testa-positivo-para-o-covid\/#breadcrumb\"},\"inLanguage\":\"pt-BR\",\"potentialAction\":[{\"@type\":\"ReadAction\",\"target\":[\"https:\/\/www.gaveanews.com\/index.php\/2020\/09\/23\/meia-do-flamengo-everton-ribeiro-testa-positivo-para-o-covid\/\"]}]},{\"@type\":\"ImageObject\",\"inLanguage\":\"pt-BR\",\"@id\":\"https:\/\/www.gaveanews.com\/index.php\/2020\/09\/23\/meia-do-flamengo-everton-ribeiro-testa-positivo-para-o-covid\/#primaryimage\",\"url\":\"https:\/\/www.gaveanews.com\/wp-content\/uploads\/Everton-Ribeiro-em-acao-pelo-Flamengo-na-partida-contra-o-Fortaleza.webp\",\"contentUrl\":\"https:\/\/www.gaveanews.com\/wp-content\/uploads\/Everton-Ribeiro-em-acao-pelo-Flamengo-na-partida-contra-o-Fortaleza.webp\",\"width\":800,\"height\":533,\"caption\":\"Everton Ribeiro em a\u00e7\u00e3o pelo Flamengo na partida contra o Fortaleza (Foto: Alexandre Vidal\/Flamengo)\"},{\"@type\":\"BreadcrumbList\",\"@id\":\"https:\/\/www.gaveanews.com\/index.php\/2020\/09\/23\/meia-do-flamengo-everton-ribeiro-testa-positivo-para-o-covid\/#breadcrumb\",\"itemListElement\":[{\"@type\":\"ListItem\",\"position\":1,\"name\":\"Home\",\"item\":\"https:\/\/www.gaveanews.com\/\"},{\"@type\":\"ListItem\",\"position\":2,\"name\":\"Meia do Flamengo, Everton Ribeiro testa positivo para o COVID\"}]},{\"@type\":\"WebSite\",\"@id\":\"https:\/\/www.gaveanews.com\/#website\",\"url\":\"https:\/\/www.gaveanews.com\/\",\"name\":\"G\u00e1vea News\",\"description\":\"Veja todas as not\u00edcias sobre o Flamengo: Contrata\u00e7\u00f5es, categorias de base, resultados das partidas, tabela de classifica\u00e7\u00e3o, pr\u00f3ximos jogos!\",\"potentialAction\":[{\"@type\":\"SearchAction\",\"target\":{\"@type\":\"EntryPoint\",\"urlTemplate\":\"https:\/\/www.gaveanews.com\/?s={search_term_string}\"},\"query-input\":{\"@type\":\"PropertyValueSpecification\",\"valueRequired\":true,\"valueName\":\"search_term_string\"}}],\"inLanguage\":\"pt-BR\"},{\"@type\":\"Person\",\"@id\":\"https:\/\/www.gaveanews.com\/#\/schema\/person\/2ec14f73fb96be2caf28f91afb14749d\",\"name\":\"Equipe G\u00e1vea News\",\"image\":{\"@type\":\"ImageObject\",\"inLanguage\":\"pt-BR\",\"@id\":\"https:\/\/www.gaveanews.com\/#\/schema\/person\/image\/\",\"url\":\"https:\/\/secure.gravatar.com\/avatar\/1e1956f1facbffd3f8fa53a326721950116b3b9dc9bd44939c01180fd4a745a9?s=96&d=mm&r=g\",\"contentUrl\":\"https:\/\/secure.gravatar.com\/avatar\/1e1956f1facbffd3f8fa53a326721950116b3b9dc9bd44939c01180fd4a745a9?s=96&d=mm&r=g\",\"caption\":\"Equipe G\u00e1vea News\"}}]}<\/script>\n<!-- \/ Yoast SEO Premium plugin. -->","yoast_head_json":{"title":"Meia do Flamengo, Everton Ribeiro testa positivo para o COVID","robots":{"index":"index","follow":"follow","max-snippet":"max-snippet:-1","max-image-preview":"max-image-preview:large","max-video-preview":"max-video-preview:-1"},"canonical":"https:\/\/www.gaveanews.com\/index.php\/2020\/09\/23\/meia-do-flamengo-everton-ribeiro-testa-positivo-para-o-covid\/","og_locale":"pt_BR","og_type":"article","og_title":"Meia do Flamengo, Everton Ribeiro testa positivo para o COVID","og_description":"O Flamengo tem mais dois casos importantes de covid no seu departamento de futebol. O t\u00e9cnico Dom\u00e8nec Torrent, o meia \u00c9verton Ribeiro e o presidente Rodolfo Landim, segundo confirmado pelo rep\u00f3rter Fl\u00e1vio Amendola, \u00e9 mais um caso confirmado na equipe. Com o comandante, s\u00e3o 25 pessoas que viajaram para o Equador para disputa das duas [&hellip;]","og_url":"https:\/\/www.gaveanews.com\/index.php\/2020\/09\/23\/meia-do-flamengo-everton-ribeiro-testa-positivo-para-o-covid\/","og_site_name":"G\u00e1vea News","article_publisher":"https:\/\/facebook.com\/gaveaNews\/","article_published_time":"2020-09-23T23:23:25+00:00","article_modified_time":"2020-09-24T00:18:36+00:00","og_image":[{"width":800,"height":533,"url":"https:\/\/www.gaveanews.com\/wp-content\/uploads\/Everton-Ribeiro-em-acao-pelo-Flamengo-na-partida-contra-o-Fortaleza.webp","type":"image\/jpeg"}],"author":"Equipe G\u00e1vea News","twitter_card":"summary_large_image","twitter_misc":{"Escrito por":"Equipe G\u00e1vea News","Est. tempo de leitura":"1 minuto"},"schema":{"@context":"https:\/\/schema.org","@graph":[{"@type":"NewsArticle","@id":"https:\/\/www.gaveanews.com\/index.php\/2020\/09\/23\/meia-do-flamengo-everton-ribeiro-testa-positivo-para-o-covid\/#article","isPartOf":{"@id":"https:\/\/www.gaveanews.com\/index.php\/2020\/09\/23\/meia-do-flamengo-everton-ribeiro-testa-positivo-para-o-covid\/"},"author":{"name":"Equipe G\u00e1vea News","@id":"https:\/\/www.gaveanews.com\/#\/schema\/person\/2ec14f73fb96be2caf28f91afb14749d"},"headline":"Meia do Flamengo, Everton Ribeiro testa positivo para o COVID","datePublished":"2020-09-23T23:23:25+00:00","dateModified":"2020-09-24T00:18:36+00:00","mainEntityOfPage":{"@id":"https:\/\/www.gaveanews.com\/index.php\/2020\/09\/23\/meia-do-flamengo-everton-ribeiro-testa-positivo-para-o-covid\/"},"wordCount":221,"commentCount":4,"image":{"@id":"https:\/\/www.gaveanews.com\/index.php\/2020\/09\/23\/meia-do-flamengo-everton-ribeiro-testa-positivo-para-o-covid\/#primaryimage"},"thumbnailUrl":"https:\/\/www.gaveanews.com\/wp-content\/uploads\/Everton-Ribeiro-em-acao-pelo-Flamengo-na-partida-contra-o-Fortaleza.webp","articleSection":["Destaques"],"inLanguage":"pt-BR","potentialAction":[{"@type":"CommentAction","name":"Comment","target":["https:\/\/www.gaveanews.com\/index.php\/2020\/09\/23\/meia-do-flamengo-everton-ribeiro-testa-positivo-para-o-covid\/#respond"]}],"copyrightYear":"2020","copyrightHolder":{"@id":"https:\/\/www.gaveanews.com\/#organization"}},{"@type":"WebPage","@id":"https:\/\/www.gaveanews.com\/index.php\/2020\/09\/23\/meia-do-flamengo-everton-ribeiro-testa-positivo-para-o-covid\/","url":"https:\/\/www.gaveanews.com\/index.php\/2020\/09\/23\/meia-do-flamengo-everton-ribeiro-testa-positivo-para-o-covid\/","name":"Meia do Flamengo, Everton Ribeiro testa positivo para o COVID","isPartOf":{"@id":"https:\/\/www.gaveanews.com\/#website"},"primaryImageOfPage":{"@id":"https:\/\/www.gaveanews.com\/index.php\/2020\/09\/23\/meia-do-flamengo-everton-ribeiro-testa-positivo-para-o-covid\/#primaryimage"},"image":{"@id":"https:\/\/www.gaveanews.com\/index.php\/2020\/09\/23\/meia-do-flamengo-everton-ribeiro-testa-positivo-para-o-covid\/#primaryimage"},"thumbnailUrl":"https:\/\/www.gaveanews.com\/wp-content\/uploads\/Everton-Ribeiro-em-acao-pelo-Flamengo-na-partida-contra-o-Fortaleza.webp","datePublished":"2020-09-23T23:23:25+00:00","dateModified":"2020-09-24T00:18:36+00:00","author":{"@id":"https:\/\/www.gaveanews.com\/#\/schema\/person\/2ec14f73fb96be2caf28f91afb14749d"},"breadcrumb":{"@id":"https:\/\/www.gaveanews.com\/index.php\/2020\/09\/23\/meia-do-flamengo-everton-ribeiro-testa-positivo-para-o-covid\/#breadcrumb"},"inLanguage":"pt-BR","potentialAction":[{"@type":"ReadAction","target":["https:\/\/www.gaveanews.com\/index.php\/2020\/09\/23\/meia-do-flamengo-everton-ribeiro-testa-positivo-para-o-covid\/"]}]},{"@type":"ImageObject","inLanguage":"pt-BR","@id":"https:\/\/www.gaveanews.com\/index.php\/2020\/09\/23\/meia-do-flamengo-everton-ribeiro-testa-positivo-para-o-covid\/#primaryimage","url":"https:\/\/www.gaveanews.com\/wp-content\/uploads\/Everton-Ribeiro-em-acao-pelo-Flamengo-na-partida-contra-o-Fortaleza.webp","contentUrl":"https:\/\/www.gaveanews.com\/wp-content\/uploads\/Everton-Ribeiro-em-acao-pelo-Flamengo-na-partida-contra-o-Fortaleza.webp","width":800,"height":533,"caption":"Everton Ribeiro em a\u00e7\u00e3o pelo Flamengo na partida contra o Fortaleza (Foto: Alexandre Vidal\/Flamengo)"},{"@type":"BreadcrumbList","@id":"https:\/\/www.gaveanews.com\/index.php\/2020\/09\/23\/meia-do-flamengo-everton-ribeiro-testa-positivo-para-o-covid\/#breadcrumb","itemListElement":[{"@type":"ListItem","position":1,"name":"Home","item":"https:\/\/www.gaveanews.com\/"},{"@type":"ListItem","position":2,"name":"Meia do Flamengo, Everton Ribeiro testa positivo para o COVID"}]},{"@type":"WebSite","@id":"https:\/\/www.gaveanews.com\/#website","url":"https:\/\/www.gaveanews.com\/","name":"G\u00e1vea News","description":"Veja todas as not\u00edcias sobre o Flamengo: Contrata\u00e7\u00f5es, categorias de base, resultados das partidas, tabela de classifica\u00e7\u00e3o, pr\u00f3ximos jogos!","potentialAction":[{"@type":"SearchAction","target":{"@type":"EntryPoint","urlTemplate":"https:\/\/www.gaveanews.com\/?s={search_term_string}"},"query-input":{"@type":"PropertyValueSpecification","valueRequired":true,"valueName":"search_term_string"}}],"inLanguage":"pt-BR"},{"@type":"Person","@id":"https:\/\/www.gaveanews.com\/#\/schema\/person\/2ec14f73fb96be2caf28f91afb14749d","name":"Equipe G\u00e1vea News","image":{"@type":"ImageObject","inLanguage":"pt-BR","@id":"https:\/\/www.gaveanews.com\/#\/schema\/person\/image\/","url":"https:\/\/secure.gravatar.com\/avatar\/1e1956f1facbffd3f8fa53a326721950116b3b9dc9bd44939c01180fd4a745a9?s=96&d=mm&r=g","contentUrl":"https:\/\/secure.gravatar.com\/avatar\/1e1956f1facbffd3f8fa53a326721950116b3b9dc9bd44939c01180fd4a745a9?s=96&d=mm&r=g","caption":"Equipe G\u00e1vea News"}}]}},"_links":{"self":[{"href":"https:\/\/www.gaveanews.com\/index.php\/wp-json\/wp\/v2\/posts\/47917","targetHints":{"allow":["GET"]}}],"collection":[{"href":"https:\/\/www.gaveanews.com\/index.php\/wp-json\/wp\/v2\/posts"}],"about":[{"href":"https:\/\/www.gaveanews.com\/index.php\/wp-json\/wp\/v2\/types\/post"}],"author":[{"embeddable":true,"href":"https:\/\/www.gaveanews.com\/index.php\/wp-json\/wp\/v2\/users\/1"}],"replies":[{"embeddable":true,"href":"https:\/\/www.gaveanews.com\/index.php\/wp-json\/wp\/v2\/comments?post=47917"}],"version-history":[{"count":0,"href":"https:\/\/www.gaveanews.com\/index.php\/wp-json\/wp\/v2\/posts\/47917\/revisions"}],"wp:featuredmedia":[{"embeddable":true,"href":"https:\/\/www.gaveanews.com\/index.php\/wp-json\/wp\/v2\/media\/47004"}],"wp:attachment":[{"href":"https:\/\/www.gaveanews.com\/index.php\/wp-json\/wp\/v2\/media?parent=47917"}],"wp:term":[{"taxonomy":"category","embeddable":true,"href":"https:\/\/www.gaveanews.com\/index.php\/wp-json\/wp\/v2\/categories?post=47917"},{"taxonomy":"post_tag","embeddable":true,"href":"https:\/\/www.gaveanews.com\/index.php\/wp-json\/wp\/v2\/tags?post=47917"}],"curies":[{"name":"wp","href":"https:\/\/api.w.org\/{rel}","templated":true}]}}