{"id":47923,"date":"2020-09-23T22:27:34","date_gmt":"2020-09-24T01:27:34","guid":{"rendered":"https:\/\/www.gaveanews.com\/?p=47923"},"modified":"2020-09-23T22:27:36","modified_gmt":"2020-09-24T01:27:36","slug":"cbf-debate-chance-de-adiar-jogo-entre-palmeiras-e-flamengo","status":"publish","type":"post","link":"https:\/\/www.gaveanews.com\/index.php\/2020\/09\/23\/cbf-debate-chance-de-adiar-jogo-entre-palmeiras-e-flamengo\/","title":{"rendered":"CBF debate chance de adiar jogo entre Palmeiras e Flamengo"},"content":{"rendered":"\n<p>A Confedera\u00e7\u00e3o Brasileira de Futebol (CBF) debate o adiamento do jogo entre Palmeiras e Flamengo, mas a diretoria alviverde continua em defesa da manuten\u00e7\u00e3o de data, ap\u00f3s o surto de casos de covid-19 no rival. Para pessoas ligadas \u00e0 c\u00fapula palmeirense, o protocolo aceito pelos clubes que disputam o Brasileiro respalda esta decis\u00e3o.<\/p>\n\n\n\n<p>Atualmente, o Flamengo tem 17 casos confirmados de covid-19. A lista inclui 11 jogadores; dois integrantes do departamento de futebol; o t\u00e9cnico Domenec Torrent; o vice-presidente de futebol, Marcos Braz; o vice-presidente de rela\u00e7\u00f5es externas, Luiz Eduardo Baptista; e o presidente Rodolfo Landim.<\/p>\n\n\n\n<p>De acordo a diretriz t\u00e9cnica operacional para o retorno das competi\u00e7\u00f5es da CBF, as equipes precisam realizar testes para covid-19 72h antes de um jogo &#8211; Palmeiras e Flamengo jogam no domingo (27), \u00e0s 16h, no Allianz Parque. Os resultados precisam ser enviados \u00e0 CBF at\u00e9 24h antes da partida pelo time mandante e at\u00e9 12h antes da viagem da equipe visitante, no caso o Fla.<\/p>\n\n\n\n<p>No Palmeiras, entende-se que esta regra diminui bastante o risco de um poss\u00edvel cont\u00e1gio dos seus jogadores, uma vez que aqueles que testarem positivo antes da partida estar\u00e3o vetados. Al\u00e9m disso, \u00e9 citada a lista de inscritos de 40 atletas na competi\u00e7\u00e3o, j\u00e1 prevendo poss\u00edveis aus\u00eancias por conta do coronav\u00edrus.<\/p>\n\n\n\n<p>O presidente Maur\u00edcio Galiotte havia se posicionado de forma oficial nas redes sociais, ontem (22), comunicando ser contr\u00e1rio ao adiamento do jogo. Pessoas ligadas ao dirigente argumentam que o clube n\u00e3o for\u00e7ou a volta das competi\u00e7\u00f5es no Brasil e sempre se pautou pelas decis\u00f5es dos \u00f3rg\u00e3os de sa\u00fade.<\/p>\n\n\n\n<p>Um motivo menor, mas tamb\u00e9m lembrado, \u00e9 a falta de datas no calend\u00e1rio. Os times t\u00eam partidas pelo Brasileiro, Libertadores e ainda disputar\u00e3o a Copa do Brasil, com um cronograma apertado por conta da pandemia. A estreia do Verd\u00e3o no Nacional, contra o Vasco, foi adiada por conta da final do Paulista e ainda n\u00e3o foi remarcada.<\/p>\n\n\n\n<p>Retirado de: UOL<\/p>\n","protected":false},"excerpt":{"rendered":"<p>A Confedera\u00e7\u00e3o Brasileira de Futebol (CBF) debate o adiamento do jogo entre Palmeiras e Flamengo, mas a diretoria alviverde continua em defesa da manuten\u00e7\u00e3o de data, ap\u00f3s o surto de casos de covid-19 no rival. Para pessoas ligadas \u00e0 c\u00fapula palmeirense, o protocolo aceito pelos clubes que disputam o Brasileiro respalda esta decis\u00e3o. Atualmente, o [&hellip;]<\/p>\n","protected":false},"author":1,"featured_media":16271,"comment_status":"open","ping_status":"closed","sticky":false,"template":"","format":"standard","meta":{"footnotes":""},"categories":[1],"tags":[],"class_list":["post-47923","post","type-post","status-publish","format-standard","has-post-thumbnail","hentry","category-flamengo"],"yoast_head":"<!-- This site is optimized with the Yoast SEO Premium plugin v24.2 (Yoast SEO v26.9) - https:\/\/yoast.com\/product\/yoast-seo-premium-wordpress\/ -->\n<title>CBF debate chance de adiar jogo entre Palmeiras e Flamengo<\/title>\n<meta name=\"description\" content=\"A Confedera\u00e7\u00e3o Brasileira de Futebol (CBF) debate o adiamento do jogo entre Palmeiras e Flamengo, no pr\u00f3ximo final de semana.\" \/>\n<meta name=\"robots\" content=\"index, follow, max-snippet:-1, max-image-preview:large, max-video-preview:-1\" \/>\n<link rel=\"canonical\" href=\"https:\/\/www.gaveanews.com\/index.php\/2020\/09\/23\/cbf-debate-chance-de-adiar-jogo-entre-palmeiras-e-flamengo\/\" \/>\n<meta property=\"og:locale\" content=\"pt_BR\" \/>\n<meta property=\"og:type\" content=\"article\" \/>\n<meta property=\"og:title\" content=\"CBF debate chance de adiar jogo entre Palmeiras e Flamengo\" \/>\n<meta property=\"og:description\" content=\"A Confedera\u00e7\u00e3o Brasileira de Futebol (CBF) debate o adiamento do jogo entre Palmeiras e Flamengo, no pr\u00f3ximo final de semana.\" \/>\n<meta property=\"og:url\" content=\"https:\/\/www.gaveanews.com\/index.php\/2020\/09\/23\/cbf-debate-chance-de-adiar-jogo-entre-palmeiras-e-flamengo\/\" \/>\n<meta property=\"og:site_name\" content=\"G\u00e1vea News\" \/>\n<meta property=\"article:publisher\" content=\"https:\/\/facebook.com\/gaveaNews\/\" \/>\n<meta property=\"article:published_time\" content=\"2020-09-24T01:27:34+00:00\" \/>\n<meta property=\"article:modified_time\" content=\"2020-09-24T01:27:36+00:00\" \/>\n<meta property=\"og:image\" content=\"https:\/\/www.gaveanews.com\/wp-content\/uploads\/2019\/02\/Sede-da-CBF-no-Rio-de-Janeiro.webp\" \/>\n\t<meta property=\"og:image:width\" content=\"690\" \/>\n\t<meta property=\"og:image:height\" content=\"518\" \/>\n\t<meta property=\"og:image:type\" content=\"image\/jpeg\" \/>\n<meta name=\"author\" content=\"Equipe G\u00e1vea News\" \/>\n<meta name=\"twitter:card\" content=\"summary_large_image\" \/>\n<meta name=\"twitter:label1\" content=\"Escrito por\" \/>\n\t<meta name=\"twitter:data1\" content=\"Equipe G\u00e1vea News\" \/>\n\t<meta name=\"twitter:label2\" content=\"Est. tempo de leitura\" \/>\n\t<meta name=\"twitter:data2\" content=\"2 minutos\" \/>\n<script type=\"application\/ld+json\" class=\"yoast-schema-graph\">{\"@context\":\"https:\/\/schema.org\",\"@graph\":[{\"@type\":\"NewsArticle\",\"@id\":\"https:\/\/www.gaveanews.com\/index.php\/2020\/09\/23\/cbf-debate-chance-de-adiar-jogo-entre-palmeiras-e-flamengo\/#article\",\"isPartOf\":{\"@id\":\"https:\/\/www.gaveanews.com\/index.php\/2020\/09\/23\/cbf-debate-chance-de-adiar-jogo-entre-palmeiras-e-flamengo\/\"},\"author\":{\"name\":\"Equipe G\u00e1vea News\",\"@id\":\"https:\/\/www.gaveanews.com\/#\/schema\/person\/2ec14f73fb96be2caf28f91afb14749d\"},\"headline\":\"CBF debate chance de adiar jogo entre Palmeiras e Flamengo\",\"datePublished\":\"2020-09-24T01:27:34+00:00\",\"dateModified\":\"2020-09-24T01:27:36+00:00\",\"mainEntityOfPage\":{\"@id\":\"https:\/\/www.gaveanews.com\/index.php\/2020\/09\/23\/cbf-debate-chance-de-adiar-jogo-entre-palmeiras-e-flamengo\/\"},\"wordCount\":352,\"commentCount\":6,\"image\":{\"@id\":\"https:\/\/www.gaveanews.com\/index.php\/2020\/09\/23\/cbf-debate-chance-de-adiar-jogo-entre-palmeiras-e-flamengo\/#primaryimage\"},\"thumbnailUrl\":\"https:\/\/www.gaveanews.com\/wp-content\/uploads\/2019\/02\/Sede-da-CBF-no-Rio-de-Janeiro.webp\",\"articleSection\":[\"Flamengo\"],\"inLanguage\":\"pt-BR\",\"potentialAction\":[{\"@type\":\"CommentAction\",\"name\":\"Comment\",\"target\":[\"https:\/\/www.gaveanews.com\/index.php\/2020\/09\/23\/cbf-debate-chance-de-adiar-jogo-entre-palmeiras-e-flamengo\/#respond\"]}],\"copyrightYear\":\"2020\",\"copyrightHolder\":{\"@id\":\"https:\/\/www.gaveanews.com\/#organization\"}},{\"@type\":\"WebPage\",\"@id\":\"https:\/\/www.gaveanews.com\/index.php\/2020\/09\/23\/cbf-debate-chance-de-adiar-jogo-entre-palmeiras-e-flamengo\/\",\"url\":\"https:\/\/www.gaveanews.com\/index.php\/2020\/09\/23\/cbf-debate-chance-de-adiar-jogo-entre-palmeiras-e-flamengo\/\",\"name\":\"CBF debate chance de adiar jogo entre Palmeiras e Flamengo\",\"isPartOf\":{\"@id\":\"https:\/\/www.gaveanews.com\/#website\"},\"primaryImageOfPage\":{\"@id\":\"https:\/\/www.gaveanews.com\/index.php\/2020\/09\/23\/cbf-debate-chance-de-adiar-jogo-entre-palmeiras-e-flamengo\/#primaryimage\"},\"image\":{\"@id\":\"https:\/\/www.gaveanews.com\/index.php\/2020\/09\/23\/cbf-debate-chance-de-adiar-jogo-entre-palmeiras-e-flamengo\/#primaryimage\"},\"thumbnailUrl\":\"https:\/\/www.gaveanews.com\/wp-content\/uploads\/2019\/02\/Sede-da-CBF-no-Rio-de-Janeiro.webp\",\"datePublished\":\"2020-09-24T01:27:34+00:00\",\"dateModified\":\"2020-09-24T01:27:36+00:00\",\"author\":{\"@id\":\"https:\/\/www.gaveanews.com\/#\/schema\/person\/2ec14f73fb96be2caf28f91afb14749d\"},\"description\":\"A Confedera\u00e7\u00e3o Brasileira de Futebol (CBF) debate o adiamento do jogo entre Palmeiras e Flamengo, no pr\u00f3ximo final de semana.\",\"breadcrumb\":{\"@id\":\"https:\/\/www.gaveanews.com\/index.php\/2020\/09\/23\/cbf-debate-chance-de-adiar-jogo-entre-palmeiras-e-flamengo\/#breadcrumb\"},\"inLanguage\":\"pt-BR\",\"potentialAction\":[{\"@type\":\"ReadAction\",\"target\":[\"https:\/\/www.gaveanews.com\/index.php\/2020\/09\/23\/cbf-debate-chance-de-adiar-jogo-entre-palmeiras-e-flamengo\/\"]}]},{\"@type\":\"ImageObject\",\"inLanguage\":\"pt-BR\",\"@id\":\"https:\/\/www.gaveanews.com\/index.php\/2020\/09\/23\/cbf-debate-chance-de-adiar-jogo-entre-palmeiras-e-flamengo\/#primaryimage\",\"url\":\"https:\/\/www.gaveanews.com\/wp-content\/uploads\/2019\/02\/Sede-da-CBF-no-Rio-de-Janeiro.webp\",\"contentUrl\":\"https:\/\/www.gaveanews.com\/wp-content\/uploads\/2019\/02\/Sede-da-CBF-no-Rio-de-Janeiro.webp\",\"width\":690,\"height\":518,\"caption\":\"Sede da CBF no Rio de Janeiro (Foto: Cah\u00ea Mota\/Globo Esporte)\"},{\"@type\":\"BreadcrumbList\",\"@id\":\"https:\/\/www.gaveanews.com\/index.php\/2020\/09\/23\/cbf-debate-chance-de-adiar-jogo-entre-palmeiras-e-flamengo\/#breadcrumb\",\"itemListElement\":[{\"@type\":\"ListItem\",\"position\":1,\"name\":\"Home\",\"item\":\"https:\/\/www.gaveanews.com\/\"},{\"@type\":\"ListItem\",\"position\":2,\"name\":\"CBF debate chance de adiar jogo entre Palmeiras e Flamengo\"}]},{\"@type\":\"WebSite\",\"@id\":\"https:\/\/www.gaveanews.com\/#website\",\"url\":\"https:\/\/www.gaveanews.com\/\",\"name\":\"G\u00e1vea News\",\"description\":\"Veja todas as not\u00edcias sobre o Flamengo: Contrata\u00e7\u00f5es, categorias de base, resultados das partidas, tabela de classifica\u00e7\u00e3o, pr\u00f3ximos jogos!\",\"potentialAction\":[{\"@type\":\"SearchAction\",\"target\":{\"@type\":\"EntryPoint\",\"urlTemplate\":\"https:\/\/www.gaveanews.com\/?s={search_term_string}\"},\"query-input\":{\"@type\":\"PropertyValueSpecification\",\"valueRequired\":true,\"valueName\":\"search_term_string\"}}],\"inLanguage\":\"pt-BR\"},{\"@type\":\"Person\",\"@id\":\"https:\/\/www.gaveanews.com\/#\/schema\/person\/2ec14f73fb96be2caf28f91afb14749d\",\"name\":\"Equipe G\u00e1vea News\",\"image\":{\"@type\":\"ImageObject\",\"inLanguage\":\"pt-BR\",\"@id\":\"https:\/\/www.gaveanews.com\/#\/schema\/person\/image\/\",\"url\":\"https:\/\/secure.gravatar.com\/avatar\/1e1956f1facbffd3f8fa53a326721950116b3b9dc9bd44939c01180fd4a745a9?s=96&d=mm&r=g\",\"contentUrl\":\"https:\/\/secure.gravatar.com\/avatar\/1e1956f1facbffd3f8fa53a326721950116b3b9dc9bd44939c01180fd4a745a9?s=96&d=mm&r=g\",\"caption\":\"Equipe G\u00e1vea News\"}}]}<\/script>\n<!-- \/ Yoast SEO Premium plugin. -->","yoast_head_json":{"title":"CBF debate chance de adiar jogo entre Palmeiras e Flamengo","description":"A Confedera\u00e7\u00e3o Brasileira de Futebol (CBF) debate o adiamento do jogo entre Palmeiras e Flamengo, no pr\u00f3ximo final de semana.","robots":{"index":"index","follow":"follow","max-snippet":"max-snippet:-1","max-image-preview":"max-image-preview:large","max-video-preview":"max-video-preview:-1"},"canonical":"https:\/\/www.gaveanews.com\/index.php\/2020\/09\/23\/cbf-debate-chance-de-adiar-jogo-entre-palmeiras-e-flamengo\/","og_locale":"pt_BR","og_type":"article","og_title":"CBF debate chance de adiar jogo entre Palmeiras e Flamengo","og_description":"A Confedera\u00e7\u00e3o Brasileira de Futebol (CBF) debate o adiamento do jogo entre Palmeiras e Flamengo, no pr\u00f3ximo final de semana.","og_url":"https:\/\/www.gaveanews.com\/index.php\/2020\/09\/23\/cbf-debate-chance-de-adiar-jogo-entre-palmeiras-e-flamengo\/","og_site_name":"G\u00e1vea News","article_publisher":"https:\/\/facebook.com\/gaveaNews\/","article_published_time":"2020-09-24T01:27:34+00:00","article_modified_time":"2020-09-24T01:27:36+00:00","og_image":[{"width":690,"height":518,"url":"https:\/\/www.gaveanews.com\/wp-content\/uploads\/2019\/02\/Sede-da-CBF-no-Rio-de-Janeiro.webp","type":"image\/jpeg"}],"author":"Equipe G\u00e1vea News","twitter_card":"summary_large_image","twitter_misc":{"Escrito por":"Equipe G\u00e1vea News","Est. tempo de leitura":"2 minutos"},"schema":{"@context":"https:\/\/schema.org","@graph":[{"@type":"NewsArticle","@id":"https:\/\/www.gaveanews.com\/index.php\/2020\/09\/23\/cbf-debate-chance-de-adiar-jogo-entre-palmeiras-e-flamengo\/#article","isPartOf":{"@id":"https:\/\/www.gaveanews.com\/index.php\/2020\/09\/23\/cbf-debate-chance-de-adiar-jogo-entre-palmeiras-e-flamengo\/"},"author":{"name":"Equipe G\u00e1vea News","@id":"https:\/\/www.gaveanews.com\/#\/schema\/person\/2ec14f73fb96be2caf28f91afb14749d"},"headline":"CBF debate chance de adiar jogo entre Palmeiras e Flamengo","datePublished":"2020-09-24T01:27:34+00:00","dateModified":"2020-09-24T01:27:36+00:00","mainEntityOfPage":{"@id":"https:\/\/www.gaveanews.com\/index.php\/2020\/09\/23\/cbf-debate-chance-de-adiar-jogo-entre-palmeiras-e-flamengo\/"},"wordCount":352,"commentCount":6,"image":{"@id":"https:\/\/www.gaveanews.com\/index.php\/2020\/09\/23\/cbf-debate-chance-de-adiar-jogo-entre-palmeiras-e-flamengo\/#primaryimage"},"thumbnailUrl":"https:\/\/www.gaveanews.com\/wp-content\/uploads\/2019\/02\/Sede-da-CBF-no-Rio-de-Janeiro.webp","articleSection":["Flamengo"],"inLanguage":"pt-BR","potentialAction":[{"@type":"CommentAction","name":"Comment","target":["https:\/\/www.gaveanews.com\/index.php\/2020\/09\/23\/cbf-debate-chance-de-adiar-jogo-entre-palmeiras-e-flamengo\/#respond"]}],"copyrightYear":"2020","copyrightHolder":{"@id":"https:\/\/www.gaveanews.com\/#organization"}},{"@type":"WebPage","@id":"https:\/\/www.gaveanews.com\/index.php\/2020\/09\/23\/cbf-debate-chance-de-adiar-jogo-entre-palmeiras-e-flamengo\/","url":"https:\/\/www.gaveanews.com\/index.php\/2020\/09\/23\/cbf-debate-chance-de-adiar-jogo-entre-palmeiras-e-flamengo\/","name":"CBF debate chance de adiar jogo entre Palmeiras e Flamengo","isPartOf":{"@id":"https:\/\/www.gaveanews.com\/#website"},"primaryImageOfPage":{"@id":"https:\/\/www.gaveanews.com\/index.php\/2020\/09\/23\/cbf-debate-chance-de-adiar-jogo-entre-palmeiras-e-flamengo\/#primaryimage"},"image":{"@id":"https:\/\/www.gaveanews.com\/index.php\/2020\/09\/23\/cbf-debate-chance-de-adiar-jogo-entre-palmeiras-e-flamengo\/#primaryimage"},"thumbnailUrl":"https:\/\/www.gaveanews.com\/wp-content\/uploads\/2019\/02\/Sede-da-CBF-no-Rio-de-Janeiro.webp","datePublished":"2020-09-24T01:27:34+00:00","dateModified":"2020-09-24T01:27:36+00:00","author":{"@id":"https:\/\/www.gaveanews.com\/#\/schema\/person\/2ec14f73fb96be2caf28f91afb14749d"},"description":"A Confedera\u00e7\u00e3o Brasileira de Futebol (CBF) debate o adiamento do jogo entre Palmeiras e Flamengo, no pr\u00f3ximo final de semana.","breadcrumb":{"@id":"https:\/\/www.gaveanews.com\/index.php\/2020\/09\/23\/cbf-debate-chance-de-adiar-jogo-entre-palmeiras-e-flamengo\/#breadcrumb"},"inLanguage":"pt-BR","potentialAction":[{"@type":"ReadAction","target":["https:\/\/www.gaveanews.com\/index.php\/2020\/09\/23\/cbf-debate-chance-de-adiar-jogo-entre-palmeiras-e-flamengo\/"]}]},{"@type":"ImageObject","inLanguage":"pt-BR","@id":"https:\/\/www.gaveanews.com\/index.php\/2020\/09\/23\/cbf-debate-chance-de-adiar-jogo-entre-palmeiras-e-flamengo\/#primaryimage","url":"https:\/\/www.gaveanews.com\/wp-content\/uploads\/2019\/02\/Sede-da-CBF-no-Rio-de-Janeiro.webp","contentUrl":"https:\/\/www.gaveanews.com\/wp-content\/uploads\/2019\/02\/Sede-da-CBF-no-Rio-de-Janeiro.webp","width":690,"height":518,"caption":"Sede da CBF no Rio de Janeiro (Foto: Cah\u00ea Mota\/Globo Esporte)"},{"@type":"BreadcrumbList","@id":"https:\/\/www.gaveanews.com\/index.php\/2020\/09\/23\/cbf-debate-chance-de-adiar-jogo-entre-palmeiras-e-flamengo\/#breadcrumb","itemListElement":[{"@type":"ListItem","position":1,"name":"Home","item":"https:\/\/www.gaveanews.com\/"},{"@type":"ListItem","position":2,"name":"CBF debate chance de adiar jogo entre Palmeiras e Flamengo"}]},{"@type":"WebSite","@id":"https:\/\/www.gaveanews.com\/#website","url":"https:\/\/www.gaveanews.com\/","name":"G\u00e1vea News","description":"Veja todas as not\u00edcias sobre o Flamengo: Contrata\u00e7\u00f5es, categorias de base, resultados das partidas, tabela de classifica\u00e7\u00e3o, pr\u00f3ximos jogos!","potentialAction":[{"@type":"SearchAction","target":{"@type":"EntryPoint","urlTemplate":"https:\/\/www.gaveanews.com\/?s={search_term_string}"},"query-input":{"@type":"PropertyValueSpecification","valueRequired":true,"valueName":"search_term_string"}}],"inLanguage":"pt-BR"},{"@type":"Person","@id":"https:\/\/www.gaveanews.com\/#\/schema\/person\/2ec14f73fb96be2caf28f91afb14749d","name":"Equipe G\u00e1vea News","image":{"@type":"ImageObject","inLanguage":"pt-BR","@id":"https:\/\/www.gaveanews.com\/#\/schema\/person\/image\/","url":"https:\/\/secure.gravatar.com\/avatar\/1e1956f1facbffd3f8fa53a326721950116b3b9dc9bd44939c01180fd4a745a9?s=96&d=mm&r=g","contentUrl":"https:\/\/secure.gravatar.com\/avatar\/1e1956f1facbffd3f8fa53a326721950116b3b9dc9bd44939c01180fd4a745a9?s=96&d=mm&r=g","caption":"Equipe G\u00e1vea News"}}]}},"_links":{"self":[{"href":"https:\/\/www.gaveanews.com\/index.php\/wp-json\/wp\/v2\/posts\/47923","targetHints":{"allow":["GET"]}}],"collection":[{"href":"https:\/\/www.gaveanews.com\/index.php\/wp-json\/wp\/v2\/posts"}],"about":[{"href":"https:\/\/www.gaveanews.com\/index.php\/wp-json\/wp\/v2\/types\/post"}],"author":[{"embeddable":true,"href":"https:\/\/www.gaveanews.com\/index.php\/wp-json\/wp\/v2\/users\/1"}],"replies":[{"embeddable":true,"href":"https:\/\/www.gaveanews.com\/index.php\/wp-json\/wp\/v2\/comments?post=47923"}],"version-history":[{"count":0,"href":"https:\/\/www.gaveanews.com\/index.php\/wp-json\/wp\/v2\/posts\/47923\/revisions"}],"wp:featuredmedia":[{"embeddable":true,"href":"https:\/\/www.gaveanews.com\/index.php\/wp-json\/wp\/v2\/media\/16271"}],"wp:attachment":[{"href":"https:\/\/www.gaveanews.com\/index.php\/wp-json\/wp\/v2\/media?parent=47923"}],"wp:term":[{"taxonomy":"category","embeddable":true,"href":"https:\/\/www.gaveanews.com\/index.php\/wp-json\/wp\/v2\/categories?post=47923"},{"taxonomy":"post_tag","embeddable":true,"href":"https:\/\/www.gaveanews.com\/index.php\/wp-json\/wp\/v2\/tags?post=47923"}],"curies":[{"name":"wp","href":"https:\/\/api.w.org\/{rel}","templated":true}]}}