{"id":47957,"date":"2020-09-24T15:04:09","date_gmt":"2020-09-24T18:04:09","guid":{"rendered":"https:\/\/www.gaveanews.com\/?p=47957"},"modified":"2020-09-24T15:04:11","modified_gmt":"2020-09-24T18:04:11","slug":"destaque-da-base-lazaro-ira-reforcar-o-elenco-profissional-do-flamengo","status":"publish","type":"post","link":"https:\/\/www.gaveanews.com\/index.php\/2020\/09\/24\/destaque-da-base-lazaro-ira-reforcar-o-elenco-profissional-do-flamengo\/","title":{"rendered":"Destaque da base, L\u00e1zaro ir\u00e1 refor\u00e7ar o elenco profissional do Flamengo"},"content":{"rendered":"\n<p>O Flamengo tem mais um refor\u00e7o da base para suprir as aus\u00eancias ap\u00f3s o surto de Covid-19 no elenco. O atacante L\u00e1zaro testou negativo na contraprova realizada e vai se integrar ao profissional rubro-negro a partir desta quinta-feira.<\/p>\n\n\n\n<p>L\u00e1zaro havia feito dois exames no \u00faltimo domingo: o realizado pela Conmebol deu resultado negativo; o da CBF, positivo. Na d\u00favida, o jogador ficou de quarentena e realizou a contraprova. Com o resultado, foi chamado para os treinos. Tal informa\u00e7\u00e3o foi inicialmente divulgada pelo jornalista Gabriel Reis e posteriormente confirmado pelo jornalista Felipe Schmidt.<\/p>\n\n\n\n<p>Al\u00e9m de L\u00e1zaro, o Flamengo chamou outros sete jogadores do sub-20. O grupo estava em Porto Alegre para a estreia da equipe no Brasileiro da categoria, mas voltou ao Rio de Janeiro e tamb\u00e9m inicia os treinos nesta quinta: o goleiro Jo\u00e3o Fernando, o lateral-esquerdo \u00cdtalo, os zagueiros Noga, Ot\u00e1vio e Milani, o volante Richard Rios e o meia Yuri de Oliveira.<\/p>\n\n\n\n<p>Ao todo, o Flamengo teve 16 jogadores do elenco profissional com Covid-19 ap\u00f3s a viagem ao Equador para dois jogos da Libertadores. Com apenas 10 atletas dispon\u00edveis, foi preciso completar o elenco com atletas da base, visando ao jogo contra o Palmeiras, no domingo &#8211; o clube ainda tenta o adiamento da partida.<\/p>\n\n\n\n<p>L\u00e1zaro tem 18 anos e j\u00e1 passou por um per\u00edodo de treinos no elenco profissional, ainda na \u00e9poca de Jorge Jesus. Ele foi o artilheiro do sub-17 rubro-negro em 2019 e fez o gol do t\u00edtulo do Brasil no Mundial da categoria.<\/p>\n\n\n\n<p>Retirado de: Globo Esporte<\/p>\n","protected":false},"excerpt":{"rendered":"<p>O Flamengo tem mais um refor\u00e7o da base para suprir as aus\u00eancias ap\u00f3s o surto de Covid-19 no elenco. O atacante L\u00e1zaro testou negativo na contraprova realizada e vai se integrar ao profissional rubro-negro a partir desta quinta-feira. L\u00e1zaro havia feito dois exames no \u00faltimo domingo: o realizado pela Conmebol deu resultado negativo; o da [&hellip;]<\/p>\n","protected":false},"author":1,"featured_media":31986,"comment_status":"open","ping_status":"closed","sticky":false,"template":"","format":"standard","meta":{"footnotes":""},"categories":[1],"tags":[],"class_list":["post-47957","post","type-post","status-publish","format-standard","has-post-thumbnail","hentry","category-flamengo"],"yoast_head":"<!-- This site is optimized with the Yoast SEO Premium plugin v24.2 (Yoast SEO v26.9) - https:\/\/yoast.com\/product\/yoast-seo-premium-wordpress\/ -->\n<title>Destaque da base, L\u00e1zaro ir\u00e1 refor\u00e7ar o elenco profissional do Flamengo<\/title>\n<meta name=\"description\" content=\"O atacante L\u00e1zaro testou negativo na contraprova realizada e vai se integrar ao profissional rubro-negro a partir desta quinta-feira.\" \/>\n<meta name=\"robots\" content=\"index, follow, max-snippet:-1, max-image-preview:large, max-video-preview:-1\" \/>\n<link rel=\"canonical\" href=\"https:\/\/www.gaveanews.com\/index.php\/2020\/09\/24\/destaque-da-base-lazaro-ira-reforcar-o-elenco-profissional-do-flamengo\/\" \/>\n<meta property=\"og:locale\" content=\"pt_BR\" \/>\n<meta property=\"og:type\" content=\"article\" \/>\n<meta property=\"og:title\" content=\"Destaque da base, L\u00e1zaro ir\u00e1 refor\u00e7ar o elenco profissional do Flamengo\" \/>\n<meta property=\"og:description\" content=\"O atacante L\u00e1zaro testou negativo na contraprova realizada e vai se integrar ao profissional rubro-negro a partir desta quinta-feira.\" \/>\n<meta property=\"og:url\" content=\"https:\/\/www.gaveanews.com\/index.php\/2020\/09\/24\/destaque-da-base-lazaro-ira-reforcar-o-elenco-profissional-do-flamengo\/\" \/>\n<meta property=\"og:site_name\" content=\"G\u00e1vea News\" \/>\n<meta property=\"article:publisher\" content=\"https:\/\/facebook.com\/gaveaNews\/\" \/>\n<meta property=\"article:published_time\" content=\"2020-09-24T18:04:09+00:00\" \/>\n<meta property=\"article:modified_time\" content=\"2020-09-24T18:04:11+00:00\" \/>\n<meta property=\"og:image\" content=\"https:\/\/www.gaveanews.com\/wp-content\/uploads\/Lazaro-em-acao-com-a-camisa-10-do-Flamengo.webp\" \/>\n\t<meta property=\"og:image:width\" content=\"1\" \/>\n\t<meta property=\"og:image:height\" content=\"1\" \/>\n\t<meta property=\"og:image:type\" content=\"image\/jpeg\" \/>\n<meta name=\"author\" content=\"Equipe G\u00e1vea News\" \/>\n<meta name=\"twitter:card\" content=\"summary_large_image\" \/>\n<meta name=\"twitter:label1\" content=\"Escrito por\" \/>\n\t<meta name=\"twitter:data1\" content=\"Equipe G\u00e1vea News\" \/>\n\t<meta name=\"twitter:label2\" content=\"Est. tempo de leitura\" \/>\n\t<meta name=\"twitter:data2\" content=\"1 minuto\" \/>\n<script type=\"application\/ld+json\" class=\"yoast-schema-graph\">{\"@context\":\"https:\/\/schema.org\",\"@graph\":[{\"@type\":\"NewsArticle\",\"@id\":\"https:\/\/www.gaveanews.com\/index.php\/2020\/09\/24\/destaque-da-base-lazaro-ira-reforcar-o-elenco-profissional-do-flamengo\/#article\",\"isPartOf\":{\"@id\":\"https:\/\/www.gaveanews.com\/index.php\/2020\/09\/24\/destaque-da-base-lazaro-ira-reforcar-o-elenco-profissional-do-flamengo\/\"},\"author\":{\"name\":\"Equipe G\u00e1vea News\",\"@id\":\"https:\/\/www.gaveanews.com\/#\/schema\/person\/2ec14f73fb96be2caf28f91afb14749d\"},\"headline\":\"Destaque da base, L\u00e1zaro ir\u00e1 refor\u00e7ar o elenco profissional do Flamengo\",\"datePublished\":\"2020-09-24T18:04:09+00:00\",\"dateModified\":\"2020-09-24T18:04:11+00:00\",\"mainEntityOfPage\":{\"@id\":\"https:\/\/www.gaveanews.com\/index.php\/2020\/09\/24\/destaque-da-base-lazaro-ira-reforcar-o-elenco-profissional-do-flamengo\/\"},\"wordCount\":279,\"commentCount\":13,\"image\":{\"@id\":\"https:\/\/www.gaveanews.com\/index.php\/2020\/09\/24\/destaque-da-base-lazaro-ira-reforcar-o-elenco-profissional-do-flamengo\/#primaryimage\"},\"thumbnailUrl\":\"https:\/\/www.gaveanews.com\/wp-content\/uploads\/Lazaro-em-acao-com-a-camisa-10-do-Flamengo.webp\",\"articleSection\":[\"Flamengo\"],\"inLanguage\":\"pt-BR\",\"potentialAction\":[{\"@type\":\"CommentAction\",\"name\":\"Comment\",\"target\":[\"https:\/\/www.gaveanews.com\/index.php\/2020\/09\/24\/destaque-da-base-lazaro-ira-reforcar-o-elenco-profissional-do-flamengo\/#respond\"]}],\"copyrightYear\":\"2020\",\"copyrightHolder\":{\"@id\":\"https:\/\/www.gaveanews.com\/#organization\"}},{\"@type\":\"WebPage\",\"@id\":\"https:\/\/www.gaveanews.com\/index.php\/2020\/09\/24\/destaque-da-base-lazaro-ira-reforcar-o-elenco-profissional-do-flamengo\/\",\"url\":\"https:\/\/www.gaveanews.com\/index.php\/2020\/09\/24\/destaque-da-base-lazaro-ira-reforcar-o-elenco-profissional-do-flamengo\/\",\"name\":\"Destaque da base, L\u00e1zaro ir\u00e1 refor\u00e7ar o elenco profissional do Flamengo\",\"isPartOf\":{\"@id\":\"https:\/\/www.gaveanews.com\/#website\"},\"primaryImageOfPage\":{\"@id\":\"https:\/\/www.gaveanews.com\/index.php\/2020\/09\/24\/destaque-da-base-lazaro-ira-reforcar-o-elenco-profissional-do-flamengo\/#primaryimage\"},\"image\":{\"@id\":\"https:\/\/www.gaveanews.com\/index.php\/2020\/09\/24\/destaque-da-base-lazaro-ira-reforcar-o-elenco-profissional-do-flamengo\/#primaryimage\"},\"thumbnailUrl\":\"https:\/\/www.gaveanews.com\/wp-content\/uploads\/Lazaro-em-acao-com-a-camisa-10-do-Flamengo.webp\",\"datePublished\":\"2020-09-24T18:04:09+00:00\",\"dateModified\":\"2020-09-24T18:04:11+00:00\",\"author\":{\"@id\":\"https:\/\/www.gaveanews.com\/#\/schema\/person\/2ec14f73fb96be2caf28f91afb14749d\"},\"description\":\"O atacante L\u00e1zaro testou negativo na contraprova realizada e vai se integrar ao profissional rubro-negro a partir desta quinta-feira.\",\"breadcrumb\":{\"@id\":\"https:\/\/www.gaveanews.com\/index.php\/2020\/09\/24\/destaque-da-base-lazaro-ira-reforcar-o-elenco-profissional-do-flamengo\/#breadcrumb\"},\"inLanguage\":\"pt-BR\",\"potentialAction\":[{\"@type\":\"ReadAction\",\"target\":[\"https:\/\/www.gaveanews.com\/index.php\/2020\/09\/24\/destaque-da-base-lazaro-ira-reforcar-o-elenco-profissional-do-flamengo\/\"]}]},{\"@type\":\"ImageObject\",\"inLanguage\":\"pt-BR\",\"@id\":\"https:\/\/www.gaveanews.com\/index.php\/2020\/09\/24\/destaque-da-base-lazaro-ira-reforcar-o-elenco-profissional-do-flamengo\/#primaryimage\",\"url\":\"https:\/\/www.gaveanews.com\/wp-content\/uploads\/Lazaro-em-acao-com-a-camisa-10-do-Flamengo.webp\",\"contentUrl\":\"https:\/\/www.gaveanews.com\/wp-content\/uploads\/Lazaro-em-acao-com-a-camisa-10-do-Flamengo.webp\",\"caption\":\"L\u00e1zaro em a\u00e7\u00e3o com a camisa 10 do Flamengo (Foto: Reprodu\u00e7\u00e3o)\"},{\"@type\":\"BreadcrumbList\",\"@id\":\"https:\/\/www.gaveanews.com\/index.php\/2020\/09\/24\/destaque-da-base-lazaro-ira-reforcar-o-elenco-profissional-do-flamengo\/#breadcrumb\",\"itemListElement\":[{\"@type\":\"ListItem\",\"position\":1,\"name\":\"Home\",\"item\":\"https:\/\/www.gaveanews.com\/\"},{\"@type\":\"ListItem\",\"position\":2,\"name\":\"Destaque da base, L\u00e1zaro ir\u00e1 refor\u00e7ar o elenco profissional do Flamengo\"}]},{\"@type\":\"WebSite\",\"@id\":\"https:\/\/www.gaveanews.com\/#website\",\"url\":\"https:\/\/www.gaveanews.com\/\",\"name\":\"G\u00e1vea News\",\"description\":\"Veja todas as not\u00edcias sobre o Flamengo: Contrata\u00e7\u00f5es, categorias de base, resultados das partidas, tabela de classifica\u00e7\u00e3o, pr\u00f3ximos jogos!\",\"potentialAction\":[{\"@type\":\"SearchAction\",\"target\":{\"@type\":\"EntryPoint\",\"urlTemplate\":\"https:\/\/www.gaveanews.com\/?s={search_term_string}\"},\"query-input\":{\"@type\":\"PropertyValueSpecification\",\"valueRequired\":true,\"valueName\":\"search_term_string\"}}],\"inLanguage\":\"pt-BR\"},{\"@type\":\"Person\",\"@id\":\"https:\/\/www.gaveanews.com\/#\/schema\/person\/2ec14f73fb96be2caf28f91afb14749d\",\"name\":\"Equipe G\u00e1vea News\",\"image\":{\"@type\":\"ImageObject\",\"inLanguage\":\"pt-BR\",\"@id\":\"https:\/\/www.gaveanews.com\/#\/schema\/person\/image\/\",\"url\":\"https:\/\/secure.gravatar.com\/avatar\/1e1956f1facbffd3f8fa53a326721950116b3b9dc9bd44939c01180fd4a745a9?s=96&d=mm&r=g\",\"contentUrl\":\"https:\/\/secure.gravatar.com\/avatar\/1e1956f1facbffd3f8fa53a326721950116b3b9dc9bd44939c01180fd4a745a9?s=96&d=mm&r=g\",\"caption\":\"Equipe G\u00e1vea News\"}}]}<\/script>\n<!-- \/ Yoast SEO Premium plugin. -->","yoast_head_json":{"title":"Destaque da base, L\u00e1zaro ir\u00e1 refor\u00e7ar o elenco profissional do Flamengo","description":"O atacante L\u00e1zaro testou negativo na contraprova realizada e vai se integrar ao profissional rubro-negro a partir desta quinta-feira.","robots":{"index":"index","follow":"follow","max-snippet":"max-snippet:-1","max-image-preview":"max-image-preview:large","max-video-preview":"max-video-preview:-1"},"canonical":"https:\/\/www.gaveanews.com\/index.php\/2020\/09\/24\/destaque-da-base-lazaro-ira-reforcar-o-elenco-profissional-do-flamengo\/","og_locale":"pt_BR","og_type":"article","og_title":"Destaque da base, L\u00e1zaro ir\u00e1 refor\u00e7ar o elenco profissional do Flamengo","og_description":"O atacante L\u00e1zaro testou negativo na contraprova realizada e vai se integrar ao profissional rubro-negro a partir desta quinta-feira.","og_url":"https:\/\/www.gaveanews.com\/index.php\/2020\/09\/24\/destaque-da-base-lazaro-ira-reforcar-o-elenco-profissional-do-flamengo\/","og_site_name":"G\u00e1vea News","article_publisher":"https:\/\/facebook.com\/gaveaNews\/","article_published_time":"2020-09-24T18:04:09+00:00","article_modified_time":"2020-09-24T18:04:11+00:00","og_image":[{"url":"https:\/\/www.gaveanews.com\/wp-content\/uploads\/Lazaro-em-acao-com-a-camisa-10-do-Flamengo.webp","width":1,"height":1,"type":"image\/jpeg"}],"author":"Equipe G\u00e1vea News","twitter_card":"summary_large_image","twitter_misc":{"Escrito por":"Equipe G\u00e1vea News","Est. tempo de leitura":"1 minuto"},"schema":{"@context":"https:\/\/schema.org","@graph":[{"@type":"NewsArticle","@id":"https:\/\/www.gaveanews.com\/index.php\/2020\/09\/24\/destaque-da-base-lazaro-ira-reforcar-o-elenco-profissional-do-flamengo\/#article","isPartOf":{"@id":"https:\/\/www.gaveanews.com\/index.php\/2020\/09\/24\/destaque-da-base-lazaro-ira-reforcar-o-elenco-profissional-do-flamengo\/"},"author":{"name":"Equipe G\u00e1vea News","@id":"https:\/\/www.gaveanews.com\/#\/schema\/person\/2ec14f73fb96be2caf28f91afb14749d"},"headline":"Destaque da base, L\u00e1zaro ir\u00e1 refor\u00e7ar o elenco profissional do Flamengo","datePublished":"2020-09-24T18:04:09+00:00","dateModified":"2020-09-24T18:04:11+00:00","mainEntityOfPage":{"@id":"https:\/\/www.gaveanews.com\/index.php\/2020\/09\/24\/destaque-da-base-lazaro-ira-reforcar-o-elenco-profissional-do-flamengo\/"},"wordCount":279,"commentCount":13,"image":{"@id":"https:\/\/www.gaveanews.com\/index.php\/2020\/09\/24\/destaque-da-base-lazaro-ira-reforcar-o-elenco-profissional-do-flamengo\/#primaryimage"},"thumbnailUrl":"https:\/\/www.gaveanews.com\/wp-content\/uploads\/Lazaro-em-acao-com-a-camisa-10-do-Flamengo.webp","articleSection":["Flamengo"],"inLanguage":"pt-BR","potentialAction":[{"@type":"CommentAction","name":"Comment","target":["https:\/\/www.gaveanews.com\/index.php\/2020\/09\/24\/destaque-da-base-lazaro-ira-reforcar-o-elenco-profissional-do-flamengo\/#respond"]}],"copyrightYear":"2020","copyrightHolder":{"@id":"https:\/\/www.gaveanews.com\/#organization"}},{"@type":"WebPage","@id":"https:\/\/www.gaveanews.com\/index.php\/2020\/09\/24\/destaque-da-base-lazaro-ira-reforcar-o-elenco-profissional-do-flamengo\/","url":"https:\/\/www.gaveanews.com\/index.php\/2020\/09\/24\/destaque-da-base-lazaro-ira-reforcar-o-elenco-profissional-do-flamengo\/","name":"Destaque da base, L\u00e1zaro ir\u00e1 refor\u00e7ar o elenco profissional do Flamengo","isPartOf":{"@id":"https:\/\/www.gaveanews.com\/#website"},"primaryImageOfPage":{"@id":"https:\/\/www.gaveanews.com\/index.php\/2020\/09\/24\/destaque-da-base-lazaro-ira-reforcar-o-elenco-profissional-do-flamengo\/#primaryimage"},"image":{"@id":"https:\/\/www.gaveanews.com\/index.php\/2020\/09\/24\/destaque-da-base-lazaro-ira-reforcar-o-elenco-profissional-do-flamengo\/#primaryimage"},"thumbnailUrl":"https:\/\/www.gaveanews.com\/wp-content\/uploads\/Lazaro-em-acao-com-a-camisa-10-do-Flamengo.webp","datePublished":"2020-09-24T18:04:09+00:00","dateModified":"2020-09-24T18:04:11+00:00","author":{"@id":"https:\/\/www.gaveanews.com\/#\/schema\/person\/2ec14f73fb96be2caf28f91afb14749d"},"description":"O atacante L\u00e1zaro testou negativo na contraprova realizada e vai se integrar ao profissional rubro-negro a partir desta quinta-feira.","breadcrumb":{"@id":"https:\/\/www.gaveanews.com\/index.php\/2020\/09\/24\/destaque-da-base-lazaro-ira-reforcar-o-elenco-profissional-do-flamengo\/#breadcrumb"},"inLanguage":"pt-BR","potentialAction":[{"@type":"ReadAction","target":["https:\/\/www.gaveanews.com\/index.php\/2020\/09\/24\/destaque-da-base-lazaro-ira-reforcar-o-elenco-profissional-do-flamengo\/"]}]},{"@type":"ImageObject","inLanguage":"pt-BR","@id":"https:\/\/www.gaveanews.com\/index.php\/2020\/09\/24\/destaque-da-base-lazaro-ira-reforcar-o-elenco-profissional-do-flamengo\/#primaryimage","url":"https:\/\/www.gaveanews.com\/wp-content\/uploads\/Lazaro-em-acao-com-a-camisa-10-do-Flamengo.webp","contentUrl":"https:\/\/www.gaveanews.com\/wp-content\/uploads\/Lazaro-em-acao-com-a-camisa-10-do-Flamengo.webp","caption":"L\u00e1zaro em a\u00e7\u00e3o com a camisa 10 do Flamengo (Foto: Reprodu\u00e7\u00e3o)"},{"@type":"BreadcrumbList","@id":"https:\/\/www.gaveanews.com\/index.php\/2020\/09\/24\/destaque-da-base-lazaro-ira-reforcar-o-elenco-profissional-do-flamengo\/#breadcrumb","itemListElement":[{"@type":"ListItem","position":1,"name":"Home","item":"https:\/\/www.gaveanews.com\/"},{"@type":"ListItem","position":2,"name":"Destaque da base, L\u00e1zaro ir\u00e1 refor\u00e7ar o elenco profissional do Flamengo"}]},{"@type":"WebSite","@id":"https:\/\/www.gaveanews.com\/#website","url":"https:\/\/www.gaveanews.com\/","name":"G\u00e1vea News","description":"Veja todas as not\u00edcias sobre o Flamengo: Contrata\u00e7\u00f5es, categorias de base, resultados das partidas, tabela de classifica\u00e7\u00e3o, pr\u00f3ximos jogos!","potentialAction":[{"@type":"SearchAction","target":{"@type":"EntryPoint","urlTemplate":"https:\/\/www.gaveanews.com\/?s={search_term_string}"},"query-input":{"@type":"PropertyValueSpecification","valueRequired":true,"valueName":"search_term_string"}}],"inLanguage":"pt-BR"},{"@type":"Person","@id":"https:\/\/www.gaveanews.com\/#\/schema\/person\/2ec14f73fb96be2caf28f91afb14749d","name":"Equipe G\u00e1vea News","image":{"@type":"ImageObject","inLanguage":"pt-BR","@id":"https:\/\/www.gaveanews.com\/#\/schema\/person\/image\/","url":"https:\/\/secure.gravatar.com\/avatar\/1e1956f1facbffd3f8fa53a326721950116b3b9dc9bd44939c01180fd4a745a9?s=96&d=mm&r=g","contentUrl":"https:\/\/secure.gravatar.com\/avatar\/1e1956f1facbffd3f8fa53a326721950116b3b9dc9bd44939c01180fd4a745a9?s=96&d=mm&r=g","caption":"Equipe G\u00e1vea News"}}]}},"_links":{"self":[{"href":"https:\/\/www.gaveanews.com\/index.php\/wp-json\/wp\/v2\/posts\/47957","targetHints":{"allow":["GET"]}}],"collection":[{"href":"https:\/\/www.gaveanews.com\/index.php\/wp-json\/wp\/v2\/posts"}],"about":[{"href":"https:\/\/www.gaveanews.com\/index.php\/wp-json\/wp\/v2\/types\/post"}],"author":[{"embeddable":true,"href":"https:\/\/www.gaveanews.com\/index.php\/wp-json\/wp\/v2\/users\/1"}],"replies":[{"embeddable":true,"href":"https:\/\/www.gaveanews.com\/index.php\/wp-json\/wp\/v2\/comments?post=47957"}],"version-history":[{"count":0,"href":"https:\/\/www.gaveanews.com\/index.php\/wp-json\/wp\/v2\/posts\/47957\/revisions"}],"wp:featuredmedia":[{"embeddable":true,"href":"https:\/\/www.gaveanews.com\/index.php\/wp-json\/wp\/v2\/media\/31986"}],"wp:attachment":[{"href":"https:\/\/www.gaveanews.com\/index.php\/wp-json\/wp\/v2\/media?parent=47957"}],"wp:term":[{"taxonomy":"category","embeddable":true,"href":"https:\/\/www.gaveanews.com\/index.php\/wp-json\/wp\/v2\/categories?post=47957"},{"taxonomy":"post_tag","embeddable":true,"href":"https:\/\/www.gaveanews.com\/index.php\/wp-json\/wp\/v2\/tags?post=47957"}],"curies":[{"name":"wp","href":"https:\/\/api.w.org\/{rel}","templated":true}]}}