{"id":47968,"date":"2020-09-24T17:53:42","date_gmt":"2020-09-24T20:53:42","guid":{"rendered":"https:\/\/www.gaveanews.com\/?p=47968"},"modified":"2020-09-24T17:53:44","modified_gmt":"2020-09-24T20:53:44","slug":"cbf-propoe-alteracao-nas-regras-do-campeonato-brasileiro","status":"publish","type":"post","link":"https:\/\/www.gaveanews.com\/index.php\/2020\/09\/24\/cbf-propoe-alteracao-nas-regras-do-campeonato-brasileiro\/","title":{"rendered":"CBF prop\u00f5e altera\u00e7\u00e3o nas regras do Campeonato Brasileiro"},"content":{"rendered":"\n<p>A CBF prop\u00f4s aos clubes uma mudan\u00e7a nas regras do Campeonato Brasileiro. Diante de casos de contamina\u00e7\u00e3o em massa nos elencos do Brasileir\u00e3o, a federa\u00e7\u00e3o entende que \u00e9 necess\u00e1rio estabelecer um limite m\u00ednimo de jogadores para realiza\u00e7\u00e3o das partidas. A discuss\u00e3o acontece a reboque do surto no Flamengo, que tem 16 jogadores com Covid-19 ap\u00f3s viagem ao Equador.<\/p>\n\n\n\n<p>A entidade buscou suporte no que \u00e9 praticado pela Uefa e pela Conmebol e colocou \u00e0 mesa dois cen\u00e1rios. A reuni\u00e3o com os clubes est\u00e1 em curso e a expectativa \u00e9 de um acordo.<\/p>\n\n\n\n<p>No caso da Uefa, se um time tem dez ou mais casos de coronav\u00edrus, ele ser\u00e1 obrigado a jogar, caso haja disponibilidade de 13 ou mais jogadores, incluindo um goleiro. Se o clube n\u00e3o conseguir colocar 13 jogadores em a\u00e7\u00e3o, ele perde a partida pelo placar do W.O (3 a 0).<\/p>\n\n\n\n<p>A Conmebol, por sua vez, aplica na Libertadores um limite m\u00ednimo de sete jogadores para realiza\u00e7\u00e3o da partida. Quem n\u00e3o conseguir colocar em campo esse n\u00famero de atletas, leva W.O.<\/p>\n\n\n\n<p>O assunto entrou em debate na reuni\u00e3o desta quinta-feira, feita por videoconfer\u00eancia, cujo objetivo macro de discutir a volta do p\u00fablico aos est\u00e1dios.<\/p>\n\n\n\n<p>Adaptado de: O Globo<\/p>\n","protected":false},"excerpt":{"rendered":"<p>A CBF prop\u00f4s aos clubes uma mudan\u00e7a nas regras do Campeonato Brasileiro. Diante de casos de contamina\u00e7\u00e3o em massa nos elencos do Brasileir\u00e3o, a federa\u00e7\u00e3o entende que \u00e9 necess\u00e1rio estabelecer um limite m\u00ednimo de jogadores para realiza\u00e7\u00e3o das partidas. A discuss\u00e3o acontece a reboque do surto no Flamengo, que tem 16 jogadores com Covid-19 ap\u00f3s [&hellip;]<\/p>\n","protected":false},"author":1,"featured_media":16271,"comment_status":"open","ping_status":"closed","sticky":false,"template":"","format":"standard","meta":{"footnotes":""},"categories":[1],"tags":[],"class_list":["post-47968","post","type-post","status-publish","format-standard","has-post-thumbnail","hentry","category-flamengo"],"yoast_head":"<!-- This site is optimized with the Yoast SEO Premium plugin v24.2 (Yoast SEO v26.9) - https:\/\/yoast.com\/product\/yoast-seo-premium-wordpress\/ -->\n<title>CBF prop\u00f5e altera\u00e7\u00e3o nas regras do Campeonato Brasileiro<\/title>\n<meta name=\"description\" content=\"A federa\u00e7\u00e3o buscou suporte no que \u00e9 praticado pela Uefa e pela Conmebol e colocou \u00e0 mesa ambos os cen\u00e1rios.\" \/>\n<meta name=\"robots\" content=\"index, follow, max-snippet:-1, max-image-preview:large, max-video-preview:-1\" \/>\n<link rel=\"canonical\" href=\"https:\/\/www.gaveanews.com\/index.php\/2020\/09\/24\/cbf-propoe-alteracao-nas-regras-do-campeonato-brasileiro\/\" \/>\n<meta property=\"og:locale\" content=\"pt_BR\" \/>\n<meta property=\"og:type\" content=\"article\" \/>\n<meta property=\"og:title\" content=\"CBF prop\u00f5e altera\u00e7\u00e3o nas regras do Campeonato Brasileiro\" \/>\n<meta property=\"og:description\" content=\"A federa\u00e7\u00e3o buscou suporte no que \u00e9 praticado pela Uefa e pela Conmebol e colocou \u00e0 mesa ambos os cen\u00e1rios.\" \/>\n<meta property=\"og:url\" content=\"https:\/\/www.gaveanews.com\/index.php\/2020\/09\/24\/cbf-propoe-alteracao-nas-regras-do-campeonato-brasileiro\/\" \/>\n<meta property=\"og:site_name\" content=\"G\u00e1vea News\" \/>\n<meta property=\"article:publisher\" content=\"https:\/\/facebook.com\/gaveaNews\/\" \/>\n<meta property=\"article:published_time\" content=\"2020-09-24T20:53:42+00:00\" \/>\n<meta property=\"article:modified_time\" content=\"2020-09-24T20:53:44+00:00\" \/>\n<meta property=\"og:image\" content=\"https:\/\/www.gaveanews.com\/wp-content\/uploads\/2019\/02\/Sede-da-CBF-no-Rio-de-Janeiro.webp\" \/>\n\t<meta property=\"og:image:width\" content=\"690\" \/>\n\t<meta property=\"og:image:height\" content=\"518\" \/>\n\t<meta property=\"og:image:type\" content=\"image\/jpeg\" \/>\n<meta name=\"author\" content=\"Equipe G\u00e1vea News\" \/>\n<meta name=\"twitter:card\" content=\"summary_large_image\" \/>\n<meta name=\"twitter:label1\" content=\"Escrito por\" \/>\n\t<meta name=\"twitter:data1\" content=\"Equipe G\u00e1vea News\" \/>\n\t<meta name=\"twitter:label2\" content=\"Est. tempo de leitura\" \/>\n\t<meta name=\"twitter:data2\" content=\"1 minuto\" \/>\n<script type=\"application\/ld+json\" class=\"yoast-schema-graph\">{\"@context\":\"https:\/\/schema.org\",\"@graph\":[{\"@type\":\"NewsArticle\",\"@id\":\"https:\/\/www.gaveanews.com\/index.php\/2020\/09\/24\/cbf-propoe-alteracao-nas-regras-do-campeonato-brasileiro\/#article\",\"isPartOf\":{\"@id\":\"https:\/\/www.gaveanews.com\/index.php\/2020\/09\/24\/cbf-propoe-alteracao-nas-regras-do-campeonato-brasileiro\/\"},\"author\":{\"name\":\"Equipe G\u00e1vea News\",\"@id\":\"https:\/\/www.gaveanews.com\/#\/schema\/person\/2ec14f73fb96be2caf28f91afb14749d\"},\"headline\":\"CBF prop\u00f5e altera\u00e7\u00e3o nas regras do Campeonato Brasileiro\",\"datePublished\":\"2020-09-24T20:53:42+00:00\",\"dateModified\":\"2020-09-24T20:53:44+00:00\",\"mainEntityOfPage\":{\"@id\":\"https:\/\/www.gaveanews.com\/index.php\/2020\/09\/24\/cbf-propoe-alteracao-nas-regras-do-campeonato-brasileiro\/\"},\"wordCount\":226,\"commentCount\":25,\"image\":{\"@id\":\"https:\/\/www.gaveanews.com\/index.php\/2020\/09\/24\/cbf-propoe-alteracao-nas-regras-do-campeonato-brasileiro\/#primaryimage\"},\"thumbnailUrl\":\"https:\/\/www.gaveanews.com\/wp-content\/uploads\/2019\/02\/Sede-da-CBF-no-Rio-de-Janeiro.webp\",\"articleSection\":[\"Flamengo\"],\"inLanguage\":\"pt-BR\",\"potentialAction\":[{\"@type\":\"CommentAction\",\"name\":\"Comment\",\"target\":[\"https:\/\/www.gaveanews.com\/index.php\/2020\/09\/24\/cbf-propoe-alteracao-nas-regras-do-campeonato-brasileiro\/#respond\"]}],\"copyrightYear\":\"2020\",\"copyrightHolder\":{\"@id\":\"https:\/\/www.gaveanews.com\/#organization\"}},{\"@type\":\"WebPage\",\"@id\":\"https:\/\/www.gaveanews.com\/index.php\/2020\/09\/24\/cbf-propoe-alteracao-nas-regras-do-campeonato-brasileiro\/\",\"url\":\"https:\/\/www.gaveanews.com\/index.php\/2020\/09\/24\/cbf-propoe-alteracao-nas-regras-do-campeonato-brasileiro\/\",\"name\":\"CBF prop\u00f5e altera\u00e7\u00e3o nas regras do Campeonato Brasileiro\",\"isPartOf\":{\"@id\":\"https:\/\/www.gaveanews.com\/#website\"},\"primaryImageOfPage\":{\"@id\":\"https:\/\/www.gaveanews.com\/index.php\/2020\/09\/24\/cbf-propoe-alteracao-nas-regras-do-campeonato-brasileiro\/#primaryimage\"},\"image\":{\"@id\":\"https:\/\/www.gaveanews.com\/index.php\/2020\/09\/24\/cbf-propoe-alteracao-nas-regras-do-campeonato-brasileiro\/#primaryimage\"},\"thumbnailUrl\":\"https:\/\/www.gaveanews.com\/wp-content\/uploads\/2019\/02\/Sede-da-CBF-no-Rio-de-Janeiro.webp\",\"datePublished\":\"2020-09-24T20:53:42+00:00\",\"dateModified\":\"2020-09-24T20:53:44+00:00\",\"author\":{\"@id\":\"https:\/\/www.gaveanews.com\/#\/schema\/person\/2ec14f73fb96be2caf28f91afb14749d\"},\"description\":\"A federa\u00e7\u00e3o buscou suporte no que \u00e9 praticado pela Uefa e pela Conmebol e colocou \u00e0 mesa ambos os cen\u00e1rios.\",\"breadcrumb\":{\"@id\":\"https:\/\/www.gaveanews.com\/index.php\/2020\/09\/24\/cbf-propoe-alteracao-nas-regras-do-campeonato-brasileiro\/#breadcrumb\"},\"inLanguage\":\"pt-BR\",\"potentialAction\":[{\"@type\":\"ReadAction\",\"target\":[\"https:\/\/www.gaveanews.com\/index.php\/2020\/09\/24\/cbf-propoe-alteracao-nas-regras-do-campeonato-brasileiro\/\"]}]},{\"@type\":\"ImageObject\",\"inLanguage\":\"pt-BR\",\"@id\":\"https:\/\/www.gaveanews.com\/index.php\/2020\/09\/24\/cbf-propoe-alteracao-nas-regras-do-campeonato-brasileiro\/#primaryimage\",\"url\":\"https:\/\/www.gaveanews.com\/wp-content\/uploads\/2019\/02\/Sede-da-CBF-no-Rio-de-Janeiro.webp\",\"contentUrl\":\"https:\/\/www.gaveanews.com\/wp-content\/uploads\/2019\/02\/Sede-da-CBF-no-Rio-de-Janeiro.webp\",\"width\":690,\"height\":518,\"caption\":\"Sede da CBF no Rio de Janeiro (Foto: Cah\u00ea Mota\/Globo Esporte)\"},{\"@type\":\"BreadcrumbList\",\"@id\":\"https:\/\/www.gaveanews.com\/index.php\/2020\/09\/24\/cbf-propoe-alteracao-nas-regras-do-campeonato-brasileiro\/#breadcrumb\",\"itemListElement\":[{\"@type\":\"ListItem\",\"position\":1,\"name\":\"Home\",\"item\":\"https:\/\/www.gaveanews.com\/\"},{\"@type\":\"ListItem\",\"position\":2,\"name\":\"CBF prop\u00f5e altera\u00e7\u00e3o nas regras do Campeonato Brasileiro\"}]},{\"@type\":\"WebSite\",\"@id\":\"https:\/\/www.gaveanews.com\/#website\",\"url\":\"https:\/\/www.gaveanews.com\/\",\"name\":\"G\u00e1vea News\",\"description\":\"Veja todas as not\u00edcias sobre o Flamengo: Contrata\u00e7\u00f5es, categorias de base, resultados das partidas, tabela de classifica\u00e7\u00e3o, pr\u00f3ximos jogos!\",\"potentialAction\":[{\"@type\":\"SearchAction\",\"target\":{\"@type\":\"EntryPoint\",\"urlTemplate\":\"https:\/\/www.gaveanews.com\/?s={search_term_string}\"},\"query-input\":{\"@type\":\"PropertyValueSpecification\",\"valueRequired\":true,\"valueName\":\"search_term_string\"}}],\"inLanguage\":\"pt-BR\"},{\"@type\":\"Person\",\"@id\":\"https:\/\/www.gaveanews.com\/#\/schema\/person\/2ec14f73fb96be2caf28f91afb14749d\",\"name\":\"Equipe G\u00e1vea News\",\"image\":{\"@type\":\"ImageObject\",\"inLanguage\":\"pt-BR\",\"@id\":\"https:\/\/www.gaveanews.com\/#\/schema\/person\/image\/\",\"url\":\"https:\/\/secure.gravatar.com\/avatar\/1e1956f1facbffd3f8fa53a326721950116b3b9dc9bd44939c01180fd4a745a9?s=96&d=mm&r=g\",\"contentUrl\":\"https:\/\/secure.gravatar.com\/avatar\/1e1956f1facbffd3f8fa53a326721950116b3b9dc9bd44939c01180fd4a745a9?s=96&d=mm&r=g\",\"caption\":\"Equipe G\u00e1vea News\"}}]}<\/script>\n<!-- \/ Yoast SEO Premium plugin. -->","yoast_head_json":{"title":"CBF prop\u00f5e altera\u00e7\u00e3o nas regras do Campeonato Brasileiro","description":"A federa\u00e7\u00e3o buscou suporte no que \u00e9 praticado pela Uefa e pela Conmebol e colocou \u00e0 mesa ambos os cen\u00e1rios.","robots":{"index":"index","follow":"follow","max-snippet":"max-snippet:-1","max-image-preview":"max-image-preview:large","max-video-preview":"max-video-preview:-1"},"canonical":"https:\/\/www.gaveanews.com\/index.php\/2020\/09\/24\/cbf-propoe-alteracao-nas-regras-do-campeonato-brasileiro\/","og_locale":"pt_BR","og_type":"article","og_title":"CBF prop\u00f5e altera\u00e7\u00e3o nas regras do Campeonato Brasileiro","og_description":"A federa\u00e7\u00e3o buscou suporte no que \u00e9 praticado pela Uefa e pela Conmebol e colocou \u00e0 mesa ambos os cen\u00e1rios.","og_url":"https:\/\/www.gaveanews.com\/index.php\/2020\/09\/24\/cbf-propoe-alteracao-nas-regras-do-campeonato-brasileiro\/","og_site_name":"G\u00e1vea News","article_publisher":"https:\/\/facebook.com\/gaveaNews\/","article_published_time":"2020-09-24T20:53:42+00:00","article_modified_time":"2020-09-24T20:53:44+00:00","og_image":[{"width":690,"height":518,"url":"https:\/\/www.gaveanews.com\/wp-content\/uploads\/2019\/02\/Sede-da-CBF-no-Rio-de-Janeiro.webp","type":"image\/jpeg"}],"author":"Equipe G\u00e1vea News","twitter_card":"summary_large_image","twitter_misc":{"Escrito por":"Equipe G\u00e1vea News","Est. tempo de leitura":"1 minuto"},"schema":{"@context":"https:\/\/schema.org","@graph":[{"@type":"NewsArticle","@id":"https:\/\/www.gaveanews.com\/index.php\/2020\/09\/24\/cbf-propoe-alteracao-nas-regras-do-campeonato-brasileiro\/#article","isPartOf":{"@id":"https:\/\/www.gaveanews.com\/index.php\/2020\/09\/24\/cbf-propoe-alteracao-nas-regras-do-campeonato-brasileiro\/"},"author":{"name":"Equipe G\u00e1vea News","@id":"https:\/\/www.gaveanews.com\/#\/schema\/person\/2ec14f73fb96be2caf28f91afb14749d"},"headline":"CBF prop\u00f5e altera\u00e7\u00e3o nas regras do Campeonato Brasileiro","datePublished":"2020-09-24T20:53:42+00:00","dateModified":"2020-09-24T20:53:44+00:00","mainEntityOfPage":{"@id":"https:\/\/www.gaveanews.com\/index.php\/2020\/09\/24\/cbf-propoe-alteracao-nas-regras-do-campeonato-brasileiro\/"},"wordCount":226,"commentCount":25,"image":{"@id":"https:\/\/www.gaveanews.com\/index.php\/2020\/09\/24\/cbf-propoe-alteracao-nas-regras-do-campeonato-brasileiro\/#primaryimage"},"thumbnailUrl":"https:\/\/www.gaveanews.com\/wp-content\/uploads\/2019\/02\/Sede-da-CBF-no-Rio-de-Janeiro.webp","articleSection":["Flamengo"],"inLanguage":"pt-BR","potentialAction":[{"@type":"CommentAction","name":"Comment","target":["https:\/\/www.gaveanews.com\/index.php\/2020\/09\/24\/cbf-propoe-alteracao-nas-regras-do-campeonato-brasileiro\/#respond"]}],"copyrightYear":"2020","copyrightHolder":{"@id":"https:\/\/www.gaveanews.com\/#organization"}},{"@type":"WebPage","@id":"https:\/\/www.gaveanews.com\/index.php\/2020\/09\/24\/cbf-propoe-alteracao-nas-regras-do-campeonato-brasileiro\/","url":"https:\/\/www.gaveanews.com\/index.php\/2020\/09\/24\/cbf-propoe-alteracao-nas-regras-do-campeonato-brasileiro\/","name":"CBF prop\u00f5e altera\u00e7\u00e3o nas regras do Campeonato Brasileiro","isPartOf":{"@id":"https:\/\/www.gaveanews.com\/#website"},"primaryImageOfPage":{"@id":"https:\/\/www.gaveanews.com\/index.php\/2020\/09\/24\/cbf-propoe-alteracao-nas-regras-do-campeonato-brasileiro\/#primaryimage"},"image":{"@id":"https:\/\/www.gaveanews.com\/index.php\/2020\/09\/24\/cbf-propoe-alteracao-nas-regras-do-campeonato-brasileiro\/#primaryimage"},"thumbnailUrl":"https:\/\/www.gaveanews.com\/wp-content\/uploads\/2019\/02\/Sede-da-CBF-no-Rio-de-Janeiro.webp","datePublished":"2020-09-24T20:53:42+00:00","dateModified":"2020-09-24T20:53:44+00:00","author":{"@id":"https:\/\/www.gaveanews.com\/#\/schema\/person\/2ec14f73fb96be2caf28f91afb14749d"},"description":"A federa\u00e7\u00e3o buscou suporte no que \u00e9 praticado pela Uefa e pela Conmebol e colocou \u00e0 mesa ambos os cen\u00e1rios.","breadcrumb":{"@id":"https:\/\/www.gaveanews.com\/index.php\/2020\/09\/24\/cbf-propoe-alteracao-nas-regras-do-campeonato-brasileiro\/#breadcrumb"},"inLanguage":"pt-BR","potentialAction":[{"@type":"ReadAction","target":["https:\/\/www.gaveanews.com\/index.php\/2020\/09\/24\/cbf-propoe-alteracao-nas-regras-do-campeonato-brasileiro\/"]}]},{"@type":"ImageObject","inLanguage":"pt-BR","@id":"https:\/\/www.gaveanews.com\/index.php\/2020\/09\/24\/cbf-propoe-alteracao-nas-regras-do-campeonato-brasileiro\/#primaryimage","url":"https:\/\/www.gaveanews.com\/wp-content\/uploads\/2019\/02\/Sede-da-CBF-no-Rio-de-Janeiro.webp","contentUrl":"https:\/\/www.gaveanews.com\/wp-content\/uploads\/2019\/02\/Sede-da-CBF-no-Rio-de-Janeiro.webp","width":690,"height":518,"caption":"Sede da CBF no Rio de Janeiro (Foto: Cah\u00ea Mota\/Globo Esporte)"},{"@type":"BreadcrumbList","@id":"https:\/\/www.gaveanews.com\/index.php\/2020\/09\/24\/cbf-propoe-alteracao-nas-regras-do-campeonato-brasileiro\/#breadcrumb","itemListElement":[{"@type":"ListItem","position":1,"name":"Home","item":"https:\/\/www.gaveanews.com\/"},{"@type":"ListItem","position":2,"name":"CBF prop\u00f5e altera\u00e7\u00e3o nas regras do Campeonato Brasileiro"}]},{"@type":"WebSite","@id":"https:\/\/www.gaveanews.com\/#website","url":"https:\/\/www.gaveanews.com\/","name":"G\u00e1vea News","description":"Veja todas as not\u00edcias sobre o Flamengo: Contrata\u00e7\u00f5es, categorias de base, resultados das partidas, tabela de classifica\u00e7\u00e3o, pr\u00f3ximos jogos!","potentialAction":[{"@type":"SearchAction","target":{"@type":"EntryPoint","urlTemplate":"https:\/\/www.gaveanews.com\/?s={search_term_string}"},"query-input":{"@type":"PropertyValueSpecification","valueRequired":true,"valueName":"search_term_string"}}],"inLanguage":"pt-BR"},{"@type":"Person","@id":"https:\/\/www.gaveanews.com\/#\/schema\/person\/2ec14f73fb96be2caf28f91afb14749d","name":"Equipe G\u00e1vea News","image":{"@type":"ImageObject","inLanguage":"pt-BR","@id":"https:\/\/www.gaveanews.com\/#\/schema\/person\/image\/","url":"https:\/\/secure.gravatar.com\/avatar\/1e1956f1facbffd3f8fa53a326721950116b3b9dc9bd44939c01180fd4a745a9?s=96&d=mm&r=g","contentUrl":"https:\/\/secure.gravatar.com\/avatar\/1e1956f1facbffd3f8fa53a326721950116b3b9dc9bd44939c01180fd4a745a9?s=96&d=mm&r=g","caption":"Equipe G\u00e1vea News"}}]}},"_links":{"self":[{"href":"https:\/\/www.gaveanews.com\/index.php\/wp-json\/wp\/v2\/posts\/47968","targetHints":{"allow":["GET"]}}],"collection":[{"href":"https:\/\/www.gaveanews.com\/index.php\/wp-json\/wp\/v2\/posts"}],"about":[{"href":"https:\/\/www.gaveanews.com\/index.php\/wp-json\/wp\/v2\/types\/post"}],"author":[{"embeddable":true,"href":"https:\/\/www.gaveanews.com\/index.php\/wp-json\/wp\/v2\/users\/1"}],"replies":[{"embeddable":true,"href":"https:\/\/www.gaveanews.com\/index.php\/wp-json\/wp\/v2\/comments?post=47968"}],"version-history":[{"count":0,"href":"https:\/\/www.gaveanews.com\/index.php\/wp-json\/wp\/v2\/posts\/47968\/revisions"}],"wp:featuredmedia":[{"embeddable":true,"href":"https:\/\/www.gaveanews.com\/index.php\/wp-json\/wp\/v2\/media\/16271"}],"wp:attachment":[{"href":"https:\/\/www.gaveanews.com\/index.php\/wp-json\/wp\/v2\/media?parent=47968"}],"wp:term":[{"taxonomy":"category","embeddable":true,"href":"https:\/\/www.gaveanews.com\/index.php\/wp-json\/wp\/v2\/categories?post=47968"},{"taxonomy":"post_tag","embeddable":true,"href":"https:\/\/www.gaveanews.com\/index.php\/wp-json\/wp\/v2\/tags?post=47968"}],"curies":[{"name":"wp","href":"https:\/\/api.w.org\/{rel}","templated":true}]}}