{"id":47975,"date":"2020-09-24T19:36:16","date_gmt":"2020-09-24T22:36:16","guid":{"rendered":"https:\/\/www.gaveanews.com\/?p=47975"},"modified":"2020-09-24T19:36:18","modified_gmt":"2020-09-24T22:36:18","slug":"sport-tenta-contratar-rodrigo-muniz-promessa-do-flamengo","status":"publish","type":"post","link":"https:\/\/www.gaveanews.com\/index.php\/2020\/09\/24\/sport-tenta-contratar-rodrigo-muniz-promessa-do-flamengo\/","title":{"rendered":"Sport tenta contratar Rodrigo Muniz, promessa do Flamengo"},"content":{"rendered":"\n<p>O t\u00e9cnico Jair Ventura quer a chegada de um centroavante para o seu elenco e fez o seu pedido \u00e0 diretoria do Sport: o centroavante Rodrigo Muniz, de 19 anos, destaque da equipe Sub-20 do Flamengo. Segundo apurou o Jornal O Dia com fontes ligadas ao Rubro-Negro carioca, o interesse foi manifestado nos \u00faltimos dias e encaminhado a Bruno Spindel, diretor-executivo de futebol da equipe. A ideia do clube nordestino \u00e9 ter o atleta por empr\u00e9stimo at\u00e9 o fim do Campeonato Brasileiro, com o sal\u00e1rio pago de forma integral.<\/p>\n\n\n\n<p>A reportagem entrou em contato com a diretoria do Sport. Um membro da c\u00fapula do Le\u00e3o, que pediu para n\u00e3o ser identificado, confirmou que Jair Ventura deseja a chegada de Rodrigo Muniz ao elenco, mas considera uma negocia\u00e7\u00e3o dif\u00edcil de ser concretizada. No lado do Flamengo, o empr\u00e9stimo de Rodrigo Muniz para ganhar rodagem n\u00e3o est\u00e1 descartado, mas, oficialmente, o clube n\u00e3o fala sobre especula\u00e7\u00f5es. Os empres\u00e1rios do atleta tamb\u00e9m foram procurados, mas n\u00e3o responderam as mensagens at\u00e9 publica\u00e7\u00e3o da mat\u00e9ria.<\/p>\n\n\n\n<p>Muniz ser\u00e1 relacionado pelo Flamengo para o confronto com o Palmeiras, domingo, no Allianz Parque, \u00e0s 16h, pelo Brasileir\u00e3o. Como 13 jogadores est\u00e3o infectados e tr\u00eas lesionados, a comiss\u00e3o t\u00e9cnica, sem Dome, que tamb\u00e9m est\u00e1 com o novo coronav\u00edrus, precisou recorrer \u00e0 categoria de base.<\/p>\n\n\n\n<p>Rodrigo Muniz \u00e9 um dos principais jogadores do time Sub-20 do Flamengo e \u00e9 tratado como joia desde quando chegou ao clube, em 2018, ap\u00f3s se destacar pelo Desportivo Brasil. Com bom porte f\u00edsico e apontaria afiada, Muniz ostenta \u00f3timos n\u00fameros pelo Rubro-Negro carioca: em 72 jogos, entre Sub-17, Sub-18, Sub-20 e profissional, marcou 34 gols.<\/p>\n\n\n\n<p>Neste ano, foi um dos destaques da edi\u00e7\u00e3o de 2020 da Libertadores Sub-20. Fez quatro gols em quatro partidas, al\u00e9m de ser o artilheiro da categoria do Flamengo na temporada 2019 pelo Sub-20, com 28 gols, mesmo sendo nascido em 2001.<\/p>\n\n\n\n<p>Retirado de: O Dia<\/p>\n","protected":false},"excerpt":{"rendered":"<p>O t\u00e9cnico Jair Ventura quer a chegada de um centroavante para o seu elenco e fez o seu pedido \u00e0 diretoria do Sport: o centroavante Rodrigo Muniz, de 19 anos, destaque da equipe Sub-20 do Flamengo. Segundo apurou o Jornal O Dia com fontes ligadas ao Rubro-Negro carioca, o interesse foi manifestado nos \u00faltimos dias [&hellip;]<\/p>\n","protected":false},"author":1,"featured_media":20905,"comment_status":"open","ping_status":"closed","sticky":false,"template":"","format":"standard","meta":{"footnotes":""},"categories":[47],"tags":[],"class_list":["post-47975","post","type-post","status-publish","format-standard","has-post-thumbnail","hentry","category-destaques"],"yoast_head":"<!-- This site is optimized with the Yoast SEO Premium plugin v24.2 (Yoast SEO v26.9) - https:\/\/yoast.com\/product\/yoast-seo-premium-wordpress\/ -->\n<title>Sport tenta contratar Rodrigo Muniz, promessa do Flamengo<\/title>\n<meta name=\"description\" content=\"Rodrigo Muniz \u00e9 um dos principais jogadores do time Sub-20 do Flamengo e \u00e9 tratado como joia desde quando chegou ao clube.\" \/>\n<meta name=\"robots\" content=\"index, follow, max-snippet:-1, max-image-preview:large, max-video-preview:-1\" \/>\n<link rel=\"canonical\" href=\"https:\/\/www.gaveanews.com\/index.php\/2020\/09\/24\/sport-tenta-contratar-rodrigo-muniz-promessa-do-flamengo\/\" \/>\n<meta property=\"og:locale\" content=\"pt_BR\" \/>\n<meta property=\"og:type\" content=\"article\" \/>\n<meta property=\"og:title\" content=\"Sport tenta contratar Rodrigo Muniz, promessa do Flamengo\" \/>\n<meta property=\"og:description\" content=\"Rodrigo Muniz \u00e9 um dos principais jogadores do time Sub-20 do Flamengo e \u00e9 tratado como joia desde quando chegou ao clube.\" \/>\n<meta property=\"og:url\" content=\"https:\/\/www.gaveanews.com\/index.php\/2020\/09\/24\/sport-tenta-contratar-rodrigo-muniz-promessa-do-flamengo\/\" \/>\n<meta property=\"og:site_name\" content=\"G\u00e1vea News\" \/>\n<meta property=\"article:publisher\" content=\"https:\/\/facebook.com\/gaveaNews\/\" \/>\n<meta property=\"article:published_time\" content=\"2020-09-24T22:36:16+00:00\" \/>\n<meta property=\"article:modified_time\" content=\"2020-09-24T22:36:18+00:00\" \/>\n<meta property=\"og:image\" content=\"https:\/\/www.gaveanews.com\/wp-content\/uploads\/2019\/05\/Rodrigo-Muniz-em-acao-pelo-Flamengo.webp\" \/>\n\t<meta property=\"og:image:width\" content=\"1\" \/>\n\t<meta property=\"og:image:height\" content=\"1\" \/>\n\t<meta property=\"og:image:type\" content=\"image\/jpeg\" \/>\n<meta name=\"author\" content=\"Equipe G\u00e1vea News\" \/>\n<meta name=\"twitter:card\" content=\"summary_large_image\" \/>\n<meta name=\"twitter:label1\" content=\"Escrito por\" \/>\n\t<meta name=\"twitter:data1\" content=\"Equipe G\u00e1vea News\" \/>\n\t<meta name=\"twitter:label2\" content=\"Est. tempo de leitura\" \/>\n\t<meta name=\"twitter:data2\" content=\"2 minutos\" \/>\n<script type=\"application\/ld+json\" class=\"yoast-schema-graph\">{\"@context\":\"https:\/\/schema.org\",\"@graph\":[{\"@type\":\"NewsArticle\",\"@id\":\"https:\/\/www.gaveanews.com\/index.php\/2020\/09\/24\/sport-tenta-contratar-rodrigo-muniz-promessa-do-flamengo\/#article\",\"isPartOf\":{\"@id\":\"https:\/\/www.gaveanews.com\/index.php\/2020\/09\/24\/sport-tenta-contratar-rodrigo-muniz-promessa-do-flamengo\/\"},\"author\":{\"name\":\"Equipe G\u00e1vea News\",\"@id\":\"https:\/\/www.gaveanews.com\/#\/schema\/person\/2ec14f73fb96be2caf28f91afb14749d\"},\"headline\":\"Sport tenta contratar Rodrigo Muniz, promessa do Flamengo\",\"datePublished\":\"2020-09-24T22:36:16+00:00\",\"dateModified\":\"2020-09-24T22:36:18+00:00\",\"mainEntityOfPage\":{\"@id\":\"https:\/\/www.gaveanews.com\/index.php\/2020\/09\/24\/sport-tenta-contratar-rodrigo-muniz-promessa-do-flamengo\/\"},\"wordCount\":339,\"commentCount\":9,\"image\":{\"@id\":\"https:\/\/www.gaveanews.com\/index.php\/2020\/09\/24\/sport-tenta-contratar-rodrigo-muniz-promessa-do-flamengo\/#primaryimage\"},\"thumbnailUrl\":\"https:\/\/www.gaveanews.com\/wp-content\/uploads\/2019\/05\/Rodrigo-Muniz-em-acao-pelo-Flamengo.webp\",\"articleSection\":[\"Destaques\"],\"inLanguage\":\"pt-BR\",\"potentialAction\":[{\"@type\":\"CommentAction\",\"name\":\"Comment\",\"target\":[\"https:\/\/www.gaveanews.com\/index.php\/2020\/09\/24\/sport-tenta-contratar-rodrigo-muniz-promessa-do-flamengo\/#respond\"]}],\"copyrightYear\":\"2020\",\"copyrightHolder\":{\"@id\":\"https:\/\/www.gaveanews.com\/#organization\"}},{\"@type\":\"WebPage\",\"@id\":\"https:\/\/www.gaveanews.com\/index.php\/2020\/09\/24\/sport-tenta-contratar-rodrigo-muniz-promessa-do-flamengo\/\",\"url\":\"https:\/\/www.gaveanews.com\/index.php\/2020\/09\/24\/sport-tenta-contratar-rodrigo-muniz-promessa-do-flamengo\/\",\"name\":\"Sport tenta contratar Rodrigo Muniz, promessa do Flamengo\",\"isPartOf\":{\"@id\":\"https:\/\/www.gaveanews.com\/#website\"},\"primaryImageOfPage\":{\"@id\":\"https:\/\/www.gaveanews.com\/index.php\/2020\/09\/24\/sport-tenta-contratar-rodrigo-muniz-promessa-do-flamengo\/#primaryimage\"},\"image\":{\"@id\":\"https:\/\/www.gaveanews.com\/index.php\/2020\/09\/24\/sport-tenta-contratar-rodrigo-muniz-promessa-do-flamengo\/#primaryimage\"},\"thumbnailUrl\":\"https:\/\/www.gaveanews.com\/wp-content\/uploads\/2019\/05\/Rodrigo-Muniz-em-acao-pelo-Flamengo.webp\",\"datePublished\":\"2020-09-24T22:36:16+00:00\",\"dateModified\":\"2020-09-24T22:36:18+00:00\",\"author\":{\"@id\":\"https:\/\/www.gaveanews.com\/#\/schema\/person\/2ec14f73fb96be2caf28f91afb14749d\"},\"description\":\"Rodrigo Muniz \u00e9 um dos principais jogadores do time Sub-20 do Flamengo e \u00e9 tratado como joia desde quando chegou ao clube.\",\"breadcrumb\":{\"@id\":\"https:\/\/www.gaveanews.com\/index.php\/2020\/09\/24\/sport-tenta-contratar-rodrigo-muniz-promessa-do-flamengo\/#breadcrumb\"},\"inLanguage\":\"pt-BR\",\"potentialAction\":[{\"@type\":\"ReadAction\",\"target\":[\"https:\/\/www.gaveanews.com\/index.php\/2020\/09\/24\/sport-tenta-contratar-rodrigo-muniz-promessa-do-flamengo\/\"]}]},{\"@type\":\"ImageObject\",\"inLanguage\":\"pt-BR\",\"@id\":\"https:\/\/www.gaveanews.com\/index.php\/2020\/09\/24\/sport-tenta-contratar-rodrigo-muniz-promessa-do-flamengo\/#primaryimage\",\"url\":\"https:\/\/www.gaveanews.com\/wp-content\/uploads\/2019\/05\/Rodrigo-Muniz-em-acao-pelo-Flamengo.webp\",\"contentUrl\":\"https:\/\/www.gaveanews.com\/wp-content\/uploads\/2019\/05\/Rodrigo-Muniz-em-acao-pelo-Flamengo.webp\",\"caption\":\"Rodrigo Muniz em a\u00e7\u00e3o pelo Flamengo (Foto: Reprodu\u00e7\u00e3o\/Instagram)\"},{\"@type\":\"BreadcrumbList\",\"@id\":\"https:\/\/www.gaveanews.com\/index.php\/2020\/09\/24\/sport-tenta-contratar-rodrigo-muniz-promessa-do-flamengo\/#breadcrumb\",\"itemListElement\":[{\"@type\":\"ListItem\",\"position\":1,\"name\":\"Home\",\"item\":\"https:\/\/www.gaveanews.com\/\"},{\"@type\":\"ListItem\",\"position\":2,\"name\":\"Sport tenta contratar Rodrigo Muniz, promessa do Flamengo\"}]},{\"@type\":\"WebSite\",\"@id\":\"https:\/\/www.gaveanews.com\/#website\",\"url\":\"https:\/\/www.gaveanews.com\/\",\"name\":\"G\u00e1vea News\",\"description\":\"Veja todas as not\u00edcias sobre o Flamengo: Contrata\u00e7\u00f5es, categorias de base, resultados das partidas, tabela de classifica\u00e7\u00e3o, pr\u00f3ximos jogos!\",\"potentialAction\":[{\"@type\":\"SearchAction\",\"target\":{\"@type\":\"EntryPoint\",\"urlTemplate\":\"https:\/\/www.gaveanews.com\/?s={search_term_string}\"},\"query-input\":{\"@type\":\"PropertyValueSpecification\",\"valueRequired\":true,\"valueName\":\"search_term_string\"}}],\"inLanguage\":\"pt-BR\"},{\"@type\":\"Person\",\"@id\":\"https:\/\/www.gaveanews.com\/#\/schema\/person\/2ec14f73fb96be2caf28f91afb14749d\",\"name\":\"Equipe G\u00e1vea News\",\"image\":{\"@type\":\"ImageObject\",\"inLanguage\":\"pt-BR\",\"@id\":\"https:\/\/www.gaveanews.com\/#\/schema\/person\/image\/\",\"url\":\"https:\/\/secure.gravatar.com\/avatar\/1e1956f1facbffd3f8fa53a326721950116b3b9dc9bd44939c01180fd4a745a9?s=96&d=mm&r=g\",\"contentUrl\":\"https:\/\/secure.gravatar.com\/avatar\/1e1956f1facbffd3f8fa53a326721950116b3b9dc9bd44939c01180fd4a745a9?s=96&d=mm&r=g\",\"caption\":\"Equipe G\u00e1vea News\"}}]}<\/script>\n<!-- \/ Yoast SEO Premium plugin. -->","yoast_head_json":{"title":"Sport tenta contratar Rodrigo Muniz, promessa do Flamengo","description":"Rodrigo Muniz \u00e9 um dos principais jogadores do time Sub-20 do Flamengo e \u00e9 tratado como joia desde quando chegou ao clube.","robots":{"index":"index","follow":"follow","max-snippet":"max-snippet:-1","max-image-preview":"max-image-preview:large","max-video-preview":"max-video-preview:-1"},"canonical":"https:\/\/www.gaveanews.com\/index.php\/2020\/09\/24\/sport-tenta-contratar-rodrigo-muniz-promessa-do-flamengo\/","og_locale":"pt_BR","og_type":"article","og_title":"Sport tenta contratar Rodrigo Muniz, promessa do Flamengo","og_description":"Rodrigo Muniz \u00e9 um dos principais jogadores do time Sub-20 do Flamengo e \u00e9 tratado como joia desde quando chegou ao clube.","og_url":"https:\/\/www.gaveanews.com\/index.php\/2020\/09\/24\/sport-tenta-contratar-rodrigo-muniz-promessa-do-flamengo\/","og_site_name":"G\u00e1vea News","article_publisher":"https:\/\/facebook.com\/gaveaNews\/","article_published_time":"2020-09-24T22:36:16+00:00","article_modified_time":"2020-09-24T22:36:18+00:00","og_image":[{"url":"https:\/\/www.gaveanews.com\/wp-content\/uploads\/2019\/05\/Rodrigo-Muniz-em-acao-pelo-Flamengo.webp","width":1,"height":1,"type":"image\/jpeg"}],"author":"Equipe G\u00e1vea News","twitter_card":"summary_large_image","twitter_misc":{"Escrito por":"Equipe G\u00e1vea News","Est. tempo de leitura":"2 minutos"},"schema":{"@context":"https:\/\/schema.org","@graph":[{"@type":"NewsArticle","@id":"https:\/\/www.gaveanews.com\/index.php\/2020\/09\/24\/sport-tenta-contratar-rodrigo-muniz-promessa-do-flamengo\/#article","isPartOf":{"@id":"https:\/\/www.gaveanews.com\/index.php\/2020\/09\/24\/sport-tenta-contratar-rodrigo-muniz-promessa-do-flamengo\/"},"author":{"name":"Equipe G\u00e1vea News","@id":"https:\/\/www.gaveanews.com\/#\/schema\/person\/2ec14f73fb96be2caf28f91afb14749d"},"headline":"Sport tenta contratar Rodrigo Muniz, promessa do Flamengo","datePublished":"2020-09-24T22:36:16+00:00","dateModified":"2020-09-24T22:36:18+00:00","mainEntityOfPage":{"@id":"https:\/\/www.gaveanews.com\/index.php\/2020\/09\/24\/sport-tenta-contratar-rodrigo-muniz-promessa-do-flamengo\/"},"wordCount":339,"commentCount":9,"image":{"@id":"https:\/\/www.gaveanews.com\/index.php\/2020\/09\/24\/sport-tenta-contratar-rodrigo-muniz-promessa-do-flamengo\/#primaryimage"},"thumbnailUrl":"https:\/\/www.gaveanews.com\/wp-content\/uploads\/2019\/05\/Rodrigo-Muniz-em-acao-pelo-Flamengo.webp","articleSection":["Destaques"],"inLanguage":"pt-BR","potentialAction":[{"@type":"CommentAction","name":"Comment","target":["https:\/\/www.gaveanews.com\/index.php\/2020\/09\/24\/sport-tenta-contratar-rodrigo-muniz-promessa-do-flamengo\/#respond"]}],"copyrightYear":"2020","copyrightHolder":{"@id":"https:\/\/www.gaveanews.com\/#organization"}},{"@type":"WebPage","@id":"https:\/\/www.gaveanews.com\/index.php\/2020\/09\/24\/sport-tenta-contratar-rodrigo-muniz-promessa-do-flamengo\/","url":"https:\/\/www.gaveanews.com\/index.php\/2020\/09\/24\/sport-tenta-contratar-rodrigo-muniz-promessa-do-flamengo\/","name":"Sport tenta contratar Rodrigo Muniz, promessa do Flamengo","isPartOf":{"@id":"https:\/\/www.gaveanews.com\/#website"},"primaryImageOfPage":{"@id":"https:\/\/www.gaveanews.com\/index.php\/2020\/09\/24\/sport-tenta-contratar-rodrigo-muniz-promessa-do-flamengo\/#primaryimage"},"image":{"@id":"https:\/\/www.gaveanews.com\/index.php\/2020\/09\/24\/sport-tenta-contratar-rodrigo-muniz-promessa-do-flamengo\/#primaryimage"},"thumbnailUrl":"https:\/\/www.gaveanews.com\/wp-content\/uploads\/2019\/05\/Rodrigo-Muniz-em-acao-pelo-Flamengo.webp","datePublished":"2020-09-24T22:36:16+00:00","dateModified":"2020-09-24T22:36:18+00:00","author":{"@id":"https:\/\/www.gaveanews.com\/#\/schema\/person\/2ec14f73fb96be2caf28f91afb14749d"},"description":"Rodrigo Muniz \u00e9 um dos principais jogadores do time Sub-20 do Flamengo e \u00e9 tratado como joia desde quando chegou ao clube.","breadcrumb":{"@id":"https:\/\/www.gaveanews.com\/index.php\/2020\/09\/24\/sport-tenta-contratar-rodrigo-muniz-promessa-do-flamengo\/#breadcrumb"},"inLanguage":"pt-BR","potentialAction":[{"@type":"ReadAction","target":["https:\/\/www.gaveanews.com\/index.php\/2020\/09\/24\/sport-tenta-contratar-rodrigo-muniz-promessa-do-flamengo\/"]}]},{"@type":"ImageObject","inLanguage":"pt-BR","@id":"https:\/\/www.gaveanews.com\/index.php\/2020\/09\/24\/sport-tenta-contratar-rodrigo-muniz-promessa-do-flamengo\/#primaryimage","url":"https:\/\/www.gaveanews.com\/wp-content\/uploads\/2019\/05\/Rodrigo-Muniz-em-acao-pelo-Flamengo.webp","contentUrl":"https:\/\/www.gaveanews.com\/wp-content\/uploads\/2019\/05\/Rodrigo-Muniz-em-acao-pelo-Flamengo.webp","caption":"Rodrigo Muniz em a\u00e7\u00e3o pelo Flamengo (Foto: Reprodu\u00e7\u00e3o\/Instagram)"},{"@type":"BreadcrumbList","@id":"https:\/\/www.gaveanews.com\/index.php\/2020\/09\/24\/sport-tenta-contratar-rodrigo-muniz-promessa-do-flamengo\/#breadcrumb","itemListElement":[{"@type":"ListItem","position":1,"name":"Home","item":"https:\/\/www.gaveanews.com\/"},{"@type":"ListItem","position":2,"name":"Sport tenta contratar Rodrigo Muniz, promessa do Flamengo"}]},{"@type":"WebSite","@id":"https:\/\/www.gaveanews.com\/#website","url":"https:\/\/www.gaveanews.com\/","name":"G\u00e1vea News","description":"Veja todas as not\u00edcias sobre o Flamengo: Contrata\u00e7\u00f5es, categorias de base, resultados das partidas, tabela de classifica\u00e7\u00e3o, pr\u00f3ximos jogos!","potentialAction":[{"@type":"SearchAction","target":{"@type":"EntryPoint","urlTemplate":"https:\/\/www.gaveanews.com\/?s={search_term_string}"},"query-input":{"@type":"PropertyValueSpecification","valueRequired":true,"valueName":"search_term_string"}}],"inLanguage":"pt-BR"},{"@type":"Person","@id":"https:\/\/www.gaveanews.com\/#\/schema\/person\/2ec14f73fb96be2caf28f91afb14749d","name":"Equipe G\u00e1vea News","image":{"@type":"ImageObject","inLanguage":"pt-BR","@id":"https:\/\/www.gaveanews.com\/#\/schema\/person\/image\/","url":"https:\/\/secure.gravatar.com\/avatar\/1e1956f1facbffd3f8fa53a326721950116b3b9dc9bd44939c01180fd4a745a9?s=96&d=mm&r=g","contentUrl":"https:\/\/secure.gravatar.com\/avatar\/1e1956f1facbffd3f8fa53a326721950116b3b9dc9bd44939c01180fd4a745a9?s=96&d=mm&r=g","caption":"Equipe G\u00e1vea News"}}]}},"_links":{"self":[{"href":"https:\/\/www.gaveanews.com\/index.php\/wp-json\/wp\/v2\/posts\/47975","targetHints":{"allow":["GET"]}}],"collection":[{"href":"https:\/\/www.gaveanews.com\/index.php\/wp-json\/wp\/v2\/posts"}],"about":[{"href":"https:\/\/www.gaveanews.com\/index.php\/wp-json\/wp\/v2\/types\/post"}],"author":[{"embeddable":true,"href":"https:\/\/www.gaveanews.com\/index.php\/wp-json\/wp\/v2\/users\/1"}],"replies":[{"embeddable":true,"href":"https:\/\/www.gaveanews.com\/index.php\/wp-json\/wp\/v2\/comments?post=47975"}],"version-history":[{"count":0,"href":"https:\/\/www.gaveanews.com\/index.php\/wp-json\/wp\/v2\/posts\/47975\/revisions"}],"wp:featuredmedia":[{"embeddable":true,"href":"https:\/\/www.gaveanews.com\/index.php\/wp-json\/wp\/v2\/media\/20905"}],"wp:attachment":[{"href":"https:\/\/www.gaveanews.com\/index.php\/wp-json\/wp\/v2\/media?parent=47975"}],"wp:term":[{"taxonomy":"category","embeddable":true,"href":"https:\/\/www.gaveanews.com\/index.php\/wp-json\/wp\/v2\/categories?post=47975"},{"taxonomy":"post_tag","embeddable":true,"href":"https:\/\/www.gaveanews.com\/index.php\/wp-json\/wp\/v2\/tags?post=47975"}],"curies":[{"name":"wp","href":"https:\/\/api.w.org\/{rel}","templated":true}]}}