{"id":47977,"date":"2020-09-24T21:30:29","date_gmt":"2020-09-25T00:30:29","guid":{"rendered":"https:\/\/www.gaveanews.com\/?p=47977"},"modified":"2020-09-24T21:30:33","modified_gmt":"2020-09-25T00:30:33","slug":"flamengo-entra-com-um-pedido-de-tutela-de-urgencia-no-stjd","status":"publish","type":"post","link":"https:\/\/www.gaveanews.com\/index.php\/2020\/09\/24\/flamengo-entra-com-um-pedido-de-tutela-de-urgencia-no-stjd\/","title":{"rendered":"Flamengo entra com um pedido de tutela de urg\u00eancia  no STJD"},"content":{"rendered":"\n<p>O Flamengo acionou, na noite de hoje (24), o Superior Tribunal de Justi\u00e7a Desportiva (STJD) com um pedido de tutela de urg\u00eancia solicitando o adiamento da partida contra o Palmeiras, pelo Campeonato Brasileiro, marcado para este domingo, no Allianz Parque. O Rubro-Negro indica como motivo o surto de cont\u00e1gio de Covid-19 que acometeu o elenco nos \u00faltimos dias. O caso foi encaminhado para an\u00e1lise do presidente da entidade, Ot\u00e1vio Noronha.<\/p>\n\n\n\n<p>O clube da G\u00e1vea tem 16 jogadores infectados, fora membros da comiss\u00e3o t\u00e9cnica, departamento de futebol e da diretoria. As contamina\u00e7\u00f5es aconteceram durante a viagem do elenco ao Equador, onde o time comandado por Dom\u00e8nec Torrent encarou o Independiente del Valle e o<br>Barcelona de Guayaquil, pela Libertadores.<\/p>\n\n\n\n<p>&#8220;[Quest\u00e3o de] Sa\u00fade. Quest\u00e3o desportiva \u00e9 consequ\u00eancia que n\u00e3o \u00e9 fundamento. Ou seja, quest\u00e3o desportiva objetiva que n\u00e3o analisa a especificidade do caso. Quem pode dizer se est\u00e3o aptos? E a comiss\u00e3o t\u00e9cnica? E o roupeiro, massagista, m\u00e9dicos etc que foram expostos ao v\u00edrus? Todo o suporte t\u00e9cnico est\u00e1 exposto. Os atletas em campo s\u00e3o apenas a \u00faltima ponta de todo um servi\u00e7o prestado por pessoas que foram expostas&#8221;, disse Michel Assef Filho, advogado do Flamengo, ao UOL Esporte.<\/p>\n\n\n\n<p>De acordo com o Rubro-Negro, houve a inscri\u00e7\u00e3o de 34 atletas no Brasileiro, mas apenas 12 est\u00e3o \u00e0 disposi\u00e7\u00e3o para entrar em campo contra o Verd\u00e3o, sendo tr\u00eas goleiros \u2014 Diego Alves, Gabigol e Pedro Rocha j\u00e1 n\u00e3o estavam aptos e, al\u00e9m disso, Hugo Moura, Piris da Motta e Rafinha n\u00e3o est\u00e3o mais no clube. Vale ressaltar ainda que o STJD e a CBF t\u00eam usado como par\u00e2metro que o time tem de ter 13 jogadores para atuar.<\/p>\n\n\n\n<p>&#8220;Vamos adotar o mesmo crit\u00e9rio da Uefa. Se o Flamengo tiver 13 atletas dispon\u00edveis, a bola rola [contra o Palmeiras]&#8221;, afirmou Walter Feldman, secret\u00e1rio-geral da CBF, \u00e0 ESPN.<\/p>\n\n\n\n<p>Um outro ponto destacado pelo clube carioca \u00e9 que os profissionais que d\u00e3o suporte ao elenco foram expostos ao v\u00edrus, o que impede que exer\u00e7am suas atividades at\u00e9 a data da partida.<\/p>\n\n\n\n<p>O Flamengo anexou ainda um parecer m\u00e9dico assinado pela Dra. Sylvia Pavan Rodrigues de Paula, no qual \u00e9 apontado ser um risco sanit\u00e1rio aos participantes da partida e \u00e9 recomendado o adiamento de outros compromissos dentro do per\u00edodo de 10 a 14 dias a contar do \u00faltimo resultado positivo, que foi na quarta-feira (23).<\/p>\n\n\n\n<p>A c\u00fapula lembrou tamb\u00e9m que a partida CSA e Chapecoense, pela S\u00e9rie B do Brasileiro, teve a data alterada em raz\u00e3o de um surto de covid-19 entre os atletas do clube alagoano, indicando, assim, um precedente semelhante.<\/p>\n\n\n\n<p>Retirado de: UOL Esporte<\/p>\n","protected":false},"excerpt":{"rendered":"<p>O Flamengo acionou, na noite de hoje (24), o Superior Tribunal de Justi\u00e7a Desportiva (STJD) com um pedido de tutela de urg\u00eancia solicitando o adiamento da partida contra o Palmeiras, pelo Campeonato Brasileiro, marcado para este domingo, no Allianz Parque. O Rubro-Negro indica como motivo o surto de cont\u00e1gio de Covid-19 que acometeu o elenco [&hellip;]<\/p>\n","protected":false},"author":1,"featured_media":36980,"comment_status":"open","ping_status":"closed","sticky":false,"template":"","format":"standard","meta":{"footnotes":""},"categories":[47],"tags":[],"class_list":["post-47977","post","type-post","status-publish","format-standard","has-post-thumbnail","hentry","category-destaques"],"yoast_head":"<!-- This site is optimized with the Yoast SEO Premium plugin v24.2 (Yoast SEO v26.9) - https:\/\/yoast.com\/product\/yoast-seo-premium-wordpress\/ -->\n<title>Flamengo entra com um pedido de tutela de urg\u00eancia no STJD<\/title>\n<meta name=\"description\" content=\"O advogado do Flamengo anexou ainda um parecer m\u00e9dico no qual \u00e9 apontado ser um risco sanit\u00e1rio aos participantes.\" \/>\n<meta name=\"robots\" content=\"index, follow, max-snippet:-1, max-image-preview:large, max-video-preview:-1\" \/>\n<link rel=\"canonical\" href=\"https:\/\/www.gaveanews.com\/index.php\/2020\/09\/24\/flamengo-entra-com-um-pedido-de-tutela-de-urgencia-no-stjd\/\" \/>\n<meta property=\"og:locale\" content=\"pt_BR\" \/>\n<meta property=\"og:type\" content=\"article\" \/>\n<meta property=\"og:title\" content=\"Flamengo entra com um pedido de tutela de urg\u00eancia no STJD\" \/>\n<meta property=\"og:description\" content=\"O advogado do Flamengo anexou ainda um parecer m\u00e9dico no qual \u00e9 apontado ser um risco sanit\u00e1rio aos participantes.\" \/>\n<meta property=\"og:url\" content=\"https:\/\/www.gaveanews.com\/index.php\/2020\/09\/24\/flamengo-entra-com-um-pedido-de-tutela-de-urgencia-no-stjd\/\" \/>\n<meta property=\"og:site_name\" content=\"G\u00e1vea News\" \/>\n<meta property=\"article:publisher\" content=\"https:\/\/facebook.com\/gaveaNews\/\" \/>\n<meta property=\"article:published_time\" content=\"2020-09-25T00:30:29+00:00\" \/>\n<meta property=\"article:modified_time\" content=\"2020-09-25T00:30:33+00:00\" \/>\n<meta property=\"og:image\" content=\"https:\/\/www.gaveanews.com\/wp-content\/uploads\/stjd.webp\" \/>\n\t<meta property=\"og:image:width\" content=\"1200\" \/>\n\t<meta property=\"og:image:height\" content=\"675\" \/>\n\t<meta property=\"og:image:type\" content=\"image\/jpeg\" \/>\n<meta name=\"author\" content=\"Equipe G\u00e1vea News\" \/>\n<meta name=\"twitter:card\" content=\"summary_large_image\" \/>\n<meta name=\"twitter:label1\" content=\"Escrito por\" \/>\n\t<meta name=\"twitter:data1\" content=\"Equipe G\u00e1vea News\" \/>\n\t<meta name=\"twitter:label2\" content=\"Est. tempo de leitura\" \/>\n\t<meta name=\"twitter:data2\" content=\"2 minutos\" \/>\n<script type=\"application\/ld+json\" class=\"yoast-schema-graph\">{\"@context\":\"https:\/\/schema.org\",\"@graph\":[{\"@type\":\"NewsArticle\",\"@id\":\"https:\/\/www.gaveanews.com\/index.php\/2020\/09\/24\/flamengo-entra-com-um-pedido-de-tutela-de-urgencia-no-stjd\/#article\",\"isPartOf\":{\"@id\":\"https:\/\/www.gaveanews.com\/index.php\/2020\/09\/24\/flamengo-entra-com-um-pedido-de-tutela-de-urgencia-no-stjd\/\"},\"author\":{\"name\":\"Equipe G\u00e1vea News\",\"@id\":\"https:\/\/www.gaveanews.com\/#\/schema\/person\/2ec14f73fb96be2caf28f91afb14749d\"},\"headline\":\"Flamengo entra com um pedido de tutela de urg\u00eancia no STJD\",\"datePublished\":\"2020-09-25T00:30:29+00:00\",\"dateModified\":\"2020-09-25T00:30:33+00:00\",\"mainEntityOfPage\":{\"@id\":\"https:\/\/www.gaveanews.com\/index.php\/2020\/09\/24\/flamengo-entra-com-um-pedido-de-tutela-de-urgencia-no-stjd\/\"},\"wordCount\":473,\"commentCount\":13,\"image\":{\"@id\":\"https:\/\/www.gaveanews.com\/index.php\/2020\/09\/24\/flamengo-entra-com-um-pedido-de-tutela-de-urgencia-no-stjd\/#primaryimage\"},\"thumbnailUrl\":\"https:\/\/www.gaveanews.com\/wp-content\/uploads\/stjd.webp\",\"articleSection\":[\"Destaques\"],\"inLanguage\":\"pt-BR\",\"potentialAction\":[{\"@type\":\"CommentAction\",\"name\":\"Comment\",\"target\":[\"https:\/\/www.gaveanews.com\/index.php\/2020\/09\/24\/flamengo-entra-com-um-pedido-de-tutela-de-urgencia-no-stjd\/#respond\"]}],\"copyrightYear\":\"2020\",\"copyrightHolder\":{\"@id\":\"https:\/\/www.gaveanews.com\/#organization\"}},{\"@type\":\"WebPage\",\"@id\":\"https:\/\/www.gaveanews.com\/index.php\/2020\/09\/24\/flamengo-entra-com-um-pedido-de-tutela-de-urgencia-no-stjd\/\",\"url\":\"https:\/\/www.gaveanews.com\/index.php\/2020\/09\/24\/flamengo-entra-com-um-pedido-de-tutela-de-urgencia-no-stjd\/\",\"name\":\"Flamengo entra com um pedido de tutela de urg\u00eancia no STJD\",\"isPartOf\":{\"@id\":\"https:\/\/www.gaveanews.com\/#website\"},\"primaryImageOfPage\":{\"@id\":\"https:\/\/www.gaveanews.com\/index.php\/2020\/09\/24\/flamengo-entra-com-um-pedido-de-tutela-de-urgencia-no-stjd\/#primaryimage\"},\"image\":{\"@id\":\"https:\/\/www.gaveanews.com\/index.php\/2020\/09\/24\/flamengo-entra-com-um-pedido-de-tutela-de-urgencia-no-stjd\/#primaryimage\"},\"thumbnailUrl\":\"https:\/\/www.gaveanews.com\/wp-content\/uploads\/stjd.webp\",\"datePublished\":\"2020-09-25T00:30:29+00:00\",\"dateModified\":\"2020-09-25T00:30:33+00:00\",\"author\":{\"@id\":\"https:\/\/www.gaveanews.com\/#\/schema\/person\/2ec14f73fb96be2caf28f91afb14749d\"},\"description\":\"O advogado do Flamengo anexou ainda um parecer m\u00e9dico no qual \u00e9 apontado ser um risco sanit\u00e1rio aos participantes.\",\"breadcrumb\":{\"@id\":\"https:\/\/www.gaveanews.com\/index.php\/2020\/09\/24\/flamengo-entra-com-um-pedido-de-tutela-de-urgencia-no-stjd\/#breadcrumb\"},\"inLanguage\":\"pt-BR\",\"potentialAction\":[{\"@type\":\"ReadAction\",\"target\":[\"https:\/\/www.gaveanews.com\/index.php\/2020\/09\/24\/flamengo-entra-com-um-pedido-de-tutela-de-urgencia-no-stjd\/\"]}]},{\"@type\":\"ImageObject\",\"inLanguage\":\"pt-BR\",\"@id\":\"https:\/\/www.gaveanews.com\/index.php\/2020\/09\/24\/flamengo-entra-com-um-pedido-de-tutela-de-urgencia-no-stjd\/#primaryimage\",\"url\":\"https:\/\/www.gaveanews.com\/wp-content\/uploads\/stjd.webp\",\"contentUrl\":\"https:\/\/www.gaveanews.com\/wp-content\/uploads\/stjd.webp\",\"width\":1200,\"height\":675},{\"@type\":\"BreadcrumbList\",\"@id\":\"https:\/\/www.gaveanews.com\/index.php\/2020\/09\/24\/flamengo-entra-com-um-pedido-de-tutela-de-urgencia-no-stjd\/#breadcrumb\",\"itemListElement\":[{\"@type\":\"ListItem\",\"position\":1,\"name\":\"Home\",\"item\":\"https:\/\/www.gaveanews.com\/\"},{\"@type\":\"ListItem\",\"position\":2,\"name\":\"Flamengo entra com um pedido de tutela de urg\u00eancia no STJD\"}]},{\"@type\":\"WebSite\",\"@id\":\"https:\/\/www.gaveanews.com\/#website\",\"url\":\"https:\/\/www.gaveanews.com\/\",\"name\":\"G\u00e1vea News\",\"description\":\"Veja todas as not\u00edcias sobre o Flamengo: Contrata\u00e7\u00f5es, categorias de base, resultados das partidas, tabela de classifica\u00e7\u00e3o, pr\u00f3ximos jogos!\",\"potentialAction\":[{\"@type\":\"SearchAction\",\"target\":{\"@type\":\"EntryPoint\",\"urlTemplate\":\"https:\/\/www.gaveanews.com\/?s={search_term_string}\"},\"query-input\":{\"@type\":\"PropertyValueSpecification\",\"valueRequired\":true,\"valueName\":\"search_term_string\"}}],\"inLanguage\":\"pt-BR\"},{\"@type\":\"Person\",\"@id\":\"https:\/\/www.gaveanews.com\/#\/schema\/person\/2ec14f73fb96be2caf28f91afb14749d\",\"name\":\"Equipe G\u00e1vea News\",\"image\":{\"@type\":\"ImageObject\",\"inLanguage\":\"pt-BR\",\"@id\":\"https:\/\/www.gaveanews.com\/#\/schema\/person\/image\/\",\"url\":\"https:\/\/secure.gravatar.com\/avatar\/1e1956f1facbffd3f8fa53a326721950116b3b9dc9bd44939c01180fd4a745a9?s=96&d=mm&r=g\",\"contentUrl\":\"https:\/\/secure.gravatar.com\/avatar\/1e1956f1facbffd3f8fa53a326721950116b3b9dc9bd44939c01180fd4a745a9?s=96&d=mm&r=g\",\"caption\":\"Equipe G\u00e1vea News\"}}]}<\/script>\n<!-- \/ Yoast SEO Premium plugin. -->","yoast_head_json":{"title":"Flamengo entra com um pedido de tutela de urg\u00eancia no STJD","description":"O advogado do Flamengo anexou ainda um parecer m\u00e9dico no qual \u00e9 apontado ser um risco sanit\u00e1rio aos participantes.","robots":{"index":"index","follow":"follow","max-snippet":"max-snippet:-1","max-image-preview":"max-image-preview:large","max-video-preview":"max-video-preview:-1"},"canonical":"https:\/\/www.gaveanews.com\/index.php\/2020\/09\/24\/flamengo-entra-com-um-pedido-de-tutela-de-urgencia-no-stjd\/","og_locale":"pt_BR","og_type":"article","og_title":"Flamengo entra com um pedido de tutela de urg\u00eancia no STJD","og_description":"O advogado do Flamengo anexou ainda um parecer m\u00e9dico no qual \u00e9 apontado ser um risco sanit\u00e1rio aos participantes.","og_url":"https:\/\/www.gaveanews.com\/index.php\/2020\/09\/24\/flamengo-entra-com-um-pedido-de-tutela-de-urgencia-no-stjd\/","og_site_name":"G\u00e1vea News","article_publisher":"https:\/\/facebook.com\/gaveaNews\/","article_published_time":"2020-09-25T00:30:29+00:00","article_modified_time":"2020-09-25T00:30:33+00:00","og_image":[{"width":1200,"height":675,"url":"https:\/\/www.gaveanews.com\/wp-content\/uploads\/stjd.webp","type":"image\/jpeg"}],"author":"Equipe G\u00e1vea News","twitter_card":"summary_large_image","twitter_misc":{"Escrito por":"Equipe G\u00e1vea News","Est. tempo de leitura":"2 minutos"},"schema":{"@context":"https:\/\/schema.org","@graph":[{"@type":"NewsArticle","@id":"https:\/\/www.gaveanews.com\/index.php\/2020\/09\/24\/flamengo-entra-com-um-pedido-de-tutela-de-urgencia-no-stjd\/#article","isPartOf":{"@id":"https:\/\/www.gaveanews.com\/index.php\/2020\/09\/24\/flamengo-entra-com-um-pedido-de-tutela-de-urgencia-no-stjd\/"},"author":{"name":"Equipe G\u00e1vea News","@id":"https:\/\/www.gaveanews.com\/#\/schema\/person\/2ec14f73fb96be2caf28f91afb14749d"},"headline":"Flamengo entra com um pedido de tutela de urg\u00eancia no STJD","datePublished":"2020-09-25T00:30:29+00:00","dateModified":"2020-09-25T00:30:33+00:00","mainEntityOfPage":{"@id":"https:\/\/www.gaveanews.com\/index.php\/2020\/09\/24\/flamengo-entra-com-um-pedido-de-tutela-de-urgencia-no-stjd\/"},"wordCount":473,"commentCount":13,"image":{"@id":"https:\/\/www.gaveanews.com\/index.php\/2020\/09\/24\/flamengo-entra-com-um-pedido-de-tutela-de-urgencia-no-stjd\/#primaryimage"},"thumbnailUrl":"https:\/\/www.gaveanews.com\/wp-content\/uploads\/stjd.webp","articleSection":["Destaques"],"inLanguage":"pt-BR","potentialAction":[{"@type":"CommentAction","name":"Comment","target":["https:\/\/www.gaveanews.com\/index.php\/2020\/09\/24\/flamengo-entra-com-um-pedido-de-tutela-de-urgencia-no-stjd\/#respond"]}],"copyrightYear":"2020","copyrightHolder":{"@id":"https:\/\/www.gaveanews.com\/#organization"}},{"@type":"WebPage","@id":"https:\/\/www.gaveanews.com\/index.php\/2020\/09\/24\/flamengo-entra-com-um-pedido-de-tutela-de-urgencia-no-stjd\/","url":"https:\/\/www.gaveanews.com\/index.php\/2020\/09\/24\/flamengo-entra-com-um-pedido-de-tutela-de-urgencia-no-stjd\/","name":"Flamengo entra com um pedido de tutela de urg\u00eancia no STJD","isPartOf":{"@id":"https:\/\/www.gaveanews.com\/#website"},"primaryImageOfPage":{"@id":"https:\/\/www.gaveanews.com\/index.php\/2020\/09\/24\/flamengo-entra-com-um-pedido-de-tutela-de-urgencia-no-stjd\/#primaryimage"},"image":{"@id":"https:\/\/www.gaveanews.com\/index.php\/2020\/09\/24\/flamengo-entra-com-um-pedido-de-tutela-de-urgencia-no-stjd\/#primaryimage"},"thumbnailUrl":"https:\/\/www.gaveanews.com\/wp-content\/uploads\/stjd.webp","datePublished":"2020-09-25T00:30:29+00:00","dateModified":"2020-09-25T00:30:33+00:00","author":{"@id":"https:\/\/www.gaveanews.com\/#\/schema\/person\/2ec14f73fb96be2caf28f91afb14749d"},"description":"O advogado do Flamengo anexou ainda um parecer m\u00e9dico no qual \u00e9 apontado ser um risco sanit\u00e1rio aos participantes.","breadcrumb":{"@id":"https:\/\/www.gaveanews.com\/index.php\/2020\/09\/24\/flamengo-entra-com-um-pedido-de-tutela-de-urgencia-no-stjd\/#breadcrumb"},"inLanguage":"pt-BR","potentialAction":[{"@type":"ReadAction","target":["https:\/\/www.gaveanews.com\/index.php\/2020\/09\/24\/flamengo-entra-com-um-pedido-de-tutela-de-urgencia-no-stjd\/"]}]},{"@type":"ImageObject","inLanguage":"pt-BR","@id":"https:\/\/www.gaveanews.com\/index.php\/2020\/09\/24\/flamengo-entra-com-um-pedido-de-tutela-de-urgencia-no-stjd\/#primaryimage","url":"https:\/\/www.gaveanews.com\/wp-content\/uploads\/stjd.webp","contentUrl":"https:\/\/www.gaveanews.com\/wp-content\/uploads\/stjd.webp","width":1200,"height":675},{"@type":"BreadcrumbList","@id":"https:\/\/www.gaveanews.com\/index.php\/2020\/09\/24\/flamengo-entra-com-um-pedido-de-tutela-de-urgencia-no-stjd\/#breadcrumb","itemListElement":[{"@type":"ListItem","position":1,"name":"Home","item":"https:\/\/www.gaveanews.com\/"},{"@type":"ListItem","position":2,"name":"Flamengo entra com um pedido de tutela de urg\u00eancia no STJD"}]},{"@type":"WebSite","@id":"https:\/\/www.gaveanews.com\/#website","url":"https:\/\/www.gaveanews.com\/","name":"G\u00e1vea News","description":"Veja todas as not\u00edcias sobre o Flamengo: Contrata\u00e7\u00f5es, categorias de base, resultados das partidas, tabela de classifica\u00e7\u00e3o, pr\u00f3ximos jogos!","potentialAction":[{"@type":"SearchAction","target":{"@type":"EntryPoint","urlTemplate":"https:\/\/www.gaveanews.com\/?s={search_term_string}"},"query-input":{"@type":"PropertyValueSpecification","valueRequired":true,"valueName":"search_term_string"}}],"inLanguage":"pt-BR"},{"@type":"Person","@id":"https:\/\/www.gaveanews.com\/#\/schema\/person\/2ec14f73fb96be2caf28f91afb14749d","name":"Equipe G\u00e1vea News","image":{"@type":"ImageObject","inLanguage":"pt-BR","@id":"https:\/\/www.gaveanews.com\/#\/schema\/person\/image\/","url":"https:\/\/secure.gravatar.com\/avatar\/1e1956f1facbffd3f8fa53a326721950116b3b9dc9bd44939c01180fd4a745a9?s=96&d=mm&r=g","contentUrl":"https:\/\/secure.gravatar.com\/avatar\/1e1956f1facbffd3f8fa53a326721950116b3b9dc9bd44939c01180fd4a745a9?s=96&d=mm&r=g","caption":"Equipe G\u00e1vea News"}}]}},"_links":{"self":[{"href":"https:\/\/www.gaveanews.com\/index.php\/wp-json\/wp\/v2\/posts\/47977","targetHints":{"allow":["GET"]}}],"collection":[{"href":"https:\/\/www.gaveanews.com\/index.php\/wp-json\/wp\/v2\/posts"}],"about":[{"href":"https:\/\/www.gaveanews.com\/index.php\/wp-json\/wp\/v2\/types\/post"}],"author":[{"embeddable":true,"href":"https:\/\/www.gaveanews.com\/index.php\/wp-json\/wp\/v2\/users\/1"}],"replies":[{"embeddable":true,"href":"https:\/\/www.gaveanews.com\/index.php\/wp-json\/wp\/v2\/comments?post=47977"}],"version-history":[{"count":0,"href":"https:\/\/www.gaveanews.com\/index.php\/wp-json\/wp\/v2\/posts\/47977\/revisions"}],"wp:featuredmedia":[{"embeddable":true,"href":"https:\/\/www.gaveanews.com\/index.php\/wp-json\/wp\/v2\/media\/36980"}],"wp:attachment":[{"href":"https:\/\/www.gaveanews.com\/index.php\/wp-json\/wp\/v2\/media?parent=47977"}],"wp:term":[{"taxonomy":"category","embeddable":true,"href":"https:\/\/www.gaveanews.com\/index.php\/wp-json\/wp\/v2\/categories?post=47977"},{"taxonomy":"post_tag","embeddable":true,"href":"https:\/\/www.gaveanews.com\/index.php\/wp-json\/wp\/v2\/tags?post=47977"}],"curies":[{"name":"wp","href":"https:\/\/api.w.org\/{rel}","templated":true}]}}