{"id":47979,"date":"2020-09-24T21:39:51","date_gmt":"2020-09-25T00:39:51","guid":{"rendered":"https:\/\/www.gaveanews.com\/?p=47979"},"modified":"2020-09-24T21:39:53","modified_gmt":"2020-09-25T00:39:53","slug":"cbf-ira-utilizar-o-mesmo-protocolo-adotado-pela-a-uefa","status":"publish","type":"post","link":"https:\/\/www.gaveanews.com\/index.php\/2020\/09\/24\/cbf-ira-utilizar-o-mesmo-protocolo-adotado-pela-a-uefa\/","title":{"rendered":"CBF ir\u00e1 utilizar o mesmo protocolo adotado pela a Uefa"},"content":{"rendered":"\n<p>O secret\u00e1rio-geral da CBF, Walter Feldman, afirmou hoje que a entidade decidiu adotar o mesmo protocolo da Uefa para que uma partida aconte\u00e7a: m\u00ednimo de 13 atletas por time. Segundo a CBF, o Flamengo s\u00f3 n\u00e3o enfrentar\u00e1 o Palmeiras, no pr\u00f3ximo domingo (27), pelo Brasileir\u00e3o, se n\u00e3o tiver pelo menos 13 jogadores dispon\u00edveis.<\/p>\n\n\n\n<p>&#8220;A gente resolveu hoje, em decis\u00e3o compartilhada com clubes e federa\u00e7\u00f5es envolvidas no Campeonato Brasileiro S\u00e9rie A, adotar o crit\u00e9rio da Uefa. Tendo 13 jogadores em condi\u00e7\u00f5es, a bola rola e o jogo prossegue. Isso n\u00e3o tem a ver com o Flamengo, mas tem a ver com decis\u00f5es que se somaram e j\u00e1 tem jurisprud\u00eancia&#8221;, disse em entrevista \u00e0 ESPN.<\/p>\n\n\n\n<p>O Flamengo pediu o adiamento da partida ap\u00f3s ver um surto de casos da covid-19 no elenco. O Palmeiras se manifestou contra o adiamento.<br>&#8220;Se tiver plantel suficiente para jogar, ir\u00e1 jogar e n\u00e3o haver\u00e1 risco. Falo em nome de muitos infectologistas. A contamina\u00e7\u00e3o do campo \u00e9 muito improv\u00e1vel, n\u00e3o deve acontecer em ambiente aberto em contato ligeiro&#8221;, declarou Weldman.<\/p>\n\n\n\n<p>&#8220;No protocolo, se o protocolo for respeitado, o abra\u00e7o, comemora\u00e7\u00e3o, a proximidade em excesso, nada disso deve acontecer. Isso conta na responsabilidade de cada clube. Eu diria que, do ponto de vista dos infectologistas, o que est\u00e1 sendo feito est\u00e1 dentro dos par\u00e2metros aceit\u00e1veis. Protocolo tem seguran\u00e7a, espera-se que se respeite. N\u00e3o d\u00e1 para comparar jogo com o que tem acontecido em bares, ruas, praias.&#8221;<\/p>\n\n\n\n<p>&#8220;\u00c9 prov\u00e1vel que parte da contamina\u00e7\u00e3o relevante vem fora do ambiente esportivo, fora do est\u00e1dio. Uma parte \u00e9 controlada pelo futebol. Cada um tem sua vida, \u00e9 muito dif\u00edcil acompanhar&#8221;, finalizou.<\/p>\n\n\n\n<p>Retirado de: UOL<\/p>\n","protected":false},"excerpt":{"rendered":"<p>O secret\u00e1rio-geral da CBF, Walter Feldman, afirmou hoje que a entidade decidiu adotar o mesmo protocolo da Uefa para que uma partida aconte\u00e7a: m\u00ednimo de 13 atletas por time. Segundo a CBF, o Flamengo s\u00f3 n\u00e3o enfrentar\u00e1 o Palmeiras, no pr\u00f3ximo domingo (27), pelo Brasileir\u00e3o, se n\u00e3o tiver pelo menos 13 jogadores dispon\u00edveis. &#8220;A gente [&hellip;]<\/p>\n","protected":false},"author":1,"featured_media":16271,"comment_status":"open","ping_status":"closed","sticky":false,"template":"","format":"standard","meta":{"footnotes":""},"categories":[1],"tags":[],"class_list":["post-47979","post","type-post","status-publish","format-standard","has-post-thumbnail","hentry","category-flamengo"],"yoast_head":"<!-- This site is optimized with the Yoast SEO Premium plugin v24.2 (Yoast SEO v26.9) - https:\/\/yoast.com\/product\/yoast-seo-premium-wordpress\/ -->\n<title>CBF ir\u00e1 utilizar o mesmo protocolo adotado pela a Uefa<\/title>\n<meta name=\"description\" content=\"A diretoria do Flamengo pediu o adiamento da partida contra o Palmeiras ap\u00f3s ver um surto de casos da covid-19 em seu elenco.\" \/>\n<meta name=\"robots\" content=\"index, follow, max-snippet:-1, max-image-preview:large, max-video-preview:-1\" \/>\n<link rel=\"canonical\" href=\"https:\/\/www.gaveanews.com\/index.php\/2020\/09\/24\/cbf-ira-utilizar-o-mesmo-protocolo-adotado-pela-a-uefa\/\" \/>\n<meta property=\"og:locale\" content=\"pt_BR\" \/>\n<meta property=\"og:type\" content=\"article\" \/>\n<meta property=\"og:title\" content=\"CBF ir\u00e1 utilizar o mesmo protocolo adotado pela a Uefa\" \/>\n<meta property=\"og:description\" content=\"A diretoria do Flamengo pediu o adiamento da partida contra o Palmeiras ap\u00f3s ver um surto de casos da covid-19 em seu elenco.\" \/>\n<meta property=\"og:url\" content=\"https:\/\/www.gaveanews.com\/index.php\/2020\/09\/24\/cbf-ira-utilizar-o-mesmo-protocolo-adotado-pela-a-uefa\/\" \/>\n<meta property=\"og:site_name\" content=\"G\u00e1vea News\" \/>\n<meta property=\"article:publisher\" content=\"https:\/\/facebook.com\/gaveaNews\/\" \/>\n<meta property=\"article:published_time\" content=\"2020-09-25T00:39:51+00:00\" \/>\n<meta property=\"article:modified_time\" content=\"2020-09-25T00:39:53+00:00\" \/>\n<meta property=\"og:image\" content=\"https:\/\/www.gaveanews.com\/wp-content\/uploads\/2019\/02\/Sede-da-CBF-no-Rio-de-Janeiro.webp\" \/>\n\t<meta property=\"og:image:width\" content=\"690\" \/>\n\t<meta property=\"og:image:height\" content=\"518\" \/>\n\t<meta property=\"og:image:type\" content=\"image\/jpeg\" \/>\n<meta name=\"author\" content=\"Equipe G\u00e1vea News\" \/>\n<meta name=\"twitter:card\" content=\"summary_large_image\" \/>\n<meta name=\"twitter:label1\" content=\"Escrito por\" \/>\n\t<meta name=\"twitter:data1\" content=\"Equipe G\u00e1vea News\" \/>\n\t<meta name=\"twitter:label2\" content=\"Est. tempo de leitura\" \/>\n\t<meta name=\"twitter:data2\" content=\"1 minuto\" \/>\n<script type=\"application\/ld+json\" class=\"yoast-schema-graph\">{\"@context\":\"https:\/\/schema.org\",\"@graph\":[{\"@type\":\"NewsArticle\",\"@id\":\"https:\/\/www.gaveanews.com\/index.php\/2020\/09\/24\/cbf-ira-utilizar-o-mesmo-protocolo-adotado-pela-a-uefa\/#article\",\"isPartOf\":{\"@id\":\"https:\/\/www.gaveanews.com\/index.php\/2020\/09\/24\/cbf-ira-utilizar-o-mesmo-protocolo-adotado-pela-a-uefa\/\"},\"author\":{\"name\":\"Equipe G\u00e1vea News\",\"@id\":\"https:\/\/www.gaveanews.com\/#\/schema\/person\/2ec14f73fb96be2caf28f91afb14749d\"},\"headline\":\"CBF ir\u00e1 utilizar o mesmo protocolo adotado pela a Uefa\",\"datePublished\":\"2020-09-25T00:39:51+00:00\",\"dateModified\":\"2020-09-25T00:39:53+00:00\",\"mainEntityOfPage\":{\"@id\":\"https:\/\/www.gaveanews.com\/index.php\/2020\/09\/24\/cbf-ira-utilizar-o-mesmo-protocolo-adotado-pela-a-uefa\/\"},\"wordCount\":304,\"commentCount\":14,\"image\":{\"@id\":\"https:\/\/www.gaveanews.com\/index.php\/2020\/09\/24\/cbf-ira-utilizar-o-mesmo-protocolo-adotado-pela-a-uefa\/#primaryimage\"},\"thumbnailUrl\":\"https:\/\/www.gaveanews.com\/wp-content\/uploads\/2019\/02\/Sede-da-CBF-no-Rio-de-Janeiro.webp\",\"articleSection\":[\"Flamengo\"],\"inLanguage\":\"pt-BR\",\"potentialAction\":[{\"@type\":\"CommentAction\",\"name\":\"Comment\",\"target\":[\"https:\/\/www.gaveanews.com\/index.php\/2020\/09\/24\/cbf-ira-utilizar-o-mesmo-protocolo-adotado-pela-a-uefa\/#respond\"]}],\"copyrightYear\":\"2020\",\"copyrightHolder\":{\"@id\":\"https:\/\/www.gaveanews.com\/#organization\"}},{\"@type\":\"WebPage\",\"@id\":\"https:\/\/www.gaveanews.com\/index.php\/2020\/09\/24\/cbf-ira-utilizar-o-mesmo-protocolo-adotado-pela-a-uefa\/\",\"url\":\"https:\/\/www.gaveanews.com\/index.php\/2020\/09\/24\/cbf-ira-utilizar-o-mesmo-protocolo-adotado-pela-a-uefa\/\",\"name\":\"CBF ir\u00e1 utilizar o mesmo protocolo adotado pela a Uefa\",\"isPartOf\":{\"@id\":\"https:\/\/www.gaveanews.com\/#website\"},\"primaryImageOfPage\":{\"@id\":\"https:\/\/www.gaveanews.com\/index.php\/2020\/09\/24\/cbf-ira-utilizar-o-mesmo-protocolo-adotado-pela-a-uefa\/#primaryimage\"},\"image\":{\"@id\":\"https:\/\/www.gaveanews.com\/index.php\/2020\/09\/24\/cbf-ira-utilizar-o-mesmo-protocolo-adotado-pela-a-uefa\/#primaryimage\"},\"thumbnailUrl\":\"https:\/\/www.gaveanews.com\/wp-content\/uploads\/2019\/02\/Sede-da-CBF-no-Rio-de-Janeiro.webp\",\"datePublished\":\"2020-09-25T00:39:51+00:00\",\"dateModified\":\"2020-09-25T00:39:53+00:00\",\"author\":{\"@id\":\"https:\/\/www.gaveanews.com\/#\/schema\/person\/2ec14f73fb96be2caf28f91afb14749d\"},\"description\":\"A diretoria do Flamengo pediu o adiamento da partida contra o Palmeiras ap\u00f3s ver um surto de casos da covid-19 em seu elenco.\",\"breadcrumb\":{\"@id\":\"https:\/\/www.gaveanews.com\/index.php\/2020\/09\/24\/cbf-ira-utilizar-o-mesmo-protocolo-adotado-pela-a-uefa\/#breadcrumb\"},\"inLanguage\":\"pt-BR\",\"potentialAction\":[{\"@type\":\"ReadAction\",\"target\":[\"https:\/\/www.gaveanews.com\/index.php\/2020\/09\/24\/cbf-ira-utilizar-o-mesmo-protocolo-adotado-pela-a-uefa\/\"]}]},{\"@type\":\"ImageObject\",\"inLanguage\":\"pt-BR\",\"@id\":\"https:\/\/www.gaveanews.com\/index.php\/2020\/09\/24\/cbf-ira-utilizar-o-mesmo-protocolo-adotado-pela-a-uefa\/#primaryimage\",\"url\":\"https:\/\/www.gaveanews.com\/wp-content\/uploads\/2019\/02\/Sede-da-CBF-no-Rio-de-Janeiro.webp\",\"contentUrl\":\"https:\/\/www.gaveanews.com\/wp-content\/uploads\/2019\/02\/Sede-da-CBF-no-Rio-de-Janeiro.webp\",\"width\":690,\"height\":518,\"caption\":\"Sede da CBF no Rio de Janeiro (Foto: Cah\u00ea Mota\/Globo Esporte)\"},{\"@type\":\"BreadcrumbList\",\"@id\":\"https:\/\/www.gaveanews.com\/index.php\/2020\/09\/24\/cbf-ira-utilizar-o-mesmo-protocolo-adotado-pela-a-uefa\/#breadcrumb\",\"itemListElement\":[{\"@type\":\"ListItem\",\"position\":1,\"name\":\"Home\",\"item\":\"https:\/\/www.gaveanews.com\/\"},{\"@type\":\"ListItem\",\"position\":2,\"name\":\"CBF ir\u00e1 utilizar o mesmo protocolo adotado pela a Uefa\"}]},{\"@type\":\"WebSite\",\"@id\":\"https:\/\/www.gaveanews.com\/#website\",\"url\":\"https:\/\/www.gaveanews.com\/\",\"name\":\"G\u00e1vea News\",\"description\":\"Veja todas as not\u00edcias sobre o Flamengo: Contrata\u00e7\u00f5es, categorias de base, resultados das partidas, tabela de classifica\u00e7\u00e3o, pr\u00f3ximos jogos!\",\"potentialAction\":[{\"@type\":\"SearchAction\",\"target\":{\"@type\":\"EntryPoint\",\"urlTemplate\":\"https:\/\/www.gaveanews.com\/?s={search_term_string}\"},\"query-input\":{\"@type\":\"PropertyValueSpecification\",\"valueRequired\":true,\"valueName\":\"search_term_string\"}}],\"inLanguage\":\"pt-BR\"},{\"@type\":\"Person\",\"@id\":\"https:\/\/www.gaveanews.com\/#\/schema\/person\/2ec14f73fb96be2caf28f91afb14749d\",\"name\":\"Equipe G\u00e1vea News\",\"image\":{\"@type\":\"ImageObject\",\"inLanguage\":\"pt-BR\",\"@id\":\"https:\/\/www.gaveanews.com\/#\/schema\/person\/image\/\",\"url\":\"https:\/\/secure.gravatar.com\/avatar\/1e1956f1facbffd3f8fa53a326721950116b3b9dc9bd44939c01180fd4a745a9?s=96&d=mm&r=g\",\"contentUrl\":\"https:\/\/secure.gravatar.com\/avatar\/1e1956f1facbffd3f8fa53a326721950116b3b9dc9bd44939c01180fd4a745a9?s=96&d=mm&r=g\",\"caption\":\"Equipe G\u00e1vea News\"}}]}<\/script>\n<!-- \/ Yoast SEO Premium plugin. -->","yoast_head_json":{"title":"CBF ir\u00e1 utilizar o mesmo protocolo adotado pela a Uefa","description":"A diretoria do Flamengo pediu o adiamento da partida contra o Palmeiras ap\u00f3s ver um surto de casos da covid-19 em seu elenco.","robots":{"index":"index","follow":"follow","max-snippet":"max-snippet:-1","max-image-preview":"max-image-preview:large","max-video-preview":"max-video-preview:-1"},"canonical":"https:\/\/www.gaveanews.com\/index.php\/2020\/09\/24\/cbf-ira-utilizar-o-mesmo-protocolo-adotado-pela-a-uefa\/","og_locale":"pt_BR","og_type":"article","og_title":"CBF ir\u00e1 utilizar o mesmo protocolo adotado pela a Uefa","og_description":"A diretoria do Flamengo pediu o adiamento da partida contra o Palmeiras ap\u00f3s ver um surto de casos da covid-19 em seu elenco.","og_url":"https:\/\/www.gaveanews.com\/index.php\/2020\/09\/24\/cbf-ira-utilizar-o-mesmo-protocolo-adotado-pela-a-uefa\/","og_site_name":"G\u00e1vea News","article_publisher":"https:\/\/facebook.com\/gaveaNews\/","article_published_time":"2020-09-25T00:39:51+00:00","article_modified_time":"2020-09-25T00:39:53+00:00","og_image":[{"width":690,"height":518,"url":"https:\/\/www.gaveanews.com\/wp-content\/uploads\/2019\/02\/Sede-da-CBF-no-Rio-de-Janeiro.webp","type":"image\/jpeg"}],"author":"Equipe G\u00e1vea News","twitter_card":"summary_large_image","twitter_misc":{"Escrito por":"Equipe G\u00e1vea News","Est. tempo de leitura":"1 minuto"},"schema":{"@context":"https:\/\/schema.org","@graph":[{"@type":"NewsArticle","@id":"https:\/\/www.gaveanews.com\/index.php\/2020\/09\/24\/cbf-ira-utilizar-o-mesmo-protocolo-adotado-pela-a-uefa\/#article","isPartOf":{"@id":"https:\/\/www.gaveanews.com\/index.php\/2020\/09\/24\/cbf-ira-utilizar-o-mesmo-protocolo-adotado-pela-a-uefa\/"},"author":{"name":"Equipe G\u00e1vea News","@id":"https:\/\/www.gaveanews.com\/#\/schema\/person\/2ec14f73fb96be2caf28f91afb14749d"},"headline":"CBF ir\u00e1 utilizar o mesmo protocolo adotado pela a Uefa","datePublished":"2020-09-25T00:39:51+00:00","dateModified":"2020-09-25T00:39:53+00:00","mainEntityOfPage":{"@id":"https:\/\/www.gaveanews.com\/index.php\/2020\/09\/24\/cbf-ira-utilizar-o-mesmo-protocolo-adotado-pela-a-uefa\/"},"wordCount":304,"commentCount":14,"image":{"@id":"https:\/\/www.gaveanews.com\/index.php\/2020\/09\/24\/cbf-ira-utilizar-o-mesmo-protocolo-adotado-pela-a-uefa\/#primaryimage"},"thumbnailUrl":"https:\/\/www.gaveanews.com\/wp-content\/uploads\/2019\/02\/Sede-da-CBF-no-Rio-de-Janeiro.webp","articleSection":["Flamengo"],"inLanguage":"pt-BR","potentialAction":[{"@type":"CommentAction","name":"Comment","target":["https:\/\/www.gaveanews.com\/index.php\/2020\/09\/24\/cbf-ira-utilizar-o-mesmo-protocolo-adotado-pela-a-uefa\/#respond"]}],"copyrightYear":"2020","copyrightHolder":{"@id":"https:\/\/www.gaveanews.com\/#organization"}},{"@type":"WebPage","@id":"https:\/\/www.gaveanews.com\/index.php\/2020\/09\/24\/cbf-ira-utilizar-o-mesmo-protocolo-adotado-pela-a-uefa\/","url":"https:\/\/www.gaveanews.com\/index.php\/2020\/09\/24\/cbf-ira-utilizar-o-mesmo-protocolo-adotado-pela-a-uefa\/","name":"CBF ir\u00e1 utilizar o mesmo protocolo adotado pela a Uefa","isPartOf":{"@id":"https:\/\/www.gaveanews.com\/#website"},"primaryImageOfPage":{"@id":"https:\/\/www.gaveanews.com\/index.php\/2020\/09\/24\/cbf-ira-utilizar-o-mesmo-protocolo-adotado-pela-a-uefa\/#primaryimage"},"image":{"@id":"https:\/\/www.gaveanews.com\/index.php\/2020\/09\/24\/cbf-ira-utilizar-o-mesmo-protocolo-adotado-pela-a-uefa\/#primaryimage"},"thumbnailUrl":"https:\/\/www.gaveanews.com\/wp-content\/uploads\/2019\/02\/Sede-da-CBF-no-Rio-de-Janeiro.webp","datePublished":"2020-09-25T00:39:51+00:00","dateModified":"2020-09-25T00:39:53+00:00","author":{"@id":"https:\/\/www.gaveanews.com\/#\/schema\/person\/2ec14f73fb96be2caf28f91afb14749d"},"description":"A diretoria do Flamengo pediu o adiamento da partida contra o Palmeiras ap\u00f3s ver um surto de casos da covid-19 em seu elenco.","breadcrumb":{"@id":"https:\/\/www.gaveanews.com\/index.php\/2020\/09\/24\/cbf-ira-utilizar-o-mesmo-protocolo-adotado-pela-a-uefa\/#breadcrumb"},"inLanguage":"pt-BR","potentialAction":[{"@type":"ReadAction","target":["https:\/\/www.gaveanews.com\/index.php\/2020\/09\/24\/cbf-ira-utilizar-o-mesmo-protocolo-adotado-pela-a-uefa\/"]}]},{"@type":"ImageObject","inLanguage":"pt-BR","@id":"https:\/\/www.gaveanews.com\/index.php\/2020\/09\/24\/cbf-ira-utilizar-o-mesmo-protocolo-adotado-pela-a-uefa\/#primaryimage","url":"https:\/\/www.gaveanews.com\/wp-content\/uploads\/2019\/02\/Sede-da-CBF-no-Rio-de-Janeiro.webp","contentUrl":"https:\/\/www.gaveanews.com\/wp-content\/uploads\/2019\/02\/Sede-da-CBF-no-Rio-de-Janeiro.webp","width":690,"height":518,"caption":"Sede da CBF no Rio de Janeiro (Foto: Cah\u00ea Mota\/Globo Esporte)"},{"@type":"BreadcrumbList","@id":"https:\/\/www.gaveanews.com\/index.php\/2020\/09\/24\/cbf-ira-utilizar-o-mesmo-protocolo-adotado-pela-a-uefa\/#breadcrumb","itemListElement":[{"@type":"ListItem","position":1,"name":"Home","item":"https:\/\/www.gaveanews.com\/"},{"@type":"ListItem","position":2,"name":"CBF ir\u00e1 utilizar o mesmo protocolo adotado pela a Uefa"}]},{"@type":"WebSite","@id":"https:\/\/www.gaveanews.com\/#website","url":"https:\/\/www.gaveanews.com\/","name":"G\u00e1vea News","description":"Veja todas as not\u00edcias sobre o Flamengo: Contrata\u00e7\u00f5es, categorias de base, resultados das partidas, tabela de classifica\u00e7\u00e3o, pr\u00f3ximos jogos!","potentialAction":[{"@type":"SearchAction","target":{"@type":"EntryPoint","urlTemplate":"https:\/\/www.gaveanews.com\/?s={search_term_string}"},"query-input":{"@type":"PropertyValueSpecification","valueRequired":true,"valueName":"search_term_string"}}],"inLanguage":"pt-BR"},{"@type":"Person","@id":"https:\/\/www.gaveanews.com\/#\/schema\/person\/2ec14f73fb96be2caf28f91afb14749d","name":"Equipe G\u00e1vea News","image":{"@type":"ImageObject","inLanguage":"pt-BR","@id":"https:\/\/www.gaveanews.com\/#\/schema\/person\/image\/","url":"https:\/\/secure.gravatar.com\/avatar\/1e1956f1facbffd3f8fa53a326721950116b3b9dc9bd44939c01180fd4a745a9?s=96&d=mm&r=g","contentUrl":"https:\/\/secure.gravatar.com\/avatar\/1e1956f1facbffd3f8fa53a326721950116b3b9dc9bd44939c01180fd4a745a9?s=96&d=mm&r=g","caption":"Equipe G\u00e1vea News"}}]}},"_links":{"self":[{"href":"https:\/\/www.gaveanews.com\/index.php\/wp-json\/wp\/v2\/posts\/47979","targetHints":{"allow":["GET"]}}],"collection":[{"href":"https:\/\/www.gaveanews.com\/index.php\/wp-json\/wp\/v2\/posts"}],"about":[{"href":"https:\/\/www.gaveanews.com\/index.php\/wp-json\/wp\/v2\/types\/post"}],"author":[{"embeddable":true,"href":"https:\/\/www.gaveanews.com\/index.php\/wp-json\/wp\/v2\/users\/1"}],"replies":[{"embeddable":true,"href":"https:\/\/www.gaveanews.com\/index.php\/wp-json\/wp\/v2\/comments?post=47979"}],"version-history":[{"count":0,"href":"https:\/\/www.gaveanews.com\/index.php\/wp-json\/wp\/v2\/posts\/47979\/revisions"}],"wp:featuredmedia":[{"embeddable":true,"href":"https:\/\/www.gaveanews.com\/index.php\/wp-json\/wp\/v2\/media\/16271"}],"wp:attachment":[{"href":"https:\/\/www.gaveanews.com\/index.php\/wp-json\/wp\/v2\/media?parent=47979"}],"wp:term":[{"taxonomy":"category","embeddable":true,"href":"https:\/\/www.gaveanews.com\/index.php\/wp-json\/wp\/v2\/categories?post=47979"},{"taxonomy":"post_tag","embeddable":true,"href":"https:\/\/www.gaveanews.com\/index.php\/wp-json\/wp\/v2\/tags?post=47979"}],"curies":[{"name":"wp","href":"https:\/\/api.w.org\/{rel}","templated":true}]}}