{"id":47981,"date":"2020-09-24T22:21:38","date_gmt":"2020-09-25T01:21:38","guid":{"rendered":"https:\/\/www.gaveanews.com\/?p=47981"},"modified":"2020-09-24T22:21:40","modified_gmt":"2020-09-25T01:21:40","slug":"reuniao-sobre-publico-nos-estadios-termina-em-impasse-e-bate-boca-esqueceu-de-tomar-o-gardenal","status":"publish","type":"post","link":"https:\/\/www.gaveanews.com\/index.php\/2020\/09\/24\/reuniao-sobre-publico-nos-estadios-termina-em-impasse-e-bate-boca-esqueceu-de-tomar-o-gardenal\/","title":{"rendered":"Reuni\u00e3o sobre p\u00fablico nos est\u00e1dios termina em impasse e bate-boca: &#8220;Esqueceu de tomar o Gardenal&#8221;"},"content":{"rendered":"\n<p>A reuni\u00e3o entre a CBF e clubes nesta quinta-feira sobre a possibilidade dos est\u00e1dios voltarem a ter p\u00fablico terminou em indecis\u00e3o e apimentada por um bate-boca. De acordo com informa\u00e7\u00f5es do jornal &#8220;O Globo&#8221;, o presidente da entidade m\u00e1xima do futebol nacional, Rog\u00e9rio Caboclo, e o presidente da Ferj, Rubens Lopes, discutiram fortemente, a ponto do secret\u00e1rio-geral da CBF, Walter Feldman intervir e encerrar o encontro online.<\/p>\n\n\n\n<p>H\u00e1 informa\u00e7\u00f5es de que o mandat\u00e1rio da Ferj teria dito que Caboclo  &#8220;esqueceu de tomar o Gardenal&#8221;. Os clubes naquele momento divergiam sobre a volta do p\u00fablico.<\/p>\n\n\n\n<p>O Flamengo defendia que os dirigentes n\u00e3o deveriam tomar decis\u00e3o sobre o retorno. Aos olhos do Rubro-Negro, \u00e0 medida que as cidades que dessem aval para a presen\u00e7a de torcida, os clubes deveriam usufruir automaticamente. Por\u00e9m, clubes como Palmeiras e Corinthians mantiveram a ideia de que o retorno do p\u00fablico deve ocorrer para todos.<\/p>\n\n\n\n<p>Rubens Lopes levantou uma quest\u00e3o t\u00e9cnica e destacou que a reuni\u00e3o n\u00e3o poderia votar qualquer assunto, uma vez que n\u00e3o foi convocada no formato do conselho t\u00e9cnico (f\u00f3rum para debater regulamentos da S\u00e9rie A). O dirigente tamb\u00e9m pedia mais tempo para manifestar seu posicionamento e queixou-se de falta de democracia na reuni\u00e3o.<\/p>\n\n\n\n<p>Rubens Lopes tamb\u00e9m discutiu anteriormente com o presidente do Athletico-PR, Mario Celso Petraglia, que citou &#8220;a quantidade de governadores do Rio de Janeiro presos recentemente&#8221;.<\/p>\n\n\n\n<p>Pr\u00f3ximo do fim da reuni\u00e3o, os \u00e2nimos entre Caboclo e Rubens Lopes ficaram mais acirrados. O presidente da CBF quis votar a quest\u00e3o de p\u00fablico em pauta para vota\u00e7\u00e3o, mas o dirigente da Ferj se queixou. Ap\u00f3s muitas idas e vindas, Feldman optou por encerrar a reuni\u00e3o, mantendo o impasse.<\/p>\n\n\n\n<p>Retirado de: Lance<\/p>\n","protected":false},"excerpt":{"rendered":"<p>A reuni\u00e3o entre a CBF e clubes nesta quinta-feira sobre a possibilidade dos est\u00e1dios voltarem a ter p\u00fablico terminou em indecis\u00e3o e apimentada por um bate-boca. De acordo com informa\u00e7\u00f5es do jornal &#8220;O Globo&#8221;, o presidente da entidade m\u00e1xima do futebol nacional, Rog\u00e9rio Caboclo, e o presidente da Ferj, Rubens Lopes, discutiram fortemente, a ponto [&hellip;]<\/p>\n","protected":false},"author":1,"featured_media":16301,"comment_status":"open","ping_status":"closed","sticky":false,"template":"","format":"standard","meta":{"footnotes":""},"categories":[1],"tags":[],"class_list":["post-47981","post","type-post","status-publish","format-standard","has-post-thumbnail","hentry","category-flamengo"],"yoast_head":"<!-- This site is optimized with the Yoast SEO Premium plugin v24.2 (Yoast SEO v26.9) - https:\/\/yoast.com\/product\/yoast-seo-premium-wordpress\/ -->\n<title>Reuni\u00e3o sobre p\u00fablico nos est\u00e1dios termina em impasse e bate-boca<\/title>\n<meta name=\"description\" content=\"A reuni\u00e3o desta quinta-feira sobre a possibilidade dos est\u00e1dios voltarem a ter p\u00fablico terminou em indecis\u00e3o e apimentada por um bate-boca.\" \/>\n<meta name=\"robots\" content=\"index, follow, max-snippet:-1, max-image-preview:large, max-video-preview:-1\" \/>\n<link rel=\"canonical\" href=\"https:\/\/www.gaveanews.com\/index.php\/2020\/09\/24\/reuniao-sobre-publico-nos-estadios-termina-em-impasse-e-bate-boca-esqueceu-de-tomar-o-gardenal\/\" \/>\n<meta property=\"og:locale\" content=\"pt_BR\" \/>\n<meta property=\"og:type\" content=\"article\" \/>\n<meta property=\"og:title\" content=\"Reuni\u00e3o sobre p\u00fablico nos est\u00e1dios termina em impasse e bate-boca: &quot;Esqueceu de tomar o Gardenal&quot;\" \/>\n<meta property=\"og:description\" content=\"A reuni\u00e3o desta quinta-feira sobre a possibilidade dos est\u00e1dios voltarem a ter p\u00fablico terminou em indecis\u00e3o e apimentada por um bate-boca.\" \/>\n<meta property=\"og:url\" content=\"https:\/\/www.gaveanews.com\/index.php\/2020\/09\/24\/reuniao-sobre-publico-nos-estadios-termina-em-impasse-e-bate-boca-esqueceu-de-tomar-o-gardenal\/\" \/>\n<meta property=\"og:site_name\" content=\"G\u00e1vea News\" \/>\n<meta property=\"article:publisher\" content=\"https:\/\/facebook.com\/gaveaNews\/\" \/>\n<meta property=\"article:published_time\" content=\"2020-09-25T01:21:38+00:00\" \/>\n<meta property=\"article:modified_time\" content=\"2020-09-25T01:21:40+00:00\" \/>\n<meta property=\"og:image\" content=\"https:\/\/www.gaveanews.com\/wp-content\/uploads\/2019\/03\/Presidente-da-FERJ-Rubens-Lopes-durante-coletiva-de-imprensa.webp\" \/>\n\t<meta property=\"og:image:width\" content=\"841\" \/>\n\t<meta property=\"og:image:height\" content=\"600\" \/>\n\t<meta property=\"og:image:type\" content=\"image\/jpeg\" \/>\n<meta name=\"author\" content=\"Equipe G\u00e1vea News\" \/>\n<meta name=\"twitter:card\" content=\"summary_large_image\" \/>\n<meta name=\"twitter:label1\" content=\"Escrito por\" \/>\n\t<meta name=\"twitter:data1\" content=\"Equipe G\u00e1vea News\" \/>\n\t<meta name=\"twitter:label2\" content=\"Est. tempo de leitura\" \/>\n\t<meta name=\"twitter:data2\" content=\"2 minutos\" \/>\n<script type=\"application\/ld+json\" class=\"yoast-schema-graph\">{\"@context\":\"https:\/\/schema.org\",\"@graph\":[{\"@type\":\"NewsArticle\",\"@id\":\"https:\/\/www.gaveanews.com\/index.php\/2020\/09\/24\/reuniao-sobre-publico-nos-estadios-termina-em-impasse-e-bate-boca-esqueceu-de-tomar-o-gardenal\/#article\",\"isPartOf\":{\"@id\":\"https:\/\/www.gaveanews.com\/index.php\/2020\/09\/24\/reuniao-sobre-publico-nos-estadios-termina-em-impasse-e-bate-boca-esqueceu-de-tomar-o-gardenal\/\"},\"author\":{\"name\":\"Equipe G\u00e1vea News\",\"@id\":\"https:\/\/www.gaveanews.com\/#\/schema\/person\/2ec14f73fb96be2caf28f91afb14749d\"},\"headline\":\"Reuni\u00e3o sobre p\u00fablico nos est\u00e1dios termina em impasse e bate-boca: &#8220;Esqueceu de tomar o Gardenal&#8221;\",\"datePublished\":\"2020-09-25T01:21:38+00:00\",\"dateModified\":\"2020-09-25T01:21:40+00:00\",\"mainEntityOfPage\":{\"@id\":\"https:\/\/www.gaveanews.com\/index.php\/2020\/09\/24\/reuniao-sobre-publico-nos-estadios-termina-em-impasse-e-bate-boca-esqueceu-de-tomar-o-gardenal\/\"},\"wordCount\":329,\"commentCount\":7,\"image\":{\"@id\":\"https:\/\/www.gaveanews.com\/index.php\/2020\/09\/24\/reuniao-sobre-publico-nos-estadios-termina-em-impasse-e-bate-boca-esqueceu-de-tomar-o-gardenal\/#primaryimage\"},\"thumbnailUrl\":\"https:\/\/www.gaveanews.com\/wp-content\/uploads\/2019\/03\/Presidente-da-FERJ-Rubens-Lopes-durante-coletiva-de-imprensa.webp\",\"articleSection\":[\"Flamengo\"],\"inLanguage\":\"pt-BR\",\"potentialAction\":[{\"@type\":\"CommentAction\",\"name\":\"Comment\",\"target\":[\"https:\/\/www.gaveanews.com\/index.php\/2020\/09\/24\/reuniao-sobre-publico-nos-estadios-termina-em-impasse-e-bate-boca-esqueceu-de-tomar-o-gardenal\/#respond\"]}],\"copyrightYear\":\"2020\",\"copyrightHolder\":{\"@id\":\"https:\/\/www.gaveanews.com\/#organization\"}},{\"@type\":\"WebPage\",\"@id\":\"https:\/\/www.gaveanews.com\/index.php\/2020\/09\/24\/reuniao-sobre-publico-nos-estadios-termina-em-impasse-e-bate-boca-esqueceu-de-tomar-o-gardenal\/\",\"url\":\"https:\/\/www.gaveanews.com\/index.php\/2020\/09\/24\/reuniao-sobre-publico-nos-estadios-termina-em-impasse-e-bate-boca-esqueceu-de-tomar-o-gardenal\/\",\"name\":\"Reuni\u00e3o sobre p\u00fablico nos est\u00e1dios termina em impasse e bate-boca\",\"isPartOf\":{\"@id\":\"https:\/\/www.gaveanews.com\/#website\"},\"primaryImageOfPage\":{\"@id\":\"https:\/\/www.gaveanews.com\/index.php\/2020\/09\/24\/reuniao-sobre-publico-nos-estadios-termina-em-impasse-e-bate-boca-esqueceu-de-tomar-o-gardenal\/#primaryimage\"},\"image\":{\"@id\":\"https:\/\/www.gaveanews.com\/index.php\/2020\/09\/24\/reuniao-sobre-publico-nos-estadios-termina-em-impasse-e-bate-boca-esqueceu-de-tomar-o-gardenal\/#primaryimage\"},\"thumbnailUrl\":\"https:\/\/www.gaveanews.com\/wp-content\/uploads\/2019\/03\/Presidente-da-FERJ-Rubens-Lopes-durante-coletiva-de-imprensa.webp\",\"datePublished\":\"2020-09-25T01:21:38+00:00\",\"dateModified\":\"2020-09-25T01:21:40+00:00\",\"author\":{\"@id\":\"https:\/\/www.gaveanews.com\/#\/schema\/person\/2ec14f73fb96be2caf28f91afb14749d\"},\"description\":\"A reuni\u00e3o desta quinta-feira sobre a possibilidade dos est\u00e1dios voltarem a ter p\u00fablico terminou em indecis\u00e3o e apimentada por um bate-boca.\",\"breadcrumb\":{\"@id\":\"https:\/\/www.gaveanews.com\/index.php\/2020\/09\/24\/reuniao-sobre-publico-nos-estadios-termina-em-impasse-e-bate-boca-esqueceu-de-tomar-o-gardenal\/#breadcrumb\"},\"inLanguage\":\"pt-BR\",\"potentialAction\":[{\"@type\":\"ReadAction\",\"target\":[\"https:\/\/www.gaveanews.com\/index.php\/2020\/09\/24\/reuniao-sobre-publico-nos-estadios-termina-em-impasse-e-bate-boca-esqueceu-de-tomar-o-gardenal\/\"]}]},{\"@type\":\"ImageObject\",\"inLanguage\":\"pt-BR\",\"@id\":\"https:\/\/www.gaveanews.com\/index.php\/2020\/09\/24\/reuniao-sobre-publico-nos-estadios-termina-em-impasse-e-bate-boca-esqueceu-de-tomar-o-gardenal\/#primaryimage\",\"url\":\"https:\/\/www.gaveanews.com\/wp-content\/uploads\/2019\/03\/Presidente-da-FERJ-Rubens-Lopes-durante-coletiva-de-imprensa.webp\",\"contentUrl\":\"https:\/\/www.gaveanews.com\/wp-content\/uploads\/2019\/03\/Presidente-da-FERJ-Rubens-Lopes-durante-coletiva-de-imprensa.webp\",\"width\":841,\"height\":600,\"caption\":\"Presidente da FERJ, Rubens Lopes durante coletiva de imprensa (Foto: \u00darsula Nery)\"},{\"@type\":\"BreadcrumbList\",\"@id\":\"https:\/\/www.gaveanews.com\/index.php\/2020\/09\/24\/reuniao-sobre-publico-nos-estadios-termina-em-impasse-e-bate-boca-esqueceu-de-tomar-o-gardenal\/#breadcrumb\",\"itemListElement\":[{\"@type\":\"ListItem\",\"position\":1,\"name\":\"Home\",\"item\":\"https:\/\/www.gaveanews.com\/\"},{\"@type\":\"ListItem\",\"position\":2,\"name\":\"Reuni\u00e3o sobre p\u00fablico nos est\u00e1dios termina em impasse e bate-boca: &#8220;Esqueceu de tomar o Gardenal&#8221;\"}]},{\"@type\":\"WebSite\",\"@id\":\"https:\/\/www.gaveanews.com\/#website\",\"url\":\"https:\/\/www.gaveanews.com\/\",\"name\":\"G\u00e1vea News\",\"description\":\"Veja todas as not\u00edcias sobre o Flamengo: Contrata\u00e7\u00f5es, categorias de base, resultados das partidas, tabela de classifica\u00e7\u00e3o, pr\u00f3ximos jogos!\",\"potentialAction\":[{\"@type\":\"SearchAction\",\"target\":{\"@type\":\"EntryPoint\",\"urlTemplate\":\"https:\/\/www.gaveanews.com\/?s={search_term_string}\"},\"query-input\":{\"@type\":\"PropertyValueSpecification\",\"valueRequired\":true,\"valueName\":\"search_term_string\"}}],\"inLanguage\":\"pt-BR\"},{\"@type\":\"Person\",\"@id\":\"https:\/\/www.gaveanews.com\/#\/schema\/person\/2ec14f73fb96be2caf28f91afb14749d\",\"name\":\"Equipe G\u00e1vea News\",\"image\":{\"@type\":\"ImageObject\",\"inLanguage\":\"pt-BR\",\"@id\":\"https:\/\/www.gaveanews.com\/#\/schema\/person\/image\/\",\"url\":\"https:\/\/secure.gravatar.com\/avatar\/1e1956f1facbffd3f8fa53a326721950116b3b9dc9bd44939c01180fd4a745a9?s=96&d=mm&r=g\",\"contentUrl\":\"https:\/\/secure.gravatar.com\/avatar\/1e1956f1facbffd3f8fa53a326721950116b3b9dc9bd44939c01180fd4a745a9?s=96&d=mm&r=g\",\"caption\":\"Equipe G\u00e1vea News\"}}]}<\/script>\n<!-- \/ Yoast SEO Premium plugin. -->","yoast_head_json":{"title":"Reuni\u00e3o sobre p\u00fablico nos est\u00e1dios termina em impasse e bate-boca","description":"A reuni\u00e3o desta quinta-feira sobre a possibilidade dos est\u00e1dios voltarem a ter p\u00fablico terminou em indecis\u00e3o e apimentada por um bate-boca.","robots":{"index":"index","follow":"follow","max-snippet":"max-snippet:-1","max-image-preview":"max-image-preview:large","max-video-preview":"max-video-preview:-1"},"canonical":"https:\/\/www.gaveanews.com\/index.php\/2020\/09\/24\/reuniao-sobre-publico-nos-estadios-termina-em-impasse-e-bate-boca-esqueceu-de-tomar-o-gardenal\/","og_locale":"pt_BR","og_type":"article","og_title":"Reuni\u00e3o sobre p\u00fablico nos est\u00e1dios termina em impasse e bate-boca: \"Esqueceu de tomar o Gardenal\"","og_description":"A reuni\u00e3o desta quinta-feira sobre a possibilidade dos est\u00e1dios voltarem a ter p\u00fablico terminou em indecis\u00e3o e apimentada por um bate-boca.","og_url":"https:\/\/www.gaveanews.com\/index.php\/2020\/09\/24\/reuniao-sobre-publico-nos-estadios-termina-em-impasse-e-bate-boca-esqueceu-de-tomar-o-gardenal\/","og_site_name":"G\u00e1vea News","article_publisher":"https:\/\/facebook.com\/gaveaNews\/","article_published_time":"2020-09-25T01:21:38+00:00","article_modified_time":"2020-09-25T01:21:40+00:00","og_image":[{"width":841,"height":600,"url":"https:\/\/www.gaveanews.com\/wp-content\/uploads\/2019\/03\/Presidente-da-FERJ-Rubens-Lopes-durante-coletiva-de-imprensa.webp","type":"image\/jpeg"}],"author":"Equipe G\u00e1vea News","twitter_card":"summary_large_image","twitter_misc":{"Escrito por":"Equipe G\u00e1vea News","Est. tempo de leitura":"2 minutos"},"schema":{"@context":"https:\/\/schema.org","@graph":[{"@type":"NewsArticle","@id":"https:\/\/www.gaveanews.com\/index.php\/2020\/09\/24\/reuniao-sobre-publico-nos-estadios-termina-em-impasse-e-bate-boca-esqueceu-de-tomar-o-gardenal\/#article","isPartOf":{"@id":"https:\/\/www.gaveanews.com\/index.php\/2020\/09\/24\/reuniao-sobre-publico-nos-estadios-termina-em-impasse-e-bate-boca-esqueceu-de-tomar-o-gardenal\/"},"author":{"name":"Equipe G\u00e1vea News","@id":"https:\/\/www.gaveanews.com\/#\/schema\/person\/2ec14f73fb96be2caf28f91afb14749d"},"headline":"Reuni\u00e3o sobre p\u00fablico nos est\u00e1dios termina em impasse e bate-boca: &#8220;Esqueceu de tomar o Gardenal&#8221;","datePublished":"2020-09-25T01:21:38+00:00","dateModified":"2020-09-25T01:21:40+00:00","mainEntityOfPage":{"@id":"https:\/\/www.gaveanews.com\/index.php\/2020\/09\/24\/reuniao-sobre-publico-nos-estadios-termina-em-impasse-e-bate-boca-esqueceu-de-tomar-o-gardenal\/"},"wordCount":329,"commentCount":7,"image":{"@id":"https:\/\/www.gaveanews.com\/index.php\/2020\/09\/24\/reuniao-sobre-publico-nos-estadios-termina-em-impasse-e-bate-boca-esqueceu-de-tomar-o-gardenal\/#primaryimage"},"thumbnailUrl":"https:\/\/www.gaveanews.com\/wp-content\/uploads\/2019\/03\/Presidente-da-FERJ-Rubens-Lopes-durante-coletiva-de-imprensa.webp","articleSection":["Flamengo"],"inLanguage":"pt-BR","potentialAction":[{"@type":"CommentAction","name":"Comment","target":["https:\/\/www.gaveanews.com\/index.php\/2020\/09\/24\/reuniao-sobre-publico-nos-estadios-termina-em-impasse-e-bate-boca-esqueceu-de-tomar-o-gardenal\/#respond"]}],"copyrightYear":"2020","copyrightHolder":{"@id":"https:\/\/www.gaveanews.com\/#organization"}},{"@type":"WebPage","@id":"https:\/\/www.gaveanews.com\/index.php\/2020\/09\/24\/reuniao-sobre-publico-nos-estadios-termina-em-impasse-e-bate-boca-esqueceu-de-tomar-o-gardenal\/","url":"https:\/\/www.gaveanews.com\/index.php\/2020\/09\/24\/reuniao-sobre-publico-nos-estadios-termina-em-impasse-e-bate-boca-esqueceu-de-tomar-o-gardenal\/","name":"Reuni\u00e3o sobre p\u00fablico nos est\u00e1dios termina em impasse e bate-boca","isPartOf":{"@id":"https:\/\/www.gaveanews.com\/#website"},"primaryImageOfPage":{"@id":"https:\/\/www.gaveanews.com\/index.php\/2020\/09\/24\/reuniao-sobre-publico-nos-estadios-termina-em-impasse-e-bate-boca-esqueceu-de-tomar-o-gardenal\/#primaryimage"},"image":{"@id":"https:\/\/www.gaveanews.com\/index.php\/2020\/09\/24\/reuniao-sobre-publico-nos-estadios-termina-em-impasse-e-bate-boca-esqueceu-de-tomar-o-gardenal\/#primaryimage"},"thumbnailUrl":"https:\/\/www.gaveanews.com\/wp-content\/uploads\/2019\/03\/Presidente-da-FERJ-Rubens-Lopes-durante-coletiva-de-imprensa.webp","datePublished":"2020-09-25T01:21:38+00:00","dateModified":"2020-09-25T01:21:40+00:00","author":{"@id":"https:\/\/www.gaveanews.com\/#\/schema\/person\/2ec14f73fb96be2caf28f91afb14749d"},"description":"A reuni\u00e3o desta quinta-feira sobre a possibilidade dos est\u00e1dios voltarem a ter p\u00fablico terminou em indecis\u00e3o e apimentada por um bate-boca.","breadcrumb":{"@id":"https:\/\/www.gaveanews.com\/index.php\/2020\/09\/24\/reuniao-sobre-publico-nos-estadios-termina-em-impasse-e-bate-boca-esqueceu-de-tomar-o-gardenal\/#breadcrumb"},"inLanguage":"pt-BR","potentialAction":[{"@type":"ReadAction","target":["https:\/\/www.gaveanews.com\/index.php\/2020\/09\/24\/reuniao-sobre-publico-nos-estadios-termina-em-impasse-e-bate-boca-esqueceu-de-tomar-o-gardenal\/"]}]},{"@type":"ImageObject","inLanguage":"pt-BR","@id":"https:\/\/www.gaveanews.com\/index.php\/2020\/09\/24\/reuniao-sobre-publico-nos-estadios-termina-em-impasse-e-bate-boca-esqueceu-de-tomar-o-gardenal\/#primaryimage","url":"https:\/\/www.gaveanews.com\/wp-content\/uploads\/2019\/03\/Presidente-da-FERJ-Rubens-Lopes-durante-coletiva-de-imprensa.webp","contentUrl":"https:\/\/www.gaveanews.com\/wp-content\/uploads\/2019\/03\/Presidente-da-FERJ-Rubens-Lopes-durante-coletiva-de-imprensa.webp","width":841,"height":600,"caption":"Presidente da FERJ, Rubens Lopes durante coletiva de imprensa (Foto: \u00darsula Nery)"},{"@type":"BreadcrumbList","@id":"https:\/\/www.gaveanews.com\/index.php\/2020\/09\/24\/reuniao-sobre-publico-nos-estadios-termina-em-impasse-e-bate-boca-esqueceu-de-tomar-o-gardenal\/#breadcrumb","itemListElement":[{"@type":"ListItem","position":1,"name":"Home","item":"https:\/\/www.gaveanews.com\/"},{"@type":"ListItem","position":2,"name":"Reuni\u00e3o sobre p\u00fablico nos est\u00e1dios termina em impasse e bate-boca: &#8220;Esqueceu de tomar o Gardenal&#8221;"}]},{"@type":"WebSite","@id":"https:\/\/www.gaveanews.com\/#website","url":"https:\/\/www.gaveanews.com\/","name":"G\u00e1vea News","description":"Veja todas as not\u00edcias sobre o Flamengo: Contrata\u00e7\u00f5es, categorias de base, resultados das partidas, tabela de classifica\u00e7\u00e3o, pr\u00f3ximos jogos!","potentialAction":[{"@type":"SearchAction","target":{"@type":"EntryPoint","urlTemplate":"https:\/\/www.gaveanews.com\/?s={search_term_string}"},"query-input":{"@type":"PropertyValueSpecification","valueRequired":true,"valueName":"search_term_string"}}],"inLanguage":"pt-BR"},{"@type":"Person","@id":"https:\/\/www.gaveanews.com\/#\/schema\/person\/2ec14f73fb96be2caf28f91afb14749d","name":"Equipe G\u00e1vea News","image":{"@type":"ImageObject","inLanguage":"pt-BR","@id":"https:\/\/www.gaveanews.com\/#\/schema\/person\/image\/","url":"https:\/\/secure.gravatar.com\/avatar\/1e1956f1facbffd3f8fa53a326721950116b3b9dc9bd44939c01180fd4a745a9?s=96&d=mm&r=g","contentUrl":"https:\/\/secure.gravatar.com\/avatar\/1e1956f1facbffd3f8fa53a326721950116b3b9dc9bd44939c01180fd4a745a9?s=96&d=mm&r=g","caption":"Equipe G\u00e1vea News"}}]}},"_links":{"self":[{"href":"https:\/\/www.gaveanews.com\/index.php\/wp-json\/wp\/v2\/posts\/47981","targetHints":{"allow":["GET"]}}],"collection":[{"href":"https:\/\/www.gaveanews.com\/index.php\/wp-json\/wp\/v2\/posts"}],"about":[{"href":"https:\/\/www.gaveanews.com\/index.php\/wp-json\/wp\/v2\/types\/post"}],"author":[{"embeddable":true,"href":"https:\/\/www.gaveanews.com\/index.php\/wp-json\/wp\/v2\/users\/1"}],"replies":[{"embeddable":true,"href":"https:\/\/www.gaveanews.com\/index.php\/wp-json\/wp\/v2\/comments?post=47981"}],"version-history":[{"count":0,"href":"https:\/\/www.gaveanews.com\/index.php\/wp-json\/wp\/v2\/posts\/47981\/revisions"}],"wp:featuredmedia":[{"embeddable":true,"href":"https:\/\/www.gaveanews.com\/index.php\/wp-json\/wp\/v2\/media\/16301"}],"wp:attachment":[{"href":"https:\/\/www.gaveanews.com\/index.php\/wp-json\/wp\/v2\/media?parent=47981"}],"wp:term":[{"taxonomy":"category","embeddable":true,"href":"https:\/\/www.gaveanews.com\/index.php\/wp-json\/wp\/v2\/categories?post=47981"},{"taxonomy":"post_tag","embeddable":true,"href":"https:\/\/www.gaveanews.com\/index.php\/wp-json\/wp\/v2\/tags?post=47981"}],"curies":[{"name":"wp","href":"https:\/\/api.w.org\/{rel}","templated":true}]}}