{"id":47988,"date":"2020-09-25T11:06:51","date_gmt":"2020-09-25T14:06:51","guid":{"rendered":"https:\/\/www.gaveanews.com\/?p=47988"},"modified":"2020-09-25T11:06:53","modified_gmt":"2020-09-25T14:06:53","slug":"flamengo-tem-novo-caso-de-covid-19","status":"publish","type":"post","link":"https:\/\/www.gaveanews.com\/index.php\/2020\/09\/25\/flamengo-tem-novo-caso-de-covid-19\/","title":{"rendered":"Flamengo tem novo caso de covid-19"},"content":{"rendered":"\n<p>A lista de infectados pelo novo coronav\u00edrus aumenta a cada dia no departamento de futebol do Flamengo. <\/p>\n\n\n\n<p>Ao menos mais um membro da comiss\u00e3o t\u00e9cnica testou positivo para a covid-19 &#8211; al\u00e9m dos 16 jogadores e 15 membros de corpo t\u00e9cnico, estafe e diretoria confirmados anteriormente pelo Rubro-negro. J\u00e1 s\u00e3o 32 integrantes da delega\u00e7\u00e3o que passou os \u00faltimos dias no Equador &#8211; para jogos contra Independiente Del Valle e Barcelona de Guayaquil pela Copa Libertadores &#8211; contaminados.<\/p>\n\n\n\n<p>E segue a apreens\u00e3o no clube com o surto. Nesta sexta-feira (25), uma nova bateria de exames ser\u00e1 feita naqueles que ainda est\u00e3o aptos a participar de treinos e jogos. Internamente, todos admitem a chance consider\u00e1vel de novos resultados positivos para covid em fun\u00e7\u00e3o do \u00edntimo contato entre os mais de 50 integrantes da delega\u00e7\u00e3o que regressou ao Rio de Janeiro na \u00faltima quarta (23).<\/p>\n\n\n\n<p>Retirado de: UOL<\/p>\n","protected":false},"excerpt":{"rendered":"<p>A lista de infectados pelo novo coronav\u00edrus aumenta a cada dia no departamento de futebol do Flamengo. Ao menos mais um membro da comiss\u00e3o t\u00e9cnica testou positivo para a covid-19 &#8211; al\u00e9m dos 16 jogadores e 15 membros de corpo t\u00e9cnico, estafe e diretoria confirmados anteriormente pelo Rubro-negro. J\u00e1 s\u00e3o 32 integrantes da delega\u00e7\u00e3o que [&hellip;]<\/p>\n","protected":false},"author":1,"featured_media":15081,"comment_status":"open","ping_status":"closed","sticky":false,"template":"","format":"standard","meta":{"footnotes":""},"categories":[1],"tags":[],"class_list":["post-47988","post","type-post","status-publish","format-standard","has-post-thumbnail","hentry","category-flamengo"],"yoast_head":"<!-- This site is optimized with the Yoast SEO Premium plugin v24.2 (Yoast SEO v26.9) - https:\/\/yoast.com\/product\/yoast-seo-premium-wordpress\/ -->\n<title>Flamengo tem novo caso de covid-19<\/title>\n<meta name=\"robots\" content=\"index, follow, max-snippet:-1, max-image-preview:large, max-video-preview:-1\" \/>\n<link rel=\"canonical\" href=\"https:\/\/www.gaveanews.com\/index.php\/2020\/09\/25\/flamengo-tem-novo-caso-de-covid-19\/\" \/>\n<meta property=\"og:locale\" content=\"pt_BR\" \/>\n<meta property=\"og:type\" content=\"article\" \/>\n<meta property=\"og:title\" content=\"Flamengo tem novo caso de covid-19\" \/>\n<meta property=\"og:description\" content=\"A lista de infectados pelo novo coronav\u00edrus aumenta a cada dia no departamento de futebol do Flamengo. Ao menos mais um membro da comiss\u00e3o t\u00e9cnica testou positivo para a covid-19 &#8211; al\u00e9m dos 16 jogadores e 15 membros de corpo t\u00e9cnico, estafe e diretoria confirmados anteriormente pelo Rubro-negro. J\u00e1 s\u00e3o 32 integrantes da delega\u00e7\u00e3o que [&hellip;]\" \/>\n<meta property=\"og:url\" content=\"https:\/\/www.gaveanews.com\/index.php\/2020\/09\/25\/flamengo-tem-novo-caso-de-covid-19\/\" \/>\n<meta property=\"og:site_name\" content=\"G\u00e1vea News\" \/>\n<meta property=\"article:publisher\" content=\"https:\/\/facebook.com\/gaveaNews\/\" \/>\n<meta property=\"article:published_time\" content=\"2020-09-25T14:06:51+00:00\" \/>\n<meta property=\"article:modified_time\" content=\"2020-09-25T14:06:53+00:00\" \/>\n<meta property=\"og:image\" content=\"https:\/\/www.gaveanews.com\/wp-content\/uploads\/2019\/03\/Escudo-do-Flamengo-e-exposto-proximo-a-um-dos-gols-no-gramado-do-Maracana.webp\" \/>\n\t<meta property=\"og:image:width\" content=\"1\" \/>\n\t<meta property=\"og:image:height\" content=\"1\" \/>\n\t<meta property=\"og:image:type\" content=\"image\/jpeg\" \/>\n<meta name=\"author\" content=\"Equipe G\u00e1vea News\" \/>\n<meta name=\"twitter:card\" content=\"summary_large_image\" \/>\n<meta name=\"twitter:label1\" content=\"Escrito por\" \/>\n\t<meta name=\"twitter:data1\" content=\"Equipe G\u00e1vea News\" \/>\n\t<meta name=\"twitter:label2\" content=\"Est. tempo de leitura\" \/>\n\t<meta name=\"twitter:data2\" content=\"1 minuto\" \/>\n<script type=\"application\/ld+json\" class=\"yoast-schema-graph\">{\"@context\":\"https:\/\/schema.org\",\"@graph\":[{\"@type\":\"NewsArticle\",\"@id\":\"https:\/\/www.gaveanews.com\/index.php\/2020\/09\/25\/flamengo-tem-novo-caso-de-covid-19\/#article\",\"isPartOf\":{\"@id\":\"https:\/\/www.gaveanews.com\/index.php\/2020\/09\/25\/flamengo-tem-novo-caso-de-covid-19\/\"},\"author\":{\"name\":\"Equipe G\u00e1vea News\",\"@id\":\"https:\/\/www.gaveanews.com\/#\/schema\/person\/2ec14f73fb96be2caf28f91afb14749d\"},\"headline\":\"Flamengo tem novo caso de covid-19\",\"datePublished\":\"2020-09-25T14:06:51+00:00\",\"dateModified\":\"2020-09-25T14:06:53+00:00\",\"mainEntityOfPage\":{\"@id\":\"https:\/\/www.gaveanews.com\/index.php\/2020\/09\/25\/flamengo-tem-novo-caso-de-covid-19\/\"},\"wordCount\":157,\"commentCount\":52,\"image\":{\"@id\":\"https:\/\/www.gaveanews.com\/index.php\/2020\/09\/25\/flamengo-tem-novo-caso-de-covid-19\/#primaryimage\"},\"thumbnailUrl\":\"https:\/\/www.gaveanews.com\/wp-content\/uploads\/2019\/03\/Escudo-do-Flamengo-e-exposto-proximo-a-um-dos-gols-no-gramado-do-Maracana.webp\",\"articleSection\":[\"Flamengo\"],\"inLanguage\":\"pt-BR\",\"potentialAction\":[{\"@type\":\"CommentAction\",\"name\":\"Comment\",\"target\":[\"https:\/\/www.gaveanews.com\/index.php\/2020\/09\/25\/flamengo-tem-novo-caso-de-covid-19\/#respond\"]}],\"copyrightYear\":\"2020\",\"copyrightHolder\":{\"@id\":\"https:\/\/www.gaveanews.com\/#organization\"}},{\"@type\":\"WebPage\",\"@id\":\"https:\/\/www.gaveanews.com\/index.php\/2020\/09\/25\/flamengo-tem-novo-caso-de-covid-19\/\",\"url\":\"https:\/\/www.gaveanews.com\/index.php\/2020\/09\/25\/flamengo-tem-novo-caso-de-covid-19\/\",\"name\":\"Flamengo tem novo caso de covid-19\",\"isPartOf\":{\"@id\":\"https:\/\/www.gaveanews.com\/#website\"},\"primaryImageOfPage\":{\"@id\":\"https:\/\/www.gaveanews.com\/index.php\/2020\/09\/25\/flamengo-tem-novo-caso-de-covid-19\/#primaryimage\"},\"image\":{\"@id\":\"https:\/\/www.gaveanews.com\/index.php\/2020\/09\/25\/flamengo-tem-novo-caso-de-covid-19\/#primaryimage\"},\"thumbnailUrl\":\"https:\/\/www.gaveanews.com\/wp-content\/uploads\/2019\/03\/Escudo-do-Flamengo-e-exposto-proximo-a-um-dos-gols-no-gramado-do-Maracana.webp\",\"datePublished\":\"2020-09-25T14:06:51+00:00\",\"dateModified\":\"2020-09-25T14:06:53+00:00\",\"author\":{\"@id\":\"https:\/\/www.gaveanews.com\/#\/schema\/person\/2ec14f73fb96be2caf28f91afb14749d\"},\"breadcrumb\":{\"@id\":\"https:\/\/www.gaveanews.com\/index.php\/2020\/09\/25\/flamengo-tem-novo-caso-de-covid-19\/#breadcrumb\"},\"inLanguage\":\"pt-BR\",\"potentialAction\":[{\"@type\":\"ReadAction\",\"target\":[\"https:\/\/www.gaveanews.com\/index.php\/2020\/09\/25\/flamengo-tem-novo-caso-de-covid-19\/\"]}]},{\"@type\":\"ImageObject\",\"inLanguage\":\"pt-BR\",\"@id\":\"https:\/\/www.gaveanews.com\/index.php\/2020\/09\/25\/flamengo-tem-novo-caso-de-covid-19\/#primaryimage\",\"url\":\"https:\/\/www.gaveanews.com\/wp-content\/uploads\/2019\/03\/Escudo-do-Flamengo-e-exposto-proximo-a-um-dos-gols-no-gramado-do-Maracana.webp\",\"contentUrl\":\"https:\/\/www.gaveanews.com\/wp-content\/uploads\/2019\/03\/Escudo-do-Flamengo-e-exposto-proximo-a-um-dos-gols-no-gramado-do-Maracana.webp\",\"caption\":\"Escudo do Flamengo \u00e9 exposto pr\u00f3ximo a um dos gols, no gramado do Maracan\u00e3 (Foto: Daniel Castelo Branco)\"},{\"@type\":\"BreadcrumbList\",\"@id\":\"https:\/\/www.gaveanews.com\/index.php\/2020\/09\/25\/flamengo-tem-novo-caso-de-covid-19\/#breadcrumb\",\"itemListElement\":[{\"@type\":\"ListItem\",\"position\":1,\"name\":\"Home\",\"item\":\"https:\/\/www.gaveanews.com\/\"},{\"@type\":\"ListItem\",\"position\":2,\"name\":\"Flamengo tem novo caso de covid-19\"}]},{\"@type\":\"WebSite\",\"@id\":\"https:\/\/www.gaveanews.com\/#website\",\"url\":\"https:\/\/www.gaveanews.com\/\",\"name\":\"G\u00e1vea News\",\"description\":\"Veja todas as not\u00edcias sobre o Flamengo: Contrata\u00e7\u00f5es, categorias de base, resultados das partidas, tabela de classifica\u00e7\u00e3o, pr\u00f3ximos jogos!\",\"potentialAction\":[{\"@type\":\"SearchAction\",\"target\":{\"@type\":\"EntryPoint\",\"urlTemplate\":\"https:\/\/www.gaveanews.com\/?s={search_term_string}\"},\"query-input\":{\"@type\":\"PropertyValueSpecification\",\"valueRequired\":true,\"valueName\":\"search_term_string\"}}],\"inLanguage\":\"pt-BR\"},{\"@type\":\"Person\",\"@id\":\"https:\/\/www.gaveanews.com\/#\/schema\/person\/2ec14f73fb96be2caf28f91afb14749d\",\"name\":\"Equipe G\u00e1vea News\",\"image\":{\"@type\":\"ImageObject\",\"inLanguage\":\"pt-BR\",\"@id\":\"https:\/\/www.gaveanews.com\/#\/schema\/person\/image\/\",\"url\":\"https:\/\/secure.gravatar.com\/avatar\/1e1956f1facbffd3f8fa53a326721950116b3b9dc9bd44939c01180fd4a745a9?s=96&d=mm&r=g\",\"contentUrl\":\"https:\/\/secure.gravatar.com\/avatar\/1e1956f1facbffd3f8fa53a326721950116b3b9dc9bd44939c01180fd4a745a9?s=96&d=mm&r=g\",\"caption\":\"Equipe G\u00e1vea News\"}}]}<\/script>\n<!-- \/ Yoast SEO Premium plugin. -->","yoast_head_json":{"title":"Flamengo tem novo caso de covid-19","robots":{"index":"index","follow":"follow","max-snippet":"max-snippet:-1","max-image-preview":"max-image-preview:large","max-video-preview":"max-video-preview:-1"},"canonical":"https:\/\/www.gaveanews.com\/index.php\/2020\/09\/25\/flamengo-tem-novo-caso-de-covid-19\/","og_locale":"pt_BR","og_type":"article","og_title":"Flamengo tem novo caso de covid-19","og_description":"A lista de infectados pelo novo coronav\u00edrus aumenta a cada dia no departamento de futebol do Flamengo. Ao menos mais um membro da comiss\u00e3o t\u00e9cnica testou positivo para a covid-19 &#8211; al\u00e9m dos 16 jogadores e 15 membros de corpo t\u00e9cnico, estafe e diretoria confirmados anteriormente pelo Rubro-negro. J\u00e1 s\u00e3o 32 integrantes da delega\u00e7\u00e3o que [&hellip;]","og_url":"https:\/\/www.gaveanews.com\/index.php\/2020\/09\/25\/flamengo-tem-novo-caso-de-covid-19\/","og_site_name":"G\u00e1vea News","article_publisher":"https:\/\/facebook.com\/gaveaNews\/","article_published_time":"2020-09-25T14:06:51+00:00","article_modified_time":"2020-09-25T14:06:53+00:00","og_image":[{"url":"https:\/\/www.gaveanews.com\/wp-content\/uploads\/2019\/03\/Escudo-do-Flamengo-e-exposto-proximo-a-um-dos-gols-no-gramado-do-Maracana.webp","width":1,"height":1,"type":"image\/jpeg"}],"author":"Equipe G\u00e1vea News","twitter_card":"summary_large_image","twitter_misc":{"Escrito por":"Equipe G\u00e1vea News","Est. tempo de leitura":"1 minuto"},"schema":{"@context":"https:\/\/schema.org","@graph":[{"@type":"NewsArticle","@id":"https:\/\/www.gaveanews.com\/index.php\/2020\/09\/25\/flamengo-tem-novo-caso-de-covid-19\/#article","isPartOf":{"@id":"https:\/\/www.gaveanews.com\/index.php\/2020\/09\/25\/flamengo-tem-novo-caso-de-covid-19\/"},"author":{"name":"Equipe G\u00e1vea News","@id":"https:\/\/www.gaveanews.com\/#\/schema\/person\/2ec14f73fb96be2caf28f91afb14749d"},"headline":"Flamengo tem novo caso de covid-19","datePublished":"2020-09-25T14:06:51+00:00","dateModified":"2020-09-25T14:06:53+00:00","mainEntityOfPage":{"@id":"https:\/\/www.gaveanews.com\/index.php\/2020\/09\/25\/flamengo-tem-novo-caso-de-covid-19\/"},"wordCount":157,"commentCount":52,"image":{"@id":"https:\/\/www.gaveanews.com\/index.php\/2020\/09\/25\/flamengo-tem-novo-caso-de-covid-19\/#primaryimage"},"thumbnailUrl":"https:\/\/www.gaveanews.com\/wp-content\/uploads\/2019\/03\/Escudo-do-Flamengo-e-exposto-proximo-a-um-dos-gols-no-gramado-do-Maracana.webp","articleSection":["Flamengo"],"inLanguage":"pt-BR","potentialAction":[{"@type":"CommentAction","name":"Comment","target":["https:\/\/www.gaveanews.com\/index.php\/2020\/09\/25\/flamengo-tem-novo-caso-de-covid-19\/#respond"]}],"copyrightYear":"2020","copyrightHolder":{"@id":"https:\/\/www.gaveanews.com\/#organization"}},{"@type":"WebPage","@id":"https:\/\/www.gaveanews.com\/index.php\/2020\/09\/25\/flamengo-tem-novo-caso-de-covid-19\/","url":"https:\/\/www.gaveanews.com\/index.php\/2020\/09\/25\/flamengo-tem-novo-caso-de-covid-19\/","name":"Flamengo tem novo caso de covid-19","isPartOf":{"@id":"https:\/\/www.gaveanews.com\/#website"},"primaryImageOfPage":{"@id":"https:\/\/www.gaveanews.com\/index.php\/2020\/09\/25\/flamengo-tem-novo-caso-de-covid-19\/#primaryimage"},"image":{"@id":"https:\/\/www.gaveanews.com\/index.php\/2020\/09\/25\/flamengo-tem-novo-caso-de-covid-19\/#primaryimage"},"thumbnailUrl":"https:\/\/www.gaveanews.com\/wp-content\/uploads\/2019\/03\/Escudo-do-Flamengo-e-exposto-proximo-a-um-dos-gols-no-gramado-do-Maracana.webp","datePublished":"2020-09-25T14:06:51+00:00","dateModified":"2020-09-25T14:06:53+00:00","author":{"@id":"https:\/\/www.gaveanews.com\/#\/schema\/person\/2ec14f73fb96be2caf28f91afb14749d"},"breadcrumb":{"@id":"https:\/\/www.gaveanews.com\/index.php\/2020\/09\/25\/flamengo-tem-novo-caso-de-covid-19\/#breadcrumb"},"inLanguage":"pt-BR","potentialAction":[{"@type":"ReadAction","target":["https:\/\/www.gaveanews.com\/index.php\/2020\/09\/25\/flamengo-tem-novo-caso-de-covid-19\/"]}]},{"@type":"ImageObject","inLanguage":"pt-BR","@id":"https:\/\/www.gaveanews.com\/index.php\/2020\/09\/25\/flamengo-tem-novo-caso-de-covid-19\/#primaryimage","url":"https:\/\/www.gaveanews.com\/wp-content\/uploads\/2019\/03\/Escudo-do-Flamengo-e-exposto-proximo-a-um-dos-gols-no-gramado-do-Maracana.webp","contentUrl":"https:\/\/www.gaveanews.com\/wp-content\/uploads\/2019\/03\/Escudo-do-Flamengo-e-exposto-proximo-a-um-dos-gols-no-gramado-do-Maracana.webp","caption":"Escudo do Flamengo \u00e9 exposto pr\u00f3ximo a um dos gols, no gramado do Maracan\u00e3 (Foto: Daniel Castelo Branco)"},{"@type":"BreadcrumbList","@id":"https:\/\/www.gaveanews.com\/index.php\/2020\/09\/25\/flamengo-tem-novo-caso-de-covid-19\/#breadcrumb","itemListElement":[{"@type":"ListItem","position":1,"name":"Home","item":"https:\/\/www.gaveanews.com\/"},{"@type":"ListItem","position":2,"name":"Flamengo tem novo caso de covid-19"}]},{"@type":"WebSite","@id":"https:\/\/www.gaveanews.com\/#website","url":"https:\/\/www.gaveanews.com\/","name":"G\u00e1vea News","description":"Veja todas as not\u00edcias sobre o Flamengo: Contrata\u00e7\u00f5es, categorias de base, resultados das partidas, tabela de classifica\u00e7\u00e3o, pr\u00f3ximos jogos!","potentialAction":[{"@type":"SearchAction","target":{"@type":"EntryPoint","urlTemplate":"https:\/\/www.gaveanews.com\/?s={search_term_string}"},"query-input":{"@type":"PropertyValueSpecification","valueRequired":true,"valueName":"search_term_string"}}],"inLanguage":"pt-BR"},{"@type":"Person","@id":"https:\/\/www.gaveanews.com\/#\/schema\/person\/2ec14f73fb96be2caf28f91afb14749d","name":"Equipe G\u00e1vea News","image":{"@type":"ImageObject","inLanguage":"pt-BR","@id":"https:\/\/www.gaveanews.com\/#\/schema\/person\/image\/","url":"https:\/\/secure.gravatar.com\/avatar\/1e1956f1facbffd3f8fa53a326721950116b3b9dc9bd44939c01180fd4a745a9?s=96&d=mm&r=g","contentUrl":"https:\/\/secure.gravatar.com\/avatar\/1e1956f1facbffd3f8fa53a326721950116b3b9dc9bd44939c01180fd4a745a9?s=96&d=mm&r=g","caption":"Equipe G\u00e1vea News"}}]}},"_links":{"self":[{"href":"https:\/\/www.gaveanews.com\/index.php\/wp-json\/wp\/v2\/posts\/47988","targetHints":{"allow":["GET"]}}],"collection":[{"href":"https:\/\/www.gaveanews.com\/index.php\/wp-json\/wp\/v2\/posts"}],"about":[{"href":"https:\/\/www.gaveanews.com\/index.php\/wp-json\/wp\/v2\/types\/post"}],"author":[{"embeddable":true,"href":"https:\/\/www.gaveanews.com\/index.php\/wp-json\/wp\/v2\/users\/1"}],"replies":[{"embeddable":true,"href":"https:\/\/www.gaveanews.com\/index.php\/wp-json\/wp\/v2\/comments?post=47988"}],"version-history":[{"count":0,"href":"https:\/\/www.gaveanews.com\/index.php\/wp-json\/wp\/v2\/posts\/47988\/revisions"}],"wp:featuredmedia":[{"embeddable":true,"href":"https:\/\/www.gaveanews.com\/index.php\/wp-json\/wp\/v2\/media\/15081"}],"wp:attachment":[{"href":"https:\/\/www.gaveanews.com\/index.php\/wp-json\/wp\/v2\/media?parent=47988"}],"wp:term":[{"taxonomy":"category","embeddable":true,"href":"https:\/\/www.gaveanews.com\/index.php\/wp-json\/wp\/v2\/categories?post=47988"},{"taxonomy":"post_tag","embeddable":true,"href":"https:\/\/www.gaveanews.com\/index.php\/wp-json\/wp\/v2\/tags?post=47988"}],"curies":[{"name":"wp","href":"https:\/\/api.w.org\/{rel}","templated":true}]}}