{"id":47990,"date":"2020-09-25T13:20:59","date_gmt":"2020-09-25T16:20:59","guid":{"rendered":"https:\/\/www.gaveanews.com\/?p=47990"},"modified":"2020-09-25T13:21:01","modified_gmt":"2020-09-25T16:21:01","slug":"landim-diz-que-manter-o-jogo-com-palmeiras-e-absurdo","status":"publish","type":"post","link":"https:\/\/www.gaveanews.com\/index.php\/2020\/09\/25\/landim-diz-que-manter-o-jogo-com-palmeiras-e-absurdo\/","title":{"rendered":"Landim diz que manter o jogo com Palmeiras \u00e9 &#8220;absurdo&#8221;"},"content":{"rendered":"\n<p>O presidente do Flamengo, Rodolfo Landim, participou do &#8220;Reda\u00e7\u00e3o SporTV&#8221; desta sexta-feira e comentou sobre o surto de Covid na delega\u00e7\u00e3o que foi para o Equador e o desejo do clube de adiamento do jogo com o Palmeiras.<\/p>\n\n\n\n<p>Landim disse que o protocolo da Conmebol \u00e9 mais fr\u00e1gil do que o do Brasileiro porque os testes s\u00e3o feitos com um tempo maior antes das partidas. Ele disse que a explica\u00e7\u00e3o para o pedido de adiamento do duelo com o Palmeiras, no domingo, \u00e9 o risco de mais atletas estarem contaminados e ainda n\u00e3o terem dado positivo no exame.<\/p>\n\n\n\n<p>\u2014 Achamos absurdo. Foram muitas pessoas. Coloco em xeque o tratamento que o Flamengo tem. Foi uma coisa excepcional. O protocolo da Conmebol testa dias antes, aumenta o risco. A janela de tempo \u00e9 muito maior. Voc\u00ea j\u00e1 pode ter jogadores infectados e viajar. Por isso que levamos testes r\u00e1pidos tamb\u00e9m. Dessa vez foram dois jogos seguidos no Equador. Quase imposs\u00edvel voltar. Tivemos que nos adaptar a um ambiente que n\u00e3o era nosso CT. Os protocolos do Flamengo s\u00e3o seguros. O risco \u00e9 maior na Libertadores do que no Brasileiro &#8211; disse o presidente rubro-negro.<\/p>\n\n\n\n<p>Perguntado sobre uma foto divulgada pelo clube com os jogadores sem m\u00e1scara no voo de volta, Landim disse que \u00e9 muito dif\u00edcil ter esse controle.<\/p>\n\n\n\n<p>\u2014 \u00c9 \u00f3bvio que, na hora de tirar uma foto, voc\u00ea n\u00e3o fica de m\u00e1scara. Eu n\u00e3o tiro foto com m\u00e1scara. Quando vou tirar uma foto, tiro a m\u00e1scara, prendo a respira\u00e7\u00e3o e tiro a foto. Isso acontece com todo mundo. Vamos relevar isso a\u00ed. Os jogadores jogam sem m\u00e1scara, \u00e9 dif\u00edcil de conter, \u00e9 coisa natural. Eles se cumprimentam, se abra\u00e7am &#8211; disse.<\/p>\n\n\n\n<p>O presidente do Flamengo garantiu que a preocupa\u00e7\u00e3o para o jogo com o Palmeiras n\u00e3o \u00e9 o n\u00famero reduzido de jogadores dispon\u00edveis &#8211; cerca de dez do grupo profissional &#8211; , mas sim de risco alto de cont\u00e1gio.<\/p>\n\n\n\n<p>\u2014 A discuss\u00e3o para mim n\u00e3o \u00e9 o n\u00famero de jogadores. \u00c9 o per\u00edodo da janela de infec\u00e7\u00e3o. Consultamos infectologistas que nos disseram que a carga viral foi absurda dentro do grupo. Alguns podem ter contra\u00eddo no \u00faltimo momento, no avi\u00e3o, e \u00e9 necess\u00e1rio cinco dias para dar um positivo ou n\u00e3o. Vamos deixar um monte de gente possivelmente contaminada jogando?<\/p>\n\n\n\n<p>Retirado de: SporTV<\/p>\n","protected":false},"excerpt":{"rendered":"<p>O presidente do Flamengo, Rodolfo Landim, participou do &#8220;Reda\u00e7\u00e3o SporTV&#8221; desta sexta-feira e comentou sobre o surto de Covid na delega\u00e7\u00e3o que foi para o Equador e o desejo do clube de adiamento do jogo com o Palmeiras. Landim disse que o protocolo da Conmebol \u00e9 mais fr\u00e1gil do que o do Brasileiro porque os [&hellip;]<\/p>\n","protected":false},"author":1,"featured_media":15077,"comment_status":"open","ping_status":"closed","sticky":false,"template":"","format":"standard","meta":{"footnotes":""},"categories":[47],"tags":[],"class_list":["post-47990","post","type-post","status-publish","format-standard","has-post-thumbnail","hentry","category-destaques"],"yoast_head":"<!-- This site is optimized with the Yoast SEO Premium plugin v24.2 (Yoast SEO v26.9) - https:\/\/yoast.com\/product\/yoast-seo-premium-wordpress\/ -->\n<title>Landim diz que manter o jogo com Palmeiras \u00e9 &quot;absurdo&quot;<\/title>\n<meta name=\"robots\" content=\"index, follow, max-snippet:-1, max-image-preview:large, max-video-preview:-1\" \/>\n<link rel=\"canonical\" href=\"https:\/\/www.gaveanews.com\/index.php\/2020\/09\/25\/landim-diz-que-manter-o-jogo-com-palmeiras-e-absurdo\/\" \/>\n<meta property=\"og:locale\" content=\"pt_BR\" \/>\n<meta property=\"og:type\" content=\"article\" \/>\n<meta property=\"og:title\" content=\"Landim diz que manter o jogo com Palmeiras \u00e9 &quot;absurdo&quot;\" \/>\n<meta property=\"og:description\" content=\"O presidente do Flamengo, Rodolfo Landim, participou do &#8220;Reda\u00e7\u00e3o SporTV&#8221; desta sexta-feira e comentou sobre o surto de Covid na delega\u00e7\u00e3o que foi para o Equador e o desejo do clube de adiamento do jogo com o Palmeiras. Landim disse que o protocolo da Conmebol \u00e9 mais fr\u00e1gil do que o do Brasileiro porque os [&hellip;]\" \/>\n<meta property=\"og:url\" content=\"https:\/\/www.gaveanews.com\/index.php\/2020\/09\/25\/landim-diz-que-manter-o-jogo-com-palmeiras-e-absurdo\/\" \/>\n<meta property=\"og:site_name\" content=\"G\u00e1vea News\" \/>\n<meta property=\"article:publisher\" content=\"https:\/\/facebook.com\/gaveaNews\/\" \/>\n<meta property=\"article:published_time\" content=\"2020-09-25T16:20:59+00:00\" \/>\n<meta property=\"article:modified_time\" content=\"2020-09-25T16:21:01+00:00\" \/>\n<meta property=\"og:image\" content=\"https:\/\/www.gaveanews.com\/wp-content\/uploads\/2019\/03\/Rodolfo-Landim-durante-entrevista-coletiva-na-Gavea.webp\" \/>\n\t<meta property=\"og:image:width\" content=\"1\" \/>\n\t<meta property=\"og:image:height\" content=\"1\" \/>\n\t<meta property=\"og:image:type\" content=\"image\/jpeg\" \/>\n<meta name=\"author\" content=\"Equipe G\u00e1vea News\" \/>\n<meta name=\"twitter:card\" content=\"summary_large_image\" \/>\n<meta name=\"twitter:label1\" content=\"Escrito por\" \/>\n\t<meta name=\"twitter:data1\" content=\"Equipe G\u00e1vea News\" \/>\n\t<meta name=\"twitter:label2\" content=\"Est. tempo de leitura\" \/>\n\t<meta name=\"twitter:data2\" content=\"2 minutos\" \/>\n<script type=\"application\/ld+json\" class=\"yoast-schema-graph\">{\"@context\":\"https:\/\/schema.org\",\"@graph\":[{\"@type\":\"NewsArticle\",\"@id\":\"https:\/\/www.gaveanews.com\/index.php\/2020\/09\/25\/landim-diz-que-manter-o-jogo-com-palmeiras-e-absurdo\/#article\",\"isPartOf\":{\"@id\":\"https:\/\/www.gaveanews.com\/index.php\/2020\/09\/25\/landim-diz-que-manter-o-jogo-com-palmeiras-e-absurdo\/\"},\"author\":{\"name\":\"Equipe G\u00e1vea News\",\"@id\":\"https:\/\/www.gaveanews.com\/#\/schema\/person\/2ec14f73fb96be2caf28f91afb14749d\"},\"headline\":\"Landim diz que manter o jogo com Palmeiras \u00e9 &#8220;absurdo&#8221;\",\"datePublished\":\"2020-09-25T16:20:59+00:00\",\"dateModified\":\"2020-09-25T16:21:01+00:00\",\"mainEntityOfPage\":{\"@id\":\"https:\/\/www.gaveanews.com\/index.php\/2020\/09\/25\/landim-diz-que-manter-o-jogo-com-palmeiras-e-absurdo\/\"},\"wordCount\":413,\"commentCount\":8,\"image\":{\"@id\":\"https:\/\/www.gaveanews.com\/index.php\/2020\/09\/25\/landim-diz-que-manter-o-jogo-com-palmeiras-e-absurdo\/#primaryimage\"},\"thumbnailUrl\":\"https:\/\/www.gaveanews.com\/wp-content\/uploads\/2019\/03\/Rodolfo-Landim-durante-entrevista-coletiva-na-Gavea.webp\",\"articleSection\":[\"Destaques\"],\"inLanguage\":\"pt-BR\",\"potentialAction\":[{\"@type\":\"CommentAction\",\"name\":\"Comment\",\"target\":[\"https:\/\/www.gaveanews.com\/index.php\/2020\/09\/25\/landim-diz-que-manter-o-jogo-com-palmeiras-e-absurdo\/#respond\"]}],\"copyrightYear\":\"2020\",\"copyrightHolder\":{\"@id\":\"https:\/\/www.gaveanews.com\/#organization\"}},{\"@type\":\"WebPage\",\"@id\":\"https:\/\/www.gaveanews.com\/index.php\/2020\/09\/25\/landim-diz-que-manter-o-jogo-com-palmeiras-e-absurdo\/\",\"url\":\"https:\/\/www.gaveanews.com\/index.php\/2020\/09\/25\/landim-diz-que-manter-o-jogo-com-palmeiras-e-absurdo\/\",\"name\":\"Landim diz que manter o jogo com Palmeiras \u00e9 \\\"absurdo\\\"\",\"isPartOf\":{\"@id\":\"https:\/\/www.gaveanews.com\/#website\"},\"primaryImageOfPage\":{\"@id\":\"https:\/\/www.gaveanews.com\/index.php\/2020\/09\/25\/landim-diz-que-manter-o-jogo-com-palmeiras-e-absurdo\/#primaryimage\"},\"image\":{\"@id\":\"https:\/\/www.gaveanews.com\/index.php\/2020\/09\/25\/landim-diz-que-manter-o-jogo-com-palmeiras-e-absurdo\/#primaryimage\"},\"thumbnailUrl\":\"https:\/\/www.gaveanews.com\/wp-content\/uploads\/2019\/03\/Rodolfo-Landim-durante-entrevista-coletiva-na-Gavea.webp\",\"datePublished\":\"2020-09-25T16:20:59+00:00\",\"dateModified\":\"2020-09-25T16:21:01+00:00\",\"author\":{\"@id\":\"https:\/\/www.gaveanews.com\/#\/schema\/person\/2ec14f73fb96be2caf28f91afb14749d\"},\"breadcrumb\":{\"@id\":\"https:\/\/www.gaveanews.com\/index.php\/2020\/09\/25\/landim-diz-que-manter-o-jogo-com-palmeiras-e-absurdo\/#breadcrumb\"},\"inLanguage\":\"pt-BR\",\"potentialAction\":[{\"@type\":\"ReadAction\",\"target\":[\"https:\/\/www.gaveanews.com\/index.php\/2020\/09\/25\/landim-diz-que-manter-o-jogo-com-palmeiras-e-absurdo\/\"]}]},{\"@type\":\"ImageObject\",\"inLanguage\":\"pt-BR\",\"@id\":\"https:\/\/www.gaveanews.com\/index.php\/2020\/09\/25\/landim-diz-que-manter-o-jogo-com-palmeiras-e-absurdo\/#primaryimage\",\"url\":\"https:\/\/www.gaveanews.com\/wp-content\/uploads\/2019\/03\/Rodolfo-Landim-durante-entrevista-coletiva-na-Gavea.webp\",\"contentUrl\":\"https:\/\/www.gaveanews.com\/wp-content\/uploads\/2019\/03\/Rodolfo-Landim-durante-entrevista-coletiva-na-Gavea.webp\",\"width\":900,\"height\":599,\"caption\":\"Rodolfo Landim durante entrevista coletiva na G\u00e1vea (Foto: Ag\u00eancia Foto BR)\"},{\"@type\":\"BreadcrumbList\",\"@id\":\"https:\/\/www.gaveanews.com\/index.php\/2020\/09\/25\/landim-diz-que-manter-o-jogo-com-palmeiras-e-absurdo\/#breadcrumb\",\"itemListElement\":[{\"@type\":\"ListItem\",\"position\":1,\"name\":\"Home\",\"item\":\"https:\/\/www.gaveanews.com\/\"},{\"@type\":\"ListItem\",\"position\":2,\"name\":\"Landim diz que manter o jogo com Palmeiras \u00e9 &#8220;absurdo&#8221;\"}]},{\"@type\":\"WebSite\",\"@id\":\"https:\/\/www.gaveanews.com\/#website\",\"url\":\"https:\/\/www.gaveanews.com\/\",\"name\":\"G\u00e1vea News\",\"description\":\"Veja todas as not\u00edcias sobre o Flamengo: Contrata\u00e7\u00f5es, categorias de base, resultados das partidas, tabela de classifica\u00e7\u00e3o, pr\u00f3ximos jogos!\",\"potentialAction\":[{\"@type\":\"SearchAction\",\"target\":{\"@type\":\"EntryPoint\",\"urlTemplate\":\"https:\/\/www.gaveanews.com\/?s={search_term_string}\"},\"query-input\":{\"@type\":\"PropertyValueSpecification\",\"valueRequired\":true,\"valueName\":\"search_term_string\"}}],\"inLanguage\":\"pt-BR\"},{\"@type\":\"Person\",\"@id\":\"https:\/\/www.gaveanews.com\/#\/schema\/person\/2ec14f73fb96be2caf28f91afb14749d\",\"name\":\"Equipe G\u00e1vea News\",\"image\":{\"@type\":\"ImageObject\",\"inLanguage\":\"pt-BR\",\"@id\":\"https:\/\/www.gaveanews.com\/#\/schema\/person\/image\/\",\"url\":\"https:\/\/secure.gravatar.com\/avatar\/1e1956f1facbffd3f8fa53a326721950116b3b9dc9bd44939c01180fd4a745a9?s=96&d=mm&r=g\",\"contentUrl\":\"https:\/\/secure.gravatar.com\/avatar\/1e1956f1facbffd3f8fa53a326721950116b3b9dc9bd44939c01180fd4a745a9?s=96&d=mm&r=g\",\"caption\":\"Equipe G\u00e1vea News\"}}]}<\/script>\n<!-- \/ Yoast SEO Premium plugin. -->","yoast_head_json":{"title":"Landim diz que manter o jogo com Palmeiras \u00e9 \"absurdo\"","robots":{"index":"index","follow":"follow","max-snippet":"max-snippet:-1","max-image-preview":"max-image-preview:large","max-video-preview":"max-video-preview:-1"},"canonical":"https:\/\/www.gaveanews.com\/index.php\/2020\/09\/25\/landim-diz-que-manter-o-jogo-com-palmeiras-e-absurdo\/","og_locale":"pt_BR","og_type":"article","og_title":"Landim diz que manter o jogo com Palmeiras \u00e9 \"absurdo\"","og_description":"O presidente do Flamengo, Rodolfo Landim, participou do &#8220;Reda\u00e7\u00e3o SporTV&#8221; desta sexta-feira e comentou sobre o surto de Covid na delega\u00e7\u00e3o que foi para o Equador e o desejo do clube de adiamento do jogo com o Palmeiras. Landim disse que o protocolo da Conmebol \u00e9 mais fr\u00e1gil do que o do Brasileiro porque os [&hellip;]","og_url":"https:\/\/www.gaveanews.com\/index.php\/2020\/09\/25\/landim-diz-que-manter-o-jogo-com-palmeiras-e-absurdo\/","og_site_name":"G\u00e1vea News","article_publisher":"https:\/\/facebook.com\/gaveaNews\/","article_published_time":"2020-09-25T16:20:59+00:00","article_modified_time":"2020-09-25T16:21:01+00:00","og_image":[{"url":"https:\/\/www.gaveanews.com\/wp-content\/uploads\/2019\/03\/Rodolfo-Landim-durante-entrevista-coletiva-na-Gavea.webp","width":1,"height":1,"type":"image\/jpeg"}],"author":"Equipe G\u00e1vea News","twitter_card":"summary_large_image","twitter_misc":{"Escrito por":"Equipe G\u00e1vea News","Est. tempo de leitura":"2 minutos"},"schema":{"@context":"https:\/\/schema.org","@graph":[{"@type":"NewsArticle","@id":"https:\/\/www.gaveanews.com\/index.php\/2020\/09\/25\/landim-diz-que-manter-o-jogo-com-palmeiras-e-absurdo\/#article","isPartOf":{"@id":"https:\/\/www.gaveanews.com\/index.php\/2020\/09\/25\/landim-diz-que-manter-o-jogo-com-palmeiras-e-absurdo\/"},"author":{"name":"Equipe G\u00e1vea News","@id":"https:\/\/www.gaveanews.com\/#\/schema\/person\/2ec14f73fb96be2caf28f91afb14749d"},"headline":"Landim diz que manter o jogo com Palmeiras \u00e9 &#8220;absurdo&#8221;","datePublished":"2020-09-25T16:20:59+00:00","dateModified":"2020-09-25T16:21:01+00:00","mainEntityOfPage":{"@id":"https:\/\/www.gaveanews.com\/index.php\/2020\/09\/25\/landim-diz-que-manter-o-jogo-com-palmeiras-e-absurdo\/"},"wordCount":413,"commentCount":8,"image":{"@id":"https:\/\/www.gaveanews.com\/index.php\/2020\/09\/25\/landim-diz-que-manter-o-jogo-com-palmeiras-e-absurdo\/#primaryimage"},"thumbnailUrl":"https:\/\/www.gaveanews.com\/wp-content\/uploads\/2019\/03\/Rodolfo-Landim-durante-entrevista-coletiva-na-Gavea.webp","articleSection":["Destaques"],"inLanguage":"pt-BR","potentialAction":[{"@type":"CommentAction","name":"Comment","target":["https:\/\/www.gaveanews.com\/index.php\/2020\/09\/25\/landim-diz-que-manter-o-jogo-com-palmeiras-e-absurdo\/#respond"]}],"copyrightYear":"2020","copyrightHolder":{"@id":"https:\/\/www.gaveanews.com\/#organization"}},{"@type":"WebPage","@id":"https:\/\/www.gaveanews.com\/index.php\/2020\/09\/25\/landim-diz-que-manter-o-jogo-com-palmeiras-e-absurdo\/","url":"https:\/\/www.gaveanews.com\/index.php\/2020\/09\/25\/landim-diz-que-manter-o-jogo-com-palmeiras-e-absurdo\/","name":"Landim diz que manter o jogo com Palmeiras \u00e9 \"absurdo\"","isPartOf":{"@id":"https:\/\/www.gaveanews.com\/#website"},"primaryImageOfPage":{"@id":"https:\/\/www.gaveanews.com\/index.php\/2020\/09\/25\/landim-diz-que-manter-o-jogo-com-palmeiras-e-absurdo\/#primaryimage"},"image":{"@id":"https:\/\/www.gaveanews.com\/index.php\/2020\/09\/25\/landim-diz-que-manter-o-jogo-com-palmeiras-e-absurdo\/#primaryimage"},"thumbnailUrl":"https:\/\/www.gaveanews.com\/wp-content\/uploads\/2019\/03\/Rodolfo-Landim-durante-entrevista-coletiva-na-Gavea.webp","datePublished":"2020-09-25T16:20:59+00:00","dateModified":"2020-09-25T16:21:01+00:00","author":{"@id":"https:\/\/www.gaveanews.com\/#\/schema\/person\/2ec14f73fb96be2caf28f91afb14749d"},"breadcrumb":{"@id":"https:\/\/www.gaveanews.com\/index.php\/2020\/09\/25\/landim-diz-que-manter-o-jogo-com-palmeiras-e-absurdo\/#breadcrumb"},"inLanguage":"pt-BR","potentialAction":[{"@type":"ReadAction","target":["https:\/\/www.gaveanews.com\/index.php\/2020\/09\/25\/landim-diz-que-manter-o-jogo-com-palmeiras-e-absurdo\/"]}]},{"@type":"ImageObject","inLanguage":"pt-BR","@id":"https:\/\/www.gaveanews.com\/index.php\/2020\/09\/25\/landim-diz-que-manter-o-jogo-com-palmeiras-e-absurdo\/#primaryimage","url":"https:\/\/www.gaveanews.com\/wp-content\/uploads\/2019\/03\/Rodolfo-Landim-durante-entrevista-coletiva-na-Gavea.webp","contentUrl":"https:\/\/www.gaveanews.com\/wp-content\/uploads\/2019\/03\/Rodolfo-Landim-durante-entrevista-coletiva-na-Gavea.webp","width":900,"height":599,"caption":"Rodolfo Landim durante entrevista coletiva na G\u00e1vea (Foto: Ag\u00eancia Foto BR)"},{"@type":"BreadcrumbList","@id":"https:\/\/www.gaveanews.com\/index.php\/2020\/09\/25\/landim-diz-que-manter-o-jogo-com-palmeiras-e-absurdo\/#breadcrumb","itemListElement":[{"@type":"ListItem","position":1,"name":"Home","item":"https:\/\/www.gaveanews.com\/"},{"@type":"ListItem","position":2,"name":"Landim diz que manter o jogo com Palmeiras \u00e9 &#8220;absurdo&#8221;"}]},{"@type":"WebSite","@id":"https:\/\/www.gaveanews.com\/#website","url":"https:\/\/www.gaveanews.com\/","name":"G\u00e1vea News","description":"Veja todas as not\u00edcias sobre o Flamengo: Contrata\u00e7\u00f5es, categorias de base, resultados das partidas, tabela de classifica\u00e7\u00e3o, pr\u00f3ximos jogos!","potentialAction":[{"@type":"SearchAction","target":{"@type":"EntryPoint","urlTemplate":"https:\/\/www.gaveanews.com\/?s={search_term_string}"},"query-input":{"@type":"PropertyValueSpecification","valueRequired":true,"valueName":"search_term_string"}}],"inLanguage":"pt-BR"},{"@type":"Person","@id":"https:\/\/www.gaveanews.com\/#\/schema\/person\/2ec14f73fb96be2caf28f91afb14749d","name":"Equipe G\u00e1vea News","image":{"@type":"ImageObject","inLanguage":"pt-BR","@id":"https:\/\/www.gaveanews.com\/#\/schema\/person\/image\/","url":"https:\/\/secure.gravatar.com\/avatar\/1e1956f1facbffd3f8fa53a326721950116b3b9dc9bd44939c01180fd4a745a9?s=96&d=mm&r=g","contentUrl":"https:\/\/secure.gravatar.com\/avatar\/1e1956f1facbffd3f8fa53a326721950116b3b9dc9bd44939c01180fd4a745a9?s=96&d=mm&r=g","caption":"Equipe G\u00e1vea News"}}]}},"_links":{"self":[{"href":"https:\/\/www.gaveanews.com\/index.php\/wp-json\/wp\/v2\/posts\/47990","targetHints":{"allow":["GET"]}}],"collection":[{"href":"https:\/\/www.gaveanews.com\/index.php\/wp-json\/wp\/v2\/posts"}],"about":[{"href":"https:\/\/www.gaveanews.com\/index.php\/wp-json\/wp\/v2\/types\/post"}],"author":[{"embeddable":true,"href":"https:\/\/www.gaveanews.com\/index.php\/wp-json\/wp\/v2\/users\/1"}],"replies":[{"embeddable":true,"href":"https:\/\/www.gaveanews.com\/index.php\/wp-json\/wp\/v2\/comments?post=47990"}],"version-history":[{"count":0,"href":"https:\/\/www.gaveanews.com\/index.php\/wp-json\/wp\/v2\/posts\/47990\/revisions"}],"wp:featuredmedia":[{"embeddable":true,"href":"https:\/\/www.gaveanews.com\/index.php\/wp-json\/wp\/v2\/media\/15077"}],"wp:attachment":[{"href":"https:\/\/www.gaveanews.com\/index.php\/wp-json\/wp\/v2\/media?parent=47990"}],"wp:term":[{"taxonomy":"category","embeddable":true,"href":"https:\/\/www.gaveanews.com\/index.php\/wp-json\/wp\/v2\/categories?post=47990"},{"taxonomy":"post_tag","embeddable":true,"href":"https:\/\/www.gaveanews.com\/index.php\/wp-json\/wp\/v2\/tags?post=47990"}],"curies":[{"name":"wp","href":"https:\/\/api.w.org\/{rel}","templated":true}]}}