{"id":47992,"date":"2020-09-25T13:55:27","date_gmt":"2020-09-25T16:55:27","guid":{"rendered":"https:\/\/www.gaveanews.com\/?p=47992"},"modified":"2020-09-25T13:55:29","modified_gmt":"2020-09-25T16:55:29","slug":"flamengo-espera-contar-com-volta-de-7-jogadores-para-a-libertadores","status":"publish","type":"post","link":"https:\/\/www.gaveanews.com\/index.php\/2020\/09\/25\/flamengo-espera-contar-com-volta-de-7-jogadores-para-a-libertadores\/","title":{"rendered":"Flamengo espera contar com volta de 7 jogadores para a Libertadores"},"content":{"rendered":"\n<p>Al\u00e9m do jogo contra o Palmeiras, em que o Flamengo pede no STJD o adiamento, o clube tenta se planejar para ter um time em campo na pr\u00f3xima quarta-feira, no Maracan\u00e3, contra o Independiente del Valle, pela Libertadores. A esperan\u00e7a \u00e9 de contar com alguns dos atletas que testaram positivo para Covid no Equador.<\/p>\n\n\n\n<p>Os jogadores realizaram o exame para o jogo contra o Barcelona no s\u00e1bado, dia 19, e sete deram positivo \u2013 Bruno Henrique, Filipe Lu\u00eds, Isla, Diego, Michael, Vitinho e Matheuzinho. At\u00e9 a duelo com o Del Valle, na pr\u00f3xima semana, ser\u00e3o 11 dias. O vice jur\u00eddico Rodrigo Dunshee v\u00ea possibilidade de alguns atletas ficarem \u00e0 disposi\u00e7\u00e3o novamente.<\/p>\n\n\n\n<p>\u2013 A legisla\u00e7\u00e3o da Conmebol, e existe um precedente do Boca Juniors, diz que dez dias ap\u00f3s o teste positivo automaticamente o atleta pode jogar, se o m\u00e9dico disser que n\u00e3o tem sintomas. Ent\u00e3o, poder\u00edamos ter jogadores que possam atuar. Por isso que a situa\u00e7\u00e3o \u00e9 diferente (do jogo contra o Palmeiras) \u2013 disse Dunshee durante participa\u00e7\u00e3o no \u201cSele\u00e7\u00e3o SporTV\u201d.<\/p>\n\n\n\n<p>Pelas regras da Conmebol, para estar em campo o atleta tem que estar com o exame negativo at\u00e9 24h antes da partida. Ainda seria necess\u00e1ria uma avalia\u00e7\u00e3o f\u00edsica da comiss\u00e3o t\u00e9cnica, j\u00e1 que os atletas est\u00e3o sem fazer atividade no campo.<\/p>\n\n\n\n<p>Apesar de a esperan\u00e7a de que cen\u00e1rio j\u00e1 ser melhor na pr\u00f3xima semana, o Flamengo tentou, sem sucesso, a inscri\u00e7\u00e3o de mais dez jogadores. A Conmebol alegou que o prazo j\u00e1 expirou e negou.<\/p>\n\n\n\n<p>O Flamengo tem ao todo 16 jogadores infectados. Do elenco profissional, apenas dez est\u00e3o \u00e0 disposi\u00e7\u00e3o. Sete deles j\u00e1 foram infectados: os goleiros C\u00e9sar e Hugo Souza, o lateral-direito Jo\u00e3o Lucas, o lateral-esquerdo Ramon, o volante Gerson, o meia Arrascaeta e o atacante Lincoln.<\/p>\n\n\n\n<p>Al\u00e9m deles, h\u00e1 os poucos que n\u00e3o foram infectados: o volante Thiago Maia, o meia Pep\u00ea e o atacante Pedro. Maia e Pedro, inclusive, estiveram no Equador e foram os \u00fanicos que testaram negativo nos exames de quarta-feira.<\/p>\n\n\n\n<p>Em tratamento de les\u00e3o h\u00e1 tr\u00eas jogadores: Gabigol, Diego Alves e Pedro Rocha.<\/p>\n\n\n\n<h2 class=\"wp-block-heading\"><strong>O elenco do Flamengo no momento (com refor\u00e7os da base):<\/strong><\/h2>\n\n\n\n<ul class=\"wp-block-list\"><li><strong>Goleiros<\/strong>: Diego Alves (lesionado), C\u00e9sar, Hugo Souza e Jo\u00e3o Fernando;<\/li><li><strong>Laterais<\/strong>: Jo\u00e3o Lucas, Ramon e \u00cdtalo;<\/li><li><strong>Zagueiros<\/strong>: Noga, Natan, Ot\u00e1vio e Milani;<\/li><li><strong>Volantes<\/strong>: Thiago Maia, Gerson e Richard Rios;<\/li><li><strong>Meias<\/strong>: Arrascaeta, Pep\u00ea e Yuri de Oliveira;<\/li><li><strong>Atacantes<\/strong>: Gabigol e Pedro Rocha (lesionados), Lincoln, Pedro, Guilherme Bala e Rodrigo Muniz.<\/li><\/ul>\n\n\n\n<h2 class=\"wp-block-heading\"><strong>A lista dos jogadores do Flamengo que pegaram Covid-19:<\/strong><\/h2>\n\n\n\n<ul class=\"wp-block-list\"><li>Diego Alves<\/li><li>C\u00e9sar<\/li><li>Gabriel Batista<\/li><li>Hugo Souza<\/li><li>Isla<\/li><li>Jo\u00e3o Lucas<\/li><li>Matheuzinho<\/li><li>Rodrigo Caio<\/li><li>L\u00e9o Pereira<\/li><li>Gustavo Henrique<\/li><li>Thuler<\/li><li>Filipe Lu\u00eds<\/li><li>Ren\u00ea<\/li><li>Ramon<\/li><li>Willian Ar\u00e3o<\/li><li>Gerson<\/li><li>Gomes<\/li><li>Vinicius Souza (j\u00e1 deixou o clube)<\/li><li>Piris da Motta (j\u00e1 deixou o clube)<\/li><li>Diego<\/li><li>Arrascaeta<\/li><li>Everton Ribeiro<\/li><li>Gabigol<\/li><li>Bruno Henrique<\/li><li>Michael<\/li><li>Vitinho<\/li><li>Lincoln<\/li><\/ul>\n\n\n\n<p>Retirado de: Globo Esporte<\/p>\n","protected":false},"excerpt":{"rendered":"<p>Al\u00e9m do jogo contra o Palmeiras, em que o Flamengo pede no STJD o adiamento, o clube tenta se planejar para ter um time em campo na pr\u00f3xima quarta-feira, no Maracan\u00e3, contra o Independiente del Valle, pela Libertadores. A esperan\u00e7a \u00e9 de contar com alguns dos atletas que testaram positivo para Covid no Equador. Os [&hellip;]<\/p>\n","protected":false},"author":1,"featured_media":14851,"comment_status":"open","ping_status":"closed","sticky":false,"template":"","format":"standard","meta":{"footnotes":""},"categories":[47],"tags":[],"class_list":["post-47992","post","type-post","status-publish","format-standard","has-post-thumbnail","hentry","category-destaques"],"yoast_head":"<!-- This site is optimized with the Yoast SEO Premium plugin v24.2 (Yoast SEO v26.9) - https:\/\/yoast.com\/product\/yoast-seo-premium-wordpress\/ -->\n<title>Flamengo espera contar com volta de 7 jogadores para a Libertadores<\/title>\n<meta name=\"robots\" content=\"index, follow, max-snippet:-1, max-image-preview:large, max-video-preview:-1\" \/>\n<link rel=\"canonical\" href=\"https:\/\/www.gaveanews.com\/index.php\/2020\/09\/25\/flamengo-espera-contar-com-volta-de-7-jogadores-para-a-libertadores\/\" \/>\n<meta property=\"og:locale\" content=\"pt_BR\" \/>\n<meta property=\"og:type\" content=\"article\" \/>\n<meta property=\"og:title\" content=\"Flamengo espera contar com volta de 7 jogadores para a Libertadores\" \/>\n<meta property=\"og:description\" content=\"Al\u00e9m do jogo contra o Palmeiras, em que o Flamengo pede no STJD o adiamento, o clube tenta se planejar para ter um time em campo na pr\u00f3xima quarta-feira, no Maracan\u00e3, contra o Independiente del Valle, pela Libertadores. A esperan\u00e7a \u00e9 de contar com alguns dos atletas que testaram positivo para Covid no Equador. Os [&hellip;]\" \/>\n<meta property=\"og:url\" content=\"https:\/\/www.gaveanews.com\/index.php\/2020\/09\/25\/flamengo-espera-contar-com-volta-de-7-jogadores-para-a-libertadores\/\" \/>\n<meta property=\"og:site_name\" content=\"G\u00e1vea News\" \/>\n<meta property=\"article:publisher\" content=\"https:\/\/facebook.com\/gaveaNews\/\" \/>\n<meta property=\"article:published_time\" content=\"2020-09-25T16:55:27+00:00\" \/>\n<meta property=\"article:modified_time\" content=\"2020-09-25T16:55:29+00:00\" \/>\n<meta property=\"og:image\" content=\"https:\/\/www.gaveanews.com\/wp-content\/uploads\/2019\/03\/Taca-da-Copa-Libertadores-da-America.webp\" \/>\n\t<meta property=\"og:image:width\" content=\"1\" \/>\n\t<meta property=\"og:image:height\" content=\"1\" \/>\n\t<meta property=\"og:image:type\" content=\"image\/jpeg\" \/>\n<meta name=\"author\" content=\"Equipe G\u00e1vea News\" \/>\n<meta name=\"twitter:card\" content=\"summary_large_image\" \/>\n<meta name=\"twitter:label1\" content=\"Escrito por\" \/>\n\t<meta name=\"twitter:data1\" content=\"Equipe G\u00e1vea News\" \/>\n\t<meta name=\"twitter:label2\" content=\"Est. tempo de leitura\" \/>\n\t<meta name=\"twitter:data2\" content=\"2 minutos\" \/>\n<script type=\"application\/ld+json\" class=\"yoast-schema-graph\">{\"@context\":\"https:\/\/schema.org\",\"@graph\":[{\"@type\":\"NewsArticle\",\"@id\":\"https:\/\/www.gaveanews.com\/index.php\/2020\/09\/25\/flamengo-espera-contar-com-volta-de-7-jogadores-para-a-libertadores\/#article\",\"isPartOf\":{\"@id\":\"https:\/\/www.gaveanews.com\/index.php\/2020\/09\/25\/flamengo-espera-contar-com-volta-de-7-jogadores-para-a-libertadores\/\"},\"author\":{\"name\":\"Equipe G\u00e1vea News\",\"@id\":\"https:\/\/www.gaveanews.com\/#\/schema\/person\/2ec14f73fb96be2caf28f91afb14749d\"},\"headline\":\"Flamengo espera contar com volta de 7 jogadores para a Libertadores\",\"datePublished\":\"2020-09-25T16:55:27+00:00\",\"dateModified\":\"2020-09-25T16:55:29+00:00\",\"mainEntityOfPage\":{\"@id\":\"https:\/\/www.gaveanews.com\/index.php\/2020\/09\/25\/flamengo-espera-contar-com-volta-de-7-jogadores-para-a-libertadores\/\"},\"wordCount\":508,\"commentCount\":3,\"image\":{\"@id\":\"https:\/\/www.gaveanews.com\/index.php\/2020\/09\/25\/flamengo-espera-contar-com-volta-de-7-jogadores-para-a-libertadores\/#primaryimage\"},\"thumbnailUrl\":\"https:\/\/www.gaveanews.com\/wp-content\/uploads\/2019\/03\/Taca-da-Copa-Libertadores-da-America.webp\",\"articleSection\":[\"Destaques\"],\"inLanguage\":\"pt-BR\",\"potentialAction\":[{\"@type\":\"CommentAction\",\"name\":\"Comment\",\"target\":[\"https:\/\/www.gaveanews.com\/index.php\/2020\/09\/25\/flamengo-espera-contar-com-volta-de-7-jogadores-para-a-libertadores\/#respond\"]}],\"copyrightYear\":\"2020\",\"copyrightHolder\":{\"@id\":\"https:\/\/www.gaveanews.com\/#organization\"}},{\"@type\":\"WebPage\",\"@id\":\"https:\/\/www.gaveanews.com\/index.php\/2020\/09\/25\/flamengo-espera-contar-com-volta-de-7-jogadores-para-a-libertadores\/\",\"url\":\"https:\/\/www.gaveanews.com\/index.php\/2020\/09\/25\/flamengo-espera-contar-com-volta-de-7-jogadores-para-a-libertadores\/\",\"name\":\"Flamengo espera contar com volta de 7 jogadores para a Libertadores\",\"isPartOf\":{\"@id\":\"https:\/\/www.gaveanews.com\/#website\"},\"primaryImageOfPage\":{\"@id\":\"https:\/\/www.gaveanews.com\/index.php\/2020\/09\/25\/flamengo-espera-contar-com-volta-de-7-jogadores-para-a-libertadores\/#primaryimage\"},\"image\":{\"@id\":\"https:\/\/www.gaveanews.com\/index.php\/2020\/09\/25\/flamengo-espera-contar-com-volta-de-7-jogadores-para-a-libertadores\/#primaryimage\"},\"thumbnailUrl\":\"https:\/\/www.gaveanews.com\/wp-content\/uploads\/2019\/03\/Taca-da-Copa-Libertadores-da-America.webp\",\"datePublished\":\"2020-09-25T16:55:27+00:00\",\"dateModified\":\"2020-09-25T16:55:29+00:00\",\"author\":{\"@id\":\"https:\/\/www.gaveanews.com\/#\/schema\/person\/2ec14f73fb96be2caf28f91afb14749d\"},\"breadcrumb\":{\"@id\":\"https:\/\/www.gaveanews.com\/index.php\/2020\/09\/25\/flamengo-espera-contar-com-volta-de-7-jogadores-para-a-libertadores\/#breadcrumb\"},\"inLanguage\":\"pt-BR\",\"potentialAction\":[{\"@type\":\"ReadAction\",\"target\":[\"https:\/\/www.gaveanews.com\/index.php\/2020\/09\/25\/flamengo-espera-contar-com-volta-de-7-jogadores-para-a-libertadores\/\"]}]},{\"@type\":\"ImageObject\",\"inLanguage\":\"pt-BR\",\"@id\":\"https:\/\/www.gaveanews.com\/index.php\/2020\/09\/25\/flamengo-espera-contar-com-volta-de-7-jogadores-para-a-libertadores\/#primaryimage\",\"url\":\"https:\/\/www.gaveanews.com\/wp-content\/uploads\/2019\/03\/Taca-da-Copa-Libertadores-da-America.webp\",\"contentUrl\":\"https:\/\/www.gaveanews.com\/wp-content\/uploads\/2019\/03\/Taca-da-Copa-Libertadores-da-America.webp\",\"caption\":\"Ta\u00e7a da Copa Libertadores da Am\u00e9rica (Foto: Divulga\u00e7\u00e3o\/Conmebol)\"},{\"@type\":\"BreadcrumbList\",\"@id\":\"https:\/\/www.gaveanews.com\/index.php\/2020\/09\/25\/flamengo-espera-contar-com-volta-de-7-jogadores-para-a-libertadores\/#breadcrumb\",\"itemListElement\":[{\"@type\":\"ListItem\",\"position\":1,\"name\":\"Home\",\"item\":\"https:\/\/www.gaveanews.com\/\"},{\"@type\":\"ListItem\",\"position\":2,\"name\":\"Flamengo espera contar com volta de 7 jogadores para a Libertadores\"}]},{\"@type\":\"WebSite\",\"@id\":\"https:\/\/www.gaveanews.com\/#website\",\"url\":\"https:\/\/www.gaveanews.com\/\",\"name\":\"G\u00e1vea News\",\"description\":\"Veja todas as not\u00edcias sobre o Flamengo: Contrata\u00e7\u00f5es, categorias de base, resultados das partidas, tabela de classifica\u00e7\u00e3o, pr\u00f3ximos jogos!\",\"potentialAction\":[{\"@type\":\"SearchAction\",\"target\":{\"@type\":\"EntryPoint\",\"urlTemplate\":\"https:\/\/www.gaveanews.com\/?s={search_term_string}\"},\"query-input\":{\"@type\":\"PropertyValueSpecification\",\"valueRequired\":true,\"valueName\":\"search_term_string\"}}],\"inLanguage\":\"pt-BR\"},{\"@type\":\"Person\",\"@id\":\"https:\/\/www.gaveanews.com\/#\/schema\/person\/2ec14f73fb96be2caf28f91afb14749d\",\"name\":\"Equipe G\u00e1vea News\",\"image\":{\"@type\":\"ImageObject\",\"inLanguage\":\"pt-BR\",\"@id\":\"https:\/\/www.gaveanews.com\/#\/schema\/person\/image\/\",\"url\":\"https:\/\/secure.gravatar.com\/avatar\/1e1956f1facbffd3f8fa53a326721950116b3b9dc9bd44939c01180fd4a745a9?s=96&d=mm&r=g\",\"contentUrl\":\"https:\/\/secure.gravatar.com\/avatar\/1e1956f1facbffd3f8fa53a326721950116b3b9dc9bd44939c01180fd4a745a9?s=96&d=mm&r=g\",\"caption\":\"Equipe G\u00e1vea News\"}}]}<\/script>\n<!-- \/ Yoast SEO Premium plugin. -->","yoast_head_json":{"title":"Flamengo espera contar com volta de 7 jogadores para a Libertadores","robots":{"index":"index","follow":"follow","max-snippet":"max-snippet:-1","max-image-preview":"max-image-preview:large","max-video-preview":"max-video-preview:-1"},"canonical":"https:\/\/www.gaveanews.com\/index.php\/2020\/09\/25\/flamengo-espera-contar-com-volta-de-7-jogadores-para-a-libertadores\/","og_locale":"pt_BR","og_type":"article","og_title":"Flamengo espera contar com volta de 7 jogadores para a Libertadores","og_description":"Al\u00e9m do jogo contra o Palmeiras, em que o Flamengo pede no STJD o adiamento, o clube tenta se planejar para ter um time em campo na pr\u00f3xima quarta-feira, no Maracan\u00e3, contra o Independiente del Valle, pela Libertadores. A esperan\u00e7a \u00e9 de contar com alguns dos atletas que testaram positivo para Covid no Equador. Os [&hellip;]","og_url":"https:\/\/www.gaveanews.com\/index.php\/2020\/09\/25\/flamengo-espera-contar-com-volta-de-7-jogadores-para-a-libertadores\/","og_site_name":"G\u00e1vea News","article_publisher":"https:\/\/facebook.com\/gaveaNews\/","article_published_time":"2020-09-25T16:55:27+00:00","article_modified_time":"2020-09-25T16:55:29+00:00","og_image":[{"url":"https:\/\/www.gaveanews.com\/wp-content\/uploads\/2019\/03\/Taca-da-Copa-Libertadores-da-America.webp","width":1,"height":1,"type":"image\/jpeg"}],"author":"Equipe G\u00e1vea News","twitter_card":"summary_large_image","twitter_misc":{"Escrito por":"Equipe G\u00e1vea News","Est. tempo de leitura":"2 minutos"},"schema":{"@context":"https:\/\/schema.org","@graph":[{"@type":"NewsArticle","@id":"https:\/\/www.gaveanews.com\/index.php\/2020\/09\/25\/flamengo-espera-contar-com-volta-de-7-jogadores-para-a-libertadores\/#article","isPartOf":{"@id":"https:\/\/www.gaveanews.com\/index.php\/2020\/09\/25\/flamengo-espera-contar-com-volta-de-7-jogadores-para-a-libertadores\/"},"author":{"name":"Equipe G\u00e1vea News","@id":"https:\/\/www.gaveanews.com\/#\/schema\/person\/2ec14f73fb96be2caf28f91afb14749d"},"headline":"Flamengo espera contar com volta de 7 jogadores para a Libertadores","datePublished":"2020-09-25T16:55:27+00:00","dateModified":"2020-09-25T16:55:29+00:00","mainEntityOfPage":{"@id":"https:\/\/www.gaveanews.com\/index.php\/2020\/09\/25\/flamengo-espera-contar-com-volta-de-7-jogadores-para-a-libertadores\/"},"wordCount":508,"commentCount":3,"image":{"@id":"https:\/\/www.gaveanews.com\/index.php\/2020\/09\/25\/flamengo-espera-contar-com-volta-de-7-jogadores-para-a-libertadores\/#primaryimage"},"thumbnailUrl":"https:\/\/www.gaveanews.com\/wp-content\/uploads\/2019\/03\/Taca-da-Copa-Libertadores-da-America.webp","articleSection":["Destaques"],"inLanguage":"pt-BR","potentialAction":[{"@type":"CommentAction","name":"Comment","target":["https:\/\/www.gaveanews.com\/index.php\/2020\/09\/25\/flamengo-espera-contar-com-volta-de-7-jogadores-para-a-libertadores\/#respond"]}],"copyrightYear":"2020","copyrightHolder":{"@id":"https:\/\/www.gaveanews.com\/#organization"}},{"@type":"WebPage","@id":"https:\/\/www.gaveanews.com\/index.php\/2020\/09\/25\/flamengo-espera-contar-com-volta-de-7-jogadores-para-a-libertadores\/","url":"https:\/\/www.gaveanews.com\/index.php\/2020\/09\/25\/flamengo-espera-contar-com-volta-de-7-jogadores-para-a-libertadores\/","name":"Flamengo espera contar com volta de 7 jogadores para a Libertadores","isPartOf":{"@id":"https:\/\/www.gaveanews.com\/#website"},"primaryImageOfPage":{"@id":"https:\/\/www.gaveanews.com\/index.php\/2020\/09\/25\/flamengo-espera-contar-com-volta-de-7-jogadores-para-a-libertadores\/#primaryimage"},"image":{"@id":"https:\/\/www.gaveanews.com\/index.php\/2020\/09\/25\/flamengo-espera-contar-com-volta-de-7-jogadores-para-a-libertadores\/#primaryimage"},"thumbnailUrl":"https:\/\/www.gaveanews.com\/wp-content\/uploads\/2019\/03\/Taca-da-Copa-Libertadores-da-America.webp","datePublished":"2020-09-25T16:55:27+00:00","dateModified":"2020-09-25T16:55:29+00:00","author":{"@id":"https:\/\/www.gaveanews.com\/#\/schema\/person\/2ec14f73fb96be2caf28f91afb14749d"},"breadcrumb":{"@id":"https:\/\/www.gaveanews.com\/index.php\/2020\/09\/25\/flamengo-espera-contar-com-volta-de-7-jogadores-para-a-libertadores\/#breadcrumb"},"inLanguage":"pt-BR","potentialAction":[{"@type":"ReadAction","target":["https:\/\/www.gaveanews.com\/index.php\/2020\/09\/25\/flamengo-espera-contar-com-volta-de-7-jogadores-para-a-libertadores\/"]}]},{"@type":"ImageObject","inLanguage":"pt-BR","@id":"https:\/\/www.gaveanews.com\/index.php\/2020\/09\/25\/flamengo-espera-contar-com-volta-de-7-jogadores-para-a-libertadores\/#primaryimage","url":"https:\/\/www.gaveanews.com\/wp-content\/uploads\/2019\/03\/Taca-da-Copa-Libertadores-da-America.webp","contentUrl":"https:\/\/www.gaveanews.com\/wp-content\/uploads\/2019\/03\/Taca-da-Copa-Libertadores-da-America.webp","caption":"Ta\u00e7a da Copa Libertadores da Am\u00e9rica (Foto: Divulga\u00e7\u00e3o\/Conmebol)"},{"@type":"BreadcrumbList","@id":"https:\/\/www.gaveanews.com\/index.php\/2020\/09\/25\/flamengo-espera-contar-com-volta-de-7-jogadores-para-a-libertadores\/#breadcrumb","itemListElement":[{"@type":"ListItem","position":1,"name":"Home","item":"https:\/\/www.gaveanews.com\/"},{"@type":"ListItem","position":2,"name":"Flamengo espera contar com volta de 7 jogadores para a Libertadores"}]},{"@type":"WebSite","@id":"https:\/\/www.gaveanews.com\/#website","url":"https:\/\/www.gaveanews.com\/","name":"G\u00e1vea News","description":"Veja todas as not\u00edcias sobre o Flamengo: Contrata\u00e7\u00f5es, categorias de base, resultados das partidas, tabela de classifica\u00e7\u00e3o, pr\u00f3ximos jogos!","potentialAction":[{"@type":"SearchAction","target":{"@type":"EntryPoint","urlTemplate":"https:\/\/www.gaveanews.com\/?s={search_term_string}"},"query-input":{"@type":"PropertyValueSpecification","valueRequired":true,"valueName":"search_term_string"}}],"inLanguage":"pt-BR"},{"@type":"Person","@id":"https:\/\/www.gaveanews.com\/#\/schema\/person\/2ec14f73fb96be2caf28f91afb14749d","name":"Equipe G\u00e1vea News","image":{"@type":"ImageObject","inLanguage":"pt-BR","@id":"https:\/\/www.gaveanews.com\/#\/schema\/person\/image\/","url":"https:\/\/secure.gravatar.com\/avatar\/1e1956f1facbffd3f8fa53a326721950116b3b9dc9bd44939c01180fd4a745a9?s=96&d=mm&r=g","contentUrl":"https:\/\/secure.gravatar.com\/avatar\/1e1956f1facbffd3f8fa53a326721950116b3b9dc9bd44939c01180fd4a745a9?s=96&d=mm&r=g","caption":"Equipe G\u00e1vea News"}}]}},"_links":{"self":[{"href":"https:\/\/www.gaveanews.com\/index.php\/wp-json\/wp\/v2\/posts\/47992","targetHints":{"allow":["GET"]}}],"collection":[{"href":"https:\/\/www.gaveanews.com\/index.php\/wp-json\/wp\/v2\/posts"}],"about":[{"href":"https:\/\/www.gaveanews.com\/index.php\/wp-json\/wp\/v2\/types\/post"}],"author":[{"embeddable":true,"href":"https:\/\/www.gaveanews.com\/index.php\/wp-json\/wp\/v2\/users\/1"}],"replies":[{"embeddable":true,"href":"https:\/\/www.gaveanews.com\/index.php\/wp-json\/wp\/v2\/comments?post=47992"}],"version-history":[{"count":0,"href":"https:\/\/www.gaveanews.com\/index.php\/wp-json\/wp\/v2\/posts\/47992\/revisions"}],"wp:featuredmedia":[{"embeddable":true,"href":"https:\/\/www.gaveanews.com\/index.php\/wp-json\/wp\/v2\/media\/14851"}],"wp:attachment":[{"href":"https:\/\/www.gaveanews.com\/index.php\/wp-json\/wp\/v2\/media?parent=47992"}],"wp:term":[{"taxonomy":"category","embeddable":true,"href":"https:\/\/www.gaveanews.com\/index.php\/wp-json\/wp\/v2\/categories?post=47992"},{"taxonomy":"post_tag","embeddable":true,"href":"https:\/\/www.gaveanews.com\/index.php\/wp-json\/wp\/v2\/tags?post=47992"}],"curies":[{"name":"wp","href":"https:\/\/api.w.org\/{rel}","templated":true}]}}