{"id":48001,"date":"2020-09-25T15:57:39","date_gmt":"2020-09-25T18:57:39","guid":{"rendered":"https:\/\/www.gaveanews.com\/?p=48001"},"modified":"2020-09-25T15:57:41","modified_gmt":"2020-09-25T18:57:41","slug":"landim-minimiza-foto-de-jogadores-do-flamengo-sem-mascara","status":"publish","type":"post","link":"https:\/\/www.gaveanews.com\/index.php\/2020\/09\/25\/landim-minimiza-foto-de-jogadores-do-flamengo-sem-mascara\/","title":{"rendered":"Landim minimiza foto de jogadores do Flamengo sem m\u00e1scara"},"content":{"rendered":"\n<p>O presidente do Flamengo, Rodolfo Landim, minimizou a foto tirada no avi\u00e3o que trouxe o Flamengo do Equador para o Rio de Janeiro, onde os jogadores aparecem sem m\u00e1scara, mesmo ap\u00f3s diversos atletas rubro-negros terem testado positivo para a Covid-19. O dirigente enxergou a atitude como &#8220;natural&#8221;.<\/p>\n\n\n\n<p>\u201cEstamos todos testados. \u00c9 \u00f3bvio que na hora que vai tirar uma foto, voc\u00ea n\u00e3o tira foto com m\u00e1scara. Vamos relevar a\u00ed. Os jogadores jogam sem m\u00e1scara. \u00c9 dif\u00edcil de conter, \u00e9 coisa natural. Eles se cumprimentam, se abra\u00e7am. Eu tamb\u00e9m tiro a m\u00e1scara quando um torcedor me pede uma foto na rua. Eu tiro a m\u00e1scara, prendo a respira\u00e7\u00e3o e coloco de novo\u201d, declarou Landim ao &#8220;Sele\u00e7\u00e3o SporTV&#8221;.<\/p>\n\n\n\n<p>Ao todo, 27 membros da delega\u00e7\u00e3o do Flamengo foram infectados pelo coronav\u00edrus no Equador. Deste total, 16 eram jogadores.<\/p>\n\n\n\n<p>Retirado de: O Dia<\/p>\n","protected":false},"excerpt":{"rendered":"<p>O presidente do Flamengo, Rodolfo Landim, minimizou a foto tirada no avi\u00e3o que trouxe o Flamengo do Equador para o Rio de Janeiro, onde os jogadores aparecem sem m\u00e1scara, mesmo ap\u00f3s diversos atletas rubro-negros terem testado positivo para a Covid-19. O dirigente enxergou a atitude como &#8220;natural&#8221;. \u201cEstamos todos testados. \u00c9 \u00f3bvio que na hora [&hellip;]<\/p>\n","protected":false},"author":1,"featured_media":15077,"comment_status":"open","ping_status":"closed","sticky":false,"template":"","format":"standard","meta":{"footnotes":""},"categories":[1],"tags":[],"class_list":["post-48001","post","type-post","status-publish","format-standard","has-post-thumbnail","hentry","category-flamengo"],"yoast_head":"<!-- This site is optimized with the Yoast SEO Premium plugin v24.2 (Yoast SEO v26.9) - https:\/\/yoast.com\/product\/yoast-seo-premium-wordpress\/ -->\n<title>Landim minimiza foto de jogadores do Flamengo sem m\u00e1scara<\/title>\n<meta name=\"robots\" content=\"index, follow, max-snippet:-1, max-image-preview:large, max-video-preview:-1\" \/>\n<link rel=\"canonical\" href=\"https:\/\/www.gaveanews.com\/index.php\/2020\/09\/25\/landim-minimiza-foto-de-jogadores-do-flamengo-sem-mascara\/\" \/>\n<meta property=\"og:locale\" content=\"pt_BR\" \/>\n<meta property=\"og:type\" content=\"article\" \/>\n<meta property=\"og:title\" content=\"Landim minimiza foto de jogadores do Flamengo sem m\u00e1scara\" \/>\n<meta property=\"og:description\" content=\"O presidente do Flamengo, Rodolfo Landim, minimizou a foto tirada no avi\u00e3o que trouxe o Flamengo do Equador para o Rio de Janeiro, onde os jogadores aparecem sem m\u00e1scara, mesmo ap\u00f3s diversos atletas rubro-negros terem testado positivo para a Covid-19. O dirigente enxergou a atitude como &#8220;natural&#8221;. \u201cEstamos todos testados. \u00c9 \u00f3bvio que na hora [&hellip;]\" \/>\n<meta property=\"og:url\" content=\"https:\/\/www.gaveanews.com\/index.php\/2020\/09\/25\/landim-minimiza-foto-de-jogadores-do-flamengo-sem-mascara\/\" \/>\n<meta property=\"og:site_name\" content=\"G\u00e1vea News\" \/>\n<meta property=\"article:publisher\" content=\"https:\/\/facebook.com\/gaveaNews\/\" \/>\n<meta property=\"article:published_time\" content=\"2020-09-25T18:57:39+00:00\" \/>\n<meta property=\"article:modified_time\" content=\"2020-09-25T18:57:41+00:00\" \/>\n<meta property=\"og:image\" content=\"https:\/\/www.gaveanews.com\/wp-content\/uploads\/2019\/03\/Rodolfo-Landim-durante-entrevista-coletiva-na-Gavea.webp\" \/>\n\t<meta property=\"og:image:width\" content=\"1\" \/>\n\t<meta property=\"og:image:height\" content=\"1\" \/>\n\t<meta property=\"og:image:type\" content=\"image\/jpeg\" \/>\n<meta name=\"author\" content=\"Equipe G\u00e1vea News\" \/>\n<meta name=\"twitter:card\" content=\"summary_large_image\" \/>\n<meta name=\"twitter:label1\" content=\"Escrito por\" \/>\n\t<meta name=\"twitter:data1\" content=\"Equipe G\u00e1vea News\" \/>\n\t<meta name=\"twitter:label2\" content=\"Est. tempo de leitura\" \/>\n\t<meta name=\"twitter:data2\" content=\"1 minuto\" \/>\n<script type=\"application\/ld+json\" class=\"yoast-schema-graph\">{\"@context\":\"https:\/\/schema.org\",\"@graph\":[{\"@type\":\"NewsArticle\",\"@id\":\"https:\/\/www.gaveanews.com\/index.php\/2020\/09\/25\/landim-minimiza-foto-de-jogadores-do-flamengo-sem-mascara\/#article\",\"isPartOf\":{\"@id\":\"https:\/\/www.gaveanews.com\/index.php\/2020\/09\/25\/landim-minimiza-foto-de-jogadores-do-flamengo-sem-mascara\/\"},\"author\":{\"name\":\"Equipe G\u00e1vea News\",\"@id\":\"https:\/\/www.gaveanews.com\/#\/schema\/person\/2ec14f73fb96be2caf28f91afb14749d\"},\"headline\":\"Landim minimiza foto de jogadores do Flamengo sem m\u00e1scara\",\"datePublished\":\"2020-09-25T18:57:39+00:00\",\"dateModified\":\"2020-09-25T18:57:41+00:00\",\"mainEntityOfPage\":{\"@id\":\"https:\/\/www.gaveanews.com\/index.php\/2020\/09\/25\/landim-minimiza-foto-de-jogadores-do-flamengo-sem-mascara\/\"},\"wordCount\":159,\"commentCount\":7,\"image\":{\"@id\":\"https:\/\/www.gaveanews.com\/index.php\/2020\/09\/25\/landim-minimiza-foto-de-jogadores-do-flamengo-sem-mascara\/#primaryimage\"},\"thumbnailUrl\":\"https:\/\/www.gaveanews.com\/wp-content\/uploads\/2019\/03\/Rodolfo-Landim-durante-entrevista-coletiva-na-Gavea.webp\",\"articleSection\":[\"Flamengo\"],\"inLanguage\":\"pt-BR\",\"potentialAction\":[{\"@type\":\"CommentAction\",\"name\":\"Comment\",\"target\":[\"https:\/\/www.gaveanews.com\/index.php\/2020\/09\/25\/landim-minimiza-foto-de-jogadores-do-flamengo-sem-mascara\/#respond\"]}],\"copyrightYear\":\"2020\",\"copyrightHolder\":{\"@id\":\"https:\/\/www.gaveanews.com\/#organization\"}},{\"@type\":\"WebPage\",\"@id\":\"https:\/\/www.gaveanews.com\/index.php\/2020\/09\/25\/landim-minimiza-foto-de-jogadores-do-flamengo-sem-mascara\/\",\"url\":\"https:\/\/www.gaveanews.com\/index.php\/2020\/09\/25\/landim-minimiza-foto-de-jogadores-do-flamengo-sem-mascara\/\",\"name\":\"Landim minimiza foto de jogadores do Flamengo sem m\u00e1scara\",\"isPartOf\":{\"@id\":\"https:\/\/www.gaveanews.com\/#website\"},\"primaryImageOfPage\":{\"@id\":\"https:\/\/www.gaveanews.com\/index.php\/2020\/09\/25\/landim-minimiza-foto-de-jogadores-do-flamengo-sem-mascara\/#primaryimage\"},\"image\":{\"@id\":\"https:\/\/www.gaveanews.com\/index.php\/2020\/09\/25\/landim-minimiza-foto-de-jogadores-do-flamengo-sem-mascara\/#primaryimage\"},\"thumbnailUrl\":\"https:\/\/www.gaveanews.com\/wp-content\/uploads\/2019\/03\/Rodolfo-Landim-durante-entrevista-coletiva-na-Gavea.webp\",\"datePublished\":\"2020-09-25T18:57:39+00:00\",\"dateModified\":\"2020-09-25T18:57:41+00:00\",\"author\":{\"@id\":\"https:\/\/www.gaveanews.com\/#\/schema\/person\/2ec14f73fb96be2caf28f91afb14749d\"},\"breadcrumb\":{\"@id\":\"https:\/\/www.gaveanews.com\/index.php\/2020\/09\/25\/landim-minimiza-foto-de-jogadores-do-flamengo-sem-mascara\/#breadcrumb\"},\"inLanguage\":\"pt-BR\",\"potentialAction\":[{\"@type\":\"ReadAction\",\"target\":[\"https:\/\/www.gaveanews.com\/index.php\/2020\/09\/25\/landim-minimiza-foto-de-jogadores-do-flamengo-sem-mascara\/\"]}]},{\"@type\":\"ImageObject\",\"inLanguage\":\"pt-BR\",\"@id\":\"https:\/\/www.gaveanews.com\/index.php\/2020\/09\/25\/landim-minimiza-foto-de-jogadores-do-flamengo-sem-mascara\/#primaryimage\",\"url\":\"https:\/\/www.gaveanews.com\/wp-content\/uploads\/2019\/03\/Rodolfo-Landim-durante-entrevista-coletiva-na-Gavea.webp\",\"contentUrl\":\"https:\/\/www.gaveanews.com\/wp-content\/uploads\/2019\/03\/Rodolfo-Landim-durante-entrevista-coletiva-na-Gavea.webp\",\"width\":900,\"height\":599,\"caption\":\"Rodolfo Landim durante entrevista coletiva na G\u00e1vea (Foto: Ag\u00eancia Foto BR)\"},{\"@type\":\"BreadcrumbList\",\"@id\":\"https:\/\/www.gaveanews.com\/index.php\/2020\/09\/25\/landim-minimiza-foto-de-jogadores-do-flamengo-sem-mascara\/#breadcrumb\",\"itemListElement\":[{\"@type\":\"ListItem\",\"position\":1,\"name\":\"Home\",\"item\":\"https:\/\/www.gaveanews.com\/\"},{\"@type\":\"ListItem\",\"position\":2,\"name\":\"Landim minimiza foto de jogadores do Flamengo sem m\u00e1scara\"}]},{\"@type\":\"WebSite\",\"@id\":\"https:\/\/www.gaveanews.com\/#website\",\"url\":\"https:\/\/www.gaveanews.com\/\",\"name\":\"G\u00e1vea News\",\"description\":\"Veja todas as not\u00edcias sobre o Flamengo: Contrata\u00e7\u00f5es, categorias de base, resultados das partidas, tabela de classifica\u00e7\u00e3o, pr\u00f3ximos jogos!\",\"potentialAction\":[{\"@type\":\"SearchAction\",\"target\":{\"@type\":\"EntryPoint\",\"urlTemplate\":\"https:\/\/www.gaveanews.com\/?s={search_term_string}\"},\"query-input\":{\"@type\":\"PropertyValueSpecification\",\"valueRequired\":true,\"valueName\":\"search_term_string\"}}],\"inLanguage\":\"pt-BR\"},{\"@type\":\"Person\",\"@id\":\"https:\/\/www.gaveanews.com\/#\/schema\/person\/2ec14f73fb96be2caf28f91afb14749d\",\"name\":\"Equipe G\u00e1vea News\",\"image\":{\"@type\":\"ImageObject\",\"inLanguage\":\"pt-BR\",\"@id\":\"https:\/\/www.gaveanews.com\/#\/schema\/person\/image\/\",\"url\":\"https:\/\/secure.gravatar.com\/avatar\/1e1956f1facbffd3f8fa53a326721950116b3b9dc9bd44939c01180fd4a745a9?s=96&d=mm&r=g\",\"contentUrl\":\"https:\/\/secure.gravatar.com\/avatar\/1e1956f1facbffd3f8fa53a326721950116b3b9dc9bd44939c01180fd4a745a9?s=96&d=mm&r=g\",\"caption\":\"Equipe G\u00e1vea News\"}}]}<\/script>\n<!-- \/ Yoast SEO Premium plugin. -->","yoast_head_json":{"title":"Landim minimiza foto de jogadores do Flamengo sem m\u00e1scara","robots":{"index":"index","follow":"follow","max-snippet":"max-snippet:-1","max-image-preview":"max-image-preview:large","max-video-preview":"max-video-preview:-1"},"canonical":"https:\/\/www.gaveanews.com\/index.php\/2020\/09\/25\/landim-minimiza-foto-de-jogadores-do-flamengo-sem-mascara\/","og_locale":"pt_BR","og_type":"article","og_title":"Landim minimiza foto de jogadores do Flamengo sem m\u00e1scara","og_description":"O presidente do Flamengo, Rodolfo Landim, minimizou a foto tirada no avi\u00e3o que trouxe o Flamengo do Equador para o Rio de Janeiro, onde os jogadores aparecem sem m\u00e1scara, mesmo ap\u00f3s diversos atletas rubro-negros terem testado positivo para a Covid-19. O dirigente enxergou a atitude como &#8220;natural&#8221;. \u201cEstamos todos testados. \u00c9 \u00f3bvio que na hora [&hellip;]","og_url":"https:\/\/www.gaveanews.com\/index.php\/2020\/09\/25\/landim-minimiza-foto-de-jogadores-do-flamengo-sem-mascara\/","og_site_name":"G\u00e1vea News","article_publisher":"https:\/\/facebook.com\/gaveaNews\/","article_published_time":"2020-09-25T18:57:39+00:00","article_modified_time":"2020-09-25T18:57:41+00:00","og_image":[{"url":"https:\/\/www.gaveanews.com\/wp-content\/uploads\/2019\/03\/Rodolfo-Landim-durante-entrevista-coletiva-na-Gavea.webp","width":1,"height":1,"type":"image\/jpeg"}],"author":"Equipe G\u00e1vea News","twitter_card":"summary_large_image","twitter_misc":{"Escrito por":"Equipe G\u00e1vea News","Est. tempo de leitura":"1 minuto"},"schema":{"@context":"https:\/\/schema.org","@graph":[{"@type":"NewsArticle","@id":"https:\/\/www.gaveanews.com\/index.php\/2020\/09\/25\/landim-minimiza-foto-de-jogadores-do-flamengo-sem-mascara\/#article","isPartOf":{"@id":"https:\/\/www.gaveanews.com\/index.php\/2020\/09\/25\/landim-minimiza-foto-de-jogadores-do-flamengo-sem-mascara\/"},"author":{"name":"Equipe G\u00e1vea News","@id":"https:\/\/www.gaveanews.com\/#\/schema\/person\/2ec14f73fb96be2caf28f91afb14749d"},"headline":"Landim minimiza foto de jogadores do Flamengo sem m\u00e1scara","datePublished":"2020-09-25T18:57:39+00:00","dateModified":"2020-09-25T18:57:41+00:00","mainEntityOfPage":{"@id":"https:\/\/www.gaveanews.com\/index.php\/2020\/09\/25\/landim-minimiza-foto-de-jogadores-do-flamengo-sem-mascara\/"},"wordCount":159,"commentCount":7,"image":{"@id":"https:\/\/www.gaveanews.com\/index.php\/2020\/09\/25\/landim-minimiza-foto-de-jogadores-do-flamengo-sem-mascara\/#primaryimage"},"thumbnailUrl":"https:\/\/www.gaveanews.com\/wp-content\/uploads\/2019\/03\/Rodolfo-Landim-durante-entrevista-coletiva-na-Gavea.webp","articleSection":["Flamengo"],"inLanguage":"pt-BR","potentialAction":[{"@type":"CommentAction","name":"Comment","target":["https:\/\/www.gaveanews.com\/index.php\/2020\/09\/25\/landim-minimiza-foto-de-jogadores-do-flamengo-sem-mascara\/#respond"]}],"copyrightYear":"2020","copyrightHolder":{"@id":"https:\/\/www.gaveanews.com\/#organization"}},{"@type":"WebPage","@id":"https:\/\/www.gaveanews.com\/index.php\/2020\/09\/25\/landim-minimiza-foto-de-jogadores-do-flamengo-sem-mascara\/","url":"https:\/\/www.gaveanews.com\/index.php\/2020\/09\/25\/landim-minimiza-foto-de-jogadores-do-flamengo-sem-mascara\/","name":"Landim minimiza foto de jogadores do Flamengo sem m\u00e1scara","isPartOf":{"@id":"https:\/\/www.gaveanews.com\/#website"},"primaryImageOfPage":{"@id":"https:\/\/www.gaveanews.com\/index.php\/2020\/09\/25\/landim-minimiza-foto-de-jogadores-do-flamengo-sem-mascara\/#primaryimage"},"image":{"@id":"https:\/\/www.gaveanews.com\/index.php\/2020\/09\/25\/landim-minimiza-foto-de-jogadores-do-flamengo-sem-mascara\/#primaryimage"},"thumbnailUrl":"https:\/\/www.gaveanews.com\/wp-content\/uploads\/2019\/03\/Rodolfo-Landim-durante-entrevista-coletiva-na-Gavea.webp","datePublished":"2020-09-25T18:57:39+00:00","dateModified":"2020-09-25T18:57:41+00:00","author":{"@id":"https:\/\/www.gaveanews.com\/#\/schema\/person\/2ec14f73fb96be2caf28f91afb14749d"},"breadcrumb":{"@id":"https:\/\/www.gaveanews.com\/index.php\/2020\/09\/25\/landim-minimiza-foto-de-jogadores-do-flamengo-sem-mascara\/#breadcrumb"},"inLanguage":"pt-BR","potentialAction":[{"@type":"ReadAction","target":["https:\/\/www.gaveanews.com\/index.php\/2020\/09\/25\/landim-minimiza-foto-de-jogadores-do-flamengo-sem-mascara\/"]}]},{"@type":"ImageObject","inLanguage":"pt-BR","@id":"https:\/\/www.gaveanews.com\/index.php\/2020\/09\/25\/landim-minimiza-foto-de-jogadores-do-flamengo-sem-mascara\/#primaryimage","url":"https:\/\/www.gaveanews.com\/wp-content\/uploads\/2019\/03\/Rodolfo-Landim-durante-entrevista-coletiva-na-Gavea.webp","contentUrl":"https:\/\/www.gaveanews.com\/wp-content\/uploads\/2019\/03\/Rodolfo-Landim-durante-entrevista-coletiva-na-Gavea.webp","width":900,"height":599,"caption":"Rodolfo Landim durante entrevista coletiva na G\u00e1vea (Foto: Ag\u00eancia Foto BR)"},{"@type":"BreadcrumbList","@id":"https:\/\/www.gaveanews.com\/index.php\/2020\/09\/25\/landim-minimiza-foto-de-jogadores-do-flamengo-sem-mascara\/#breadcrumb","itemListElement":[{"@type":"ListItem","position":1,"name":"Home","item":"https:\/\/www.gaveanews.com\/"},{"@type":"ListItem","position":2,"name":"Landim minimiza foto de jogadores do Flamengo sem m\u00e1scara"}]},{"@type":"WebSite","@id":"https:\/\/www.gaveanews.com\/#website","url":"https:\/\/www.gaveanews.com\/","name":"G\u00e1vea News","description":"Veja todas as not\u00edcias sobre o Flamengo: Contrata\u00e7\u00f5es, categorias de base, resultados das partidas, tabela de classifica\u00e7\u00e3o, pr\u00f3ximos jogos!","potentialAction":[{"@type":"SearchAction","target":{"@type":"EntryPoint","urlTemplate":"https:\/\/www.gaveanews.com\/?s={search_term_string}"},"query-input":{"@type":"PropertyValueSpecification","valueRequired":true,"valueName":"search_term_string"}}],"inLanguage":"pt-BR"},{"@type":"Person","@id":"https:\/\/www.gaveanews.com\/#\/schema\/person\/2ec14f73fb96be2caf28f91afb14749d","name":"Equipe G\u00e1vea News","image":{"@type":"ImageObject","inLanguage":"pt-BR","@id":"https:\/\/www.gaveanews.com\/#\/schema\/person\/image\/","url":"https:\/\/secure.gravatar.com\/avatar\/1e1956f1facbffd3f8fa53a326721950116b3b9dc9bd44939c01180fd4a745a9?s=96&d=mm&r=g","contentUrl":"https:\/\/secure.gravatar.com\/avatar\/1e1956f1facbffd3f8fa53a326721950116b3b9dc9bd44939c01180fd4a745a9?s=96&d=mm&r=g","caption":"Equipe G\u00e1vea News"}}]}},"_links":{"self":[{"href":"https:\/\/www.gaveanews.com\/index.php\/wp-json\/wp\/v2\/posts\/48001","targetHints":{"allow":["GET"]}}],"collection":[{"href":"https:\/\/www.gaveanews.com\/index.php\/wp-json\/wp\/v2\/posts"}],"about":[{"href":"https:\/\/www.gaveanews.com\/index.php\/wp-json\/wp\/v2\/types\/post"}],"author":[{"embeddable":true,"href":"https:\/\/www.gaveanews.com\/index.php\/wp-json\/wp\/v2\/users\/1"}],"replies":[{"embeddable":true,"href":"https:\/\/www.gaveanews.com\/index.php\/wp-json\/wp\/v2\/comments?post=48001"}],"version-history":[{"count":0,"href":"https:\/\/www.gaveanews.com\/index.php\/wp-json\/wp\/v2\/posts\/48001\/revisions"}],"wp:featuredmedia":[{"embeddable":true,"href":"https:\/\/www.gaveanews.com\/index.php\/wp-json\/wp\/v2\/media\/15077"}],"wp:attachment":[{"href":"https:\/\/www.gaveanews.com\/index.php\/wp-json\/wp\/v2\/media?parent=48001"}],"wp:term":[{"taxonomy":"category","embeddable":true,"href":"https:\/\/www.gaveanews.com\/index.php\/wp-json\/wp\/v2\/categories?post=48001"},{"taxonomy":"post_tag","embeddable":true,"href":"https:\/\/www.gaveanews.com\/index.php\/wp-json\/wp\/v2\/tags?post=48001"}],"curies":[{"name":"wp","href":"https:\/\/api.w.org\/{rel}","templated":true}]}}