{"id":48008,"date":"2020-09-25T21:25:51","date_gmt":"2020-09-26T00:25:51","guid":{"rendered":"https:\/\/www.gaveanews.com\/?p=48008"},"modified":"2021-08-12T00:43:56","modified_gmt":"2021-08-12T03:43:56","slug":"mais-tres-jogadores-do-flamengo-testam-positivo-para-o-covid","status":"publish","type":"post","link":"https:\/\/www.gaveanews.com\/index.php\/2020\/09\/25\/mais-tres-jogadores-do-flamengo-testam-positivo-para-o-covid\/","title":{"rendered":"Mais tr\u00eas jogadores do Flamengo testam positivo para o COVID"},"content":{"rendered":"\n<p>O surto de COVID no elenco do Flamengo parece n\u00e3o ter fim. Na noite desta sexta-feira (25 de setembro), mais tr\u00eas jogadores testaram positivo, sendo eles: o zagueiro Gabriel Noga, o meio-campista Pep\u00ea e o atacante Rodrigo Muniz. Desta forma, o trio est\u00e1 de fora da partida contra o Palmeiras.<\/p>\n\n\n\n<p>Com estes novos casos, o Flamengo ir\u00e1 recorrer ao STJD, que anteriormente optou por n\u00e3o adiar o confronto, que est\u00e1 agendado para o pr\u00f3ximo domingo (27 de setembro), \u00e0s 16 horas (de acordo com o hor\u00e1rio de Bras\u00edlia).<\/p>\n\n\n\n<p>Em contato com o jornalista Diego Dantas, o advogado do Flamengo, Michel Assef Filho confirmou que o clube solicitar\u00e1 uma reconsidera\u00e7\u00e3o: &#8220;S\u00e3o nove infectados, entre atletas, delega\u00e7\u00e3o e comiss\u00e3o. E outros podem aparecer. E a\u00ed, quem entra em campo? Quem vai ao est\u00e1dio? Estou peticionando no STJD pedindo reconsidera\u00e7\u00e3o. \u00c9 uma insanidade manter esse jogo&#8221;.<\/p>\n\n\n\n<p><strong>Leia tamb\u00e9m: <a href=\"https:\/\/www.gaveanews.com\/index.php\/2020\/09\/25\/apos-foto-polemica-funcionario-do-flamengo-e-demitido\/\">Ap\u00f3s foto pol\u00eamica, funcion\u00e1rio do Flamengo \u00e9 demitido<\/a><\/strong><\/p>\n","protected":false},"excerpt":{"rendered":"<p>O surto de COVID no elenco do Flamengo parece n\u00e3o ter fim. Na noite desta sexta-feira (25 de setembro), mais tr\u00eas jogadores testaram positivo, sendo eles: o zagueiro Gabriel Noga, o meio-campista Pep\u00ea e o atacante Rodrigo Muniz. Desta forma, o trio est\u00e1 de fora da partida contra o Palmeiras. Com estes novos casos, o [&hellip;]<\/p>\n","protected":false},"author":2,"featured_media":46407,"comment_status":"open","ping_status":"closed","sticky":false,"template":"","format":"standard","meta":{"footnotes":""},"categories":[1],"tags":[],"class_list":["post-48008","post","type-post","status-publish","format-standard","has-post-thumbnail","hentry","category-flamengo"],"yoast_head":"<!-- This site is optimized with the Yoast SEO Premium plugin v24.2 (Yoast SEO v26.9) - https:\/\/yoast.com\/product\/yoast-seo-premium-wordpress\/ -->\n<title>Mais tr\u00eas jogadores do Flamengo testam positivo para o COVID<\/title>\n<meta name=\"robots\" content=\"index, follow, max-snippet:-1, max-image-preview:large, max-video-preview:-1\" \/>\n<link rel=\"canonical\" href=\"https:\/\/www.gaveanews.com\/index.php\/2020\/09\/25\/mais-tres-jogadores-do-flamengo-testam-positivo-para-o-covid\/\" \/>\n<meta property=\"og:locale\" content=\"pt_BR\" \/>\n<meta property=\"og:type\" content=\"article\" \/>\n<meta property=\"og:title\" content=\"Mais tr\u00eas jogadores do Flamengo testam positivo para o COVID\" \/>\n<meta property=\"og:description\" content=\"O surto de COVID no elenco do Flamengo parece n\u00e3o ter fim. Na noite desta sexta-feira (25 de setembro), mais tr\u00eas jogadores testaram positivo, sendo eles: o zagueiro Gabriel Noga, o meio-campista Pep\u00ea e o atacante Rodrigo Muniz. Desta forma, o trio est\u00e1 de fora da partida contra o Palmeiras. Com estes novos casos, o [&hellip;]\" \/>\n<meta property=\"og:url\" content=\"https:\/\/www.gaveanews.com\/index.php\/2020\/09\/25\/mais-tres-jogadores-do-flamengo-testam-positivo-para-o-covid\/\" \/>\n<meta property=\"og:site_name\" content=\"G\u00e1vea News\" \/>\n<meta property=\"article:publisher\" content=\"https:\/\/facebook.com\/gaveaNews\/\" \/>\n<meta property=\"article:published_time\" content=\"2020-09-26T00:25:51+00:00\" \/>\n<meta property=\"article:modified_time\" content=\"2021-08-12T03:43:56+00:00\" \/>\n<meta property=\"og:image\" content=\"https:\/\/www.gaveanews.com\/wp-content\/uploads\/Pepe-durante-treinamento-do-Flamengo.webp\" \/>\n\t<meta property=\"og:image:width\" content=\"1280\" \/>\n\t<meta property=\"og:image:height\" content=\"720\" \/>\n\t<meta property=\"og:image:type\" content=\"image\/jpeg\" \/>\n<meta name=\"author\" content=\"Hugo Nogueira\" \/>\n<meta name=\"twitter:card\" content=\"summary_large_image\" \/>\n<meta name=\"twitter:label1\" content=\"Escrito por\" \/>\n\t<meta name=\"twitter:data1\" content=\"Hugo Nogueira\" \/>\n\t<meta name=\"twitter:label2\" content=\"Est. tempo de leitura\" \/>\n\t<meta name=\"twitter:data2\" content=\"1 minuto\" \/>\n<script type=\"application\/ld+json\" class=\"yoast-schema-graph\">{\"@context\":\"https:\/\/schema.org\",\"@graph\":[{\"@type\":\"NewsArticle\",\"@id\":\"https:\/\/www.gaveanews.com\/index.php\/2020\/09\/25\/mais-tres-jogadores-do-flamengo-testam-positivo-para-o-covid\/#article\",\"isPartOf\":{\"@id\":\"https:\/\/www.gaveanews.com\/index.php\/2020\/09\/25\/mais-tres-jogadores-do-flamengo-testam-positivo-para-o-covid\/\"},\"author\":{\"name\":\"Hugo Nogueira\",\"@id\":\"https:\/\/www.gaveanews.com\/#\/schema\/person\/3a0372021fabaeec4e7e4242cfa27841\"},\"headline\":\"Mais tr\u00eas jogadores do Flamengo testam positivo para o COVID\",\"datePublished\":\"2020-09-26T00:25:51+00:00\",\"dateModified\":\"2021-08-12T03:43:56+00:00\",\"mainEntityOfPage\":{\"@id\":\"https:\/\/www.gaveanews.com\/index.php\/2020\/09\/25\/mais-tres-jogadores-do-flamengo-testam-positivo-para-o-covid\/\"},\"wordCount\":175,\"commentCount\":101,\"image\":{\"@id\":\"https:\/\/www.gaveanews.com\/index.php\/2020\/09\/25\/mais-tres-jogadores-do-flamengo-testam-positivo-para-o-covid\/#primaryimage\"},\"thumbnailUrl\":\"https:\/\/www.gaveanews.com\/wp-content\/uploads\/Pepe-durante-treinamento-do-Flamengo.webp\",\"articleSection\":[\"Flamengo\"],\"inLanguage\":\"pt-BR\",\"potentialAction\":[{\"@type\":\"CommentAction\",\"name\":\"Comment\",\"target\":[\"https:\/\/www.gaveanews.com\/index.php\/2020\/09\/25\/mais-tres-jogadores-do-flamengo-testam-positivo-para-o-covid\/#respond\"]}],\"copyrightYear\":\"2020\",\"copyrightHolder\":{\"@id\":\"https:\/\/www.gaveanews.com\/#organization\"}},{\"@type\":\"WebPage\",\"@id\":\"https:\/\/www.gaveanews.com\/index.php\/2020\/09\/25\/mais-tres-jogadores-do-flamengo-testam-positivo-para-o-covid\/\",\"url\":\"https:\/\/www.gaveanews.com\/index.php\/2020\/09\/25\/mais-tres-jogadores-do-flamengo-testam-positivo-para-o-covid\/\",\"name\":\"Mais tr\u00eas jogadores do Flamengo testam positivo para o COVID\",\"isPartOf\":{\"@id\":\"https:\/\/www.gaveanews.com\/#website\"},\"primaryImageOfPage\":{\"@id\":\"https:\/\/www.gaveanews.com\/index.php\/2020\/09\/25\/mais-tres-jogadores-do-flamengo-testam-positivo-para-o-covid\/#primaryimage\"},\"image\":{\"@id\":\"https:\/\/www.gaveanews.com\/index.php\/2020\/09\/25\/mais-tres-jogadores-do-flamengo-testam-positivo-para-o-covid\/#primaryimage\"},\"thumbnailUrl\":\"https:\/\/www.gaveanews.com\/wp-content\/uploads\/Pepe-durante-treinamento-do-Flamengo.webp\",\"datePublished\":\"2020-09-26T00:25:51+00:00\",\"dateModified\":\"2021-08-12T03:43:56+00:00\",\"author\":{\"@id\":\"https:\/\/www.gaveanews.com\/#\/schema\/person\/3a0372021fabaeec4e7e4242cfa27841\"},\"breadcrumb\":{\"@id\":\"https:\/\/www.gaveanews.com\/index.php\/2020\/09\/25\/mais-tres-jogadores-do-flamengo-testam-positivo-para-o-covid\/#breadcrumb\"},\"inLanguage\":\"pt-BR\",\"potentialAction\":[{\"@type\":\"ReadAction\",\"target\":[\"https:\/\/www.gaveanews.com\/index.php\/2020\/09\/25\/mais-tres-jogadores-do-flamengo-testam-positivo-para-o-covid\/\"]}]},{\"@type\":\"ImageObject\",\"inLanguage\":\"pt-BR\",\"@id\":\"https:\/\/www.gaveanews.com\/index.php\/2020\/09\/25\/mais-tres-jogadores-do-flamengo-testam-positivo-para-o-covid\/#primaryimage\",\"url\":\"https:\/\/www.gaveanews.com\/wp-content\/uploads\/Pepe-durante-treinamento-do-Flamengo.webp\",\"contentUrl\":\"https:\/\/www.gaveanews.com\/wp-content\/uploads\/Pepe-durante-treinamento-do-Flamengo.webp\",\"width\":1280,\"height\":720,\"caption\":\"Pepe durante treinamento do Flamengo\"},{\"@type\":\"BreadcrumbList\",\"@id\":\"https:\/\/www.gaveanews.com\/index.php\/2020\/09\/25\/mais-tres-jogadores-do-flamengo-testam-positivo-para-o-covid\/#breadcrumb\",\"itemListElement\":[{\"@type\":\"ListItem\",\"position\":1,\"name\":\"Home\",\"item\":\"https:\/\/www.gaveanews.com\/\"},{\"@type\":\"ListItem\",\"position\":2,\"name\":\"Mais tr\u00eas jogadores do Flamengo testam positivo para o COVID\"}]},{\"@type\":\"WebSite\",\"@id\":\"https:\/\/www.gaveanews.com\/#website\",\"url\":\"https:\/\/www.gaveanews.com\/\",\"name\":\"G\u00e1vea News\",\"description\":\"Veja todas as not\u00edcias sobre o Flamengo: Contrata\u00e7\u00f5es, categorias de base, resultados das partidas, tabela de classifica\u00e7\u00e3o, pr\u00f3ximos jogos!\",\"potentialAction\":[{\"@type\":\"SearchAction\",\"target\":{\"@type\":\"EntryPoint\",\"urlTemplate\":\"https:\/\/www.gaveanews.com\/?s={search_term_string}\"},\"query-input\":{\"@type\":\"PropertyValueSpecification\",\"valueRequired\":true,\"valueName\":\"search_term_string\"}}],\"inLanguage\":\"pt-BR\"},{\"@type\":\"Person\",\"@id\":\"https:\/\/www.gaveanews.com\/#\/schema\/person\/3a0372021fabaeec4e7e4242cfa27841\",\"name\":\"Hugo Nogueira\",\"image\":{\"@type\":\"ImageObject\",\"inLanguage\":\"pt-BR\",\"@id\":\"https:\/\/www.gaveanews.com\/#\/schema\/person\/image\/\",\"url\":\"https:\/\/secure.gravatar.com\/avatar\/0cdd89f3b47bb55926c08eee2db992845cfdd53f84c9fdd47a49d89b3cd40c0a?s=96&d=mm&r=g\",\"contentUrl\":\"https:\/\/secure.gravatar.com\/avatar\/0cdd89f3b47bb55926c08eee2db992845cfdd53f84c9fdd47a49d89b3cd40c0a?s=96&d=mm&r=g\",\"caption\":\"Hugo Nogueira\"}}]}<\/script>\n<!-- \/ Yoast SEO Premium plugin. -->","yoast_head_json":{"title":"Mais tr\u00eas jogadores do Flamengo testam positivo para o COVID","robots":{"index":"index","follow":"follow","max-snippet":"max-snippet:-1","max-image-preview":"max-image-preview:large","max-video-preview":"max-video-preview:-1"},"canonical":"https:\/\/www.gaveanews.com\/index.php\/2020\/09\/25\/mais-tres-jogadores-do-flamengo-testam-positivo-para-o-covid\/","og_locale":"pt_BR","og_type":"article","og_title":"Mais tr\u00eas jogadores do Flamengo testam positivo para o COVID","og_description":"O surto de COVID no elenco do Flamengo parece n\u00e3o ter fim. Na noite desta sexta-feira (25 de setembro), mais tr\u00eas jogadores testaram positivo, sendo eles: o zagueiro Gabriel Noga, o meio-campista Pep\u00ea e o atacante Rodrigo Muniz. Desta forma, o trio est\u00e1 de fora da partida contra o Palmeiras. Com estes novos casos, o [&hellip;]","og_url":"https:\/\/www.gaveanews.com\/index.php\/2020\/09\/25\/mais-tres-jogadores-do-flamengo-testam-positivo-para-o-covid\/","og_site_name":"G\u00e1vea News","article_publisher":"https:\/\/facebook.com\/gaveaNews\/","article_published_time":"2020-09-26T00:25:51+00:00","article_modified_time":"2021-08-12T03:43:56+00:00","og_image":[{"width":1280,"height":720,"url":"https:\/\/www.gaveanews.com\/wp-content\/uploads\/Pepe-durante-treinamento-do-Flamengo.webp","type":"image\/jpeg"}],"author":"Hugo Nogueira","twitter_card":"summary_large_image","twitter_misc":{"Escrito por":"Hugo Nogueira","Est. tempo de leitura":"1 minuto"},"schema":{"@context":"https:\/\/schema.org","@graph":[{"@type":"NewsArticle","@id":"https:\/\/www.gaveanews.com\/index.php\/2020\/09\/25\/mais-tres-jogadores-do-flamengo-testam-positivo-para-o-covid\/#article","isPartOf":{"@id":"https:\/\/www.gaveanews.com\/index.php\/2020\/09\/25\/mais-tres-jogadores-do-flamengo-testam-positivo-para-o-covid\/"},"author":{"name":"Hugo Nogueira","@id":"https:\/\/www.gaveanews.com\/#\/schema\/person\/3a0372021fabaeec4e7e4242cfa27841"},"headline":"Mais tr\u00eas jogadores do Flamengo testam positivo para o COVID","datePublished":"2020-09-26T00:25:51+00:00","dateModified":"2021-08-12T03:43:56+00:00","mainEntityOfPage":{"@id":"https:\/\/www.gaveanews.com\/index.php\/2020\/09\/25\/mais-tres-jogadores-do-flamengo-testam-positivo-para-o-covid\/"},"wordCount":175,"commentCount":101,"image":{"@id":"https:\/\/www.gaveanews.com\/index.php\/2020\/09\/25\/mais-tres-jogadores-do-flamengo-testam-positivo-para-o-covid\/#primaryimage"},"thumbnailUrl":"https:\/\/www.gaveanews.com\/wp-content\/uploads\/Pepe-durante-treinamento-do-Flamengo.webp","articleSection":["Flamengo"],"inLanguage":"pt-BR","potentialAction":[{"@type":"CommentAction","name":"Comment","target":["https:\/\/www.gaveanews.com\/index.php\/2020\/09\/25\/mais-tres-jogadores-do-flamengo-testam-positivo-para-o-covid\/#respond"]}],"copyrightYear":"2020","copyrightHolder":{"@id":"https:\/\/www.gaveanews.com\/#organization"}},{"@type":"WebPage","@id":"https:\/\/www.gaveanews.com\/index.php\/2020\/09\/25\/mais-tres-jogadores-do-flamengo-testam-positivo-para-o-covid\/","url":"https:\/\/www.gaveanews.com\/index.php\/2020\/09\/25\/mais-tres-jogadores-do-flamengo-testam-positivo-para-o-covid\/","name":"Mais tr\u00eas jogadores do Flamengo testam positivo para o COVID","isPartOf":{"@id":"https:\/\/www.gaveanews.com\/#website"},"primaryImageOfPage":{"@id":"https:\/\/www.gaveanews.com\/index.php\/2020\/09\/25\/mais-tres-jogadores-do-flamengo-testam-positivo-para-o-covid\/#primaryimage"},"image":{"@id":"https:\/\/www.gaveanews.com\/index.php\/2020\/09\/25\/mais-tres-jogadores-do-flamengo-testam-positivo-para-o-covid\/#primaryimage"},"thumbnailUrl":"https:\/\/www.gaveanews.com\/wp-content\/uploads\/Pepe-durante-treinamento-do-Flamengo.webp","datePublished":"2020-09-26T00:25:51+00:00","dateModified":"2021-08-12T03:43:56+00:00","author":{"@id":"https:\/\/www.gaveanews.com\/#\/schema\/person\/3a0372021fabaeec4e7e4242cfa27841"},"breadcrumb":{"@id":"https:\/\/www.gaveanews.com\/index.php\/2020\/09\/25\/mais-tres-jogadores-do-flamengo-testam-positivo-para-o-covid\/#breadcrumb"},"inLanguage":"pt-BR","potentialAction":[{"@type":"ReadAction","target":["https:\/\/www.gaveanews.com\/index.php\/2020\/09\/25\/mais-tres-jogadores-do-flamengo-testam-positivo-para-o-covid\/"]}]},{"@type":"ImageObject","inLanguage":"pt-BR","@id":"https:\/\/www.gaveanews.com\/index.php\/2020\/09\/25\/mais-tres-jogadores-do-flamengo-testam-positivo-para-o-covid\/#primaryimage","url":"https:\/\/www.gaveanews.com\/wp-content\/uploads\/Pepe-durante-treinamento-do-Flamengo.webp","contentUrl":"https:\/\/www.gaveanews.com\/wp-content\/uploads\/Pepe-durante-treinamento-do-Flamengo.webp","width":1280,"height":720,"caption":"Pepe durante treinamento do Flamengo"},{"@type":"BreadcrumbList","@id":"https:\/\/www.gaveanews.com\/index.php\/2020\/09\/25\/mais-tres-jogadores-do-flamengo-testam-positivo-para-o-covid\/#breadcrumb","itemListElement":[{"@type":"ListItem","position":1,"name":"Home","item":"https:\/\/www.gaveanews.com\/"},{"@type":"ListItem","position":2,"name":"Mais tr\u00eas jogadores do Flamengo testam positivo para o COVID"}]},{"@type":"WebSite","@id":"https:\/\/www.gaveanews.com\/#website","url":"https:\/\/www.gaveanews.com\/","name":"G\u00e1vea News","description":"Veja todas as not\u00edcias sobre o Flamengo: Contrata\u00e7\u00f5es, categorias de base, resultados das partidas, tabela de classifica\u00e7\u00e3o, pr\u00f3ximos jogos!","potentialAction":[{"@type":"SearchAction","target":{"@type":"EntryPoint","urlTemplate":"https:\/\/www.gaveanews.com\/?s={search_term_string}"},"query-input":{"@type":"PropertyValueSpecification","valueRequired":true,"valueName":"search_term_string"}}],"inLanguage":"pt-BR"},{"@type":"Person","@id":"https:\/\/www.gaveanews.com\/#\/schema\/person\/3a0372021fabaeec4e7e4242cfa27841","name":"Hugo Nogueira","image":{"@type":"ImageObject","inLanguage":"pt-BR","@id":"https:\/\/www.gaveanews.com\/#\/schema\/person\/image\/","url":"https:\/\/secure.gravatar.com\/avatar\/0cdd89f3b47bb55926c08eee2db992845cfdd53f84c9fdd47a49d89b3cd40c0a?s=96&d=mm&r=g","contentUrl":"https:\/\/secure.gravatar.com\/avatar\/0cdd89f3b47bb55926c08eee2db992845cfdd53f84c9fdd47a49d89b3cd40c0a?s=96&d=mm&r=g","caption":"Hugo Nogueira"}}]}},"_links":{"self":[{"href":"https:\/\/www.gaveanews.com\/index.php\/wp-json\/wp\/v2\/posts\/48008","targetHints":{"allow":["GET"]}}],"collection":[{"href":"https:\/\/www.gaveanews.com\/index.php\/wp-json\/wp\/v2\/posts"}],"about":[{"href":"https:\/\/www.gaveanews.com\/index.php\/wp-json\/wp\/v2\/types\/post"}],"author":[{"embeddable":true,"href":"https:\/\/www.gaveanews.com\/index.php\/wp-json\/wp\/v2\/users\/2"}],"replies":[{"embeddable":true,"href":"https:\/\/www.gaveanews.com\/index.php\/wp-json\/wp\/v2\/comments?post=48008"}],"version-history":[{"count":0,"href":"https:\/\/www.gaveanews.com\/index.php\/wp-json\/wp\/v2\/posts\/48008\/revisions"}],"wp:featuredmedia":[{"embeddable":true,"href":"https:\/\/www.gaveanews.com\/index.php\/wp-json\/wp\/v2\/media\/46407"}],"wp:attachment":[{"href":"https:\/\/www.gaveanews.com\/index.php\/wp-json\/wp\/v2\/media?parent=48008"}],"wp:term":[{"taxonomy":"category","embeddable":true,"href":"https:\/\/www.gaveanews.com\/index.php\/wp-json\/wp\/v2\/categories?post=48008"},{"taxonomy":"post_tag","embeddable":true,"href":"https:\/\/www.gaveanews.com\/index.php\/wp-json\/wp\/v2\/tags?post=48008"}],"curies":[{"name":"wp","href":"https:\/\/api.w.org\/{rel}","templated":true}]}}