{"id":48011,"date":"2020-09-26T14:54:03","date_gmt":"2020-09-26T17:54:03","guid":{"rendered":"https:\/\/www.gaveanews.com\/?p=48011"},"modified":"2020-09-26T15:02:44","modified_gmt":"2020-09-26T18:02:44","slug":"jogo-do-flamengo-contra-o-palmeiras-esta-suspenso","status":"publish","type":"post","link":"https:\/\/www.gaveanews.com\/index.php\/2020\/09\/26\/jogo-do-flamengo-contra-o-palmeiras-esta-suspenso\/","title":{"rendered":"Jogo do Flamengo contra o Palmeiras est\u00e1 suspenso"},"content":{"rendered":"\n<p>O Tribunal Regional do Trabalho do Rio de Janeiro determinou a suspens\u00e3o da partida entre Palmeiras e Flamengo, pelo Campeonato Brasileiro, marcada para as 16h (de Bras\u00edlia) deste domingo, em S\u00e3o Paulo.<\/p>\n\n\n\n<p>O \u00f3rg\u00e3o acatou o pedido feito pelo Sindeclubes, sindicato que representa funcion\u00e1rios de clubes no Rio, que havia entrado com uma a\u00e7\u00e3o civil p\u00fablica na sexta-feira pedindo o adiamento a partida at\u00e9 que os empregados do clube carioca cumprissem quarentena.<\/p>\n\n\n\n<p>No documento, o sindicato alega que 21 profissionais est\u00e3o escalados pelo clube para o jogo e v\u00ea &#8220;risco elevado de cont\u00e1gio&#8221;, uma vez que muitos deles estiveram no Equador, quando houve um surto de contamina\u00e7\u00e3o de coronav\u00edrus na delega\u00e7\u00e3o rubro-negra.<\/p>\n\n\n\n<p>O Sindeclubes \u00e9 presidido por Jos\u00e9 Pinheiro dos Santos, que \u00e9 funcion\u00e1rio da seguran\u00e7a do Flamengo. Segundo ele, o pedido para que fosse feita a a\u00e7\u00e3o partiu de empregados rubro-negros, preocupados com a realiza\u00e7\u00e3o da partida.<\/p>\n\n\n\n<h3 class=\"wp-block-heading\"><strong>Confira a decis\u00e3o do juiz do trabalho Filipe Olmo:<\/strong><\/h3>\n\n\n\n<p><em>&#8220;Apesar dos protocolos estabelecidos pela CBF e pelo 2\u00ba r\u00e9u, \u00e9 p\u00fablico e not\u00f3rio, pelos documentos e not\u00edcias juntadas aos autos, que h\u00e1 um surto focalizado entre os empregados e jogadores do Clube de Regatas do Flamengo. Em raz\u00e3o dos eventuais resultados falso-negativos e da possibilidade de haver infectados dentro do per\u00edodo de incuba\u00e7\u00e3o, n\u00e3o h\u00e1 garantia de que os empregados saud\u00e1veis n\u00e3o ter\u00e3o contato com outros empregados que possam estar infectados.<\/em><\/p>\n\n\n\n<p><em>Deve-se ressaltar, ainda, que os exames s\u00e3o realizados com anteced\u00eancia de 2 a 3 dias, e que outros empregados podem ter sido infectados ap\u00f3s a realiza\u00e7\u00e3o do exame, em raz\u00e3o do surto focalizado j\u00e1 mencionado. Neste contexto, n\u00e3o h\u00e1 como garantir que empregados que tenham testado negativo estejam, de fato, saud\u00e1veis e n\u00e3o estejam transmitindo o v\u00edrus, seja pela possibilidade de resultado falso-negativo, seja pela possibilidade de ter contra\u00eddo o v\u00edrus ap\u00f3s a realiza\u00e7\u00e3o do exame.<\/em><\/p>\n\n\n\n<p><em>Ressalte-se que o sindicato autor representa o staff do clube, composto, muitas vezes, por pessoas idosas e\/ou pertencentes ao grupo de risco, o que potencializa o risco da realiza\u00e7\u00e3o da partida em quest\u00e3o.<\/em><\/p>\n\n\n\n<p><em>Manter a partida implicaria risco demasiado para a sa\u00fade de jogadores das duas equipes, comiss\u00e3o t\u00e9cnica e demais empregados. Al\u00e9m disso, h\u00e1 risco de contamina\u00e7\u00e3o dos familiares, quando do retorno para casa.&#8221;<\/em><\/p>\n\n\n\n<p>Retirado de: Globo Esporte<\/p>\n","protected":false},"excerpt":{"rendered":"<p>O Tribunal Regional do Trabalho do Rio de Janeiro determinou a suspens\u00e3o da partida entre Palmeiras e Flamengo, pelo Campeonato Brasileiro, marcada para as 16h (de Bras\u00edlia) deste domingo, em S\u00e3o Paulo. O \u00f3rg\u00e3o acatou o pedido feito pelo Sindeclubes, sindicato que representa funcion\u00e1rios de clubes no Rio, que havia entrado com uma a\u00e7\u00e3o civil [&hellip;]<\/p>\n","protected":false},"author":1,"featured_media":47971,"comment_status":"open","ping_status":"closed","sticky":false,"template":"","format":"standard","meta":{"footnotes":""},"categories":[1],"tags":[],"class_list":["post-48011","post","type-post","status-publish","format-standard","has-post-thumbnail","hentry","category-flamengo"],"yoast_head":"<!-- This site is optimized with the Yoast SEO Premium plugin v24.2 (Yoast SEO v26.9) - https:\/\/yoast.com\/product\/yoast-seo-premium-wordpress\/ -->\n<title>Jogo do Flamengo contra o Palmeiras est\u00e1 suspenso<\/title>\n<meta name=\"description\" content=\"O Tribunal Regional do Trabalho do Rio de Janeiro determinou a suspens\u00e3o da partida entre Palmeiras e Flamengo.\" \/>\n<meta name=\"robots\" content=\"index, follow, max-snippet:-1, max-image-preview:large, max-video-preview:-1\" \/>\n<link rel=\"canonical\" href=\"https:\/\/www.gaveanews.com\/index.php\/2020\/09\/26\/jogo-do-flamengo-contra-o-palmeiras-esta-suspenso\/\" \/>\n<meta property=\"og:locale\" content=\"pt_BR\" \/>\n<meta property=\"og:type\" content=\"article\" \/>\n<meta property=\"og:title\" content=\"Jogo do Flamengo contra o Palmeiras est\u00e1 suspenso\" \/>\n<meta property=\"og:description\" content=\"O Tribunal Regional do Trabalho do Rio de Janeiro determinou a suspens\u00e3o da partida entre Palmeiras e Flamengo.\" \/>\n<meta property=\"og:url\" content=\"https:\/\/www.gaveanews.com\/index.php\/2020\/09\/26\/jogo-do-flamengo-contra-o-palmeiras-esta-suspenso\/\" \/>\n<meta property=\"og:site_name\" content=\"G\u00e1vea News\" \/>\n<meta property=\"article:publisher\" content=\"https:\/\/facebook.com\/gaveaNews\/\" \/>\n<meta property=\"article:published_time\" content=\"2020-09-26T17:54:03+00:00\" \/>\n<meta property=\"article:modified_time\" content=\"2020-09-26T18:02:44+00:00\" \/>\n<meta property=\"og:image\" content=\"https:\/\/www.gaveanews.com\/wp-content\/uploads\/De-Arrascaeta-em-acao-pelo-Flamengo-na-partida-contra-o-Palmeiras.webp\" \/>\n\t<meta property=\"og:image:width\" content=\"800\" \/>\n\t<meta property=\"og:image:height\" content=\"533\" \/>\n\t<meta property=\"og:image:type\" content=\"image\/jpeg\" \/>\n<meta name=\"author\" content=\"Equipe G\u00e1vea News\" \/>\n<meta name=\"twitter:card\" content=\"summary_large_image\" \/>\n<meta name=\"twitter:label1\" content=\"Escrito por\" \/>\n\t<meta name=\"twitter:data1\" content=\"Equipe G\u00e1vea News\" \/>\n\t<meta name=\"twitter:label2\" content=\"Est. tempo de leitura\" \/>\n\t<meta name=\"twitter:data2\" content=\"2 minutos\" \/>\n<script type=\"application\/ld+json\" class=\"yoast-schema-graph\">{\"@context\":\"https:\/\/schema.org\",\"@graph\":[{\"@type\":\"NewsArticle\",\"@id\":\"https:\/\/www.gaveanews.com\/index.php\/2020\/09\/26\/jogo-do-flamengo-contra-o-palmeiras-esta-suspenso\/#article\",\"isPartOf\":{\"@id\":\"https:\/\/www.gaveanews.com\/index.php\/2020\/09\/26\/jogo-do-flamengo-contra-o-palmeiras-esta-suspenso\/\"},\"author\":{\"name\":\"Equipe G\u00e1vea News\",\"@id\":\"https:\/\/www.gaveanews.com\/#\/schema\/person\/2ec14f73fb96be2caf28f91afb14749d\"},\"headline\":\"Jogo do Flamengo contra o Palmeiras est\u00e1 suspenso\",\"datePublished\":\"2020-09-26T17:54:03+00:00\",\"dateModified\":\"2020-09-26T18:02:44+00:00\",\"mainEntityOfPage\":{\"@id\":\"https:\/\/www.gaveanews.com\/index.php\/2020\/09\/26\/jogo-do-flamengo-contra-o-palmeiras-esta-suspenso\/\"},\"wordCount\":424,\"commentCount\":47,\"image\":{\"@id\":\"https:\/\/www.gaveanews.com\/index.php\/2020\/09\/26\/jogo-do-flamengo-contra-o-palmeiras-esta-suspenso\/#primaryimage\"},\"thumbnailUrl\":\"https:\/\/www.gaveanews.com\/wp-content\/uploads\/De-Arrascaeta-em-acao-pelo-Flamengo-na-partida-contra-o-Palmeiras.webp\",\"articleSection\":[\"Flamengo\"],\"inLanguage\":\"pt-BR\",\"potentialAction\":[{\"@type\":\"CommentAction\",\"name\":\"Comment\",\"target\":[\"https:\/\/www.gaveanews.com\/index.php\/2020\/09\/26\/jogo-do-flamengo-contra-o-palmeiras-esta-suspenso\/#respond\"]}],\"copyrightYear\":\"2020\",\"copyrightHolder\":{\"@id\":\"https:\/\/www.gaveanews.com\/#organization\"}},{\"@type\":\"WebPage\",\"@id\":\"https:\/\/www.gaveanews.com\/index.php\/2020\/09\/26\/jogo-do-flamengo-contra-o-palmeiras-esta-suspenso\/\",\"url\":\"https:\/\/www.gaveanews.com\/index.php\/2020\/09\/26\/jogo-do-flamengo-contra-o-palmeiras-esta-suspenso\/\",\"name\":\"Jogo do Flamengo contra o Palmeiras est\u00e1 suspenso\",\"isPartOf\":{\"@id\":\"https:\/\/www.gaveanews.com\/#website\"},\"primaryImageOfPage\":{\"@id\":\"https:\/\/www.gaveanews.com\/index.php\/2020\/09\/26\/jogo-do-flamengo-contra-o-palmeiras-esta-suspenso\/#primaryimage\"},\"image\":{\"@id\":\"https:\/\/www.gaveanews.com\/index.php\/2020\/09\/26\/jogo-do-flamengo-contra-o-palmeiras-esta-suspenso\/#primaryimage\"},\"thumbnailUrl\":\"https:\/\/www.gaveanews.com\/wp-content\/uploads\/De-Arrascaeta-em-acao-pelo-Flamengo-na-partida-contra-o-Palmeiras.webp\",\"datePublished\":\"2020-09-26T17:54:03+00:00\",\"dateModified\":\"2020-09-26T18:02:44+00:00\",\"author\":{\"@id\":\"https:\/\/www.gaveanews.com\/#\/schema\/person\/2ec14f73fb96be2caf28f91afb14749d\"},\"description\":\"O Tribunal Regional do Trabalho do Rio de Janeiro determinou a suspens\u00e3o da partida entre Palmeiras e Flamengo.\",\"breadcrumb\":{\"@id\":\"https:\/\/www.gaveanews.com\/index.php\/2020\/09\/26\/jogo-do-flamengo-contra-o-palmeiras-esta-suspenso\/#breadcrumb\"},\"inLanguage\":\"pt-BR\",\"potentialAction\":[{\"@type\":\"ReadAction\",\"target\":[\"https:\/\/www.gaveanews.com\/index.php\/2020\/09\/26\/jogo-do-flamengo-contra-o-palmeiras-esta-suspenso\/\"]}]},{\"@type\":\"ImageObject\",\"inLanguage\":\"pt-BR\",\"@id\":\"https:\/\/www.gaveanews.com\/index.php\/2020\/09\/26\/jogo-do-flamengo-contra-o-palmeiras-esta-suspenso\/#primaryimage\",\"url\":\"https:\/\/www.gaveanews.com\/wp-content\/uploads\/De-Arrascaeta-em-acao-pelo-Flamengo-na-partida-contra-o-Palmeiras.webp\",\"contentUrl\":\"https:\/\/www.gaveanews.com\/wp-content\/uploads\/De-Arrascaeta-em-acao-pelo-Flamengo-na-partida-contra-o-Palmeiras.webp\",\"width\":800,\"height\":533,\"caption\":\"De Arrascaeta em a\u00e7\u00e3o pelo Flamengo na partida contra o Palmeiras (Foto: Alexandre Vidal\/Flamengo)\"},{\"@type\":\"BreadcrumbList\",\"@id\":\"https:\/\/www.gaveanews.com\/index.php\/2020\/09\/26\/jogo-do-flamengo-contra-o-palmeiras-esta-suspenso\/#breadcrumb\",\"itemListElement\":[{\"@type\":\"ListItem\",\"position\":1,\"name\":\"Home\",\"item\":\"https:\/\/www.gaveanews.com\/\"},{\"@type\":\"ListItem\",\"position\":2,\"name\":\"Jogo do Flamengo contra o Palmeiras est\u00e1 suspenso\"}]},{\"@type\":\"WebSite\",\"@id\":\"https:\/\/www.gaveanews.com\/#website\",\"url\":\"https:\/\/www.gaveanews.com\/\",\"name\":\"G\u00e1vea News\",\"description\":\"Veja todas as not\u00edcias sobre o Flamengo: Contrata\u00e7\u00f5es, categorias de base, resultados das partidas, tabela de classifica\u00e7\u00e3o, pr\u00f3ximos jogos!\",\"potentialAction\":[{\"@type\":\"SearchAction\",\"target\":{\"@type\":\"EntryPoint\",\"urlTemplate\":\"https:\/\/www.gaveanews.com\/?s={search_term_string}\"},\"query-input\":{\"@type\":\"PropertyValueSpecification\",\"valueRequired\":true,\"valueName\":\"search_term_string\"}}],\"inLanguage\":\"pt-BR\"},{\"@type\":\"Person\",\"@id\":\"https:\/\/www.gaveanews.com\/#\/schema\/person\/2ec14f73fb96be2caf28f91afb14749d\",\"name\":\"Equipe G\u00e1vea News\",\"image\":{\"@type\":\"ImageObject\",\"inLanguage\":\"pt-BR\",\"@id\":\"https:\/\/www.gaveanews.com\/#\/schema\/person\/image\/\",\"url\":\"https:\/\/secure.gravatar.com\/avatar\/1e1956f1facbffd3f8fa53a326721950116b3b9dc9bd44939c01180fd4a745a9?s=96&d=mm&r=g\",\"contentUrl\":\"https:\/\/secure.gravatar.com\/avatar\/1e1956f1facbffd3f8fa53a326721950116b3b9dc9bd44939c01180fd4a745a9?s=96&d=mm&r=g\",\"caption\":\"Equipe G\u00e1vea News\"}}]}<\/script>\n<!-- \/ Yoast SEO Premium plugin. -->","yoast_head_json":{"title":"Jogo do Flamengo contra o Palmeiras est\u00e1 suspenso","description":"O Tribunal Regional do Trabalho do Rio de Janeiro determinou a suspens\u00e3o da partida entre Palmeiras e Flamengo.","robots":{"index":"index","follow":"follow","max-snippet":"max-snippet:-1","max-image-preview":"max-image-preview:large","max-video-preview":"max-video-preview:-1"},"canonical":"https:\/\/www.gaveanews.com\/index.php\/2020\/09\/26\/jogo-do-flamengo-contra-o-palmeiras-esta-suspenso\/","og_locale":"pt_BR","og_type":"article","og_title":"Jogo do Flamengo contra o Palmeiras est\u00e1 suspenso","og_description":"O Tribunal Regional do Trabalho do Rio de Janeiro determinou a suspens\u00e3o da partida entre Palmeiras e Flamengo.","og_url":"https:\/\/www.gaveanews.com\/index.php\/2020\/09\/26\/jogo-do-flamengo-contra-o-palmeiras-esta-suspenso\/","og_site_name":"G\u00e1vea News","article_publisher":"https:\/\/facebook.com\/gaveaNews\/","article_published_time":"2020-09-26T17:54:03+00:00","article_modified_time":"2020-09-26T18:02:44+00:00","og_image":[{"width":800,"height":533,"url":"https:\/\/www.gaveanews.com\/wp-content\/uploads\/De-Arrascaeta-em-acao-pelo-Flamengo-na-partida-contra-o-Palmeiras.webp","type":"image\/jpeg"}],"author":"Equipe G\u00e1vea News","twitter_card":"summary_large_image","twitter_misc":{"Escrito por":"Equipe G\u00e1vea News","Est. tempo de leitura":"2 minutos"},"schema":{"@context":"https:\/\/schema.org","@graph":[{"@type":"NewsArticle","@id":"https:\/\/www.gaveanews.com\/index.php\/2020\/09\/26\/jogo-do-flamengo-contra-o-palmeiras-esta-suspenso\/#article","isPartOf":{"@id":"https:\/\/www.gaveanews.com\/index.php\/2020\/09\/26\/jogo-do-flamengo-contra-o-palmeiras-esta-suspenso\/"},"author":{"name":"Equipe G\u00e1vea News","@id":"https:\/\/www.gaveanews.com\/#\/schema\/person\/2ec14f73fb96be2caf28f91afb14749d"},"headline":"Jogo do Flamengo contra o Palmeiras est\u00e1 suspenso","datePublished":"2020-09-26T17:54:03+00:00","dateModified":"2020-09-26T18:02:44+00:00","mainEntityOfPage":{"@id":"https:\/\/www.gaveanews.com\/index.php\/2020\/09\/26\/jogo-do-flamengo-contra-o-palmeiras-esta-suspenso\/"},"wordCount":424,"commentCount":47,"image":{"@id":"https:\/\/www.gaveanews.com\/index.php\/2020\/09\/26\/jogo-do-flamengo-contra-o-palmeiras-esta-suspenso\/#primaryimage"},"thumbnailUrl":"https:\/\/www.gaveanews.com\/wp-content\/uploads\/De-Arrascaeta-em-acao-pelo-Flamengo-na-partida-contra-o-Palmeiras.webp","articleSection":["Flamengo"],"inLanguage":"pt-BR","potentialAction":[{"@type":"CommentAction","name":"Comment","target":["https:\/\/www.gaveanews.com\/index.php\/2020\/09\/26\/jogo-do-flamengo-contra-o-palmeiras-esta-suspenso\/#respond"]}],"copyrightYear":"2020","copyrightHolder":{"@id":"https:\/\/www.gaveanews.com\/#organization"}},{"@type":"WebPage","@id":"https:\/\/www.gaveanews.com\/index.php\/2020\/09\/26\/jogo-do-flamengo-contra-o-palmeiras-esta-suspenso\/","url":"https:\/\/www.gaveanews.com\/index.php\/2020\/09\/26\/jogo-do-flamengo-contra-o-palmeiras-esta-suspenso\/","name":"Jogo do Flamengo contra o Palmeiras est\u00e1 suspenso","isPartOf":{"@id":"https:\/\/www.gaveanews.com\/#website"},"primaryImageOfPage":{"@id":"https:\/\/www.gaveanews.com\/index.php\/2020\/09\/26\/jogo-do-flamengo-contra-o-palmeiras-esta-suspenso\/#primaryimage"},"image":{"@id":"https:\/\/www.gaveanews.com\/index.php\/2020\/09\/26\/jogo-do-flamengo-contra-o-palmeiras-esta-suspenso\/#primaryimage"},"thumbnailUrl":"https:\/\/www.gaveanews.com\/wp-content\/uploads\/De-Arrascaeta-em-acao-pelo-Flamengo-na-partida-contra-o-Palmeiras.webp","datePublished":"2020-09-26T17:54:03+00:00","dateModified":"2020-09-26T18:02:44+00:00","author":{"@id":"https:\/\/www.gaveanews.com\/#\/schema\/person\/2ec14f73fb96be2caf28f91afb14749d"},"description":"O Tribunal Regional do Trabalho do Rio de Janeiro determinou a suspens\u00e3o da partida entre Palmeiras e Flamengo.","breadcrumb":{"@id":"https:\/\/www.gaveanews.com\/index.php\/2020\/09\/26\/jogo-do-flamengo-contra-o-palmeiras-esta-suspenso\/#breadcrumb"},"inLanguage":"pt-BR","potentialAction":[{"@type":"ReadAction","target":["https:\/\/www.gaveanews.com\/index.php\/2020\/09\/26\/jogo-do-flamengo-contra-o-palmeiras-esta-suspenso\/"]}]},{"@type":"ImageObject","inLanguage":"pt-BR","@id":"https:\/\/www.gaveanews.com\/index.php\/2020\/09\/26\/jogo-do-flamengo-contra-o-palmeiras-esta-suspenso\/#primaryimage","url":"https:\/\/www.gaveanews.com\/wp-content\/uploads\/De-Arrascaeta-em-acao-pelo-Flamengo-na-partida-contra-o-Palmeiras.webp","contentUrl":"https:\/\/www.gaveanews.com\/wp-content\/uploads\/De-Arrascaeta-em-acao-pelo-Flamengo-na-partida-contra-o-Palmeiras.webp","width":800,"height":533,"caption":"De Arrascaeta em a\u00e7\u00e3o pelo Flamengo na partida contra o Palmeiras (Foto: Alexandre Vidal\/Flamengo)"},{"@type":"BreadcrumbList","@id":"https:\/\/www.gaveanews.com\/index.php\/2020\/09\/26\/jogo-do-flamengo-contra-o-palmeiras-esta-suspenso\/#breadcrumb","itemListElement":[{"@type":"ListItem","position":1,"name":"Home","item":"https:\/\/www.gaveanews.com\/"},{"@type":"ListItem","position":2,"name":"Jogo do Flamengo contra o Palmeiras est\u00e1 suspenso"}]},{"@type":"WebSite","@id":"https:\/\/www.gaveanews.com\/#website","url":"https:\/\/www.gaveanews.com\/","name":"G\u00e1vea News","description":"Veja todas as not\u00edcias sobre o Flamengo: Contrata\u00e7\u00f5es, categorias de base, resultados das partidas, tabela de classifica\u00e7\u00e3o, pr\u00f3ximos jogos!","potentialAction":[{"@type":"SearchAction","target":{"@type":"EntryPoint","urlTemplate":"https:\/\/www.gaveanews.com\/?s={search_term_string}"},"query-input":{"@type":"PropertyValueSpecification","valueRequired":true,"valueName":"search_term_string"}}],"inLanguage":"pt-BR"},{"@type":"Person","@id":"https:\/\/www.gaveanews.com\/#\/schema\/person\/2ec14f73fb96be2caf28f91afb14749d","name":"Equipe G\u00e1vea News","image":{"@type":"ImageObject","inLanguage":"pt-BR","@id":"https:\/\/www.gaveanews.com\/#\/schema\/person\/image\/","url":"https:\/\/secure.gravatar.com\/avatar\/1e1956f1facbffd3f8fa53a326721950116b3b9dc9bd44939c01180fd4a745a9?s=96&d=mm&r=g","contentUrl":"https:\/\/secure.gravatar.com\/avatar\/1e1956f1facbffd3f8fa53a326721950116b3b9dc9bd44939c01180fd4a745a9?s=96&d=mm&r=g","caption":"Equipe G\u00e1vea News"}}]}},"_links":{"self":[{"href":"https:\/\/www.gaveanews.com\/index.php\/wp-json\/wp\/v2\/posts\/48011","targetHints":{"allow":["GET"]}}],"collection":[{"href":"https:\/\/www.gaveanews.com\/index.php\/wp-json\/wp\/v2\/posts"}],"about":[{"href":"https:\/\/www.gaveanews.com\/index.php\/wp-json\/wp\/v2\/types\/post"}],"author":[{"embeddable":true,"href":"https:\/\/www.gaveanews.com\/index.php\/wp-json\/wp\/v2\/users\/1"}],"replies":[{"embeddable":true,"href":"https:\/\/www.gaveanews.com\/index.php\/wp-json\/wp\/v2\/comments?post=48011"}],"version-history":[{"count":0,"href":"https:\/\/www.gaveanews.com\/index.php\/wp-json\/wp\/v2\/posts\/48011\/revisions"}],"wp:featuredmedia":[{"embeddable":true,"href":"https:\/\/www.gaveanews.com\/index.php\/wp-json\/wp\/v2\/media\/47971"}],"wp:attachment":[{"href":"https:\/\/www.gaveanews.com\/index.php\/wp-json\/wp\/v2\/media?parent=48011"}],"wp:term":[{"taxonomy":"category","embeddable":true,"href":"https:\/\/www.gaveanews.com\/index.php\/wp-json\/wp\/v2\/categories?post=48011"},{"taxonomy":"post_tag","embeddable":true,"href":"https:\/\/www.gaveanews.com\/index.php\/wp-json\/wp\/v2\/tags?post=48011"}],"curies":[{"name":"wp","href":"https:\/\/api.w.org\/{rel}","templated":true}]}}