{"id":48017,"date":"2020-09-26T18:12:20","date_gmt":"2020-09-26T21:12:20","guid":{"rendered":"https:\/\/www.gaveanews.com\/?p=48017"},"modified":"2021-08-12T00:43:55","modified_gmt":"2021-08-12T03:43:55","slug":"apos-acusacoes-contra-o-flamengo-marcos-braz-rebate-deputado-voce-e-um-imbecil","status":"publish","type":"post","link":"https:\/\/www.gaveanews.com\/index.php\/2020\/09\/26\/apos-acusacoes-contra-o-flamengo-marcos-braz-rebate-deputado-voce-e-um-imbecil\/","title":{"rendered":"Ap\u00f3s acusa\u00e7\u00f5es contra o Flamengo, Marcos Braz rebate deputado: &#8220;Voc\u00ea \u00e9 um imbecil&#8221;"},"content":{"rendered":"\n<p>Atrav\u00e9s de seu perfil oficial no Twitter, o deputado estadual de Minas Gerias, Iran Barbosa resolveu dar a sua opini\u00e3o sobre o poss\u00edvel adiamento da partida entre Flamengo e Palmeiras. Entretanto, para tentar validar os seus argumentos, ele acusou o Flamengo de ter uma hist\u00f3ria nefasta: <\/p>\n\n\n\n<p><em>\u2014 O Flamengo \u00e9 realmente um clube em outro patamar. Bancado uma vida inteira com patroc\u00ednios estatais, t\u00edtulos duvidosos e at\u00e9 7 p\u00eanaltis em sete jogos seguidos na luta contra o rebaixamento. Agora isso. Gente, desculpa, mas a verdade \u00e9 que o Flamengo tem uma hist\u00f3ria t\u00e3o nefasta que s\u00f3 falta os caras queimarem crian\u00e7as at\u00e9 a morte em um inc\u00eandio irrespons\u00e1vel.<\/em><\/p>\n\n\n\n<p>E ao perceber tais publica\u00e7\u00f5es, Marcos Braz fez quest\u00e3o de rebater Iran: &#8220;Voc\u00ea \u00e9 um imbecil em escrever isso&#8221;. <strong>Confira as publica\u00e7\u00f5es abaixo:<\/strong><\/p>\n\n\n\n<figure class=\"wp-block-embed-twitter wp-block-embed is-type-rich is-provider-twitter\"><div class=\"wp-block-embed__wrapper\">\n<blockquote class=\"twitter-tweet\" data-width=\"550\" data-dnt=\"true\"><p lang=\"pt\" dir=\"ltr\">O Flamengo \u00e9 realmente um clube em outro patamar. Bancado uma vida inteira com patroc\u00ednios estatais, t\u00edtulos duvidosos e at\u00e9 7 p\u00eanaltis em sete jogos seguidos na luta contra o rebaixamento. Agora isso. <a href=\"https:\/\/t.co\/1yPmw5olHT\">https:\/\/t.co\/1yPmw5olHT<\/a><\/p>&mdash; Iran Barbosa (@iranbarbosa) <a href=\"https:\/\/twitter.com\/iranbarbosa\/status\/1309925216441839620?ref_src=twsrc%5Etfw\">September 26, 2020<\/a><\/blockquote><script async src=\"https:\/\/platform.twitter.com\/widgets.js\" charset=\"utf-8\"><\/script>\n<\/div><\/figure>\n\n\n\n<blockquote class=\"twitter-tweet\" data-conversation=\"none\"><p lang=\"pt\" dir=\"ltr\">Gente, desculpa, mas a verdade \u00e9 que o Flamengo tem uma hist\u00f3ria t\u00e3o nefasta que s\u00f3 falta os caras queimarem crian\u00e7as at\u00e9 a morte em um inc\u00eandio irrespons\u00e1vel.<\/p>&mdash; Iran Barbosa (@iranbarbosa) <a href=\"https:\/\/twitter.com\/iranbarbosa\/status\/1309932588484698114?ref_src=twsrc%5Etfw\">September 26, 2020<\/a><\/blockquote> <script async src=\"https:\/\/platform.twitter.com\/widgets.js\" charset=\"utf-8\"><\/script>\n\n\n\n<blockquote class=\"twitter-tweet\" data-conversation=\"none\"><p lang=\"pt\" dir=\"ltr\">Vc \u00e9 um imbecil em escrever isso .<\/p>&mdash; MarcosBraz (@marcosbrazrio) <a href=\"https:\/\/twitter.com\/marcosbrazrio\/status\/1309940118652936199?ref_src=twsrc%5Etfw\">September 26, 2020<\/a><\/blockquote> <script async src=\"https:\/\/platform.twitter.com\/widgets.js\" charset=\"utf-8\"><\/script>\n\n\n\n<p><strong>Leia tamb\u00e9m: <a href=\"https:\/\/www.gaveanews.com\/index.php\/2020\/09\/26\/cbf-se-irrita-com-suspensao-e-promete-tentar-tudo-para-o-jogo-do-flamengo-ser-disputado-neste-domingo\/\">CBF se irrita com suspens\u00e3o e promete \u201ctentar tudo\u201d para o jogo do Flamengo ser disputado neste domingo<\/a><\/strong><\/p>\n","protected":false},"excerpt":{"rendered":"<p>Atrav\u00e9s de seu perfil oficial no Twitter, o deputado estadual de Minas Gerias, Iran Barbosa resolveu dar a sua opini\u00e3o sobre o poss\u00edvel adiamento da partida entre Flamengo e Palmeiras. Entretanto, para tentar validar os seus argumentos, ele acusou o Flamengo de ter uma hist\u00f3ria nefasta: \u2014 O Flamengo \u00e9 realmente um clube em outro [&hellip;]<\/p>\n","protected":false},"author":2,"featured_media":46957,"comment_status":"open","ping_status":"closed","sticky":false,"template":"","format":"standard","meta":{"footnotes":""},"categories":[47],"tags":[],"class_list":["post-48017","post","type-post","status-publish","format-standard","has-post-thumbnail","hentry","category-destaques"],"yoast_head":"<!-- This site is optimized with the Yoast SEO Premium plugin v24.2 (Yoast SEO v26.9) - https:\/\/yoast.com\/product\/yoast-seo-premium-wordpress\/ -->\n<title>Ap\u00f3s acusa\u00e7\u00f5es contra o Flamengo, Braz rebate deputado: &quot;Imbecil&quot;<\/title>\n<meta name=\"description\" content=\"Ao perceber tais publica\u00e7\u00f5es, Marcos Braz fez quest\u00e3o de rebater o deputado: &quot;Voc\u00ea \u00e9 um imbecil em escrever isso&quot;.\" \/>\n<meta name=\"robots\" content=\"index, follow, max-snippet:-1, max-image-preview:large, max-video-preview:-1\" \/>\n<link rel=\"canonical\" href=\"https:\/\/www.gaveanews.com\/index.php\/2020\/09\/26\/apos-acusacoes-contra-o-flamengo-marcos-braz-rebate-deputado-voce-e-um-imbecil\/\" \/>\n<meta property=\"og:locale\" content=\"pt_BR\" \/>\n<meta property=\"og:type\" content=\"article\" \/>\n<meta property=\"og:title\" content=\"Ap\u00f3s acusa\u00e7\u00f5es contra o Flamengo, Marcos Braz rebate deputado: &quot;Voc\u00ea \u00e9 um imbecil&quot;\" \/>\n<meta property=\"og:description\" content=\"Ao perceber tais publica\u00e7\u00f5es, Marcos Braz fez quest\u00e3o de rebater o deputado: &quot;Voc\u00ea \u00e9 um imbecil em escrever isso&quot;.\" \/>\n<meta property=\"og:url\" content=\"https:\/\/www.gaveanews.com\/index.php\/2020\/09\/26\/apos-acusacoes-contra-o-flamengo-marcos-braz-rebate-deputado-voce-e-um-imbecil\/\" \/>\n<meta property=\"og:site_name\" content=\"G\u00e1vea News\" \/>\n<meta property=\"article:publisher\" content=\"https:\/\/facebook.com\/gaveaNews\/\" \/>\n<meta property=\"article:published_time\" content=\"2020-09-26T21:12:20+00:00\" \/>\n<meta property=\"article:modified_time\" content=\"2021-08-12T03:43:55+00:00\" \/>\n<meta property=\"og:image\" content=\"https:\/\/www.gaveanews.com\/wp-content\/uploads\/Marcos-Braz-no-gramado-do-Maracana.webp\" \/>\n\t<meta property=\"og:image:width\" content=\"799\" \/>\n\t<meta property=\"og:image:height\" content=\"532\" \/>\n\t<meta property=\"og:image:type\" content=\"image\/jpeg\" \/>\n<meta name=\"author\" content=\"Hugo Nogueira\" \/>\n<meta name=\"twitter:card\" content=\"summary_large_image\" \/>\n<meta name=\"twitter:label1\" content=\"Escrito por\" \/>\n\t<meta name=\"twitter:data1\" content=\"Hugo Nogueira\" \/>\n\t<meta name=\"twitter:label2\" content=\"Est. tempo de leitura\" \/>\n\t<meta name=\"twitter:data2\" content=\"1 minuto\" \/>\n<script type=\"application\/ld+json\" class=\"yoast-schema-graph\">{\"@context\":\"https:\/\/schema.org\",\"@graph\":[{\"@type\":\"NewsArticle\",\"@id\":\"https:\/\/www.gaveanews.com\/index.php\/2020\/09\/26\/apos-acusacoes-contra-o-flamengo-marcos-braz-rebate-deputado-voce-e-um-imbecil\/#article\",\"isPartOf\":{\"@id\":\"https:\/\/www.gaveanews.com\/index.php\/2020\/09\/26\/apos-acusacoes-contra-o-flamengo-marcos-braz-rebate-deputado-voce-e-um-imbecil\/\"},\"author\":{\"name\":\"Hugo Nogueira\",\"@id\":\"https:\/\/www.gaveanews.com\/#\/schema\/person\/3a0372021fabaeec4e7e4242cfa27841\"},\"headline\":\"Ap\u00f3s acusa\u00e7\u00f5es contra o Flamengo, Marcos Braz rebate deputado: &#8220;Voc\u00ea \u00e9 um imbecil&#8221;\",\"datePublished\":\"2020-09-26T21:12:20+00:00\",\"dateModified\":\"2021-08-12T03:43:55+00:00\",\"mainEntityOfPage\":{\"@id\":\"https:\/\/www.gaveanews.com\/index.php\/2020\/09\/26\/apos-acusacoes-contra-o-flamengo-marcos-braz-rebate-deputado-voce-e-um-imbecil\/\"},\"wordCount\":229,\"commentCount\":80,\"image\":{\"@id\":\"https:\/\/www.gaveanews.com\/index.php\/2020\/09\/26\/apos-acusacoes-contra-o-flamengo-marcos-braz-rebate-deputado-voce-e-um-imbecil\/#primaryimage\"},\"thumbnailUrl\":\"https:\/\/www.gaveanews.com\/wp-content\/uploads\/Marcos-Braz-no-gramado-do-Maracana.webp\",\"articleSection\":[\"Destaques\"],\"inLanguage\":\"pt-BR\",\"potentialAction\":[{\"@type\":\"CommentAction\",\"name\":\"Comment\",\"target\":[\"https:\/\/www.gaveanews.com\/index.php\/2020\/09\/26\/apos-acusacoes-contra-o-flamengo-marcos-braz-rebate-deputado-voce-e-um-imbecil\/#respond\"]}],\"copyrightYear\":\"2020\",\"copyrightHolder\":{\"@id\":\"https:\/\/www.gaveanews.com\/#organization\"}},{\"@type\":\"WebPage\",\"@id\":\"https:\/\/www.gaveanews.com\/index.php\/2020\/09\/26\/apos-acusacoes-contra-o-flamengo-marcos-braz-rebate-deputado-voce-e-um-imbecil\/\",\"url\":\"https:\/\/www.gaveanews.com\/index.php\/2020\/09\/26\/apos-acusacoes-contra-o-flamengo-marcos-braz-rebate-deputado-voce-e-um-imbecil\/\",\"name\":\"Ap\u00f3s acusa\u00e7\u00f5es contra o Flamengo, Braz rebate deputado: \\\"Imbecil\\\"\",\"isPartOf\":{\"@id\":\"https:\/\/www.gaveanews.com\/#website\"},\"primaryImageOfPage\":{\"@id\":\"https:\/\/www.gaveanews.com\/index.php\/2020\/09\/26\/apos-acusacoes-contra-o-flamengo-marcos-braz-rebate-deputado-voce-e-um-imbecil\/#primaryimage\"},\"image\":{\"@id\":\"https:\/\/www.gaveanews.com\/index.php\/2020\/09\/26\/apos-acusacoes-contra-o-flamengo-marcos-braz-rebate-deputado-voce-e-um-imbecil\/#primaryimage\"},\"thumbnailUrl\":\"https:\/\/www.gaveanews.com\/wp-content\/uploads\/Marcos-Braz-no-gramado-do-Maracana.webp\",\"datePublished\":\"2020-09-26T21:12:20+00:00\",\"dateModified\":\"2021-08-12T03:43:55+00:00\",\"author\":{\"@id\":\"https:\/\/www.gaveanews.com\/#\/schema\/person\/3a0372021fabaeec4e7e4242cfa27841\"},\"description\":\"Ao perceber tais publica\u00e7\u00f5es, Marcos Braz fez quest\u00e3o de rebater o deputado: \\\"Voc\u00ea \u00e9 um imbecil em escrever isso\\\".\",\"breadcrumb\":{\"@id\":\"https:\/\/www.gaveanews.com\/index.php\/2020\/09\/26\/apos-acusacoes-contra-o-flamengo-marcos-braz-rebate-deputado-voce-e-um-imbecil\/#breadcrumb\"},\"inLanguage\":\"pt-BR\",\"potentialAction\":[{\"@type\":\"ReadAction\",\"target\":[\"https:\/\/www.gaveanews.com\/index.php\/2020\/09\/26\/apos-acusacoes-contra-o-flamengo-marcos-braz-rebate-deputado-voce-e-um-imbecil\/\"]}]},{\"@type\":\"ImageObject\",\"inLanguage\":\"pt-BR\",\"@id\":\"https:\/\/www.gaveanews.com\/index.php\/2020\/09\/26\/apos-acusacoes-contra-o-flamengo-marcos-braz-rebate-deputado-voce-e-um-imbecil\/#primaryimage\",\"url\":\"https:\/\/www.gaveanews.com\/wp-content\/uploads\/Marcos-Braz-no-gramado-do-Maracana.webp\",\"contentUrl\":\"https:\/\/www.gaveanews.com\/wp-content\/uploads\/Marcos-Braz-no-gramado-do-Maracana.webp\",\"width\":799,\"height\":532,\"caption\":\"Marcos Braz no gramado do Maracan\u00e3 (Foto: Alexandre Vidal\/Flamengo)\"},{\"@type\":\"BreadcrumbList\",\"@id\":\"https:\/\/www.gaveanews.com\/index.php\/2020\/09\/26\/apos-acusacoes-contra-o-flamengo-marcos-braz-rebate-deputado-voce-e-um-imbecil\/#breadcrumb\",\"itemListElement\":[{\"@type\":\"ListItem\",\"position\":1,\"name\":\"Home\",\"item\":\"https:\/\/www.gaveanews.com\/\"},{\"@type\":\"ListItem\",\"position\":2,\"name\":\"Ap\u00f3s acusa\u00e7\u00f5es contra o Flamengo, Marcos Braz rebate deputado: &#8220;Voc\u00ea \u00e9 um imbecil&#8221;\"}]},{\"@type\":\"WebSite\",\"@id\":\"https:\/\/www.gaveanews.com\/#website\",\"url\":\"https:\/\/www.gaveanews.com\/\",\"name\":\"G\u00e1vea News\",\"description\":\"Veja todas as not\u00edcias sobre o Flamengo: Contrata\u00e7\u00f5es, categorias de base, resultados das partidas, tabela de classifica\u00e7\u00e3o, pr\u00f3ximos jogos!\",\"potentialAction\":[{\"@type\":\"SearchAction\",\"target\":{\"@type\":\"EntryPoint\",\"urlTemplate\":\"https:\/\/www.gaveanews.com\/?s={search_term_string}\"},\"query-input\":{\"@type\":\"PropertyValueSpecification\",\"valueRequired\":true,\"valueName\":\"search_term_string\"}}],\"inLanguage\":\"pt-BR\"},{\"@type\":\"Person\",\"@id\":\"https:\/\/www.gaveanews.com\/#\/schema\/person\/3a0372021fabaeec4e7e4242cfa27841\",\"name\":\"Hugo Nogueira\",\"image\":{\"@type\":\"ImageObject\",\"inLanguage\":\"pt-BR\",\"@id\":\"https:\/\/www.gaveanews.com\/#\/schema\/person\/image\/\",\"url\":\"https:\/\/secure.gravatar.com\/avatar\/0cdd89f3b47bb55926c08eee2db992845cfdd53f84c9fdd47a49d89b3cd40c0a?s=96&d=mm&r=g\",\"contentUrl\":\"https:\/\/secure.gravatar.com\/avatar\/0cdd89f3b47bb55926c08eee2db992845cfdd53f84c9fdd47a49d89b3cd40c0a?s=96&d=mm&r=g\",\"caption\":\"Hugo Nogueira\"}}]}<\/script>\n<!-- \/ Yoast SEO Premium plugin. -->","yoast_head_json":{"title":"Ap\u00f3s acusa\u00e7\u00f5es contra o Flamengo, Braz rebate deputado: \"Imbecil\"","description":"Ao perceber tais publica\u00e7\u00f5es, Marcos Braz fez quest\u00e3o de rebater o deputado: \"Voc\u00ea \u00e9 um imbecil em escrever isso\".","robots":{"index":"index","follow":"follow","max-snippet":"max-snippet:-1","max-image-preview":"max-image-preview:large","max-video-preview":"max-video-preview:-1"},"canonical":"https:\/\/www.gaveanews.com\/index.php\/2020\/09\/26\/apos-acusacoes-contra-o-flamengo-marcos-braz-rebate-deputado-voce-e-um-imbecil\/","og_locale":"pt_BR","og_type":"article","og_title":"Ap\u00f3s acusa\u00e7\u00f5es contra o Flamengo, Marcos Braz rebate deputado: \"Voc\u00ea \u00e9 um imbecil\"","og_description":"Ao perceber tais publica\u00e7\u00f5es, Marcos Braz fez quest\u00e3o de rebater o deputado: \"Voc\u00ea \u00e9 um imbecil em escrever isso\".","og_url":"https:\/\/www.gaveanews.com\/index.php\/2020\/09\/26\/apos-acusacoes-contra-o-flamengo-marcos-braz-rebate-deputado-voce-e-um-imbecil\/","og_site_name":"G\u00e1vea News","article_publisher":"https:\/\/facebook.com\/gaveaNews\/","article_published_time":"2020-09-26T21:12:20+00:00","article_modified_time":"2021-08-12T03:43:55+00:00","og_image":[{"width":799,"height":532,"url":"https:\/\/www.gaveanews.com\/wp-content\/uploads\/Marcos-Braz-no-gramado-do-Maracana.webp","type":"image\/jpeg"}],"author":"Hugo Nogueira","twitter_card":"summary_large_image","twitter_misc":{"Escrito por":"Hugo Nogueira","Est. tempo de leitura":"1 minuto"},"schema":{"@context":"https:\/\/schema.org","@graph":[{"@type":"NewsArticle","@id":"https:\/\/www.gaveanews.com\/index.php\/2020\/09\/26\/apos-acusacoes-contra-o-flamengo-marcos-braz-rebate-deputado-voce-e-um-imbecil\/#article","isPartOf":{"@id":"https:\/\/www.gaveanews.com\/index.php\/2020\/09\/26\/apos-acusacoes-contra-o-flamengo-marcos-braz-rebate-deputado-voce-e-um-imbecil\/"},"author":{"name":"Hugo Nogueira","@id":"https:\/\/www.gaveanews.com\/#\/schema\/person\/3a0372021fabaeec4e7e4242cfa27841"},"headline":"Ap\u00f3s acusa\u00e7\u00f5es contra o Flamengo, Marcos Braz rebate deputado: &#8220;Voc\u00ea \u00e9 um imbecil&#8221;","datePublished":"2020-09-26T21:12:20+00:00","dateModified":"2021-08-12T03:43:55+00:00","mainEntityOfPage":{"@id":"https:\/\/www.gaveanews.com\/index.php\/2020\/09\/26\/apos-acusacoes-contra-o-flamengo-marcos-braz-rebate-deputado-voce-e-um-imbecil\/"},"wordCount":229,"commentCount":80,"image":{"@id":"https:\/\/www.gaveanews.com\/index.php\/2020\/09\/26\/apos-acusacoes-contra-o-flamengo-marcos-braz-rebate-deputado-voce-e-um-imbecil\/#primaryimage"},"thumbnailUrl":"https:\/\/www.gaveanews.com\/wp-content\/uploads\/Marcos-Braz-no-gramado-do-Maracana.webp","articleSection":["Destaques"],"inLanguage":"pt-BR","potentialAction":[{"@type":"CommentAction","name":"Comment","target":["https:\/\/www.gaveanews.com\/index.php\/2020\/09\/26\/apos-acusacoes-contra-o-flamengo-marcos-braz-rebate-deputado-voce-e-um-imbecil\/#respond"]}],"copyrightYear":"2020","copyrightHolder":{"@id":"https:\/\/www.gaveanews.com\/#organization"}},{"@type":"WebPage","@id":"https:\/\/www.gaveanews.com\/index.php\/2020\/09\/26\/apos-acusacoes-contra-o-flamengo-marcos-braz-rebate-deputado-voce-e-um-imbecil\/","url":"https:\/\/www.gaveanews.com\/index.php\/2020\/09\/26\/apos-acusacoes-contra-o-flamengo-marcos-braz-rebate-deputado-voce-e-um-imbecil\/","name":"Ap\u00f3s acusa\u00e7\u00f5es contra o Flamengo, Braz rebate deputado: \"Imbecil\"","isPartOf":{"@id":"https:\/\/www.gaveanews.com\/#website"},"primaryImageOfPage":{"@id":"https:\/\/www.gaveanews.com\/index.php\/2020\/09\/26\/apos-acusacoes-contra-o-flamengo-marcos-braz-rebate-deputado-voce-e-um-imbecil\/#primaryimage"},"image":{"@id":"https:\/\/www.gaveanews.com\/index.php\/2020\/09\/26\/apos-acusacoes-contra-o-flamengo-marcos-braz-rebate-deputado-voce-e-um-imbecil\/#primaryimage"},"thumbnailUrl":"https:\/\/www.gaveanews.com\/wp-content\/uploads\/Marcos-Braz-no-gramado-do-Maracana.webp","datePublished":"2020-09-26T21:12:20+00:00","dateModified":"2021-08-12T03:43:55+00:00","author":{"@id":"https:\/\/www.gaveanews.com\/#\/schema\/person\/3a0372021fabaeec4e7e4242cfa27841"},"description":"Ao perceber tais publica\u00e7\u00f5es, Marcos Braz fez quest\u00e3o de rebater o deputado: \"Voc\u00ea \u00e9 um imbecil em escrever isso\".","breadcrumb":{"@id":"https:\/\/www.gaveanews.com\/index.php\/2020\/09\/26\/apos-acusacoes-contra-o-flamengo-marcos-braz-rebate-deputado-voce-e-um-imbecil\/#breadcrumb"},"inLanguage":"pt-BR","potentialAction":[{"@type":"ReadAction","target":["https:\/\/www.gaveanews.com\/index.php\/2020\/09\/26\/apos-acusacoes-contra-o-flamengo-marcos-braz-rebate-deputado-voce-e-um-imbecil\/"]}]},{"@type":"ImageObject","inLanguage":"pt-BR","@id":"https:\/\/www.gaveanews.com\/index.php\/2020\/09\/26\/apos-acusacoes-contra-o-flamengo-marcos-braz-rebate-deputado-voce-e-um-imbecil\/#primaryimage","url":"https:\/\/www.gaveanews.com\/wp-content\/uploads\/Marcos-Braz-no-gramado-do-Maracana.webp","contentUrl":"https:\/\/www.gaveanews.com\/wp-content\/uploads\/Marcos-Braz-no-gramado-do-Maracana.webp","width":799,"height":532,"caption":"Marcos Braz no gramado do Maracan\u00e3 (Foto: Alexandre Vidal\/Flamengo)"},{"@type":"BreadcrumbList","@id":"https:\/\/www.gaveanews.com\/index.php\/2020\/09\/26\/apos-acusacoes-contra-o-flamengo-marcos-braz-rebate-deputado-voce-e-um-imbecil\/#breadcrumb","itemListElement":[{"@type":"ListItem","position":1,"name":"Home","item":"https:\/\/www.gaveanews.com\/"},{"@type":"ListItem","position":2,"name":"Ap\u00f3s acusa\u00e7\u00f5es contra o Flamengo, Marcos Braz rebate deputado: &#8220;Voc\u00ea \u00e9 um imbecil&#8221;"}]},{"@type":"WebSite","@id":"https:\/\/www.gaveanews.com\/#website","url":"https:\/\/www.gaveanews.com\/","name":"G\u00e1vea News","description":"Veja todas as not\u00edcias sobre o Flamengo: Contrata\u00e7\u00f5es, categorias de base, resultados das partidas, tabela de classifica\u00e7\u00e3o, pr\u00f3ximos jogos!","potentialAction":[{"@type":"SearchAction","target":{"@type":"EntryPoint","urlTemplate":"https:\/\/www.gaveanews.com\/?s={search_term_string}"},"query-input":{"@type":"PropertyValueSpecification","valueRequired":true,"valueName":"search_term_string"}}],"inLanguage":"pt-BR"},{"@type":"Person","@id":"https:\/\/www.gaveanews.com\/#\/schema\/person\/3a0372021fabaeec4e7e4242cfa27841","name":"Hugo Nogueira","image":{"@type":"ImageObject","inLanguage":"pt-BR","@id":"https:\/\/www.gaveanews.com\/#\/schema\/person\/image\/","url":"https:\/\/secure.gravatar.com\/avatar\/0cdd89f3b47bb55926c08eee2db992845cfdd53f84c9fdd47a49d89b3cd40c0a?s=96&d=mm&r=g","contentUrl":"https:\/\/secure.gravatar.com\/avatar\/0cdd89f3b47bb55926c08eee2db992845cfdd53f84c9fdd47a49d89b3cd40c0a?s=96&d=mm&r=g","caption":"Hugo Nogueira"}}]}},"_links":{"self":[{"href":"https:\/\/www.gaveanews.com\/index.php\/wp-json\/wp\/v2\/posts\/48017","targetHints":{"allow":["GET"]}}],"collection":[{"href":"https:\/\/www.gaveanews.com\/index.php\/wp-json\/wp\/v2\/posts"}],"about":[{"href":"https:\/\/www.gaveanews.com\/index.php\/wp-json\/wp\/v2\/types\/post"}],"author":[{"embeddable":true,"href":"https:\/\/www.gaveanews.com\/index.php\/wp-json\/wp\/v2\/users\/2"}],"replies":[{"embeddable":true,"href":"https:\/\/www.gaveanews.com\/index.php\/wp-json\/wp\/v2\/comments?post=48017"}],"version-history":[{"count":0,"href":"https:\/\/www.gaveanews.com\/index.php\/wp-json\/wp\/v2\/posts\/48017\/revisions"}],"wp:featuredmedia":[{"embeddable":true,"href":"https:\/\/www.gaveanews.com\/index.php\/wp-json\/wp\/v2\/media\/46957"}],"wp:attachment":[{"href":"https:\/\/www.gaveanews.com\/index.php\/wp-json\/wp\/v2\/media?parent=48017"}],"wp:term":[{"taxonomy":"category","embeddable":true,"href":"https:\/\/www.gaveanews.com\/index.php\/wp-json\/wp\/v2\/categories?post=48017"},{"taxonomy":"post_tag","embeddable":true,"href":"https:\/\/www.gaveanews.com\/index.php\/wp-json\/wp\/v2\/tags?post=48017"}],"curies":[{"name":"wp","href":"https:\/\/api.w.org\/{rel}","templated":true}]}}