{"id":48029,"date":"2020-09-26T20:59:10","date_gmt":"2020-09-26T23:59:10","guid":{"rendered":"https:\/\/www.gaveanews.com\/?p=48029"},"modified":"2020-09-26T20:59:11","modified_gmt":"2020-09-26T23:59:11","slug":"flamengo-emite-nota-oficial-para-questionar-cbf-mas-federacao-rebate","status":"publish","type":"post","link":"https:\/\/www.gaveanews.com\/index.php\/2020\/09\/26\/flamengo-emite-nota-oficial-para-questionar-cbf-mas-federacao-rebate\/","title":{"rendered":"Flamengo emite nota oficial para questionar CBF, mas federa\u00e7\u00e3o rebate"},"content":{"rendered":"\n<p>O Flamengo emitiu nota questionando as atribu\u00e7\u00f5es da CBF para vetar o p\u00fablico de volta aos est\u00e1dios de futebol. Segundo o clube, a compet\u00eancia e das autoridades municipais, como determinou o Supremo Tribunal Federal.<\/p>\n\n\n\n<p>A CBF rebateu a nota do Flamengo, que tamb\u00e9m explica que n\u00e3o aceitou o convite para o encontro virtual que tratou sobre o retorno da torcida, pois se trataria de uma convoca\u00e7\u00e3o da Comiss\u00e3o Nacional de Clubes. Da qual n\u00e3o faz parte.<\/p>\n\n\n\n<p>O clube da G\u00e1vea sinalizou a decis\u00e3o para a Secretaria de Esportes do Governo Federal, que tem como representante o secret\u00e1rio Ronaldo Lima. O governo do presidente Jair Bolsonaro defende a volta do p\u00fablico, e j\u00e1 deu aval ao protocolo da CBF para tal fim, atrav\u00e9s do Minist\u00e9rio da Sa\u00fade.<\/p>\n\n\n\n<p>No Rio, a Prefeitura e a Federa\u00e7\u00e3o de Futebol, com apoio do Flamengo e do Maracan\u00e3, ja aprovaram os primeiros protocolos para a volta de 30% do p\u00fablico e partir de outubro, quando o time enfrenta o Athletico-PR, dia 4.<\/p>\n\n\n\n<h2 class=\"wp-block-heading\">Veja a nota do Flamengo<\/h2>\n\n\n\n<p>O Clube de Regatas do Flamengo foi convocado pela CBF para uma reuni\u00e3o da Comiss\u00e3o Nacional de Clubes, no dia 26 de setembro de 2020, visando tratar do assunto &#8220;retomada do p\u00fablico nos est\u00e1dios&#8221;.<\/p>\n\n\n\n<p>A Comiss\u00e3o Nacional de Clubes \u00e9 um \u00d3rg\u00e3o estatut\u00e1rio acess\u00f3rio da CBF, formado por 9 (nove) clubes das s\u00e9ries A, B, C e D, que se re\u00fanem para apresentar sugest\u00f5es de melhorias e de moderniza\u00e7\u00e3o do Futebol \u00e0 CBF, a quem cabe, ao seu talante, aceit\u00e1-las, ou n\u00e3o, conforme se verifica no seu estatuto.<\/p>\n\n\n\n<p>O Flamengo n\u00e3o \u00e9 um dos 9 (nove) membros da CNC, mas foi chamado para a reuni\u00e3o como mero convidado.<\/p>\n\n\n\n<p>O Flamengo vem declinar do convite, eis que entende que o tema em pauta \u00e9 estranho \u00e0 compet\u00eancia dos clubes e da CBF, n\u00e3o havendo nada a sugerir, nem decidir, em mat\u00e9ria cuja atribui\u00e7\u00e3o \u00e9 privativa das autoridades p\u00fablicas locais, conforme, inclusive, j\u00e1 decidiu o Supremo Tribunal Federal.<\/p>\n\n\n\n<h2 class=\"wp-block-heading\">Veja a nota da CBF<\/h2>\n\n\n\n<p>Ao contr\u00e1rio do que afirmou o Clube de Regatas do Flamengo, a reuni\u00e3o deste s\u00e1bado, 26, n\u00e3o foi convocada pela Comiss\u00e3o Nacional de Clubes. Foi uma reuni\u00e3o de todos os clubes da S\u00e9rie A e das Federa\u00e7\u00f5es aos quais eles s\u00e3o filiados, convocada pela presid\u00eancia da CBF, com a pauta exclusiva e previamente informada de discutir o retorno do p\u00fablico aos est\u00e1dios, conforme documento anexo, que prova que a vers\u00e3o apresentada pelo Flamengo n\u00e3o \u00e9 verdadeira.<\/p>\n\n\n\n<p>A presen\u00e7a de todos os 20 clubes foi pedida para que se encontrasse uma solu\u00e7\u00e3o capaz de garantir a volta dos torcedores com seguran\u00e7a e respeitando a isonomia esportiva do Campeonato.<\/p>\n\n\n\n<p>O Clube de Regatas do Flamengo foi o \u00fanico clube que n\u00e3o se fez representar, assim como a Federa\u00e7\u00e3o de Futebol do Estado do Rio de Janeiro. A CBF desconhece as raz\u00f5es das aus\u00eancias.<\/p>\n\n\n\n<p>Os 19 clubes representados decidiram por unanimidade manter a Diretriz T\u00e9cnica Operacional de Retorno das Competi\u00e7\u00f5es, que no momento ainda veta a realiza\u00e7\u00e3o de jogos com torcida.<\/p>\n\n\n\n<p>O assunto ser\u00e1 reavaliado em 15 dias, mais uma vez com a convoca\u00e7\u00e3o de todos os 20 clubes da S\u00e9rie A.<\/p>\n\n\n\n<p>Retirado de: O Globo<\/p>\n","protected":false},"excerpt":{"rendered":"<p>O Flamengo emitiu nota questionando as atribu\u00e7\u00f5es da CBF para vetar o p\u00fablico de volta aos est\u00e1dios de futebol. Segundo o clube, a compet\u00eancia e das autoridades municipais, como determinou o Supremo Tribunal Federal. A CBF rebateu a nota do Flamengo, que tamb\u00e9m explica que n\u00e3o aceitou o convite para o encontro virtual que tratou [&hellip;]<\/p>\n","protected":false},"author":1,"featured_media":16271,"comment_status":"open","ping_status":"closed","sticky":false,"template":"","format":"standard","meta":{"footnotes":""},"categories":[1],"tags":[],"class_list":["post-48029","post","type-post","status-publish","format-standard","has-post-thumbnail","hentry","category-flamengo"],"yoast_head":"<!-- This site is optimized with the Yoast SEO Premium plugin v24.2 (Yoast SEO v26.9) - https:\/\/yoast.com\/product\/yoast-seo-premium-wordpress\/ -->\n<title>Flamengo emite nota oficial para questionar CBF, mas federa\u00e7\u00e3o rebate<\/title>\n<meta name=\"robots\" content=\"index, follow, max-snippet:-1, max-image-preview:large, max-video-preview:-1\" \/>\n<link rel=\"canonical\" href=\"https:\/\/www.gaveanews.com\/index.php\/2020\/09\/26\/flamengo-emite-nota-oficial-para-questionar-cbf-mas-federacao-rebate\/\" \/>\n<meta property=\"og:locale\" content=\"pt_BR\" \/>\n<meta property=\"og:type\" content=\"article\" \/>\n<meta property=\"og:title\" content=\"Flamengo emite nota oficial para questionar CBF, mas federa\u00e7\u00e3o rebate\" \/>\n<meta property=\"og:description\" content=\"O Flamengo emitiu nota questionando as atribu\u00e7\u00f5es da CBF para vetar o p\u00fablico de volta aos est\u00e1dios de futebol. Segundo o clube, a compet\u00eancia e das autoridades municipais, como determinou o Supremo Tribunal Federal. A CBF rebateu a nota do Flamengo, que tamb\u00e9m explica que n\u00e3o aceitou o convite para o encontro virtual que tratou [&hellip;]\" \/>\n<meta property=\"og:url\" content=\"https:\/\/www.gaveanews.com\/index.php\/2020\/09\/26\/flamengo-emite-nota-oficial-para-questionar-cbf-mas-federacao-rebate\/\" \/>\n<meta property=\"og:site_name\" content=\"G\u00e1vea News\" \/>\n<meta property=\"article:publisher\" content=\"https:\/\/facebook.com\/gaveaNews\/\" \/>\n<meta property=\"article:published_time\" content=\"2020-09-26T23:59:10+00:00\" \/>\n<meta property=\"article:modified_time\" content=\"2020-09-26T23:59:11+00:00\" \/>\n<meta property=\"og:image\" content=\"https:\/\/www.gaveanews.com\/wp-content\/uploads\/2019\/02\/Sede-da-CBF-no-Rio-de-Janeiro.webp\" \/>\n\t<meta property=\"og:image:width\" content=\"690\" \/>\n\t<meta property=\"og:image:height\" content=\"518\" \/>\n\t<meta property=\"og:image:type\" content=\"image\/jpeg\" \/>\n<meta name=\"author\" content=\"Equipe G\u00e1vea News\" \/>\n<meta name=\"twitter:card\" content=\"summary_large_image\" \/>\n<meta name=\"twitter:label1\" content=\"Escrito por\" \/>\n\t<meta name=\"twitter:data1\" content=\"Equipe G\u00e1vea News\" \/>\n\t<meta name=\"twitter:label2\" content=\"Est. tempo de leitura\" \/>\n\t<meta name=\"twitter:data2\" content=\"3 minutos\" \/>\n<script type=\"application\/ld+json\" class=\"yoast-schema-graph\">{\"@context\":\"https:\/\/schema.org\",\"@graph\":[{\"@type\":\"NewsArticle\",\"@id\":\"https:\/\/www.gaveanews.com\/index.php\/2020\/09\/26\/flamengo-emite-nota-oficial-para-questionar-cbf-mas-federacao-rebate\/#article\",\"isPartOf\":{\"@id\":\"https:\/\/www.gaveanews.com\/index.php\/2020\/09\/26\/flamengo-emite-nota-oficial-para-questionar-cbf-mas-federacao-rebate\/\"},\"author\":{\"name\":\"Equipe G\u00e1vea News\",\"@id\":\"https:\/\/www.gaveanews.com\/#\/schema\/person\/2ec14f73fb96be2caf28f91afb14749d\"},\"headline\":\"Flamengo emite nota oficial para questionar CBF, mas federa\u00e7\u00e3o rebate\",\"datePublished\":\"2020-09-26T23:59:10+00:00\",\"dateModified\":\"2020-09-26T23:59:11+00:00\",\"mainEntityOfPage\":{\"@id\":\"https:\/\/www.gaveanews.com\/index.php\/2020\/09\/26\/flamengo-emite-nota-oficial-para-questionar-cbf-mas-federacao-rebate\/\"},\"wordCount\":583,\"commentCount\":22,\"image\":{\"@id\":\"https:\/\/www.gaveanews.com\/index.php\/2020\/09\/26\/flamengo-emite-nota-oficial-para-questionar-cbf-mas-federacao-rebate\/#primaryimage\"},\"thumbnailUrl\":\"https:\/\/www.gaveanews.com\/wp-content\/uploads\/2019\/02\/Sede-da-CBF-no-Rio-de-Janeiro.webp\",\"articleSection\":[\"Flamengo\"],\"inLanguage\":\"pt-BR\",\"potentialAction\":[{\"@type\":\"CommentAction\",\"name\":\"Comment\",\"target\":[\"https:\/\/www.gaveanews.com\/index.php\/2020\/09\/26\/flamengo-emite-nota-oficial-para-questionar-cbf-mas-federacao-rebate\/#respond\"]}],\"copyrightYear\":\"2020\",\"copyrightHolder\":{\"@id\":\"https:\/\/www.gaveanews.com\/#organization\"}},{\"@type\":\"WebPage\",\"@id\":\"https:\/\/www.gaveanews.com\/index.php\/2020\/09\/26\/flamengo-emite-nota-oficial-para-questionar-cbf-mas-federacao-rebate\/\",\"url\":\"https:\/\/www.gaveanews.com\/index.php\/2020\/09\/26\/flamengo-emite-nota-oficial-para-questionar-cbf-mas-federacao-rebate\/\",\"name\":\"Flamengo emite nota oficial para questionar CBF, mas federa\u00e7\u00e3o rebate\",\"isPartOf\":{\"@id\":\"https:\/\/www.gaveanews.com\/#website\"},\"primaryImageOfPage\":{\"@id\":\"https:\/\/www.gaveanews.com\/index.php\/2020\/09\/26\/flamengo-emite-nota-oficial-para-questionar-cbf-mas-federacao-rebate\/#primaryimage\"},\"image\":{\"@id\":\"https:\/\/www.gaveanews.com\/index.php\/2020\/09\/26\/flamengo-emite-nota-oficial-para-questionar-cbf-mas-federacao-rebate\/#primaryimage\"},\"thumbnailUrl\":\"https:\/\/www.gaveanews.com\/wp-content\/uploads\/2019\/02\/Sede-da-CBF-no-Rio-de-Janeiro.webp\",\"datePublished\":\"2020-09-26T23:59:10+00:00\",\"dateModified\":\"2020-09-26T23:59:11+00:00\",\"author\":{\"@id\":\"https:\/\/www.gaveanews.com\/#\/schema\/person\/2ec14f73fb96be2caf28f91afb14749d\"},\"breadcrumb\":{\"@id\":\"https:\/\/www.gaveanews.com\/index.php\/2020\/09\/26\/flamengo-emite-nota-oficial-para-questionar-cbf-mas-federacao-rebate\/#breadcrumb\"},\"inLanguage\":\"pt-BR\",\"potentialAction\":[{\"@type\":\"ReadAction\",\"target\":[\"https:\/\/www.gaveanews.com\/index.php\/2020\/09\/26\/flamengo-emite-nota-oficial-para-questionar-cbf-mas-federacao-rebate\/\"]}]},{\"@type\":\"ImageObject\",\"inLanguage\":\"pt-BR\",\"@id\":\"https:\/\/www.gaveanews.com\/index.php\/2020\/09\/26\/flamengo-emite-nota-oficial-para-questionar-cbf-mas-federacao-rebate\/#primaryimage\",\"url\":\"https:\/\/www.gaveanews.com\/wp-content\/uploads\/2019\/02\/Sede-da-CBF-no-Rio-de-Janeiro.webp\",\"contentUrl\":\"https:\/\/www.gaveanews.com\/wp-content\/uploads\/2019\/02\/Sede-da-CBF-no-Rio-de-Janeiro.webp\",\"width\":690,\"height\":518,\"caption\":\"Sede da CBF no Rio de Janeiro (Foto: Cah\u00ea Mota\/Globo Esporte)\"},{\"@type\":\"BreadcrumbList\",\"@id\":\"https:\/\/www.gaveanews.com\/index.php\/2020\/09\/26\/flamengo-emite-nota-oficial-para-questionar-cbf-mas-federacao-rebate\/#breadcrumb\",\"itemListElement\":[{\"@type\":\"ListItem\",\"position\":1,\"name\":\"Home\",\"item\":\"https:\/\/www.gaveanews.com\/\"},{\"@type\":\"ListItem\",\"position\":2,\"name\":\"Flamengo emite nota oficial para questionar CBF, mas federa\u00e7\u00e3o rebate\"}]},{\"@type\":\"WebSite\",\"@id\":\"https:\/\/www.gaveanews.com\/#website\",\"url\":\"https:\/\/www.gaveanews.com\/\",\"name\":\"G\u00e1vea News\",\"description\":\"Veja todas as not\u00edcias sobre o Flamengo: Contrata\u00e7\u00f5es, categorias de base, resultados das partidas, tabela de classifica\u00e7\u00e3o, pr\u00f3ximos jogos!\",\"potentialAction\":[{\"@type\":\"SearchAction\",\"target\":{\"@type\":\"EntryPoint\",\"urlTemplate\":\"https:\/\/www.gaveanews.com\/?s={search_term_string}\"},\"query-input\":{\"@type\":\"PropertyValueSpecification\",\"valueRequired\":true,\"valueName\":\"search_term_string\"}}],\"inLanguage\":\"pt-BR\"},{\"@type\":\"Person\",\"@id\":\"https:\/\/www.gaveanews.com\/#\/schema\/person\/2ec14f73fb96be2caf28f91afb14749d\",\"name\":\"Equipe G\u00e1vea News\",\"image\":{\"@type\":\"ImageObject\",\"inLanguage\":\"pt-BR\",\"@id\":\"https:\/\/www.gaveanews.com\/#\/schema\/person\/image\/\",\"url\":\"https:\/\/secure.gravatar.com\/avatar\/1e1956f1facbffd3f8fa53a326721950116b3b9dc9bd44939c01180fd4a745a9?s=96&d=mm&r=g\",\"contentUrl\":\"https:\/\/secure.gravatar.com\/avatar\/1e1956f1facbffd3f8fa53a326721950116b3b9dc9bd44939c01180fd4a745a9?s=96&d=mm&r=g\",\"caption\":\"Equipe G\u00e1vea News\"}}]}<\/script>\n<!-- \/ Yoast SEO Premium plugin. -->","yoast_head_json":{"title":"Flamengo emite nota oficial para questionar CBF, mas federa\u00e7\u00e3o rebate","robots":{"index":"index","follow":"follow","max-snippet":"max-snippet:-1","max-image-preview":"max-image-preview:large","max-video-preview":"max-video-preview:-1"},"canonical":"https:\/\/www.gaveanews.com\/index.php\/2020\/09\/26\/flamengo-emite-nota-oficial-para-questionar-cbf-mas-federacao-rebate\/","og_locale":"pt_BR","og_type":"article","og_title":"Flamengo emite nota oficial para questionar CBF, mas federa\u00e7\u00e3o rebate","og_description":"O Flamengo emitiu nota questionando as atribu\u00e7\u00f5es da CBF para vetar o p\u00fablico de volta aos est\u00e1dios de futebol. Segundo o clube, a compet\u00eancia e das autoridades municipais, como determinou o Supremo Tribunal Federal. A CBF rebateu a nota do Flamengo, que tamb\u00e9m explica que n\u00e3o aceitou o convite para o encontro virtual que tratou [&hellip;]","og_url":"https:\/\/www.gaveanews.com\/index.php\/2020\/09\/26\/flamengo-emite-nota-oficial-para-questionar-cbf-mas-federacao-rebate\/","og_site_name":"G\u00e1vea News","article_publisher":"https:\/\/facebook.com\/gaveaNews\/","article_published_time":"2020-09-26T23:59:10+00:00","article_modified_time":"2020-09-26T23:59:11+00:00","og_image":[{"width":690,"height":518,"url":"https:\/\/www.gaveanews.com\/wp-content\/uploads\/2019\/02\/Sede-da-CBF-no-Rio-de-Janeiro.webp","type":"image\/jpeg"}],"author":"Equipe G\u00e1vea News","twitter_card":"summary_large_image","twitter_misc":{"Escrito por":"Equipe G\u00e1vea News","Est. tempo de leitura":"3 minutos"},"schema":{"@context":"https:\/\/schema.org","@graph":[{"@type":"NewsArticle","@id":"https:\/\/www.gaveanews.com\/index.php\/2020\/09\/26\/flamengo-emite-nota-oficial-para-questionar-cbf-mas-federacao-rebate\/#article","isPartOf":{"@id":"https:\/\/www.gaveanews.com\/index.php\/2020\/09\/26\/flamengo-emite-nota-oficial-para-questionar-cbf-mas-federacao-rebate\/"},"author":{"name":"Equipe G\u00e1vea News","@id":"https:\/\/www.gaveanews.com\/#\/schema\/person\/2ec14f73fb96be2caf28f91afb14749d"},"headline":"Flamengo emite nota oficial para questionar CBF, mas federa\u00e7\u00e3o rebate","datePublished":"2020-09-26T23:59:10+00:00","dateModified":"2020-09-26T23:59:11+00:00","mainEntityOfPage":{"@id":"https:\/\/www.gaveanews.com\/index.php\/2020\/09\/26\/flamengo-emite-nota-oficial-para-questionar-cbf-mas-federacao-rebate\/"},"wordCount":583,"commentCount":22,"image":{"@id":"https:\/\/www.gaveanews.com\/index.php\/2020\/09\/26\/flamengo-emite-nota-oficial-para-questionar-cbf-mas-federacao-rebate\/#primaryimage"},"thumbnailUrl":"https:\/\/www.gaveanews.com\/wp-content\/uploads\/2019\/02\/Sede-da-CBF-no-Rio-de-Janeiro.webp","articleSection":["Flamengo"],"inLanguage":"pt-BR","potentialAction":[{"@type":"CommentAction","name":"Comment","target":["https:\/\/www.gaveanews.com\/index.php\/2020\/09\/26\/flamengo-emite-nota-oficial-para-questionar-cbf-mas-federacao-rebate\/#respond"]}],"copyrightYear":"2020","copyrightHolder":{"@id":"https:\/\/www.gaveanews.com\/#organization"}},{"@type":"WebPage","@id":"https:\/\/www.gaveanews.com\/index.php\/2020\/09\/26\/flamengo-emite-nota-oficial-para-questionar-cbf-mas-federacao-rebate\/","url":"https:\/\/www.gaveanews.com\/index.php\/2020\/09\/26\/flamengo-emite-nota-oficial-para-questionar-cbf-mas-federacao-rebate\/","name":"Flamengo emite nota oficial para questionar CBF, mas federa\u00e7\u00e3o rebate","isPartOf":{"@id":"https:\/\/www.gaveanews.com\/#website"},"primaryImageOfPage":{"@id":"https:\/\/www.gaveanews.com\/index.php\/2020\/09\/26\/flamengo-emite-nota-oficial-para-questionar-cbf-mas-federacao-rebate\/#primaryimage"},"image":{"@id":"https:\/\/www.gaveanews.com\/index.php\/2020\/09\/26\/flamengo-emite-nota-oficial-para-questionar-cbf-mas-federacao-rebate\/#primaryimage"},"thumbnailUrl":"https:\/\/www.gaveanews.com\/wp-content\/uploads\/2019\/02\/Sede-da-CBF-no-Rio-de-Janeiro.webp","datePublished":"2020-09-26T23:59:10+00:00","dateModified":"2020-09-26T23:59:11+00:00","author":{"@id":"https:\/\/www.gaveanews.com\/#\/schema\/person\/2ec14f73fb96be2caf28f91afb14749d"},"breadcrumb":{"@id":"https:\/\/www.gaveanews.com\/index.php\/2020\/09\/26\/flamengo-emite-nota-oficial-para-questionar-cbf-mas-federacao-rebate\/#breadcrumb"},"inLanguage":"pt-BR","potentialAction":[{"@type":"ReadAction","target":["https:\/\/www.gaveanews.com\/index.php\/2020\/09\/26\/flamengo-emite-nota-oficial-para-questionar-cbf-mas-federacao-rebate\/"]}]},{"@type":"ImageObject","inLanguage":"pt-BR","@id":"https:\/\/www.gaveanews.com\/index.php\/2020\/09\/26\/flamengo-emite-nota-oficial-para-questionar-cbf-mas-federacao-rebate\/#primaryimage","url":"https:\/\/www.gaveanews.com\/wp-content\/uploads\/2019\/02\/Sede-da-CBF-no-Rio-de-Janeiro.webp","contentUrl":"https:\/\/www.gaveanews.com\/wp-content\/uploads\/2019\/02\/Sede-da-CBF-no-Rio-de-Janeiro.webp","width":690,"height":518,"caption":"Sede da CBF no Rio de Janeiro (Foto: Cah\u00ea Mota\/Globo Esporte)"},{"@type":"BreadcrumbList","@id":"https:\/\/www.gaveanews.com\/index.php\/2020\/09\/26\/flamengo-emite-nota-oficial-para-questionar-cbf-mas-federacao-rebate\/#breadcrumb","itemListElement":[{"@type":"ListItem","position":1,"name":"Home","item":"https:\/\/www.gaveanews.com\/"},{"@type":"ListItem","position":2,"name":"Flamengo emite nota oficial para questionar CBF, mas federa\u00e7\u00e3o rebate"}]},{"@type":"WebSite","@id":"https:\/\/www.gaveanews.com\/#website","url":"https:\/\/www.gaveanews.com\/","name":"G\u00e1vea News","description":"Veja todas as not\u00edcias sobre o Flamengo: Contrata\u00e7\u00f5es, categorias de base, resultados das partidas, tabela de classifica\u00e7\u00e3o, pr\u00f3ximos jogos!","potentialAction":[{"@type":"SearchAction","target":{"@type":"EntryPoint","urlTemplate":"https:\/\/www.gaveanews.com\/?s={search_term_string}"},"query-input":{"@type":"PropertyValueSpecification","valueRequired":true,"valueName":"search_term_string"}}],"inLanguage":"pt-BR"},{"@type":"Person","@id":"https:\/\/www.gaveanews.com\/#\/schema\/person\/2ec14f73fb96be2caf28f91afb14749d","name":"Equipe G\u00e1vea News","image":{"@type":"ImageObject","inLanguage":"pt-BR","@id":"https:\/\/www.gaveanews.com\/#\/schema\/person\/image\/","url":"https:\/\/secure.gravatar.com\/avatar\/1e1956f1facbffd3f8fa53a326721950116b3b9dc9bd44939c01180fd4a745a9?s=96&d=mm&r=g","contentUrl":"https:\/\/secure.gravatar.com\/avatar\/1e1956f1facbffd3f8fa53a326721950116b3b9dc9bd44939c01180fd4a745a9?s=96&d=mm&r=g","caption":"Equipe G\u00e1vea News"}}]}},"_links":{"self":[{"href":"https:\/\/www.gaveanews.com\/index.php\/wp-json\/wp\/v2\/posts\/48029","targetHints":{"allow":["GET"]}}],"collection":[{"href":"https:\/\/www.gaveanews.com\/index.php\/wp-json\/wp\/v2\/posts"}],"about":[{"href":"https:\/\/www.gaveanews.com\/index.php\/wp-json\/wp\/v2\/types\/post"}],"author":[{"embeddable":true,"href":"https:\/\/www.gaveanews.com\/index.php\/wp-json\/wp\/v2\/users\/1"}],"replies":[{"embeddable":true,"href":"https:\/\/www.gaveanews.com\/index.php\/wp-json\/wp\/v2\/comments?post=48029"}],"version-history":[{"count":0,"href":"https:\/\/www.gaveanews.com\/index.php\/wp-json\/wp\/v2\/posts\/48029\/revisions"}],"wp:featuredmedia":[{"embeddable":true,"href":"https:\/\/www.gaveanews.com\/index.php\/wp-json\/wp\/v2\/media\/16271"}],"wp:attachment":[{"href":"https:\/\/www.gaveanews.com\/index.php\/wp-json\/wp\/v2\/media?parent=48029"}],"wp:term":[{"taxonomy":"category","embeddable":true,"href":"https:\/\/www.gaveanews.com\/index.php\/wp-json\/wp\/v2\/categories?post=48029"},{"taxonomy":"post_tag","embeddable":true,"href":"https:\/\/www.gaveanews.com\/index.php\/wp-json\/wp\/v2\/tags?post=48029"}],"curies":[{"name":"wp","href":"https:\/\/api.w.org\/{rel}","templated":true}]}}