{"id":48031,"date":"2020-09-26T21:31:10","date_gmt":"2020-09-27T00:31:10","guid":{"rendered":"https:\/\/www.gaveanews.com\/?p=48031"},"modified":"2020-09-26T21:31:11","modified_gmt":"2020-09-27T00:31:11","slug":"stjd-indefere-pedido-de-revisao-do-flamengo","status":"publish","type":"post","link":"https:\/\/www.gaveanews.com\/index.php\/2020\/09\/26\/stjd-indefere-pedido-de-revisao-do-flamengo\/","title":{"rendered":"STJD indefere pedido de revis\u00e3o do Flamengo"},"content":{"rendered":"\n<p>O Superior Tribunal de Justi\u00e7a Desportiva (STJD) indeferiu o pedido de reconsidera\u00e7\u00e3o feito pelo Flamengo e manteve o confronto com o Palmeiras para amanh\u00e3 (27), no Allianz Parque, pelo Campeonato Brasileiro. O Rubro-Negro havia acionado novamente o tribunal depois que novos casos foram detectados ao longo do dia de ontem (26).<\/p>\n\n\n\n<p>Ao todo, o Flamengo tem 19 jogadores infectados com o coronav\u00edrus, fora membros da comiss\u00e3o t\u00e9cnica, do departamento de futebol e dirigentes. O surto de cont\u00e1gio aconteceu durante a passagem da delega\u00e7\u00e3o pelo Equador, onde a equipe do t\u00e9cnico Dom\u00e8nec Torrent encarou o Independiente del Valle, no \u00faltimo dia 17, e o Barcelona de Guayaquil, na \u00faltima ter\u00e7a-feira, pela Libertadores.<\/p>\n\n\n\n<p>Este foi o terceiro pedido para o adiamento da partida em que o clube da G\u00e1vea n\u00e3o teve sucesso. A pauta j\u00e1 havia recebido negativas da Confedera\u00e7\u00e3o Brasileira de Futebol (CBF) e tamb\u00e9m do pr\u00f3prio STJD.<\/p>\n\n\n\n<p>Para o Rubro-Negro, o adiamento da partida seria uma quest\u00e3o de &#8220;sa\u00fade p\u00fablica&#8221;. Um outro ponto que tinha sido destacado pelo clube carioca foi que os profissionais que d\u00e3o suporte ao elenco foram expostos ao v\u00edrus, o que impedia que exercessem suas atividades at\u00e9 a data da partida.<\/p>\n\n\n\n<p>O Palmeiras, por outro lado, sempre se mostrou contra a mudan\u00e7a na data do confronto, &#8220;comprando a briga&#8221; pela manuten\u00e7\u00e3o do dia original e tendo, inclusive a participa\u00e7\u00e3o de seus jogadores na articula\u00e7\u00e3o nos bastidores.<\/p>\n\n\n\n<p>Por isso, o Verd\u00e3o nem cogitou mudar a programa\u00e7\u00e3o depois do empate com o Guaran\u00ed (PAR), quarta (23), pela Libertadores. Ap\u00f3s receberem folga ontem (24), os atletas se reapresentaram hoje (25), quando far\u00e3o os testes para o coronav\u00edrus antes do confronto com o Flamengo.<\/p>\n\n\n\n<h3 class=\"wp-block-heading\"><strong>Veja decis\u00e3o na \u00edntegra:<\/strong><\/h3>\n\n\n\n<p>&#8220;<em>Por meio de peti\u00e7\u00e3o recebida ainda na noite do dia 25\/09, o Clube de Regatas do Flamengo fez juntar aos autos mais 9 exames com resultado positivo para o Coronav\u00edrus, rogando assim, pela reconsidera\u00e7\u00e3o da decis\u00e3o anteriormente proferida, que indeferiu seu requerimento de liminar em Medida Inominada, no sentido de se adiar a partida marcada para domingo, contra o Palmeiras, v\u00e1lida pelo Campeonato Brasileiro de 2020.<\/em><\/p>\n\n\n\n<p><em>Relatado o indispens\u00e1vel, decido.<\/em><\/p>\n\n\n\n<p><em>N\u00e3o h\u00e1 o que reconsiderar.<\/em><\/p>\n\n\n\n<p><em>Ao prestar suas informa\u00e7\u00f5es, a Confedera\u00e7\u00e3o Brasileira de Futebol fez juntar a lista de Jogadores inscritos pelo Clube de Regatas do Flamengo, para o Campeonato Brasileiro da S\u00e9rie A 2020, ora em curso.<\/em><\/p>\n\n\n\n<p><em>Cotejando a referida rela\u00e7\u00e3o com os novos documentos que instru\u00edram a peti\u00e7\u00e3o contendo o requerimento de reconsidera\u00e7\u00e3o, verifica-se que dos 9 resultados de exames laboratoriais com resultado positivo para o Coronav\u00edrus, apenas um refere-se a Jogador integrante daquele Plantel.<\/em><\/p>\n\n\n\n<p><em>Para que n\u00e3o pairem d\u00favidas, veja-se abaixo, o nome de cada uma das pessoas examinadas, e sua respectiva fun\u00e7\u00e3o na Agremia\u00e7\u00e3o:<\/em><\/p>\n\n\n\n<p><em>1) Wagner Paulino Miranda &#8211; Preparador de Goleiros;<\/em><\/p>\n\n\n\n<p><em>2) Alex Ribeiro da Silva &#8211; Enfermeiro;<\/em><\/p>\n\n\n\n<p><em>3) Gustavo Monnerat Cahli &#8211; Fisiologista;<\/em><\/p>\n\n\n\n<p><em>4) Rodrigo Muniz Carvalho &#8211; Jogador N\u00c3O inscrito no Brasileiro;<\/em><\/p>\n\n\n\n<p><em>5) Diogo Lemos Val\u00eancia da Silva &#8211; Conselheiro;<\/em><\/p>\n\n\n\n<p><em>6) Sebasti\u00e3o Freire da Silva &#8211; Massagista;<\/em><\/p>\n\n\n\n<p><em>7) Gabriel Rodrigues Noga &#8211; Jogador N\u00c3O inscrito no Brasileiro;<\/em><\/p>\n\n\n\n<p><em>8) Julian Fimenez Serrano &#8211; Preparador F\u00edsico;<\/em><\/p>\n\n\n\n<p><em>9) Jo\u00e3o Pedro Vilardi Pinto &#8211; \u00daNICO Jogador inscrito no Campeonato Brasileiro.<\/em><\/p>\n\n\n\n<p><em>Malgrado seja de todo lament\u00e1vel o infort\u00fanio para o Clube Carioca, contando agora mais um desfalque, v\u00ea-se entretanto, que sua Equipe continua ostentando um elenco com mais de 13 Jogadores, que como j\u00e1 dito, foi o crit\u00e9rio estabelecido \u00e0 luz dos princ\u00edpios da razoabilidade, e \u00e0 semelhan\u00e7a do que consta em regulamentos internacionais, como o da UEFA, para adiamento de partidas.<\/em><\/p>\n\n\n\n<p><em>No que se refere ao risco de contamina\u00e7\u00e3o de terceiras pessoas, repita-se que a controversa decis\u00e3o pela retomada das atividades do futebol profissional em meio \u00e0 Pandemia Covid19 foi amplamente estudada e deliberada entre a Entidade M\u00e1xima de Organiza\u00e7\u00e3o do Desporto e os Clubes, sendo que, como \u00e9 p\u00fablico e not\u00f3rio para aqueles que acompanham o Futebol, dentre as Agremia\u00e7\u00f5es que sempre perseguiram, o quanto antes, a volta dos Campeonatos, o pr\u00f3prio FLAMENGO sempre ocupou posi\u00e7\u00e3o de protagonismo.<\/em><\/p>\n\n\n\n<p><em>E a Confedera\u00e7\u00e3o Brasileira de Futebol consultou os mais renomados profissionais, dentre os quais, inclusive o Chefe do Departamento M\u00e9dico do Clube de Regatas do Flamengo, Dr. M\u00e1rico Tannure, para firmar um Protocolo previamente aprovado, e em pleno vigor, donde, repita-se, n\u00e3o constou nenhuma recomenda\u00e7\u00e3o no sentido de se suspender as atividades daqueles Clubes que se depararem com contamina\u00e7\u00e3o em s\u00e9rie em seu elenco, apesar da hip\u00f3tese ser absolutamente esperada e ter se tornado, infelizmente comum em tempos de pandemia.<\/em><\/p>\n\n\n\n<p><em>Assim \u00e9 que o Clube Requerente, que enquanto n\u00e3o lhe interessou, nunca impugnou o Protocolo M\u00e9dico da CBF em momento anterior e oportuno &#8211; mas ao contr\u00e1rio, o subscreveu expressamente na pessoa do Chefe de seu Departamento M\u00e9dico &#8211; n\u00e3o pode agora pretender que a Justi\u00e7a Desportiva, em sede liminar, e portanto superficial, prestigie um Parecer M\u00e9dico em detrimento de outro trabalho cient\u00edfico e coletivo.<\/em><\/p>\n\n\n\n<p><em>Assim \u00e9 que pelo exposto, INDEFIRO o pedido de reconsidera\u00e7\u00e3o<\/em>&#8220;<\/p>\n\n\n\n<p>Retirado de: UOL<\/p>\n","protected":false},"excerpt":{"rendered":"<p>O Superior Tribunal de Justi\u00e7a Desportiva (STJD) indeferiu o pedido de reconsidera\u00e7\u00e3o feito pelo Flamengo e manteve o confronto com o Palmeiras para amanh\u00e3 (27), no Allianz Parque, pelo Campeonato Brasileiro. O Rubro-Negro havia acionado novamente o tribunal depois que novos casos foram detectados ao longo do dia de ontem (26). Ao todo, o Flamengo [&hellip;]<\/p>\n","protected":false},"author":1,"featured_media":36980,"comment_status":"open","ping_status":"closed","sticky":false,"template":"","format":"standard","meta":{"footnotes":""},"categories":[47],"tags":[],"class_list":["post-48031","post","type-post","status-publish","format-standard","has-post-thumbnail","hentry","category-destaques"],"yoast_head":"<!-- This site is optimized with the Yoast SEO Premium plugin v24.2 (Yoast SEO v26.9) - https:\/\/yoast.com\/product\/yoast-seo-premium-wordpress\/ -->\n<title>STJD indefere pedido de revis\u00e3o do Flamengo<\/title>\n<meta name=\"description\" content=\"O Superior Tribunal de Justi\u00e7a Desportiva (STJD) indeferiu o pedido de reconsidera\u00e7\u00e3o feito pelo time do Flamengo.\" \/>\n<meta name=\"robots\" content=\"index, follow, max-snippet:-1, max-image-preview:large, max-video-preview:-1\" \/>\n<link rel=\"canonical\" href=\"https:\/\/www.gaveanews.com\/index.php\/2020\/09\/26\/stjd-indefere-pedido-de-revisao-do-flamengo\/\" \/>\n<meta property=\"og:locale\" content=\"pt_BR\" \/>\n<meta property=\"og:type\" content=\"article\" \/>\n<meta property=\"og:title\" content=\"STJD indefere pedido de revis\u00e3o do Flamengo\" \/>\n<meta property=\"og:description\" content=\"O Superior Tribunal de Justi\u00e7a Desportiva (STJD) indeferiu o pedido de reconsidera\u00e7\u00e3o feito pelo time do Flamengo.\" \/>\n<meta property=\"og:url\" content=\"https:\/\/www.gaveanews.com\/index.php\/2020\/09\/26\/stjd-indefere-pedido-de-revisao-do-flamengo\/\" \/>\n<meta property=\"og:site_name\" content=\"G\u00e1vea News\" \/>\n<meta property=\"article:publisher\" content=\"https:\/\/facebook.com\/gaveaNews\/\" \/>\n<meta property=\"article:published_time\" content=\"2020-09-27T00:31:10+00:00\" \/>\n<meta property=\"article:modified_time\" content=\"2020-09-27T00:31:11+00:00\" \/>\n<meta property=\"og:image\" content=\"https:\/\/www.gaveanews.com\/wp-content\/uploads\/stjd.webp\" \/>\n\t<meta property=\"og:image:width\" content=\"1200\" \/>\n\t<meta property=\"og:image:height\" content=\"675\" \/>\n\t<meta property=\"og:image:type\" content=\"image\/jpeg\" \/>\n<meta name=\"author\" content=\"Equipe G\u00e1vea News\" \/>\n<meta name=\"twitter:card\" content=\"summary_large_image\" \/>\n<meta name=\"twitter:label1\" content=\"Escrito por\" \/>\n\t<meta name=\"twitter:data1\" content=\"Equipe G\u00e1vea News\" \/>\n\t<meta name=\"twitter:label2\" content=\"Est. tempo de leitura\" \/>\n\t<meta name=\"twitter:data2\" content=\"4 minutos\" \/>\n<script type=\"application\/ld+json\" class=\"yoast-schema-graph\">{\"@context\":\"https:\/\/schema.org\",\"@graph\":[{\"@type\":\"NewsArticle\",\"@id\":\"https:\/\/www.gaveanews.com\/index.php\/2020\/09\/26\/stjd-indefere-pedido-de-revisao-do-flamengo\/#article\",\"isPartOf\":{\"@id\":\"https:\/\/www.gaveanews.com\/index.php\/2020\/09\/26\/stjd-indefere-pedido-de-revisao-do-flamengo\/\"},\"author\":{\"name\":\"Equipe G\u00e1vea News\",\"@id\":\"https:\/\/www.gaveanews.com\/#\/schema\/person\/2ec14f73fb96be2caf28f91afb14749d\"},\"headline\":\"STJD indefere pedido de revis\u00e3o do Flamengo\",\"datePublished\":\"2020-09-27T00:31:10+00:00\",\"dateModified\":\"2020-09-27T00:31:11+00:00\",\"mainEntityOfPage\":{\"@id\":\"https:\/\/www.gaveanews.com\/index.php\/2020\/09\/26\/stjd-indefere-pedido-de-revisao-do-flamengo\/\"},\"wordCount\":885,\"commentCount\":18,\"image\":{\"@id\":\"https:\/\/www.gaveanews.com\/index.php\/2020\/09\/26\/stjd-indefere-pedido-de-revisao-do-flamengo\/#primaryimage\"},\"thumbnailUrl\":\"https:\/\/www.gaveanews.com\/wp-content\/uploads\/stjd.webp\",\"articleSection\":[\"Destaques\"],\"inLanguage\":\"pt-BR\",\"potentialAction\":[{\"@type\":\"CommentAction\",\"name\":\"Comment\",\"target\":[\"https:\/\/www.gaveanews.com\/index.php\/2020\/09\/26\/stjd-indefere-pedido-de-revisao-do-flamengo\/#respond\"]}],\"copyrightYear\":\"2020\",\"copyrightHolder\":{\"@id\":\"https:\/\/www.gaveanews.com\/#organization\"}},{\"@type\":\"WebPage\",\"@id\":\"https:\/\/www.gaveanews.com\/index.php\/2020\/09\/26\/stjd-indefere-pedido-de-revisao-do-flamengo\/\",\"url\":\"https:\/\/www.gaveanews.com\/index.php\/2020\/09\/26\/stjd-indefere-pedido-de-revisao-do-flamengo\/\",\"name\":\"STJD indefere pedido de revis\u00e3o do Flamengo\",\"isPartOf\":{\"@id\":\"https:\/\/www.gaveanews.com\/#website\"},\"primaryImageOfPage\":{\"@id\":\"https:\/\/www.gaveanews.com\/index.php\/2020\/09\/26\/stjd-indefere-pedido-de-revisao-do-flamengo\/#primaryimage\"},\"image\":{\"@id\":\"https:\/\/www.gaveanews.com\/index.php\/2020\/09\/26\/stjd-indefere-pedido-de-revisao-do-flamengo\/#primaryimage\"},\"thumbnailUrl\":\"https:\/\/www.gaveanews.com\/wp-content\/uploads\/stjd.webp\",\"datePublished\":\"2020-09-27T00:31:10+00:00\",\"dateModified\":\"2020-09-27T00:31:11+00:00\",\"author\":{\"@id\":\"https:\/\/www.gaveanews.com\/#\/schema\/person\/2ec14f73fb96be2caf28f91afb14749d\"},\"description\":\"O Superior Tribunal de Justi\u00e7a Desportiva (STJD) indeferiu o pedido de reconsidera\u00e7\u00e3o feito pelo time do Flamengo.\",\"breadcrumb\":{\"@id\":\"https:\/\/www.gaveanews.com\/index.php\/2020\/09\/26\/stjd-indefere-pedido-de-revisao-do-flamengo\/#breadcrumb\"},\"inLanguage\":\"pt-BR\",\"potentialAction\":[{\"@type\":\"ReadAction\",\"target\":[\"https:\/\/www.gaveanews.com\/index.php\/2020\/09\/26\/stjd-indefere-pedido-de-revisao-do-flamengo\/\"]}]},{\"@type\":\"ImageObject\",\"inLanguage\":\"pt-BR\",\"@id\":\"https:\/\/www.gaveanews.com\/index.php\/2020\/09\/26\/stjd-indefere-pedido-de-revisao-do-flamengo\/#primaryimage\",\"url\":\"https:\/\/www.gaveanews.com\/wp-content\/uploads\/stjd.webp\",\"contentUrl\":\"https:\/\/www.gaveanews.com\/wp-content\/uploads\/stjd.webp\",\"width\":1200,\"height\":675},{\"@type\":\"BreadcrumbList\",\"@id\":\"https:\/\/www.gaveanews.com\/index.php\/2020\/09\/26\/stjd-indefere-pedido-de-revisao-do-flamengo\/#breadcrumb\",\"itemListElement\":[{\"@type\":\"ListItem\",\"position\":1,\"name\":\"Home\",\"item\":\"https:\/\/www.gaveanews.com\/\"},{\"@type\":\"ListItem\",\"position\":2,\"name\":\"STJD indefere pedido de revis\u00e3o do Flamengo\"}]},{\"@type\":\"WebSite\",\"@id\":\"https:\/\/www.gaveanews.com\/#website\",\"url\":\"https:\/\/www.gaveanews.com\/\",\"name\":\"G\u00e1vea News\",\"description\":\"Veja todas as not\u00edcias sobre o Flamengo: Contrata\u00e7\u00f5es, categorias de base, resultados das partidas, tabela de classifica\u00e7\u00e3o, pr\u00f3ximos jogos!\",\"potentialAction\":[{\"@type\":\"SearchAction\",\"target\":{\"@type\":\"EntryPoint\",\"urlTemplate\":\"https:\/\/www.gaveanews.com\/?s={search_term_string}\"},\"query-input\":{\"@type\":\"PropertyValueSpecification\",\"valueRequired\":true,\"valueName\":\"search_term_string\"}}],\"inLanguage\":\"pt-BR\"},{\"@type\":\"Person\",\"@id\":\"https:\/\/www.gaveanews.com\/#\/schema\/person\/2ec14f73fb96be2caf28f91afb14749d\",\"name\":\"Equipe G\u00e1vea News\",\"image\":{\"@type\":\"ImageObject\",\"inLanguage\":\"pt-BR\",\"@id\":\"https:\/\/www.gaveanews.com\/#\/schema\/person\/image\/\",\"url\":\"https:\/\/secure.gravatar.com\/avatar\/1e1956f1facbffd3f8fa53a326721950116b3b9dc9bd44939c01180fd4a745a9?s=96&d=mm&r=g\",\"contentUrl\":\"https:\/\/secure.gravatar.com\/avatar\/1e1956f1facbffd3f8fa53a326721950116b3b9dc9bd44939c01180fd4a745a9?s=96&d=mm&r=g\",\"caption\":\"Equipe G\u00e1vea News\"}}]}<\/script>\n<!-- \/ Yoast SEO Premium plugin. -->","yoast_head_json":{"title":"STJD indefere pedido de revis\u00e3o do Flamengo","description":"O Superior Tribunal de Justi\u00e7a Desportiva (STJD) indeferiu o pedido de reconsidera\u00e7\u00e3o feito pelo time do Flamengo.","robots":{"index":"index","follow":"follow","max-snippet":"max-snippet:-1","max-image-preview":"max-image-preview:large","max-video-preview":"max-video-preview:-1"},"canonical":"https:\/\/www.gaveanews.com\/index.php\/2020\/09\/26\/stjd-indefere-pedido-de-revisao-do-flamengo\/","og_locale":"pt_BR","og_type":"article","og_title":"STJD indefere pedido de revis\u00e3o do Flamengo","og_description":"O Superior Tribunal de Justi\u00e7a Desportiva (STJD) indeferiu o pedido de reconsidera\u00e7\u00e3o feito pelo time do Flamengo.","og_url":"https:\/\/www.gaveanews.com\/index.php\/2020\/09\/26\/stjd-indefere-pedido-de-revisao-do-flamengo\/","og_site_name":"G\u00e1vea News","article_publisher":"https:\/\/facebook.com\/gaveaNews\/","article_published_time":"2020-09-27T00:31:10+00:00","article_modified_time":"2020-09-27T00:31:11+00:00","og_image":[{"width":1200,"height":675,"url":"https:\/\/www.gaveanews.com\/wp-content\/uploads\/stjd.webp","type":"image\/jpeg"}],"author":"Equipe G\u00e1vea News","twitter_card":"summary_large_image","twitter_misc":{"Escrito por":"Equipe G\u00e1vea News","Est. tempo de leitura":"4 minutos"},"schema":{"@context":"https:\/\/schema.org","@graph":[{"@type":"NewsArticle","@id":"https:\/\/www.gaveanews.com\/index.php\/2020\/09\/26\/stjd-indefere-pedido-de-revisao-do-flamengo\/#article","isPartOf":{"@id":"https:\/\/www.gaveanews.com\/index.php\/2020\/09\/26\/stjd-indefere-pedido-de-revisao-do-flamengo\/"},"author":{"name":"Equipe G\u00e1vea News","@id":"https:\/\/www.gaveanews.com\/#\/schema\/person\/2ec14f73fb96be2caf28f91afb14749d"},"headline":"STJD indefere pedido de revis\u00e3o do Flamengo","datePublished":"2020-09-27T00:31:10+00:00","dateModified":"2020-09-27T00:31:11+00:00","mainEntityOfPage":{"@id":"https:\/\/www.gaveanews.com\/index.php\/2020\/09\/26\/stjd-indefere-pedido-de-revisao-do-flamengo\/"},"wordCount":885,"commentCount":18,"image":{"@id":"https:\/\/www.gaveanews.com\/index.php\/2020\/09\/26\/stjd-indefere-pedido-de-revisao-do-flamengo\/#primaryimage"},"thumbnailUrl":"https:\/\/www.gaveanews.com\/wp-content\/uploads\/stjd.webp","articleSection":["Destaques"],"inLanguage":"pt-BR","potentialAction":[{"@type":"CommentAction","name":"Comment","target":["https:\/\/www.gaveanews.com\/index.php\/2020\/09\/26\/stjd-indefere-pedido-de-revisao-do-flamengo\/#respond"]}],"copyrightYear":"2020","copyrightHolder":{"@id":"https:\/\/www.gaveanews.com\/#organization"}},{"@type":"WebPage","@id":"https:\/\/www.gaveanews.com\/index.php\/2020\/09\/26\/stjd-indefere-pedido-de-revisao-do-flamengo\/","url":"https:\/\/www.gaveanews.com\/index.php\/2020\/09\/26\/stjd-indefere-pedido-de-revisao-do-flamengo\/","name":"STJD indefere pedido de revis\u00e3o do Flamengo","isPartOf":{"@id":"https:\/\/www.gaveanews.com\/#website"},"primaryImageOfPage":{"@id":"https:\/\/www.gaveanews.com\/index.php\/2020\/09\/26\/stjd-indefere-pedido-de-revisao-do-flamengo\/#primaryimage"},"image":{"@id":"https:\/\/www.gaveanews.com\/index.php\/2020\/09\/26\/stjd-indefere-pedido-de-revisao-do-flamengo\/#primaryimage"},"thumbnailUrl":"https:\/\/www.gaveanews.com\/wp-content\/uploads\/stjd.webp","datePublished":"2020-09-27T00:31:10+00:00","dateModified":"2020-09-27T00:31:11+00:00","author":{"@id":"https:\/\/www.gaveanews.com\/#\/schema\/person\/2ec14f73fb96be2caf28f91afb14749d"},"description":"O Superior Tribunal de Justi\u00e7a Desportiva (STJD) indeferiu o pedido de reconsidera\u00e7\u00e3o feito pelo time do Flamengo.","breadcrumb":{"@id":"https:\/\/www.gaveanews.com\/index.php\/2020\/09\/26\/stjd-indefere-pedido-de-revisao-do-flamengo\/#breadcrumb"},"inLanguage":"pt-BR","potentialAction":[{"@type":"ReadAction","target":["https:\/\/www.gaveanews.com\/index.php\/2020\/09\/26\/stjd-indefere-pedido-de-revisao-do-flamengo\/"]}]},{"@type":"ImageObject","inLanguage":"pt-BR","@id":"https:\/\/www.gaveanews.com\/index.php\/2020\/09\/26\/stjd-indefere-pedido-de-revisao-do-flamengo\/#primaryimage","url":"https:\/\/www.gaveanews.com\/wp-content\/uploads\/stjd.webp","contentUrl":"https:\/\/www.gaveanews.com\/wp-content\/uploads\/stjd.webp","width":1200,"height":675},{"@type":"BreadcrumbList","@id":"https:\/\/www.gaveanews.com\/index.php\/2020\/09\/26\/stjd-indefere-pedido-de-revisao-do-flamengo\/#breadcrumb","itemListElement":[{"@type":"ListItem","position":1,"name":"Home","item":"https:\/\/www.gaveanews.com\/"},{"@type":"ListItem","position":2,"name":"STJD indefere pedido de revis\u00e3o do Flamengo"}]},{"@type":"WebSite","@id":"https:\/\/www.gaveanews.com\/#website","url":"https:\/\/www.gaveanews.com\/","name":"G\u00e1vea News","description":"Veja todas as not\u00edcias sobre o Flamengo: Contrata\u00e7\u00f5es, categorias de base, resultados das partidas, tabela de classifica\u00e7\u00e3o, pr\u00f3ximos jogos!","potentialAction":[{"@type":"SearchAction","target":{"@type":"EntryPoint","urlTemplate":"https:\/\/www.gaveanews.com\/?s={search_term_string}"},"query-input":{"@type":"PropertyValueSpecification","valueRequired":true,"valueName":"search_term_string"}}],"inLanguage":"pt-BR"},{"@type":"Person","@id":"https:\/\/www.gaveanews.com\/#\/schema\/person\/2ec14f73fb96be2caf28f91afb14749d","name":"Equipe G\u00e1vea News","image":{"@type":"ImageObject","inLanguage":"pt-BR","@id":"https:\/\/www.gaveanews.com\/#\/schema\/person\/image\/","url":"https:\/\/secure.gravatar.com\/avatar\/1e1956f1facbffd3f8fa53a326721950116b3b9dc9bd44939c01180fd4a745a9?s=96&d=mm&r=g","contentUrl":"https:\/\/secure.gravatar.com\/avatar\/1e1956f1facbffd3f8fa53a326721950116b3b9dc9bd44939c01180fd4a745a9?s=96&d=mm&r=g","caption":"Equipe G\u00e1vea News"}}]}},"_links":{"self":[{"href":"https:\/\/www.gaveanews.com\/index.php\/wp-json\/wp\/v2\/posts\/48031","targetHints":{"allow":["GET"]}}],"collection":[{"href":"https:\/\/www.gaveanews.com\/index.php\/wp-json\/wp\/v2\/posts"}],"about":[{"href":"https:\/\/www.gaveanews.com\/index.php\/wp-json\/wp\/v2\/types\/post"}],"author":[{"embeddable":true,"href":"https:\/\/www.gaveanews.com\/index.php\/wp-json\/wp\/v2\/users\/1"}],"replies":[{"embeddable":true,"href":"https:\/\/www.gaveanews.com\/index.php\/wp-json\/wp\/v2\/comments?post=48031"}],"version-history":[{"count":0,"href":"https:\/\/www.gaveanews.com\/index.php\/wp-json\/wp\/v2\/posts\/48031\/revisions"}],"wp:featuredmedia":[{"embeddable":true,"href":"https:\/\/www.gaveanews.com\/index.php\/wp-json\/wp\/v2\/media\/36980"}],"wp:attachment":[{"href":"https:\/\/www.gaveanews.com\/index.php\/wp-json\/wp\/v2\/media?parent=48031"}],"wp:term":[{"taxonomy":"category","embeddable":true,"href":"https:\/\/www.gaveanews.com\/index.php\/wp-json\/wp\/v2\/categories?post=48031"},{"taxonomy":"post_tag","embeddable":true,"href":"https:\/\/www.gaveanews.com\/index.php\/wp-json\/wp\/v2\/tags?post=48031"}],"curies":[{"name":"wp","href":"https:\/\/api.w.org\/{rel}","templated":true}]}}