{"id":48033,"date":"2020-09-26T22:19:56","date_gmt":"2020-09-27T01:19:56","guid":{"rendered":"https:\/\/www.gaveanews.com\/?p=48033"},"modified":"2020-09-26T22:19:58","modified_gmt":"2020-09-27T01:19:58","slug":"flamengo-ira-processar-iran-barbosa-deputado-que-ofendeu-o-clube-nas-redes-sociais","status":"publish","type":"post","link":"https:\/\/www.gaveanews.com\/index.php\/2020\/09\/26\/flamengo-ira-processar-iran-barbosa-deputado-que-ofendeu-o-clube-nas-redes-sociais\/","title":{"rendered":"Flamengo ir\u00e1 processar Iran Barbosa, deputado que ofendeu o clube nas redes sociais"},"content":{"rendered":"\n<p>A diretoria do Flamengo se mobilizou contra coment\u00e1rios do deputado estadual de Minas Gerias, Iran Barbosa, que foi ao Twitter comentar poss\u00edvel adiamento da partida contra o Palmeiras. No entanto, o tom foi de acusa\u00e7\u00e3o.<\/p>\n\n\n\n<p>\u2014 O Flamengo \u00e9 realmente um clube em outro patamar. Bancado uma vida inteira com patroc\u00ednios estatais, t\u00edtulos duvidosos e at\u00e9 7 p\u00eanaltis em sete jogos seguidos na luta contra o rebaixamento. Agora isso. Gente, desculpa, mas a verdade \u00e9 que o Flamengo tem uma hist\u00f3ria t\u00e3o nefasta que s\u00f3 falta os caras queimarem crian\u00e7as at\u00e9 a morte em um inc\u00eandio irrespons\u00e1vel \u2014 disse Barbosa, em refer\u00eancia ao inc\u00eandio no CT do clube, com dez mortos, em 2019.<\/p>\n\n\n\n<p>O vice de futebol Marcos Braz foi o primeiro a escrever para o deputado. &#8220;Voc\u00ea \u00e9 um imbecil de escrever isso&#8221;.<\/p>\n\n\n\n<p>Em seguida, outro dirigente postou. O vice-jur\u00eddico Rodrigo Dunshee, indicando que o clube vai processar o pol\u00edtico por suas declara\u00e7\u00f5es.<\/p>\n\n\n\n<p>\u2014 Braz, somos os atuais Campe\u00f5es do Brasileiro, da Libertadores, Supercopa, Recopa, Carioca. Sem falar em tudo que ganhamos como o Mundial. N\u00e3o se incomode com isso. Os c\u00e3es ladram e a caravana passa. \u00c9 irrelevante e invejoso. Deixa o oficial de justi\u00e7a procurar ele l\u00e1.<\/p>\n\n\n\n<p>Retirado de: Extra<\/p>\n","protected":false},"excerpt":{"rendered":"<p>A diretoria do Flamengo se mobilizou contra coment\u00e1rios do deputado estadual de Minas Gerias, Iran Barbosa, que foi ao Twitter comentar poss\u00edvel adiamento da partida contra o Palmeiras. No entanto, o tom foi de acusa\u00e7\u00e3o. \u2014 O Flamengo \u00e9 realmente um clube em outro patamar. Bancado uma vida inteira com patroc\u00ednios estatais, t\u00edtulos duvidosos e [&hellip;]<\/p>\n","protected":false},"author":1,"featured_media":41279,"comment_status":"open","ping_status":"closed","sticky":false,"template":"","format":"standard","meta":{"footnotes":""},"categories":[1],"tags":[],"class_list":["post-48033","post","type-post","status-publish","format-standard","has-post-thumbnail","hentry","category-flamengo"],"yoast_head":"<!-- This site is optimized with the Yoast SEO Premium plugin v24.2 (Yoast SEO v26.9) - https:\/\/yoast.com\/product\/yoast-seo-premium-wordpress\/ -->\n<title>Flamengo ir\u00e1 processar Iran Barbosa, deputado que ofendeu o clube<\/title>\n<meta name=\"robots\" content=\"index, follow, max-snippet:-1, max-image-preview:large, max-video-preview:-1\" \/>\n<link rel=\"canonical\" href=\"https:\/\/www.gaveanews.com\/index.php\/2020\/09\/26\/flamengo-ira-processar-iran-barbosa-deputado-que-ofendeu-o-clube-nas-redes-sociais\/\" \/>\n<meta property=\"og:locale\" content=\"pt_BR\" \/>\n<meta property=\"og:type\" content=\"article\" \/>\n<meta property=\"og:title\" content=\"Flamengo ir\u00e1 processar Iran Barbosa, deputado que ofendeu o clube nas redes sociais\" \/>\n<meta property=\"og:description\" content=\"A diretoria do Flamengo se mobilizou contra coment\u00e1rios do deputado estadual de Minas Gerias, Iran Barbosa, que foi ao Twitter comentar poss\u00edvel adiamento da partida contra o Palmeiras. No entanto, o tom foi de acusa\u00e7\u00e3o. \u2014 O Flamengo \u00e9 realmente um clube em outro patamar. Bancado uma vida inteira com patroc\u00ednios estatais, t\u00edtulos duvidosos e [&hellip;]\" \/>\n<meta property=\"og:url\" content=\"https:\/\/www.gaveanews.com\/index.php\/2020\/09\/26\/flamengo-ira-processar-iran-barbosa-deputado-que-ofendeu-o-clube-nas-redes-sociais\/\" \/>\n<meta property=\"og:site_name\" content=\"G\u00e1vea News\" \/>\n<meta property=\"article:publisher\" content=\"https:\/\/facebook.com\/gaveaNews\/\" \/>\n<meta property=\"article:published_time\" content=\"2020-09-27T01:19:56+00:00\" \/>\n<meta property=\"article:modified_time\" content=\"2020-09-27T01:19:58+00:00\" \/>\n<meta property=\"og:image\" content=\"https:\/\/www.gaveanews.com\/wp-content\/uploads\/Reinaldo-Belotti-esquerda-Rodolfo-Landim-centro-e-Rodrigo-Dunshee-de-Abranches-direita.webp\" \/>\n\t<meta property=\"og:image:width\" content=\"1920\" \/>\n\t<meta property=\"og:image:height\" content=\"1277\" \/>\n\t<meta property=\"og:image:type\" content=\"image\/jpeg\" \/>\n<meta name=\"author\" content=\"Equipe G\u00e1vea News\" \/>\n<meta name=\"twitter:card\" content=\"summary_large_image\" \/>\n<meta name=\"twitter:label1\" content=\"Escrito por\" \/>\n\t<meta name=\"twitter:data1\" content=\"Equipe G\u00e1vea News\" \/>\n\t<meta name=\"twitter:label2\" content=\"Est. tempo de leitura\" \/>\n\t<meta name=\"twitter:data2\" content=\"1 minuto\" \/>\n<script type=\"application\/ld+json\" class=\"yoast-schema-graph\">{\"@context\":\"https:\/\/schema.org\",\"@graph\":[{\"@type\":\"NewsArticle\",\"@id\":\"https:\/\/www.gaveanews.com\/index.php\/2020\/09\/26\/flamengo-ira-processar-iran-barbosa-deputado-que-ofendeu-o-clube-nas-redes-sociais\/#article\",\"isPartOf\":{\"@id\":\"https:\/\/www.gaveanews.com\/index.php\/2020\/09\/26\/flamengo-ira-processar-iran-barbosa-deputado-que-ofendeu-o-clube-nas-redes-sociais\/\"},\"author\":{\"name\":\"Equipe G\u00e1vea News\",\"@id\":\"https:\/\/www.gaveanews.com\/#\/schema\/person\/2ec14f73fb96be2caf28f91afb14749d\"},\"headline\":\"Flamengo ir\u00e1 processar Iran Barbosa, deputado que ofendeu o clube nas redes sociais\",\"datePublished\":\"2020-09-27T01:19:56+00:00\",\"dateModified\":\"2020-09-27T01:19:58+00:00\",\"mainEntityOfPage\":{\"@id\":\"https:\/\/www.gaveanews.com\/index.php\/2020\/09\/26\/flamengo-ira-processar-iran-barbosa-deputado-que-ofendeu-o-clube-nas-redes-sociais\/\"},\"wordCount\":227,\"commentCount\":25,\"image\":{\"@id\":\"https:\/\/www.gaveanews.com\/index.php\/2020\/09\/26\/flamengo-ira-processar-iran-barbosa-deputado-que-ofendeu-o-clube-nas-redes-sociais\/#primaryimage\"},\"thumbnailUrl\":\"https:\/\/www.gaveanews.com\/wp-content\/uploads\/Reinaldo-Belotti-esquerda-Rodolfo-Landim-centro-e-Rodrigo-Dunshee-de-Abranches-direita.webp\",\"articleSection\":[\"Flamengo\"],\"inLanguage\":\"pt-BR\",\"potentialAction\":[{\"@type\":\"CommentAction\",\"name\":\"Comment\",\"target\":[\"https:\/\/www.gaveanews.com\/index.php\/2020\/09\/26\/flamengo-ira-processar-iran-barbosa-deputado-que-ofendeu-o-clube-nas-redes-sociais\/#respond\"]}],\"copyrightYear\":\"2020\",\"copyrightHolder\":{\"@id\":\"https:\/\/www.gaveanews.com\/#organization\"}},{\"@type\":\"WebPage\",\"@id\":\"https:\/\/www.gaveanews.com\/index.php\/2020\/09\/26\/flamengo-ira-processar-iran-barbosa-deputado-que-ofendeu-o-clube-nas-redes-sociais\/\",\"url\":\"https:\/\/www.gaveanews.com\/index.php\/2020\/09\/26\/flamengo-ira-processar-iran-barbosa-deputado-que-ofendeu-o-clube-nas-redes-sociais\/\",\"name\":\"Flamengo ir\u00e1 processar Iran Barbosa, deputado que ofendeu o clube\",\"isPartOf\":{\"@id\":\"https:\/\/www.gaveanews.com\/#website\"},\"primaryImageOfPage\":{\"@id\":\"https:\/\/www.gaveanews.com\/index.php\/2020\/09\/26\/flamengo-ira-processar-iran-barbosa-deputado-que-ofendeu-o-clube-nas-redes-sociais\/#primaryimage\"},\"image\":{\"@id\":\"https:\/\/www.gaveanews.com\/index.php\/2020\/09\/26\/flamengo-ira-processar-iran-barbosa-deputado-que-ofendeu-o-clube-nas-redes-sociais\/#primaryimage\"},\"thumbnailUrl\":\"https:\/\/www.gaveanews.com\/wp-content\/uploads\/Reinaldo-Belotti-esquerda-Rodolfo-Landim-centro-e-Rodrigo-Dunshee-de-Abranches-direita.webp\",\"datePublished\":\"2020-09-27T01:19:56+00:00\",\"dateModified\":\"2020-09-27T01:19:58+00:00\",\"author\":{\"@id\":\"https:\/\/www.gaveanews.com\/#\/schema\/person\/2ec14f73fb96be2caf28f91afb14749d\"},\"breadcrumb\":{\"@id\":\"https:\/\/www.gaveanews.com\/index.php\/2020\/09\/26\/flamengo-ira-processar-iran-barbosa-deputado-que-ofendeu-o-clube-nas-redes-sociais\/#breadcrumb\"},\"inLanguage\":\"pt-BR\",\"potentialAction\":[{\"@type\":\"ReadAction\",\"target\":[\"https:\/\/www.gaveanews.com\/index.php\/2020\/09\/26\/flamengo-ira-processar-iran-barbosa-deputado-que-ofendeu-o-clube-nas-redes-sociais\/\"]}]},{\"@type\":\"ImageObject\",\"inLanguage\":\"pt-BR\",\"@id\":\"https:\/\/www.gaveanews.com\/index.php\/2020\/09\/26\/flamengo-ira-processar-iran-barbosa-deputado-que-ofendeu-o-clube-nas-redes-sociais\/#primaryimage\",\"url\":\"https:\/\/www.gaveanews.com\/wp-content\/uploads\/Reinaldo-Belotti-esquerda-Rodolfo-Landim-centro-e-Rodrigo-Dunshee-de-Abranches-direita.webp\",\"contentUrl\":\"https:\/\/www.gaveanews.com\/wp-content\/uploads\/Reinaldo-Belotti-esquerda-Rodolfo-Landim-centro-e-Rodrigo-Dunshee-de-Abranches-direita.webp\",\"width\":1920,\"height\":1277,\"caption\":\"Reinaldo Belotti (esquerda), Rodolfo Landim (centro) e Rodrigo Dunshee de Abranches (direita) (Foto: Marcelo Cortes\/Flamengo)\"},{\"@type\":\"BreadcrumbList\",\"@id\":\"https:\/\/www.gaveanews.com\/index.php\/2020\/09\/26\/flamengo-ira-processar-iran-barbosa-deputado-que-ofendeu-o-clube-nas-redes-sociais\/#breadcrumb\",\"itemListElement\":[{\"@type\":\"ListItem\",\"position\":1,\"name\":\"Home\",\"item\":\"https:\/\/www.gaveanews.com\/\"},{\"@type\":\"ListItem\",\"position\":2,\"name\":\"Flamengo ir\u00e1 processar Iran Barbosa, deputado que ofendeu o clube nas redes sociais\"}]},{\"@type\":\"WebSite\",\"@id\":\"https:\/\/www.gaveanews.com\/#website\",\"url\":\"https:\/\/www.gaveanews.com\/\",\"name\":\"G\u00e1vea News\",\"description\":\"Veja todas as not\u00edcias sobre o Flamengo: Contrata\u00e7\u00f5es, categorias de base, resultados das partidas, tabela de classifica\u00e7\u00e3o, pr\u00f3ximos jogos!\",\"potentialAction\":[{\"@type\":\"SearchAction\",\"target\":{\"@type\":\"EntryPoint\",\"urlTemplate\":\"https:\/\/www.gaveanews.com\/?s={search_term_string}\"},\"query-input\":{\"@type\":\"PropertyValueSpecification\",\"valueRequired\":true,\"valueName\":\"search_term_string\"}}],\"inLanguage\":\"pt-BR\"},{\"@type\":\"Person\",\"@id\":\"https:\/\/www.gaveanews.com\/#\/schema\/person\/2ec14f73fb96be2caf28f91afb14749d\",\"name\":\"Equipe G\u00e1vea News\",\"image\":{\"@type\":\"ImageObject\",\"inLanguage\":\"pt-BR\",\"@id\":\"https:\/\/www.gaveanews.com\/#\/schema\/person\/image\/\",\"url\":\"https:\/\/secure.gravatar.com\/avatar\/1e1956f1facbffd3f8fa53a326721950116b3b9dc9bd44939c01180fd4a745a9?s=96&d=mm&r=g\",\"contentUrl\":\"https:\/\/secure.gravatar.com\/avatar\/1e1956f1facbffd3f8fa53a326721950116b3b9dc9bd44939c01180fd4a745a9?s=96&d=mm&r=g\",\"caption\":\"Equipe G\u00e1vea News\"}}]}<\/script>\n<!-- \/ Yoast SEO Premium plugin. -->","yoast_head_json":{"title":"Flamengo ir\u00e1 processar Iran Barbosa, deputado que ofendeu o clube","robots":{"index":"index","follow":"follow","max-snippet":"max-snippet:-1","max-image-preview":"max-image-preview:large","max-video-preview":"max-video-preview:-1"},"canonical":"https:\/\/www.gaveanews.com\/index.php\/2020\/09\/26\/flamengo-ira-processar-iran-barbosa-deputado-que-ofendeu-o-clube-nas-redes-sociais\/","og_locale":"pt_BR","og_type":"article","og_title":"Flamengo ir\u00e1 processar Iran Barbosa, deputado que ofendeu o clube nas redes sociais","og_description":"A diretoria do Flamengo se mobilizou contra coment\u00e1rios do deputado estadual de Minas Gerias, Iran Barbosa, que foi ao Twitter comentar poss\u00edvel adiamento da partida contra o Palmeiras. No entanto, o tom foi de acusa\u00e7\u00e3o. \u2014 O Flamengo \u00e9 realmente um clube em outro patamar. Bancado uma vida inteira com patroc\u00ednios estatais, t\u00edtulos duvidosos e [&hellip;]","og_url":"https:\/\/www.gaveanews.com\/index.php\/2020\/09\/26\/flamengo-ira-processar-iran-barbosa-deputado-que-ofendeu-o-clube-nas-redes-sociais\/","og_site_name":"G\u00e1vea News","article_publisher":"https:\/\/facebook.com\/gaveaNews\/","article_published_time":"2020-09-27T01:19:56+00:00","article_modified_time":"2020-09-27T01:19:58+00:00","og_image":[{"width":1920,"height":1277,"url":"https:\/\/www.gaveanews.com\/wp-content\/uploads\/Reinaldo-Belotti-esquerda-Rodolfo-Landim-centro-e-Rodrigo-Dunshee-de-Abranches-direita.webp","type":"image\/jpeg"}],"author":"Equipe G\u00e1vea News","twitter_card":"summary_large_image","twitter_misc":{"Escrito por":"Equipe G\u00e1vea News","Est. tempo de leitura":"1 minuto"},"schema":{"@context":"https:\/\/schema.org","@graph":[{"@type":"NewsArticle","@id":"https:\/\/www.gaveanews.com\/index.php\/2020\/09\/26\/flamengo-ira-processar-iran-barbosa-deputado-que-ofendeu-o-clube-nas-redes-sociais\/#article","isPartOf":{"@id":"https:\/\/www.gaveanews.com\/index.php\/2020\/09\/26\/flamengo-ira-processar-iran-barbosa-deputado-que-ofendeu-o-clube-nas-redes-sociais\/"},"author":{"name":"Equipe G\u00e1vea News","@id":"https:\/\/www.gaveanews.com\/#\/schema\/person\/2ec14f73fb96be2caf28f91afb14749d"},"headline":"Flamengo ir\u00e1 processar Iran Barbosa, deputado que ofendeu o clube nas redes sociais","datePublished":"2020-09-27T01:19:56+00:00","dateModified":"2020-09-27T01:19:58+00:00","mainEntityOfPage":{"@id":"https:\/\/www.gaveanews.com\/index.php\/2020\/09\/26\/flamengo-ira-processar-iran-barbosa-deputado-que-ofendeu-o-clube-nas-redes-sociais\/"},"wordCount":227,"commentCount":25,"image":{"@id":"https:\/\/www.gaveanews.com\/index.php\/2020\/09\/26\/flamengo-ira-processar-iran-barbosa-deputado-que-ofendeu-o-clube-nas-redes-sociais\/#primaryimage"},"thumbnailUrl":"https:\/\/www.gaveanews.com\/wp-content\/uploads\/Reinaldo-Belotti-esquerda-Rodolfo-Landim-centro-e-Rodrigo-Dunshee-de-Abranches-direita.webp","articleSection":["Flamengo"],"inLanguage":"pt-BR","potentialAction":[{"@type":"CommentAction","name":"Comment","target":["https:\/\/www.gaveanews.com\/index.php\/2020\/09\/26\/flamengo-ira-processar-iran-barbosa-deputado-que-ofendeu-o-clube-nas-redes-sociais\/#respond"]}],"copyrightYear":"2020","copyrightHolder":{"@id":"https:\/\/www.gaveanews.com\/#organization"}},{"@type":"WebPage","@id":"https:\/\/www.gaveanews.com\/index.php\/2020\/09\/26\/flamengo-ira-processar-iran-barbosa-deputado-que-ofendeu-o-clube-nas-redes-sociais\/","url":"https:\/\/www.gaveanews.com\/index.php\/2020\/09\/26\/flamengo-ira-processar-iran-barbosa-deputado-que-ofendeu-o-clube-nas-redes-sociais\/","name":"Flamengo ir\u00e1 processar Iran Barbosa, deputado que ofendeu o clube","isPartOf":{"@id":"https:\/\/www.gaveanews.com\/#website"},"primaryImageOfPage":{"@id":"https:\/\/www.gaveanews.com\/index.php\/2020\/09\/26\/flamengo-ira-processar-iran-barbosa-deputado-que-ofendeu-o-clube-nas-redes-sociais\/#primaryimage"},"image":{"@id":"https:\/\/www.gaveanews.com\/index.php\/2020\/09\/26\/flamengo-ira-processar-iran-barbosa-deputado-que-ofendeu-o-clube-nas-redes-sociais\/#primaryimage"},"thumbnailUrl":"https:\/\/www.gaveanews.com\/wp-content\/uploads\/Reinaldo-Belotti-esquerda-Rodolfo-Landim-centro-e-Rodrigo-Dunshee-de-Abranches-direita.webp","datePublished":"2020-09-27T01:19:56+00:00","dateModified":"2020-09-27T01:19:58+00:00","author":{"@id":"https:\/\/www.gaveanews.com\/#\/schema\/person\/2ec14f73fb96be2caf28f91afb14749d"},"breadcrumb":{"@id":"https:\/\/www.gaveanews.com\/index.php\/2020\/09\/26\/flamengo-ira-processar-iran-barbosa-deputado-que-ofendeu-o-clube-nas-redes-sociais\/#breadcrumb"},"inLanguage":"pt-BR","potentialAction":[{"@type":"ReadAction","target":["https:\/\/www.gaveanews.com\/index.php\/2020\/09\/26\/flamengo-ira-processar-iran-barbosa-deputado-que-ofendeu-o-clube-nas-redes-sociais\/"]}]},{"@type":"ImageObject","inLanguage":"pt-BR","@id":"https:\/\/www.gaveanews.com\/index.php\/2020\/09\/26\/flamengo-ira-processar-iran-barbosa-deputado-que-ofendeu-o-clube-nas-redes-sociais\/#primaryimage","url":"https:\/\/www.gaveanews.com\/wp-content\/uploads\/Reinaldo-Belotti-esquerda-Rodolfo-Landim-centro-e-Rodrigo-Dunshee-de-Abranches-direita.webp","contentUrl":"https:\/\/www.gaveanews.com\/wp-content\/uploads\/Reinaldo-Belotti-esquerda-Rodolfo-Landim-centro-e-Rodrigo-Dunshee-de-Abranches-direita.webp","width":1920,"height":1277,"caption":"Reinaldo Belotti (esquerda), Rodolfo Landim (centro) e Rodrigo Dunshee de Abranches (direita) (Foto: Marcelo Cortes\/Flamengo)"},{"@type":"BreadcrumbList","@id":"https:\/\/www.gaveanews.com\/index.php\/2020\/09\/26\/flamengo-ira-processar-iran-barbosa-deputado-que-ofendeu-o-clube-nas-redes-sociais\/#breadcrumb","itemListElement":[{"@type":"ListItem","position":1,"name":"Home","item":"https:\/\/www.gaveanews.com\/"},{"@type":"ListItem","position":2,"name":"Flamengo ir\u00e1 processar Iran Barbosa, deputado que ofendeu o clube nas redes sociais"}]},{"@type":"WebSite","@id":"https:\/\/www.gaveanews.com\/#website","url":"https:\/\/www.gaveanews.com\/","name":"G\u00e1vea News","description":"Veja todas as not\u00edcias sobre o Flamengo: Contrata\u00e7\u00f5es, categorias de base, resultados das partidas, tabela de classifica\u00e7\u00e3o, pr\u00f3ximos jogos!","potentialAction":[{"@type":"SearchAction","target":{"@type":"EntryPoint","urlTemplate":"https:\/\/www.gaveanews.com\/?s={search_term_string}"},"query-input":{"@type":"PropertyValueSpecification","valueRequired":true,"valueName":"search_term_string"}}],"inLanguage":"pt-BR"},{"@type":"Person","@id":"https:\/\/www.gaveanews.com\/#\/schema\/person\/2ec14f73fb96be2caf28f91afb14749d","name":"Equipe G\u00e1vea News","image":{"@type":"ImageObject","inLanguage":"pt-BR","@id":"https:\/\/www.gaveanews.com\/#\/schema\/person\/image\/","url":"https:\/\/secure.gravatar.com\/avatar\/1e1956f1facbffd3f8fa53a326721950116b3b9dc9bd44939c01180fd4a745a9?s=96&d=mm&r=g","contentUrl":"https:\/\/secure.gravatar.com\/avatar\/1e1956f1facbffd3f8fa53a326721950116b3b9dc9bd44939c01180fd4a745a9?s=96&d=mm&r=g","caption":"Equipe G\u00e1vea News"}}]}},"_links":{"self":[{"href":"https:\/\/www.gaveanews.com\/index.php\/wp-json\/wp\/v2\/posts\/48033","targetHints":{"allow":["GET"]}}],"collection":[{"href":"https:\/\/www.gaveanews.com\/index.php\/wp-json\/wp\/v2\/posts"}],"about":[{"href":"https:\/\/www.gaveanews.com\/index.php\/wp-json\/wp\/v2\/types\/post"}],"author":[{"embeddable":true,"href":"https:\/\/www.gaveanews.com\/index.php\/wp-json\/wp\/v2\/users\/1"}],"replies":[{"embeddable":true,"href":"https:\/\/www.gaveanews.com\/index.php\/wp-json\/wp\/v2\/comments?post=48033"}],"version-history":[{"count":0,"href":"https:\/\/www.gaveanews.com\/index.php\/wp-json\/wp\/v2\/posts\/48033\/revisions"}],"wp:featuredmedia":[{"embeddable":true,"href":"https:\/\/www.gaveanews.com\/index.php\/wp-json\/wp\/v2\/media\/41279"}],"wp:attachment":[{"href":"https:\/\/www.gaveanews.com\/index.php\/wp-json\/wp\/v2\/media?parent=48033"}],"wp:term":[{"taxonomy":"category","embeddable":true,"href":"https:\/\/www.gaveanews.com\/index.php\/wp-json\/wp\/v2\/categories?post=48033"},{"taxonomy":"post_tag","embeddable":true,"href":"https:\/\/www.gaveanews.com\/index.php\/wp-json\/wp\/v2\/tags?post=48033"}],"curies":[{"name":"wp","href":"https:\/\/api.w.org\/{rel}","templated":true}]}}