{"id":48037,"date":"2020-09-26T23:22:02","date_gmt":"2020-09-27T02:22:02","guid":{"rendered":"https:\/\/www.gaveanews.com\/?p=48037"},"modified":"2020-09-26T23:22:05","modified_gmt":"2020-09-27T02:22:05","slug":"veja-a-possivel-escalacao-do-flamengo-para-o-jogo-contra-o-palmeiras","status":"publish","type":"post","link":"https:\/\/www.gaveanews.com\/index.php\/2020\/09\/26\/veja-a-possivel-escalacao-do-flamengo-para-o-jogo-contra-o-palmeiras\/","title":{"rendered":"Veja a poss\u00edvel escala\u00e7\u00e3o do Flamengo para o jogo contra o Palmeiras"},"content":{"rendered":"\n<p>At\u00e9 o presente momento, o duelo entre Palmeiras x Flamengo, no domingo (27), no Allianz Parque, pela 12\u00aa rodada do Brasileir\u00e3o 2020, est\u00e1 suspenso devido ao surto de covid-19 no elenco rubro-negro. No entanto, o Meng\u00e3o desembarcou em S\u00e3o Paulo por precau\u00e7\u00e3o e est\u00e1 pronto para o jogo.<\/p>\n\n\n\n<p>O Flamengo perdeu nada mais, nada menos do que 19 jogadores do elenco profissional por coronav\u00edrus depois da viagem ao Equador, na \u00faltima semana, para os jogos do Grupo A da Copa Libertadores.<\/p>\n\n\n\n<p>Inicialmente, o clube pediu o adiamento do jogo alegando ser um risco por seus demais jogadores em contato com outros atletas por tamb\u00e9m estarem infectados, mas a CBF e STJD vetaram o pedido. Entretanto, um pedido do Sindeclubes, Sindicato dos funcion\u00e1rios de clubes do Rio, foi acatado pelo TRT do Rio de Janeiro e a partida est\u00e1 suspensa.<\/p>\n\n\n\n<p>Para evitar o risco de poss\u00edvel puni\u00e7\u00e3o e at\u00e9 perda do jogo por W.O, o plantel rubro-negro desembarcou em S\u00e3o Paulo no fim da tarde de hoje com elenco mesclado entre as estrelas do time profissional e jovens promessas da base.<\/p>\n\n\n\n<p>Com Dom\u00e8nec Torrent afastado, o auxiliar Jordi Guerrero ser\u00e1 o comandante rubro-negro caso haja jogo e deve mandar o time a campo com: <strong>Hugo Souza; Jo\u00e3o Lucas, Ot\u00e1vio (Milani), Natan e Ramon; Thiago Maia, Gerson, Arrascaeta; Guilherme Bala, Lincoln e Pedro.<\/strong><\/p>\n\n\n\n<p>Com um jogo a menos, o Flamengo \u00e9 o atual sexto colocado na tabela de classifica\u00e7\u00e3o do Brasileir\u00e3o, com 17 pontos, e mira os tr\u00eas pontos para se manter na briga pelo t\u00edtulo.<\/p>\n\n\n\n<p>Retirado de: Hashtag Rubro-Negro<\/p>\n","protected":false},"excerpt":{"rendered":"<p>At\u00e9 o presente momento, o duelo entre Palmeiras x Flamengo, no domingo (27), no Allianz Parque, pela 12\u00aa rodada do Brasileir\u00e3o 2020, est\u00e1 suspenso devido ao surto de covid-19 no elenco rubro-negro. No entanto, o Meng\u00e3o desembarcou em S\u00e3o Paulo por precau\u00e7\u00e3o e est\u00e1 pronto para o jogo. O Flamengo perdeu nada mais, nada menos [&hellip;]<\/p>\n","protected":false},"author":1,"featured_media":48021,"comment_status":"open","ping_status":"closed","sticky":false,"template":"","format":"standard","meta":{"footnotes":""},"categories":[1],"tags":[],"class_list":["post-48037","post","type-post","status-publish","format-standard","has-post-thumbnail","hentry","category-flamengo"],"yoast_head":"<!-- This site is optimized with the Yoast SEO Premium plugin v24.2 (Yoast SEO v26.9) - https:\/\/yoast.com\/product\/yoast-seo-premium-wordpress\/ -->\n<title>Veja a poss\u00edvel escala\u00e7\u00e3o do Flamengo para o jogo contra o Palmeiras<\/title>\n<meta name=\"robots\" content=\"index, follow, max-snippet:-1, max-image-preview:large, max-video-preview:-1\" \/>\n<link rel=\"canonical\" href=\"https:\/\/www.gaveanews.com\/index.php\/2020\/09\/26\/veja-a-possivel-escalacao-do-flamengo-para-o-jogo-contra-o-palmeiras\/\" \/>\n<meta property=\"og:locale\" content=\"pt_BR\" \/>\n<meta property=\"og:type\" content=\"article\" \/>\n<meta property=\"og:title\" content=\"Veja a poss\u00edvel escala\u00e7\u00e3o do Flamengo para o jogo contra o Palmeiras\" \/>\n<meta property=\"og:description\" content=\"At\u00e9 o presente momento, o duelo entre Palmeiras x Flamengo, no domingo (27), no Allianz Parque, pela 12\u00aa rodada do Brasileir\u00e3o 2020, est\u00e1 suspenso devido ao surto de covid-19 no elenco rubro-negro. No entanto, o Meng\u00e3o desembarcou em S\u00e3o Paulo por precau\u00e7\u00e3o e est\u00e1 pronto para o jogo. O Flamengo perdeu nada mais, nada menos [&hellip;]\" \/>\n<meta property=\"og:url\" content=\"https:\/\/www.gaveanews.com\/index.php\/2020\/09\/26\/veja-a-possivel-escalacao-do-flamengo-para-o-jogo-contra-o-palmeiras\/\" \/>\n<meta property=\"og:site_name\" content=\"G\u00e1vea News\" \/>\n<meta property=\"article:publisher\" content=\"https:\/\/facebook.com\/gaveaNews\/\" \/>\n<meta property=\"article:published_time\" content=\"2020-09-27T02:22:02+00:00\" \/>\n<meta property=\"article:modified_time\" content=\"2020-09-27T02:22:05+00:00\" \/>\n<meta property=\"og:image\" content=\"https:\/\/www.gaveanews.com\/wp-content\/uploads\/Arao-em-acao-contra-o-Palmeiras-no-Campeonato-Brasileiro-de-2019.webp\" \/>\n\t<meta property=\"og:image:width\" content=\"800\" \/>\n\t<meta property=\"og:image:height\" content=\"533\" \/>\n\t<meta property=\"og:image:type\" content=\"image\/jpeg\" \/>\n<meta name=\"author\" content=\"Equipe G\u00e1vea News\" \/>\n<meta name=\"twitter:card\" content=\"summary_large_image\" \/>\n<meta name=\"twitter:label1\" content=\"Escrito por\" \/>\n\t<meta name=\"twitter:data1\" content=\"Equipe G\u00e1vea News\" \/>\n\t<meta name=\"twitter:label2\" content=\"Est. tempo de leitura\" \/>\n\t<meta name=\"twitter:data2\" content=\"1 minuto\" \/>\n<script type=\"application\/ld+json\" class=\"yoast-schema-graph\">{\"@context\":\"https:\/\/schema.org\",\"@graph\":[{\"@type\":\"NewsArticle\",\"@id\":\"https:\/\/www.gaveanews.com\/index.php\/2020\/09\/26\/veja-a-possivel-escalacao-do-flamengo-para-o-jogo-contra-o-palmeiras\/#article\",\"isPartOf\":{\"@id\":\"https:\/\/www.gaveanews.com\/index.php\/2020\/09\/26\/veja-a-possivel-escalacao-do-flamengo-para-o-jogo-contra-o-palmeiras\/\"},\"author\":{\"name\":\"Equipe G\u00e1vea News\",\"@id\":\"https:\/\/www.gaveanews.com\/#\/schema\/person\/2ec14f73fb96be2caf28f91afb14749d\"},\"headline\":\"Veja a poss\u00edvel escala\u00e7\u00e3o do Flamengo para o jogo contra o Palmeiras\",\"datePublished\":\"2020-09-27T02:22:02+00:00\",\"dateModified\":\"2020-09-27T02:22:05+00:00\",\"mainEntityOfPage\":{\"@id\":\"https:\/\/www.gaveanews.com\/index.php\/2020\/09\/26\/veja-a-possivel-escalacao-do-flamengo-para-o-jogo-contra-o-palmeiras\/\"},\"wordCount\":284,\"commentCount\":31,\"image\":{\"@id\":\"https:\/\/www.gaveanews.com\/index.php\/2020\/09\/26\/veja-a-possivel-escalacao-do-flamengo-para-o-jogo-contra-o-palmeiras\/#primaryimage\"},\"thumbnailUrl\":\"https:\/\/www.gaveanews.com\/wp-content\/uploads\/Arao-em-acao-contra-o-Palmeiras-no-Campeonato-Brasileiro-de-2019.webp\",\"articleSection\":[\"Flamengo\"],\"inLanguage\":\"pt-BR\",\"potentialAction\":[{\"@type\":\"CommentAction\",\"name\":\"Comment\",\"target\":[\"https:\/\/www.gaveanews.com\/index.php\/2020\/09\/26\/veja-a-possivel-escalacao-do-flamengo-para-o-jogo-contra-o-palmeiras\/#respond\"]}],\"copyrightYear\":\"2020\",\"copyrightHolder\":{\"@id\":\"https:\/\/www.gaveanews.com\/#organization\"}},{\"@type\":\"WebPage\",\"@id\":\"https:\/\/www.gaveanews.com\/index.php\/2020\/09\/26\/veja-a-possivel-escalacao-do-flamengo-para-o-jogo-contra-o-palmeiras\/\",\"url\":\"https:\/\/www.gaveanews.com\/index.php\/2020\/09\/26\/veja-a-possivel-escalacao-do-flamengo-para-o-jogo-contra-o-palmeiras\/\",\"name\":\"Veja a poss\u00edvel escala\u00e7\u00e3o do Flamengo para o jogo contra o Palmeiras\",\"isPartOf\":{\"@id\":\"https:\/\/www.gaveanews.com\/#website\"},\"primaryImageOfPage\":{\"@id\":\"https:\/\/www.gaveanews.com\/index.php\/2020\/09\/26\/veja-a-possivel-escalacao-do-flamengo-para-o-jogo-contra-o-palmeiras\/#primaryimage\"},\"image\":{\"@id\":\"https:\/\/www.gaveanews.com\/index.php\/2020\/09\/26\/veja-a-possivel-escalacao-do-flamengo-para-o-jogo-contra-o-palmeiras\/#primaryimage\"},\"thumbnailUrl\":\"https:\/\/www.gaveanews.com\/wp-content\/uploads\/Arao-em-acao-contra-o-Palmeiras-no-Campeonato-Brasileiro-de-2019.webp\",\"datePublished\":\"2020-09-27T02:22:02+00:00\",\"dateModified\":\"2020-09-27T02:22:05+00:00\",\"author\":{\"@id\":\"https:\/\/www.gaveanews.com\/#\/schema\/person\/2ec14f73fb96be2caf28f91afb14749d\"},\"breadcrumb\":{\"@id\":\"https:\/\/www.gaveanews.com\/index.php\/2020\/09\/26\/veja-a-possivel-escalacao-do-flamengo-para-o-jogo-contra-o-palmeiras\/#breadcrumb\"},\"inLanguage\":\"pt-BR\",\"potentialAction\":[{\"@type\":\"ReadAction\",\"target\":[\"https:\/\/www.gaveanews.com\/index.php\/2020\/09\/26\/veja-a-possivel-escalacao-do-flamengo-para-o-jogo-contra-o-palmeiras\/\"]}]},{\"@type\":\"ImageObject\",\"inLanguage\":\"pt-BR\",\"@id\":\"https:\/\/www.gaveanews.com\/index.php\/2020\/09\/26\/veja-a-possivel-escalacao-do-flamengo-para-o-jogo-contra-o-palmeiras\/#primaryimage\",\"url\":\"https:\/\/www.gaveanews.com\/wp-content\/uploads\/Arao-em-acao-contra-o-Palmeiras-no-Campeonato-Brasileiro-de-2019.webp\",\"contentUrl\":\"https:\/\/www.gaveanews.com\/wp-content\/uploads\/Arao-em-acao-contra-o-Palmeiras-no-Campeonato-Brasileiro-de-2019.webp\",\"width\":800,\"height\":533,\"caption\":\"Ar\u00e3o em a\u00e7\u00e3o contra o Palmeiras no Campeonato Brasileiro de 2019 (Foto: Alexandre Vidal\/Flamengo)\"},{\"@type\":\"BreadcrumbList\",\"@id\":\"https:\/\/www.gaveanews.com\/index.php\/2020\/09\/26\/veja-a-possivel-escalacao-do-flamengo-para-o-jogo-contra-o-palmeiras\/#breadcrumb\",\"itemListElement\":[{\"@type\":\"ListItem\",\"position\":1,\"name\":\"Home\",\"item\":\"https:\/\/www.gaveanews.com\/\"},{\"@type\":\"ListItem\",\"position\":2,\"name\":\"Veja a poss\u00edvel escala\u00e7\u00e3o do Flamengo para o jogo contra o Palmeiras\"}]},{\"@type\":\"WebSite\",\"@id\":\"https:\/\/www.gaveanews.com\/#website\",\"url\":\"https:\/\/www.gaveanews.com\/\",\"name\":\"G\u00e1vea News\",\"description\":\"Veja todas as not\u00edcias sobre o Flamengo: Contrata\u00e7\u00f5es, categorias de base, resultados das partidas, tabela de classifica\u00e7\u00e3o, pr\u00f3ximos jogos!\",\"potentialAction\":[{\"@type\":\"SearchAction\",\"target\":{\"@type\":\"EntryPoint\",\"urlTemplate\":\"https:\/\/www.gaveanews.com\/?s={search_term_string}\"},\"query-input\":{\"@type\":\"PropertyValueSpecification\",\"valueRequired\":true,\"valueName\":\"search_term_string\"}}],\"inLanguage\":\"pt-BR\"},{\"@type\":\"Person\",\"@id\":\"https:\/\/www.gaveanews.com\/#\/schema\/person\/2ec14f73fb96be2caf28f91afb14749d\",\"name\":\"Equipe G\u00e1vea News\",\"image\":{\"@type\":\"ImageObject\",\"inLanguage\":\"pt-BR\",\"@id\":\"https:\/\/www.gaveanews.com\/#\/schema\/person\/image\/\",\"url\":\"https:\/\/secure.gravatar.com\/avatar\/1e1956f1facbffd3f8fa53a326721950116b3b9dc9bd44939c01180fd4a745a9?s=96&d=mm&r=g\",\"contentUrl\":\"https:\/\/secure.gravatar.com\/avatar\/1e1956f1facbffd3f8fa53a326721950116b3b9dc9bd44939c01180fd4a745a9?s=96&d=mm&r=g\",\"caption\":\"Equipe G\u00e1vea News\"}}]}<\/script>\n<!-- \/ Yoast SEO Premium plugin. -->","yoast_head_json":{"title":"Veja a poss\u00edvel escala\u00e7\u00e3o do Flamengo para o jogo contra o Palmeiras","robots":{"index":"index","follow":"follow","max-snippet":"max-snippet:-1","max-image-preview":"max-image-preview:large","max-video-preview":"max-video-preview:-1"},"canonical":"https:\/\/www.gaveanews.com\/index.php\/2020\/09\/26\/veja-a-possivel-escalacao-do-flamengo-para-o-jogo-contra-o-palmeiras\/","og_locale":"pt_BR","og_type":"article","og_title":"Veja a poss\u00edvel escala\u00e7\u00e3o do Flamengo para o jogo contra o Palmeiras","og_description":"At\u00e9 o presente momento, o duelo entre Palmeiras x Flamengo, no domingo (27), no Allianz Parque, pela 12\u00aa rodada do Brasileir\u00e3o 2020, est\u00e1 suspenso devido ao surto de covid-19 no elenco rubro-negro. No entanto, o Meng\u00e3o desembarcou em S\u00e3o Paulo por precau\u00e7\u00e3o e est\u00e1 pronto para o jogo. O Flamengo perdeu nada mais, nada menos [&hellip;]","og_url":"https:\/\/www.gaveanews.com\/index.php\/2020\/09\/26\/veja-a-possivel-escalacao-do-flamengo-para-o-jogo-contra-o-palmeiras\/","og_site_name":"G\u00e1vea News","article_publisher":"https:\/\/facebook.com\/gaveaNews\/","article_published_time":"2020-09-27T02:22:02+00:00","article_modified_time":"2020-09-27T02:22:05+00:00","og_image":[{"width":800,"height":533,"url":"https:\/\/www.gaveanews.com\/wp-content\/uploads\/Arao-em-acao-contra-o-Palmeiras-no-Campeonato-Brasileiro-de-2019.webp","type":"image\/jpeg"}],"author":"Equipe G\u00e1vea News","twitter_card":"summary_large_image","twitter_misc":{"Escrito por":"Equipe G\u00e1vea News","Est. tempo de leitura":"1 minuto"},"schema":{"@context":"https:\/\/schema.org","@graph":[{"@type":"NewsArticle","@id":"https:\/\/www.gaveanews.com\/index.php\/2020\/09\/26\/veja-a-possivel-escalacao-do-flamengo-para-o-jogo-contra-o-palmeiras\/#article","isPartOf":{"@id":"https:\/\/www.gaveanews.com\/index.php\/2020\/09\/26\/veja-a-possivel-escalacao-do-flamengo-para-o-jogo-contra-o-palmeiras\/"},"author":{"name":"Equipe G\u00e1vea News","@id":"https:\/\/www.gaveanews.com\/#\/schema\/person\/2ec14f73fb96be2caf28f91afb14749d"},"headline":"Veja a poss\u00edvel escala\u00e7\u00e3o do Flamengo para o jogo contra o Palmeiras","datePublished":"2020-09-27T02:22:02+00:00","dateModified":"2020-09-27T02:22:05+00:00","mainEntityOfPage":{"@id":"https:\/\/www.gaveanews.com\/index.php\/2020\/09\/26\/veja-a-possivel-escalacao-do-flamengo-para-o-jogo-contra-o-palmeiras\/"},"wordCount":284,"commentCount":31,"image":{"@id":"https:\/\/www.gaveanews.com\/index.php\/2020\/09\/26\/veja-a-possivel-escalacao-do-flamengo-para-o-jogo-contra-o-palmeiras\/#primaryimage"},"thumbnailUrl":"https:\/\/www.gaveanews.com\/wp-content\/uploads\/Arao-em-acao-contra-o-Palmeiras-no-Campeonato-Brasileiro-de-2019.webp","articleSection":["Flamengo"],"inLanguage":"pt-BR","potentialAction":[{"@type":"CommentAction","name":"Comment","target":["https:\/\/www.gaveanews.com\/index.php\/2020\/09\/26\/veja-a-possivel-escalacao-do-flamengo-para-o-jogo-contra-o-palmeiras\/#respond"]}],"copyrightYear":"2020","copyrightHolder":{"@id":"https:\/\/www.gaveanews.com\/#organization"}},{"@type":"WebPage","@id":"https:\/\/www.gaveanews.com\/index.php\/2020\/09\/26\/veja-a-possivel-escalacao-do-flamengo-para-o-jogo-contra-o-palmeiras\/","url":"https:\/\/www.gaveanews.com\/index.php\/2020\/09\/26\/veja-a-possivel-escalacao-do-flamengo-para-o-jogo-contra-o-palmeiras\/","name":"Veja a poss\u00edvel escala\u00e7\u00e3o do Flamengo para o jogo contra o Palmeiras","isPartOf":{"@id":"https:\/\/www.gaveanews.com\/#website"},"primaryImageOfPage":{"@id":"https:\/\/www.gaveanews.com\/index.php\/2020\/09\/26\/veja-a-possivel-escalacao-do-flamengo-para-o-jogo-contra-o-palmeiras\/#primaryimage"},"image":{"@id":"https:\/\/www.gaveanews.com\/index.php\/2020\/09\/26\/veja-a-possivel-escalacao-do-flamengo-para-o-jogo-contra-o-palmeiras\/#primaryimage"},"thumbnailUrl":"https:\/\/www.gaveanews.com\/wp-content\/uploads\/Arao-em-acao-contra-o-Palmeiras-no-Campeonato-Brasileiro-de-2019.webp","datePublished":"2020-09-27T02:22:02+00:00","dateModified":"2020-09-27T02:22:05+00:00","author":{"@id":"https:\/\/www.gaveanews.com\/#\/schema\/person\/2ec14f73fb96be2caf28f91afb14749d"},"breadcrumb":{"@id":"https:\/\/www.gaveanews.com\/index.php\/2020\/09\/26\/veja-a-possivel-escalacao-do-flamengo-para-o-jogo-contra-o-palmeiras\/#breadcrumb"},"inLanguage":"pt-BR","potentialAction":[{"@type":"ReadAction","target":["https:\/\/www.gaveanews.com\/index.php\/2020\/09\/26\/veja-a-possivel-escalacao-do-flamengo-para-o-jogo-contra-o-palmeiras\/"]}]},{"@type":"ImageObject","inLanguage":"pt-BR","@id":"https:\/\/www.gaveanews.com\/index.php\/2020\/09\/26\/veja-a-possivel-escalacao-do-flamengo-para-o-jogo-contra-o-palmeiras\/#primaryimage","url":"https:\/\/www.gaveanews.com\/wp-content\/uploads\/Arao-em-acao-contra-o-Palmeiras-no-Campeonato-Brasileiro-de-2019.webp","contentUrl":"https:\/\/www.gaveanews.com\/wp-content\/uploads\/Arao-em-acao-contra-o-Palmeiras-no-Campeonato-Brasileiro-de-2019.webp","width":800,"height":533,"caption":"Ar\u00e3o em a\u00e7\u00e3o contra o Palmeiras no Campeonato Brasileiro de 2019 (Foto: Alexandre Vidal\/Flamengo)"},{"@type":"BreadcrumbList","@id":"https:\/\/www.gaveanews.com\/index.php\/2020\/09\/26\/veja-a-possivel-escalacao-do-flamengo-para-o-jogo-contra-o-palmeiras\/#breadcrumb","itemListElement":[{"@type":"ListItem","position":1,"name":"Home","item":"https:\/\/www.gaveanews.com\/"},{"@type":"ListItem","position":2,"name":"Veja a poss\u00edvel escala\u00e7\u00e3o do Flamengo para o jogo contra o Palmeiras"}]},{"@type":"WebSite","@id":"https:\/\/www.gaveanews.com\/#website","url":"https:\/\/www.gaveanews.com\/","name":"G\u00e1vea News","description":"Veja todas as not\u00edcias sobre o Flamengo: Contrata\u00e7\u00f5es, categorias de base, resultados das partidas, tabela de classifica\u00e7\u00e3o, pr\u00f3ximos jogos!","potentialAction":[{"@type":"SearchAction","target":{"@type":"EntryPoint","urlTemplate":"https:\/\/www.gaveanews.com\/?s={search_term_string}"},"query-input":{"@type":"PropertyValueSpecification","valueRequired":true,"valueName":"search_term_string"}}],"inLanguage":"pt-BR"},{"@type":"Person","@id":"https:\/\/www.gaveanews.com\/#\/schema\/person\/2ec14f73fb96be2caf28f91afb14749d","name":"Equipe G\u00e1vea News","image":{"@type":"ImageObject","inLanguage":"pt-BR","@id":"https:\/\/www.gaveanews.com\/#\/schema\/person\/image\/","url":"https:\/\/secure.gravatar.com\/avatar\/1e1956f1facbffd3f8fa53a326721950116b3b9dc9bd44939c01180fd4a745a9?s=96&d=mm&r=g","contentUrl":"https:\/\/secure.gravatar.com\/avatar\/1e1956f1facbffd3f8fa53a326721950116b3b9dc9bd44939c01180fd4a745a9?s=96&d=mm&r=g","caption":"Equipe G\u00e1vea News"}}]}},"_links":{"self":[{"href":"https:\/\/www.gaveanews.com\/index.php\/wp-json\/wp\/v2\/posts\/48037","targetHints":{"allow":["GET"]}}],"collection":[{"href":"https:\/\/www.gaveanews.com\/index.php\/wp-json\/wp\/v2\/posts"}],"about":[{"href":"https:\/\/www.gaveanews.com\/index.php\/wp-json\/wp\/v2\/types\/post"}],"author":[{"embeddable":true,"href":"https:\/\/www.gaveanews.com\/index.php\/wp-json\/wp\/v2\/users\/1"}],"replies":[{"embeddable":true,"href":"https:\/\/www.gaveanews.com\/index.php\/wp-json\/wp\/v2\/comments?post=48037"}],"version-history":[{"count":0,"href":"https:\/\/www.gaveanews.com\/index.php\/wp-json\/wp\/v2\/posts\/48037\/revisions"}],"wp:featuredmedia":[{"embeddable":true,"href":"https:\/\/www.gaveanews.com\/index.php\/wp-json\/wp\/v2\/media\/48021"}],"wp:attachment":[{"href":"https:\/\/www.gaveanews.com\/index.php\/wp-json\/wp\/v2\/media?parent=48037"}],"wp:term":[{"taxonomy":"category","embeddable":true,"href":"https:\/\/www.gaveanews.com\/index.php\/wp-json\/wp\/v2\/categories?post=48037"},{"taxonomy":"post_tag","embeddable":true,"href":"https:\/\/www.gaveanews.com\/index.php\/wp-json\/wp\/v2\/tags?post=48037"}],"curies":[{"name":"wp","href":"https:\/\/api.w.org\/{rel}","templated":true}]}}