{"id":48042,"date":"2020-09-27T00:31:35","date_gmt":"2020-09-27T03:31:35","guid":{"rendered":"https:\/\/www.gaveanews.com\/?p=48042"},"modified":"2020-09-27T00:31:37","modified_gmt":"2020-09-27T03:31:37","slug":"arnaldo-ribeiro-diz-que-adiamento-de-jogo-no-brasileirao-abre-precedente","status":"publish","type":"post","link":"https:\/\/www.gaveanews.com\/index.php\/2020\/09\/27\/arnaldo-ribeiro-diz-que-adiamento-de-jogo-no-brasileirao-abre-precedente\/","title":{"rendered":"Arnaldo Ribeiro diz que adiamento de jogo no Brasileir\u00e3o abre precedente"},"content":{"rendered":"\n<p>O jornalista esportivo Arnaldo Ribeiro usou o Twitter na tarde deste s\u00e1bado, ap\u00f3s a confirma\u00e7\u00e3o do adiamento da partida entre Palmeiras e Flamengo pelo Brasileir\u00e3o ap\u00f3s um surto de Covid-19 no clube carioca, para destacar que a decis\u00e3o do Tribunal Regional do Trabalho do Rio de Janeiro abre um precedente no torneio.<\/p>\n\n\n\n<p>\u2014 Precedente aberto no pa\u00eds que nunca teve bom senso, ainda mais nesse per\u00edodo. N\u00e3o deveria ter voltado o futebol, o jogo n\u00e3o deveria ter sido adiado, o campeonato n\u00e3o tem mais sentido \u2026 Todos t\u00eam e ter\u00e3o seus motivos pra n\u00e3o jogar. Fim &#8211; afirmou.<\/p>\n\n\n\n<p>O jornalista lembrou que mesmo com o surto, \u00e9 poss\u00edvel que a discuss\u00e3o sobre a libera\u00e7\u00e3o de torcida no Maracan\u00e3, que beneficiaria diretamente ao Flamengo, ainda fique em pauta. A prefeitura e o governo do Estado do Rio de Janeiro liberaram a participa\u00e7\u00e3o de 30% do p\u00fablico \u00e0 partir de outubro, mas a CBF vetou.<\/p>\n\n\n\n<p>\u2014 Ah\u2026 Mas \u00e9 capaz de ter nova discuss\u00e3o da volta do p\u00fablico (com jogo cancelado pelo Covid) na semana que vem &#8211; escreveu o jornalista.<\/p>\n\n\n\n<p>O Tribunal Regional do Trabalho do Rio de Janeiro determinou que o confronto, a ser realizado no Allianz Parque e pela 12\u00aa rodada do Campeonato Brasileiro, fosse suspenso. A multa para caso a CBF ou o Flamengo, r\u00e9us da a\u00e7\u00e3o movida pelo Sindeclubes, sindicato que representa funcion\u00e1rios de clubes no Rio de Janeiro, descumpram a decis\u00e3o do TRT-RJ foi estipulada em R$ 2 milh\u00f5es &#8211; a serem repassados a institui\u00e7\u00f5es de sa\u00fade no combate \u00e0 Covid-19.<\/p>\n\n\n\n<p>Retirado de: Lance<\/p>\n","protected":false},"excerpt":{"rendered":"<p>O jornalista esportivo Arnaldo Ribeiro usou o Twitter na tarde deste s\u00e1bado, ap\u00f3s a confirma\u00e7\u00e3o do adiamento da partida entre Palmeiras e Flamengo pelo Brasileir\u00e3o ap\u00f3s um surto de Covid-19 no clube carioca, para destacar que a decis\u00e3o do Tribunal Regional do Trabalho do Rio de Janeiro abre um precedente no torneio. \u2014 Precedente aberto [&hellip;]<\/p>\n","protected":false},"author":1,"featured_media":47971,"comment_status":"open","ping_status":"closed","sticky":false,"template":"","format":"standard","meta":{"footnotes":""},"categories":[1],"tags":[],"class_list":["post-48042","post","type-post","status-publish","format-standard","has-post-thumbnail","hentry","category-flamengo"],"yoast_head":"<!-- This site is optimized with the Yoast SEO Premium plugin v24.2 (Yoast SEO v26.9) - https:\/\/yoast.com\/product\/yoast-seo-premium-wordpress\/ -->\n<title>Arnaldo Ribeiro diz que adiamento de jogo no Brasileir\u00e3o abre precedente<\/title>\n<meta name=\"robots\" content=\"index, follow, max-snippet:-1, max-image-preview:large, max-video-preview:-1\" \/>\n<link rel=\"canonical\" href=\"https:\/\/www.gaveanews.com\/index.php\/2020\/09\/27\/arnaldo-ribeiro-diz-que-adiamento-de-jogo-no-brasileirao-abre-precedente\/\" \/>\n<meta property=\"og:locale\" content=\"pt_BR\" \/>\n<meta property=\"og:type\" content=\"article\" \/>\n<meta property=\"og:title\" content=\"Arnaldo Ribeiro diz que adiamento de jogo no Brasileir\u00e3o abre precedente\" \/>\n<meta property=\"og:description\" content=\"O jornalista esportivo Arnaldo Ribeiro usou o Twitter na tarde deste s\u00e1bado, ap\u00f3s a confirma\u00e7\u00e3o do adiamento da partida entre Palmeiras e Flamengo pelo Brasileir\u00e3o ap\u00f3s um surto de Covid-19 no clube carioca, para destacar que a decis\u00e3o do Tribunal Regional do Trabalho do Rio de Janeiro abre um precedente no torneio. \u2014 Precedente aberto [&hellip;]\" \/>\n<meta property=\"og:url\" content=\"https:\/\/www.gaveanews.com\/index.php\/2020\/09\/27\/arnaldo-ribeiro-diz-que-adiamento-de-jogo-no-brasileirao-abre-precedente\/\" \/>\n<meta property=\"og:site_name\" content=\"G\u00e1vea News\" \/>\n<meta property=\"article:publisher\" content=\"https:\/\/facebook.com\/gaveaNews\/\" \/>\n<meta property=\"article:published_time\" content=\"2020-09-27T03:31:35+00:00\" \/>\n<meta property=\"article:modified_time\" content=\"2020-09-27T03:31:37+00:00\" \/>\n<meta property=\"og:image\" content=\"https:\/\/www.gaveanews.com\/wp-content\/uploads\/De-Arrascaeta-em-acao-pelo-Flamengo-na-partida-contra-o-Palmeiras.webp\" \/>\n\t<meta property=\"og:image:width\" content=\"800\" \/>\n\t<meta property=\"og:image:height\" content=\"533\" \/>\n\t<meta property=\"og:image:type\" content=\"image\/jpeg\" \/>\n<meta name=\"author\" content=\"Equipe G\u00e1vea News\" \/>\n<meta name=\"twitter:card\" content=\"summary_large_image\" \/>\n<meta name=\"twitter:label1\" content=\"Escrito por\" \/>\n\t<meta name=\"twitter:data1\" content=\"Equipe G\u00e1vea News\" \/>\n\t<meta name=\"twitter:label2\" content=\"Est. tempo de leitura\" \/>\n\t<meta name=\"twitter:data2\" content=\"1 minuto\" \/>\n<script type=\"application\/ld+json\" class=\"yoast-schema-graph\">{\"@context\":\"https:\/\/schema.org\",\"@graph\":[{\"@type\":\"NewsArticle\",\"@id\":\"https:\/\/www.gaveanews.com\/index.php\/2020\/09\/27\/arnaldo-ribeiro-diz-que-adiamento-de-jogo-no-brasileirao-abre-precedente\/#article\",\"isPartOf\":{\"@id\":\"https:\/\/www.gaveanews.com\/index.php\/2020\/09\/27\/arnaldo-ribeiro-diz-que-adiamento-de-jogo-no-brasileirao-abre-precedente\/\"},\"author\":{\"name\":\"Equipe G\u00e1vea News\",\"@id\":\"https:\/\/www.gaveanews.com\/#\/schema\/person\/2ec14f73fb96be2caf28f91afb14749d\"},\"headline\":\"Arnaldo Ribeiro diz que adiamento de jogo no Brasileir\u00e3o abre precedente\",\"datePublished\":\"2020-09-27T03:31:35+00:00\",\"dateModified\":\"2020-09-27T03:31:37+00:00\",\"mainEntityOfPage\":{\"@id\":\"https:\/\/www.gaveanews.com\/index.php\/2020\/09\/27\/arnaldo-ribeiro-diz-que-adiamento-de-jogo-no-brasileirao-abre-precedente\/\"},\"wordCount\":288,\"commentCount\":7,\"image\":{\"@id\":\"https:\/\/www.gaveanews.com\/index.php\/2020\/09\/27\/arnaldo-ribeiro-diz-que-adiamento-de-jogo-no-brasileirao-abre-precedente\/#primaryimage\"},\"thumbnailUrl\":\"https:\/\/www.gaveanews.com\/wp-content\/uploads\/De-Arrascaeta-em-acao-pelo-Flamengo-na-partida-contra-o-Palmeiras.webp\",\"articleSection\":[\"Flamengo\"],\"inLanguage\":\"pt-BR\",\"potentialAction\":[{\"@type\":\"CommentAction\",\"name\":\"Comment\",\"target\":[\"https:\/\/www.gaveanews.com\/index.php\/2020\/09\/27\/arnaldo-ribeiro-diz-que-adiamento-de-jogo-no-brasileirao-abre-precedente\/#respond\"]}],\"copyrightYear\":\"2020\",\"copyrightHolder\":{\"@id\":\"https:\/\/www.gaveanews.com\/#organization\"}},{\"@type\":\"WebPage\",\"@id\":\"https:\/\/www.gaveanews.com\/index.php\/2020\/09\/27\/arnaldo-ribeiro-diz-que-adiamento-de-jogo-no-brasileirao-abre-precedente\/\",\"url\":\"https:\/\/www.gaveanews.com\/index.php\/2020\/09\/27\/arnaldo-ribeiro-diz-que-adiamento-de-jogo-no-brasileirao-abre-precedente\/\",\"name\":\"Arnaldo Ribeiro diz que adiamento de jogo no Brasileir\u00e3o abre precedente\",\"isPartOf\":{\"@id\":\"https:\/\/www.gaveanews.com\/#website\"},\"primaryImageOfPage\":{\"@id\":\"https:\/\/www.gaveanews.com\/index.php\/2020\/09\/27\/arnaldo-ribeiro-diz-que-adiamento-de-jogo-no-brasileirao-abre-precedente\/#primaryimage\"},\"image\":{\"@id\":\"https:\/\/www.gaveanews.com\/index.php\/2020\/09\/27\/arnaldo-ribeiro-diz-que-adiamento-de-jogo-no-brasileirao-abre-precedente\/#primaryimage\"},\"thumbnailUrl\":\"https:\/\/www.gaveanews.com\/wp-content\/uploads\/De-Arrascaeta-em-acao-pelo-Flamengo-na-partida-contra-o-Palmeiras.webp\",\"datePublished\":\"2020-09-27T03:31:35+00:00\",\"dateModified\":\"2020-09-27T03:31:37+00:00\",\"author\":{\"@id\":\"https:\/\/www.gaveanews.com\/#\/schema\/person\/2ec14f73fb96be2caf28f91afb14749d\"},\"breadcrumb\":{\"@id\":\"https:\/\/www.gaveanews.com\/index.php\/2020\/09\/27\/arnaldo-ribeiro-diz-que-adiamento-de-jogo-no-brasileirao-abre-precedente\/#breadcrumb\"},\"inLanguage\":\"pt-BR\",\"potentialAction\":[{\"@type\":\"ReadAction\",\"target\":[\"https:\/\/www.gaveanews.com\/index.php\/2020\/09\/27\/arnaldo-ribeiro-diz-que-adiamento-de-jogo-no-brasileirao-abre-precedente\/\"]}]},{\"@type\":\"ImageObject\",\"inLanguage\":\"pt-BR\",\"@id\":\"https:\/\/www.gaveanews.com\/index.php\/2020\/09\/27\/arnaldo-ribeiro-diz-que-adiamento-de-jogo-no-brasileirao-abre-precedente\/#primaryimage\",\"url\":\"https:\/\/www.gaveanews.com\/wp-content\/uploads\/De-Arrascaeta-em-acao-pelo-Flamengo-na-partida-contra-o-Palmeiras.webp\",\"contentUrl\":\"https:\/\/www.gaveanews.com\/wp-content\/uploads\/De-Arrascaeta-em-acao-pelo-Flamengo-na-partida-contra-o-Palmeiras.webp\",\"width\":800,\"height\":533,\"caption\":\"De Arrascaeta em a\u00e7\u00e3o pelo Flamengo na partida contra o Palmeiras (Foto: Alexandre Vidal\/Flamengo)\"},{\"@type\":\"BreadcrumbList\",\"@id\":\"https:\/\/www.gaveanews.com\/index.php\/2020\/09\/27\/arnaldo-ribeiro-diz-que-adiamento-de-jogo-no-brasileirao-abre-precedente\/#breadcrumb\",\"itemListElement\":[{\"@type\":\"ListItem\",\"position\":1,\"name\":\"Home\",\"item\":\"https:\/\/www.gaveanews.com\/\"},{\"@type\":\"ListItem\",\"position\":2,\"name\":\"Arnaldo Ribeiro diz que adiamento de jogo no Brasileir\u00e3o abre precedente\"}]},{\"@type\":\"WebSite\",\"@id\":\"https:\/\/www.gaveanews.com\/#website\",\"url\":\"https:\/\/www.gaveanews.com\/\",\"name\":\"G\u00e1vea News\",\"description\":\"Veja todas as not\u00edcias sobre o Flamengo: Contrata\u00e7\u00f5es, categorias de base, resultados das partidas, tabela de classifica\u00e7\u00e3o, pr\u00f3ximos jogos!\",\"potentialAction\":[{\"@type\":\"SearchAction\",\"target\":{\"@type\":\"EntryPoint\",\"urlTemplate\":\"https:\/\/www.gaveanews.com\/?s={search_term_string}\"},\"query-input\":{\"@type\":\"PropertyValueSpecification\",\"valueRequired\":true,\"valueName\":\"search_term_string\"}}],\"inLanguage\":\"pt-BR\"},{\"@type\":\"Person\",\"@id\":\"https:\/\/www.gaveanews.com\/#\/schema\/person\/2ec14f73fb96be2caf28f91afb14749d\",\"name\":\"Equipe G\u00e1vea News\",\"image\":{\"@type\":\"ImageObject\",\"inLanguage\":\"pt-BR\",\"@id\":\"https:\/\/www.gaveanews.com\/#\/schema\/person\/image\/\",\"url\":\"https:\/\/secure.gravatar.com\/avatar\/1e1956f1facbffd3f8fa53a326721950116b3b9dc9bd44939c01180fd4a745a9?s=96&d=mm&r=g\",\"contentUrl\":\"https:\/\/secure.gravatar.com\/avatar\/1e1956f1facbffd3f8fa53a326721950116b3b9dc9bd44939c01180fd4a745a9?s=96&d=mm&r=g\",\"caption\":\"Equipe G\u00e1vea News\"}}]}<\/script>\n<!-- \/ Yoast SEO Premium plugin. -->","yoast_head_json":{"title":"Arnaldo Ribeiro diz que adiamento de jogo no Brasileir\u00e3o abre precedente","robots":{"index":"index","follow":"follow","max-snippet":"max-snippet:-1","max-image-preview":"max-image-preview:large","max-video-preview":"max-video-preview:-1"},"canonical":"https:\/\/www.gaveanews.com\/index.php\/2020\/09\/27\/arnaldo-ribeiro-diz-que-adiamento-de-jogo-no-brasileirao-abre-precedente\/","og_locale":"pt_BR","og_type":"article","og_title":"Arnaldo Ribeiro diz que adiamento de jogo no Brasileir\u00e3o abre precedente","og_description":"O jornalista esportivo Arnaldo Ribeiro usou o Twitter na tarde deste s\u00e1bado, ap\u00f3s a confirma\u00e7\u00e3o do adiamento da partida entre Palmeiras e Flamengo pelo Brasileir\u00e3o ap\u00f3s um surto de Covid-19 no clube carioca, para destacar que a decis\u00e3o do Tribunal Regional do Trabalho do Rio de Janeiro abre um precedente no torneio. \u2014 Precedente aberto [&hellip;]","og_url":"https:\/\/www.gaveanews.com\/index.php\/2020\/09\/27\/arnaldo-ribeiro-diz-que-adiamento-de-jogo-no-brasileirao-abre-precedente\/","og_site_name":"G\u00e1vea News","article_publisher":"https:\/\/facebook.com\/gaveaNews\/","article_published_time":"2020-09-27T03:31:35+00:00","article_modified_time":"2020-09-27T03:31:37+00:00","og_image":[{"width":800,"height":533,"url":"https:\/\/www.gaveanews.com\/wp-content\/uploads\/De-Arrascaeta-em-acao-pelo-Flamengo-na-partida-contra-o-Palmeiras.webp","type":"image\/jpeg"}],"author":"Equipe G\u00e1vea News","twitter_card":"summary_large_image","twitter_misc":{"Escrito por":"Equipe G\u00e1vea News","Est. tempo de leitura":"1 minuto"},"schema":{"@context":"https:\/\/schema.org","@graph":[{"@type":"NewsArticle","@id":"https:\/\/www.gaveanews.com\/index.php\/2020\/09\/27\/arnaldo-ribeiro-diz-que-adiamento-de-jogo-no-brasileirao-abre-precedente\/#article","isPartOf":{"@id":"https:\/\/www.gaveanews.com\/index.php\/2020\/09\/27\/arnaldo-ribeiro-diz-que-adiamento-de-jogo-no-brasileirao-abre-precedente\/"},"author":{"name":"Equipe G\u00e1vea News","@id":"https:\/\/www.gaveanews.com\/#\/schema\/person\/2ec14f73fb96be2caf28f91afb14749d"},"headline":"Arnaldo Ribeiro diz que adiamento de jogo no Brasileir\u00e3o abre precedente","datePublished":"2020-09-27T03:31:35+00:00","dateModified":"2020-09-27T03:31:37+00:00","mainEntityOfPage":{"@id":"https:\/\/www.gaveanews.com\/index.php\/2020\/09\/27\/arnaldo-ribeiro-diz-que-adiamento-de-jogo-no-brasileirao-abre-precedente\/"},"wordCount":288,"commentCount":7,"image":{"@id":"https:\/\/www.gaveanews.com\/index.php\/2020\/09\/27\/arnaldo-ribeiro-diz-que-adiamento-de-jogo-no-brasileirao-abre-precedente\/#primaryimage"},"thumbnailUrl":"https:\/\/www.gaveanews.com\/wp-content\/uploads\/De-Arrascaeta-em-acao-pelo-Flamengo-na-partida-contra-o-Palmeiras.webp","articleSection":["Flamengo"],"inLanguage":"pt-BR","potentialAction":[{"@type":"CommentAction","name":"Comment","target":["https:\/\/www.gaveanews.com\/index.php\/2020\/09\/27\/arnaldo-ribeiro-diz-que-adiamento-de-jogo-no-brasileirao-abre-precedente\/#respond"]}],"copyrightYear":"2020","copyrightHolder":{"@id":"https:\/\/www.gaveanews.com\/#organization"}},{"@type":"WebPage","@id":"https:\/\/www.gaveanews.com\/index.php\/2020\/09\/27\/arnaldo-ribeiro-diz-que-adiamento-de-jogo-no-brasileirao-abre-precedente\/","url":"https:\/\/www.gaveanews.com\/index.php\/2020\/09\/27\/arnaldo-ribeiro-diz-que-adiamento-de-jogo-no-brasileirao-abre-precedente\/","name":"Arnaldo Ribeiro diz que adiamento de jogo no Brasileir\u00e3o abre precedente","isPartOf":{"@id":"https:\/\/www.gaveanews.com\/#website"},"primaryImageOfPage":{"@id":"https:\/\/www.gaveanews.com\/index.php\/2020\/09\/27\/arnaldo-ribeiro-diz-que-adiamento-de-jogo-no-brasileirao-abre-precedente\/#primaryimage"},"image":{"@id":"https:\/\/www.gaveanews.com\/index.php\/2020\/09\/27\/arnaldo-ribeiro-diz-que-adiamento-de-jogo-no-brasileirao-abre-precedente\/#primaryimage"},"thumbnailUrl":"https:\/\/www.gaveanews.com\/wp-content\/uploads\/De-Arrascaeta-em-acao-pelo-Flamengo-na-partida-contra-o-Palmeiras.webp","datePublished":"2020-09-27T03:31:35+00:00","dateModified":"2020-09-27T03:31:37+00:00","author":{"@id":"https:\/\/www.gaveanews.com\/#\/schema\/person\/2ec14f73fb96be2caf28f91afb14749d"},"breadcrumb":{"@id":"https:\/\/www.gaveanews.com\/index.php\/2020\/09\/27\/arnaldo-ribeiro-diz-que-adiamento-de-jogo-no-brasileirao-abre-precedente\/#breadcrumb"},"inLanguage":"pt-BR","potentialAction":[{"@type":"ReadAction","target":["https:\/\/www.gaveanews.com\/index.php\/2020\/09\/27\/arnaldo-ribeiro-diz-que-adiamento-de-jogo-no-brasileirao-abre-precedente\/"]}]},{"@type":"ImageObject","inLanguage":"pt-BR","@id":"https:\/\/www.gaveanews.com\/index.php\/2020\/09\/27\/arnaldo-ribeiro-diz-que-adiamento-de-jogo-no-brasileirao-abre-precedente\/#primaryimage","url":"https:\/\/www.gaveanews.com\/wp-content\/uploads\/De-Arrascaeta-em-acao-pelo-Flamengo-na-partida-contra-o-Palmeiras.webp","contentUrl":"https:\/\/www.gaveanews.com\/wp-content\/uploads\/De-Arrascaeta-em-acao-pelo-Flamengo-na-partida-contra-o-Palmeiras.webp","width":800,"height":533,"caption":"De Arrascaeta em a\u00e7\u00e3o pelo Flamengo na partida contra o Palmeiras (Foto: Alexandre Vidal\/Flamengo)"},{"@type":"BreadcrumbList","@id":"https:\/\/www.gaveanews.com\/index.php\/2020\/09\/27\/arnaldo-ribeiro-diz-que-adiamento-de-jogo-no-brasileirao-abre-precedente\/#breadcrumb","itemListElement":[{"@type":"ListItem","position":1,"name":"Home","item":"https:\/\/www.gaveanews.com\/"},{"@type":"ListItem","position":2,"name":"Arnaldo Ribeiro diz que adiamento de jogo no Brasileir\u00e3o abre precedente"}]},{"@type":"WebSite","@id":"https:\/\/www.gaveanews.com\/#website","url":"https:\/\/www.gaveanews.com\/","name":"G\u00e1vea News","description":"Veja todas as not\u00edcias sobre o Flamengo: Contrata\u00e7\u00f5es, categorias de base, resultados das partidas, tabela de classifica\u00e7\u00e3o, pr\u00f3ximos jogos!","potentialAction":[{"@type":"SearchAction","target":{"@type":"EntryPoint","urlTemplate":"https:\/\/www.gaveanews.com\/?s={search_term_string}"},"query-input":{"@type":"PropertyValueSpecification","valueRequired":true,"valueName":"search_term_string"}}],"inLanguage":"pt-BR"},{"@type":"Person","@id":"https:\/\/www.gaveanews.com\/#\/schema\/person\/2ec14f73fb96be2caf28f91afb14749d","name":"Equipe G\u00e1vea News","image":{"@type":"ImageObject","inLanguage":"pt-BR","@id":"https:\/\/www.gaveanews.com\/#\/schema\/person\/image\/","url":"https:\/\/secure.gravatar.com\/avatar\/1e1956f1facbffd3f8fa53a326721950116b3b9dc9bd44939c01180fd4a745a9?s=96&d=mm&r=g","contentUrl":"https:\/\/secure.gravatar.com\/avatar\/1e1956f1facbffd3f8fa53a326721950116b3b9dc9bd44939c01180fd4a745a9?s=96&d=mm&r=g","caption":"Equipe G\u00e1vea News"}}]}},"_links":{"self":[{"href":"https:\/\/www.gaveanews.com\/index.php\/wp-json\/wp\/v2\/posts\/48042","targetHints":{"allow":["GET"]}}],"collection":[{"href":"https:\/\/www.gaveanews.com\/index.php\/wp-json\/wp\/v2\/posts"}],"about":[{"href":"https:\/\/www.gaveanews.com\/index.php\/wp-json\/wp\/v2\/types\/post"}],"author":[{"embeddable":true,"href":"https:\/\/www.gaveanews.com\/index.php\/wp-json\/wp\/v2\/users\/1"}],"replies":[{"embeddable":true,"href":"https:\/\/www.gaveanews.com\/index.php\/wp-json\/wp\/v2\/comments?post=48042"}],"version-history":[{"count":0,"href":"https:\/\/www.gaveanews.com\/index.php\/wp-json\/wp\/v2\/posts\/48042\/revisions"}],"wp:featuredmedia":[{"embeddable":true,"href":"https:\/\/www.gaveanews.com\/index.php\/wp-json\/wp\/v2\/media\/47971"}],"wp:attachment":[{"href":"https:\/\/www.gaveanews.com\/index.php\/wp-json\/wp\/v2\/media?parent=48042"}],"wp:term":[{"taxonomy":"category","embeddable":true,"href":"https:\/\/www.gaveanews.com\/index.php\/wp-json\/wp\/v2\/categories?post=48042"},{"taxonomy":"post_tag","embeddable":true,"href":"https:\/\/www.gaveanews.com\/index.php\/wp-json\/wp\/v2\/tags?post=48042"}],"curies":[{"name":"wp","href":"https:\/\/api.w.org\/{rel}","templated":true}]}}