{"id":48077,"date":"2020-09-27T20:38:55","date_gmt":"2020-09-27T23:38:55","guid":{"rendered":"https:\/\/www.gaveanews.com\/?p=48077"},"modified":"2020-09-27T21:10:33","modified_gmt":"2020-09-28T00:10:33","slug":"atletico-mg-vai-pedir-exclusao-do-flamengo-do-brasileiro","status":"publish","type":"post","link":"https:\/\/www.gaveanews.com\/index.php\/2020\/09\/27\/atletico-mg-vai-pedir-exclusao-do-flamengo-do-brasileiro\/","title":{"rendered":"Atl\u00e9tico-MG vai pedir exclus\u00e3o do Flamengo do Brasileiro"},"content":{"rendered":"\n<p>O presidente do Atl\u00e9tico-MG, S\u00e9rgio Sette C\u00e2mara, declarou que o clube vai pedir a exclus\u00e3o do Flamengo do Campeonato Brasileiro, depois da tentativa de adiar o jogo com o Palmeiras na Justi\u00e7a do Trabalho.<\/p>\n\n\n\n<p>\u201cA lei vale para todos. O Flamengo se utilizou da Justi\u00e7a comum para descumprir o protocolo da CBF e desrespeitar todos os outros 19 clubes da S\u00e9rie A, em mais um exemplo de soberba. Isso \u00e9 pass\u00edvel de banimento. Tem de ser rebaixado automaticamente. O Atl\u00e9tico-MG vai entrar com um pedido \u00e0 Procuradoria do STJD para a exclus\u00e3o do Flamengo do Brasileiro. Deve ser realmente banido do campeonato\u201d, declarou, em entrevista ao site &#8220;Terra&#8221;.<\/p>\n\n\n\n<p>O mandat\u00e1rio do clube mineiro disse que o Brasileiro deve seguir, mesmo sem o Flamengo.<\/p>\n\n\n\n<p>\u201cO campeonato vai prosseguir. S\u00f3 n\u00e3o sabemos se com ou sem o Flamengo. Temos acompanhado as dificuldades da CBF na organiza\u00e7\u00e3o do Brasileiro num momento t\u00e3o grave, t\u00e3o dif\u00edcil. Era hora de todos darem as m\u00e3os para ajudar a confedera\u00e7\u00e3o e o futebol brasileiro. Mas o Flamengo quer tomar o pr\u00f3prio caminho, se acha o melhor e se acha independente. Tem de pagar pelos seu erros.\u201d, completou.<\/p>\n\n\n\n<p>Grandes clubes come\u00e7am a formar um grande bloco de oposi\u00e7\u00e3o ao Flamengo por causa do imbr\u00f3glio jur\u00eddico que se formou. Corinthians e Palmeiras tamb\u00e9m se manifestaram.<\/p>\n\n\n\n<p>\u2014 O maior problema do futebol \u00e9 quando um clube s\u00f3 pensa nele e em mais nada. Suspender um jogo \u00e9 suspender o protocolo que todos toparam. Melhor paralisar o campeonato inteiro ent\u00e3o &#8211; disparou o presidente do Corinthians, Andr\u00e9s Sanchez, em seu Twitter.<\/p>\n\n\n\n<p>Ele se juntou ao pr\u00f3prio Palmeiras na defesa da hip\u00f3tese de suspens\u00e3o da S\u00e9rie A por causa da n\u00e3o realiza\u00e7\u00e3o da partida.<\/p>\n\n\n\n<p>\u2014 Caso seja definido que o protocolo determinado para o Campeonato Brasileiro n\u00e3o ser\u00e1 cumprido, \u00e9 preciso paralisar a competi\u00e7\u00e3o &#8211; disse o presidente palmeirense, Mauricio Galiotte.<\/p>\n\n\n\n<p>S\u00e9rgio Sette C\u00e2mara, do Atl\u00e9tico-MG, j\u00e1 havia se manifestado. Ele apontava o risco para o Flamengo de uma puni\u00e7\u00e3o desportiva por se beneficiar de decis\u00f5es da Justi\u00e7a comum. At\u00e9 o in\u00edcio da tarde deste domingo, duas decis\u00f5es trabalhistas impediam a realiza\u00e7\u00e3o da partida.<\/p>\n\n\n\n<p>\u2014 Os regulamentos s\u00e3o claros, com previs\u00e3o de penas grav\u00edssimas: os clubes n\u00e3o podem pleitear nem se beneficiar de decis\u00f5es da \u201cJusti\u00e7a Comum\u201d que digam respeito \u00e0 organiza\u00e7\u00e3o das competi\u00e7\u00f5es. Por isso, \u00e9 bom lembrar: os clubes est\u00e3o unidos e atentos. Os tempos s\u00e3o outros. Rivais s\u00f3 dentro de campo. A lei \u00e9 para todos &#8211; disse Sette C\u00e2mara, em seu Twitter, mais cedo.<\/p>\n\n\n\n<p>A manifesta\u00e7\u00e3o dos clubes se soma \u00e0 discuss\u00e3o sobre a volta da torcida aos est\u00e1dios. Na quinta-feira, o Flamengo e a Ferj se manifestaram pelo retorno em reuni\u00e3o na CBF. No s\u00e1bado, sem a presen\u00e7a dos dois, os outros 19 clubes decidiram junto \u00e0 mesma CBF que n\u00e3o e o momento de abrir as arenas para torcedores.<\/p>\n\n\n\n<p>A Federa\u00e7\u00e3o Paulista de Futebol tamb\u00e9m criticou o Flamengo.<\/p>\n\n\n\n<p>&#8220;A Federa\u00e7\u00e3o Paulista de Futebol vem a p\u00fablico manifestar rep\u00fadio \u00e0 tentativa de suspens\u00e3o da partida de hoje, entre Palmeiras e Flamengo, pelo Campeonato Brasileiro. A competi\u00e7\u00e3o possui um protocolo de sa\u00fade, aprovado pelas autoridades p\u00fablicas e por todos os clubes participantes, que deve ser respeitado. Causa repulsa a antiga e retr\u00f3grada pr\u00e1tica do uso de um sindicato para defender interesses individuais e casu\u00edsticos. \u00c9 obriga\u00e7\u00e3o de todos respeitar a vontade da grande maioria dos clubes. Assim, a FPF endossa e apoia a postura da Sociedade Esportiva Palmeiras, de todos os demais clubes e da CBF diante desta articula\u00e7\u00e3o arrogante, que apenas prejudica o futebol.&#8221;<\/p>\n\n\n\n<p>Retirado de: Extra<\/p>\n","protected":false},"excerpt":{"rendered":"<p>O presidente do Atl\u00e9tico-MG, S\u00e9rgio Sette C\u00e2mara, declarou que o clube vai pedir a exclus\u00e3o do Flamengo do Campeonato Brasileiro, depois da tentativa de adiar o jogo com o Palmeiras na Justi\u00e7a do Trabalho. \u201cA lei vale para todos. O Flamengo se utilizou da Justi\u00e7a comum para descumprir o protocolo da CBF e desrespeitar todos [&hellip;]<\/p>\n","protected":false},"author":1,"featured_media":15077,"comment_status":"open","ping_status":"closed","sticky":false,"template":"","format":"standard","meta":{"footnotes":""},"categories":[1],"tags":[],"class_list":["post-48077","post","type-post","status-publish","format-standard","has-post-thumbnail","hentry","category-flamengo"],"yoast_head":"<!-- This site is optimized with the Yoast SEO Premium plugin v24.2 (Yoast SEO v26.9) - https:\/\/yoast.com\/product\/yoast-seo-premium-wordpress\/ -->\n<title>Atl\u00e9tico-MG vai pedir exclus\u00e3o do Flamengo do Brasileiro<\/title>\n<meta name=\"robots\" content=\"index, follow, max-snippet:-1, max-image-preview:large, max-video-preview:-1\" \/>\n<link rel=\"canonical\" href=\"https:\/\/www.gaveanews.com\/index.php\/2020\/09\/27\/atletico-mg-vai-pedir-exclusao-do-flamengo-do-brasileiro\/\" \/>\n<meta property=\"og:locale\" content=\"pt_BR\" \/>\n<meta property=\"og:type\" content=\"article\" \/>\n<meta property=\"og:title\" content=\"Atl\u00e9tico-MG vai pedir exclus\u00e3o do Flamengo do Brasileiro\" \/>\n<meta property=\"og:description\" content=\"O presidente do Atl\u00e9tico-MG, S\u00e9rgio Sette C\u00e2mara, declarou que o clube vai pedir a exclus\u00e3o do Flamengo do Campeonato Brasileiro, depois da tentativa de adiar o jogo com o Palmeiras na Justi\u00e7a do Trabalho. \u201cA lei vale para todos. O Flamengo se utilizou da Justi\u00e7a comum para descumprir o protocolo da CBF e desrespeitar todos [&hellip;]\" \/>\n<meta property=\"og:url\" content=\"https:\/\/www.gaveanews.com\/index.php\/2020\/09\/27\/atletico-mg-vai-pedir-exclusao-do-flamengo-do-brasileiro\/\" \/>\n<meta property=\"og:site_name\" content=\"G\u00e1vea News\" \/>\n<meta property=\"article:publisher\" content=\"https:\/\/facebook.com\/gaveaNews\/\" \/>\n<meta property=\"article:published_time\" content=\"2020-09-27T23:38:55+00:00\" \/>\n<meta property=\"article:modified_time\" content=\"2020-09-28T00:10:33+00:00\" \/>\n<meta property=\"og:image\" content=\"https:\/\/www.gaveanews.com\/wp-content\/uploads\/2019\/03\/Rodolfo-Landim-durante-entrevista-coletiva-na-Gavea.webp\" \/>\n\t<meta property=\"og:image:width\" content=\"1\" \/>\n\t<meta property=\"og:image:height\" content=\"1\" \/>\n\t<meta property=\"og:image:type\" content=\"image\/jpeg\" \/>\n<meta name=\"author\" content=\"Equipe G\u00e1vea News\" \/>\n<meta name=\"twitter:card\" content=\"summary_large_image\" \/>\n<meta name=\"twitter:label1\" content=\"Escrito por\" \/>\n\t<meta name=\"twitter:data1\" content=\"Equipe G\u00e1vea News\" \/>\n\t<meta name=\"twitter:label2\" content=\"Est. tempo de leitura\" \/>\n\t<meta name=\"twitter:data2\" content=\"3 minutos\" \/>\n<script type=\"application\/ld+json\" class=\"yoast-schema-graph\">{\"@context\":\"https:\/\/schema.org\",\"@graph\":[{\"@type\":\"NewsArticle\",\"@id\":\"https:\/\/www.gaveanews.com\/index.php\/2020\/09\/27\/atletico-mg-vai-pedir-exclusao-do-flamengo-do-brasileiro\/#article\",\"isPartOf\":{\"@id\":\"https:\/\/www.gaveanews.com\/index.php\/2020\/09\/27\/atletico-mg-vai-pedir-exclusao-do-flamengo-do-brasileiro\/\"},\"author\":{\"name\":\"Equipe G\u00e1vea News\",\"@id\":\"https:\/\/www.gaveanews.com\/#\/schema\/person\/2ec14f73fb96be2caf28f91afb14749d\"},\"headline\":\"Atl\u00e9tico-MG vai pedir exclus\u00e3o do Flamengo do Brasileiro\",\"datePublished\":\"2020-09-27T23:38:55+00:00\",\"dateModified\":\"2020-09-28T00:10:33+00:00\",\"mainEntityOfPage\":{\"@id\":\"https:\/\/www.gaveanews.com\/index.php\/2020\/09\/27\/atletico-mg-vai-pedir-exclusao-do-flamengo-do-brasileiro\/\"},\"wordCount\":658,\"commentCount\":20,\"image\":{\"@id\":\"https:\/\/www.gaveanews.com\/index.php\/2020\/09\/27\/atletico-mg-vai-pedir-exclusao-do-flamengo-do-brasileiro\/#primaryimage\"},\"thumbnailUrl\":\"https:\/\/www.gaveanews.com\/wp-content\/uploads\/2019\/03\/Rodolfo-Landim-durante-entrevista-coletiva-na-Gavea.webp\",\"articleSection\":[\"Flamengo\"],\"inLanguage\":\"pt-BR\",\"potentialAction\":[{\"@type\":\"CommentAction\",\"name\":\"Comment\",\"target\":[\"https:\/\/www.gaveanews.com\/index.php\/2020\/09\/27\/atletico-mg-vai-pedir-exclusao-do-flamengo-do-brasileiro\/#respond\"]}],\"copyrightYear\":\"2020\",\"copyrightHolder\":{\"@id\":\"https:\/\/www.gaveanews.com\/#organization\"}},{\"@type\":\"WebPage\",\"@id\":\"https:\/\/www.gaveanews.com\/index.php\/2020\/09\/27\/atletico-mg-vai-pedir-exclusao-do-flamengo-do-brasileiro\/\",\"url\":\"https:\/\/www.gaveanews.com\/index.php\/2020\/09\/27\/atletico-mg-vai-pedir-exclusao-do-flamengo-do-brasileiro\/\",\"name\":\"Atl\u00e9tico-MG vai pedir exclus\u00e3o do Flamengo do Brasileiro\",\"isPartOf\":{\"@id\":\"https:\/\/www.gaveanews.com\/#website\"},\"primaryImageOfPage\":{\"@id\":\"https:\/\/www.gaveanews.com\/index.php\/2020\/09\/27\/atletico-mg-vai-pedir-exclusao-do-flamengo-do-brasileiro\/#primaryimage\"},\"image\":{\"@id\":\"https:\/\/www.gaveanews.com\/index.php\/2020\/09\/27\/atletico-mg-vai-pedir-exclusao-do-flamengo-do-brasileiro\/#primaryimage\"},\"thumbnailUrl\":\"https:\/\/www.gaveanews.com\/wp-content\/uploads\/2019\/03\/Rodolfo-Landim-durante-entrevista-coletiva-na-Gavea.webp\",\"datePublished\":\"2020-09-27T23:38:55+00:00\",\"dateModified\":\"2020-09-28T00:10:33+00:00\",\"author\":{\"@id\":\"https:\/\/www.gaveanews.com\/#\/schema\/person\/2ec14f73fb96be2caf28f91afb14749d\"},\"breadcrumb\":{\"@id\":\"https:\/\/www.gaveanews.com\/index.php\/2020\/09\/27\/atletico-mg-vai-pedir-exclusao-do-flamengo-do-brasileiro\/#breadcrumb\"},\"inLanguage\":\"pt-BR\",\"potentialAction\":[{\"@type\":\"ReadAction\",\"target\":[\"https:\/\/www.gaveanews.com\/index.php\/2020\/09\/27\/atletico-mg-vai-pedir-exclusao-do-flamengo-do-brasileiro\/\"]}]},{\"@type\":\"ImageObject\",\"inLanguage\":\"pt-BR\",\"@id\":\"https:\/\/www.gaveanews.com\/index.php\/2020\/09\/27\/atletico-mg-vai-pedir-exclusao-do-flamengo-do-brasileiro\/#primaryimage\",\"url\":\"https:\/\/www.gaveanews.com\/wp-content\/uploads\/2019\/03\/Rodolfo-Landim-durante-entrevista-coletiva-na-Gavea.webp\",\"contentUrl\":\"https:\/\/www.gaveanews.com\/wp-content\/uploads\/2019\/03\/Rodolfo-Landim-durante-entrevista-coletiva-na-Gavea.webp\",\"width\":900,\"height\":599,\"caption\":\"Rodolfo Landim durante entrevista coletiva na G\u00e1vea (Foto: Ag\u00eancia Foto BR)\"},{\"@type\":\"BreadcrumbList\",\"@id\":\"https:\/\/www.gaveanews.com\/index.php\/2020\/09\/27\/atletico-mg-vai-pedir-exclusao-do-flamengo-do-brasileiro\/#breadcrumb\",\"itemListElement\":[{\"@type\":\"ListItem\",\"position\":1,\"name\":\"Home\",\"item\":\"https:\/\/www.gaveanews.com\/\"},{\"@type\":\"ListItem\",\"position\":2,\"name\":\"Atl\u00e9tico-MG vai pedir exclus\u00e3o do Flamengo do Brasileiro\"}]},{\"@type\":\"WebSite\",\"@id\":\"https:\/\/www.gaveanews.com\/#website\",\"url\":\"https:\/\/www.gaveanews.com\/\",\"name\":\"G\u00e1vea News\",\"description\":\"Veja todas as not\u00edcias sobre o Flamengo: Contrata\u00e7\u00f5es, categorias de base, resultados das partidas, tabela de classifica\u00e7\u00e3o, pr\u00f3ximos jogos!\",\"potentialAction\":[{\"@type\":\"SearchAction\",\"target\":{\"@type\":\"EntryPoint\",\"urlTemplate\":\"https:\/\/www.gaveanews.com\/?s={search_term_string}\"},\"query-input\":{\"@type\":\"PropertyValueSpecification\",\"valueRequired\":true,\"valueName\":\"search_term_string\"}}],\"inLanguage\":\"pt-BR\"},{\"@type\":\"Person\",\"@id\":\"https:\/\/www.gaveanews.com\/#\/schema\/person\/2ec14f73fb96be2caf28f91afb14749d\",\"name\":\"Equipe G\u00e1vea News\",\"image\":{\"@type\":\"ImageObject\",\"inLanguage\":\"pt-BR\",\"@id\":\"https:\/\/www.gaveanews.com\/#\/schema\/person\/image\/\",\"url\":\"https:\/\/secure.gravatar.com\/avatar\/1e1956f1facbffd3f8fa53a326721950116b3b9dc9bd44939c01180fd4a745a9?s=96&d=mm&r=g\",\"contentUrl\":\"https:\/\/secure.gravatar.com\/avatar\/1e1956f1facbffd3f8fa53a326721950116b3b9dc9bd44939c01180fd4a745a9?s=96&d=mm&r=g\",\"caption\":\"Equipe G\u00e1vea News\"}}]}<\/script>\n<!-- \/ Yoast SEO Premium plugin. -->","yoast_head_json":{"title":"Atl\u00e9tico-MG vai pedir exclus\u00e3o do Flamengo do Brasileiro","robots":{"index":"index","follow":"follow","max-snippet":"max-snippet:-1","max-image-preview":"max-image-preview:large","max-video-preview":"max-video-preview:-1"},"canonical":"https:\/\/www.gaveanews.com\/index.php\/2020\/09\/27\/atletico-mg-vai-pedir-exclusao-do-flamengo-do-brasileiro\/","og_locale":"pt_BR","og_type":"article","og_title":"Atl\u00e9tico-MG vai pedir exclus\u00e3o do Flamengo do Brasileiro","og_description":"O presidente do Atl\u00e9tico-MG, S\u00e9rgio Sette C\u00e2mara, declarou que o clube vai pedir a exclus\u00e3o do Flamengo do Campeonato Brasileiro, depois da tentativa de adiar o jogo com o Palmeiras na Justi\u00e7a do Trabalho. \u201cA lei vale para todos. O Flamengo se utilizou da Justi\u00e7a comum para descumprir o protocolo da CBF e desrespeitar todos [&hellip;]","og_url":"https:\/\/www.gaveanews.com\/index.php\/2020\/09\/27\/atletico-mg-vai-pedir-exclusao-do-flamengo-do-brasileiro\/","og_site_name":"G\u00e1vea News","article_publisher":"https:\/\/facebook.com\/gaveaNews\/","article_published_time":"2020-09-27T23:38:55+00:00","article_modified_time":"2020-09-28T00:10:33+00:00","og_image":[{"url":"https:\/\/www.gaveanews.com\/wp-content\/uploads\/2019\/03\/Rodolfo-Landim-durante-entrevista-coletiva-na-Gavea.webp","width":1,"height":1,"type":"image\/jpeg"}],"author":"Equipe G\u00e1vea News","twitter_card":"summary_large_image","twitter_misc":{"Escrito por":"Equipe G\u00e1vea News","Est. tempo de leitura":"3 minutos"},"schema":{"@context":"https:\/\/schema.org","@graph":[{"@type":"NewsArticle","@id":"https:\/\/www.gaveanews.com\/index.php\/2020\/09\/27\/atletico-mg-vai-pedir-exclusao-do-flamengo-do-brasileiro\/#article","isPartOf":{"@id":"https:\/\/www.gaveanews.com\/index.php\/2020\/09\/27\/atletico-mg-vai-pedir-exclusao-do-flamengo-do-brasileiro\/"},"author":{"name":"Equipe G\u00e1vea News","@id":"https:\/\/www.gaveanews.com\/#\/schema\/person\/2ec14f73fb96be2caf28f91afb14749d"},"headline":"Atl\u00e9tico-MG vai pedir exclus\u00e3o do Flamengo do Brasileiro","datePublished":"2020-09-27T23:38:55+00:00","dateModified":"2020-09-28T00:10:33+00:00","mainEntityOfPage":{"@id":"https:\/\/www.gaveanews.com\/index.php\/2020\/09\/27\/atletico-mg-vai-pedir-exclusao-do-flamengo-do-brasileiro\/"},"wordCount":658,"commentCount":20,"image":{"@id":"https:\/\/www.gaveanews.com\/index.php\/2020\/09\/27\/atletico-mg-vai-pedir-exclusao-do-flamengo-do-brasileiro\/#primaryimage"},"thumbnailUrl":"https:\/\/www.gaveanews.com\/wp-content\/uploads\/2019\/03\/Rodolfo-Landim-durante-entrevista-coletiva-na-Gavea.webp","articleSection":["Flamengo"],"inLanguage":"pt-BR","potentialAction":[{"@type":"CommentAction","name":"Comment","target":["https:\/\/www.gaveanews.com\/index.php\/2020\/09\/27\/atletico-mg-vai-pedir-exclusao-do-flamengo-do-brasileiro\/#respond"]}],"copyrightYear":"2020","copyrightHolder":{"@id":"https:\/\/www.gaveanews.com\/#organization"}},{"@type":"WebPage","@id":"https:\/\/www.gaveanews.com\/index.php\/2020\/09\/27\/atletico-mg-vai-pedir-exclusao-do-flamengo-do-brasileiro\/","url":"https:\/\/www.gaveanews.com\/index.php\/2020\/09\/27\/atletico-mg-vai-pedir-exclusao-do-flamengo-do-brasileiro\/","name":"Atl\u00e9tico-MG vai pedir exclus\u00e3o do Flamengo do Brasileiro","isPartOf":{"@id":"https:\/\/www.gaveanews.com\/#website"},"primaryImageOfPage":{"@id":"https:\/\/www.gaveanews.com\/index.php\/2020\/09\/27\/atletico-mg-vai-pedir-exclusao-do-flamengo-do-brasileiro\/#primaryimage"},"image":{"@id":"https:\/\/www.gaveanews.com\/index.php\/2020\/09\/27\/atletico-mg-vai-pedir-exclusao-do-flamengo-do-brasileiro\/#primaryimage"},"thumbnailUrl":"https:\/\/www.gaveanews.com\/wp-content\/uploads\/2019\/03\/Rodolfo-Landim-durante-entrevista-coletiva-na-Gavea.webp","datePublished":"2020-09-27T23:38:55+00:00","dateModified":"2020-09-28T00:10:33+00:00","author":{"@id":"https:\/\/www.gaveanews.com\/#\/schema\/person\/2ec14f73fb96be2caf28f91afb14749d"},"breadcrumb":{"@id":"https:\/\/www.gaveanews.com\/index.php\/2020\/09\/27\/atletico-mg-vai-pedir-exclusao-do-flamengo-do-brasileiro\/#breadcrumb"},"inLanguage":"pt-BR","potentialAction":[{"@type":"ReadAction","target":["https:\/\/www.gaveanews.com\/index.php\/2020\/09\/27\/atletico-mg-vai-pedir-exclusao-do-flamengo-do-brasileiro\/"]}]},{"@type":"ImageObject","inLanguage":"pt-BR","@id":"https:\/\/www.gaveanews.com\/index.php\/2020\/09\/27\/atletico-mg-vai-pedir-exclusao-do-flamengo-do-brasileiro\/#primaryimage","url":"https:\/\/www.gaveanews.com\/wp-content\/uploads\/2019\/03\/Rodolfo-Landim-durante-entrevista-coletiva-na-Gavea.webp","contentUrl":"https:\/\/www.gaveanews.com\/wp-content\/uploads\/2019\/03\/Rodolfo-Landim-durante-entrevista-coletiva-na-Gavea.webp","width":900,"height":599,"caption":"Rodolfo Landim durante entrevista coletiva na G\u00e1vea (Foto: Ag\u00eancia Foto BR)"},{"@type":"BreadcrumbList","@id":"https:\/\/www.gaveanews.com\/index.php\/2020\/09\/27\/atletico-mg-vai-pedir-exclusao-do-flamengo-do-brasileiro\/#breadcrumb","itemListElement":[{"@type":"ListItem","position":1,"name":"Home","item":"https:\/\/www.gaveanews.com\/"},{"@type":"ListItem","position":2,"name":"Atl\u00e9tico-MG vai pedir exclus\u00e3o do Flamengo do Brasileiro"}]},{"@type":"WebSite","@id":"https:\/\/www.gaveanews.com\/#website","url":"https:\/\/www.gaveanews.com\/","name":"G\u00e1vea News","description":"Veja todas as not\u00edcias sobre o Flamengo: Contrata\u00e7\u00f5es, categorias de base, resultados das partidas, tabela de classifica\u00e7\u00e3o, pr\u00f3ximos jogos!","potentialAction":[{"@type":"SearchAction","target":{"@type":"EntryPoint","urlTemplate":"https:\/\/www.gaveanews.com\/?s={search_term_string}"},"query-input":{"@type":"PropertyValueSpecification","valueRequired":true,"valueName":"search_term_string"}}],"inLanguage":"pt-BR"},{"@type":"Person","@id":"https:\/\/www.gaveanews.com\/#\/schema\/person\/2ec14f73fb96be2caf28f91afb14749d","name":"Equipe G\u00e1vea News","image":{"@type":"ImageObject","inLanguage":"pt-BR","@id":"https:\/\/www.gaveanews.com\/#\/schema\/person\/image\/","url":"https:\/\/secure.gravatar.com\/avatar\/1e1956f1facbffd3f8fa53a326721950116b3b9dc9bd44939c01180fd4a745a9?s=96&d=mm&r=g","contentUrl":"https:\/\/secure.gravatar.com\/avatar\/1e1956f1facbffd3f8fa53a326721950116b3b9dc9bd44939c01180fd4a745a9?s=96&d=mm&r=g","caption":"Equipe G\u00e1vea News"}}]}},"_links":{"self":[{"href":"https:\/\/www.gaveanews.com\/index.php\/wp-json\/wp\/v2\/posts\/48077","targetHints":{"allow":["GET"]}}],"collection":[{"href":"https:\/\/www.gaveanews.com\/index.php\/wp-json\/wp\/v2\/posts"}],"about":[{"href":"https:\/\/www.gaveanews.com\/index.php\/wp-json\/wp\/v2\/types\/post"}],"author":[{"embeddable":true,"href":"https:\/\/www.gaveanews.com\/index.php\/wp-json\/wp\/v2\/users\/1"}],"replies":[{"embeddable":true,"href":"https:\/\/www.gaveanews.com\/index.php\/wp-json\/wp\/v2\/comments?post=48077"}],"version-history":[{"count":0,"href":"https:\/\/www.gaveanews.com\/index.php\/wp-json\/wp\/v2\/posts\/48077\/revisions"}],"wp:featuredmedia":[{"embeddable":true,"href":"https:\/\/www.gaveanews.com\/index.php\/wp-json\/wp\/v2\/media\/15077"}],"wp:attachment":[{"href":"https:\/\/www.gaveanews.com\/index.php\/wp-json\/wp\/v2\/media?parent=48077"}],"wp:term":[{"taxonomy":"category","embeddable":true,"href":"https:\/\/www.gaveanews.com\/index.php\/wp-json\/wp\/v2\/categories?post=48077"},{"taxonomy":"post_tag","embeddable":true,"href":"https:\/\/www.gaveanews.com\/index.php\/wp-json\/wp\/v2\/tags?post=48077"}],"curies":[{"name":"wp","href":"https:\/\/api.w.org\/{rel}","templated":true}]}}