{"id":48088,"date":"2020-09-27T22:40:54","date_gmt":"2020-09-28T01:40:54","guid":{"rendered":"https:\/\/www.gaveanews.com\/?p=48088"},"modified":"2020-09-27T23:13:03","modified_gmt":"2020-09-28T02:13:03","slug":"narrador-da-rede-globodetona-o-flamengo-incompetencia-incoerencia-falta-de-bom-senso","status":"publish","type":"post","link":"https:\/\/www.gaveanews.com\/index.php\/2020\/09\/27\/narrador-da-rede-globodetona-o-flamengo-incompetencia-incoerencia-falta-de-bom-senso\/","title":{"rendered":"Narrador da Rede Globo detona o Flamengo: &#8220;Incompet\u00eancia, incoer\u00eancia, falta de bom senso&#8221;"},"content":{"rendered":"\n<p>Respons\u00e1vel por transmitir o empate por 1 a 1 entre Palmeiras e Flamengo neste domingo (27), a TV Globo elevou o tom das cr\u00edticas em rela\u00e7\u00e3o ao jogo v\u00e1lido pelo Brasileir\u00e3o, conforme a bola rolava no est\u00e1dio Allianz Parque. O time rubro-negro foi o principal alvo.<\/p>\n\n\n\n<p>O ve\u00edculo televisivo come\u00e7ou a transmiss\u00e3o ainda com o jogo suspenso. O narrador Lu\u00eds Roberto afirmou que o confronto era o \u201cjogo da disc\u00f3rdia\u201d. Depois, o profissional da TV Globo criticou a postura do time carioca por ter chegado quase em cima da hora.<\/p>\n\n\n\n<p>\u201cA dire\u00e7\u00e3o do Flamengo fez outro erro agora porque, ao inv\u00e9s de ir para o est\u00e1dio \u2013 que todos sabiam que a CBF estava tentando cassar as liminares -, atrasou a sa\u00edda do hotel. Ent\u00e3o, o Flamengo chegou agora pouco, os meninos nem v\u00e3o aquecer direito\u201d, disse Lu\u00eds Roberto.<\/p>\n\n\n\n<p>Comentaristas do jogo, J\u00fanior e Paulo Nunes se atentaram para os desfalques. O Flamengo sofreu com um surto de coronav\u00edrus e n\u00e3o pode escalar 19 jogadores.<\/p>\n\n\n\n<p>\u201c\u00c9 imposs\u00edvel deixar de lado todos os acontecimentos. Mas quando eu vejo essa garotada. \u00c9 l\u00f3gico que eles n\u00e3o t\u00eam a responsabilidade de fazer uma grande partida. Quando voc\u00ea olha essa defesa toda montada s\u00f3 por garotos, isso pode ser um ponto positivo porque j\u00e1 se conhecem\u201d, avaliou J\u00fanior.<\/p>\n\n\n\n<p>\u201cDificulta o lado mental do atleta. Mas, por outro lado, a vontade que esses garotos est\u00e3o de jogar. \u00c9 o jogo da vida deles. Oportunidade \u00fanica\u201d, completou Paulo Nunes.<\/p>\n\n\n\n<p>Com a bola rolando, Lu\u00eds Roberto refor\u00e7ou que Palmeiras x Flamengo era o \u201cjogo da disc\u00f3rdia\u201d. No primeiro tempo, o comunicador ironizou e disse que a transmiss\u00e3o se tratava de uma atra\u00e7\u00e3o ao vivo, n\u00e3o de uma reprise.<\/p>\n\n\n\n<p>As cr\u00edticas seguiram no intervalo, mas em tom r\u00edgido. \u201cSeguinte, meus amigos. Esse \u00e9 um jogo que ficou envolvido numa pol\u00eamica danada e a gente n\u00e3o vai ficar aqui amassando isso pra voc\u00ea\u201d, disse.<\/p>\n\n\n\n<p>\u201cVoc\u00ea sabe muito bem, tudo envolvido: incompet\u00eancia, incoer\u00eancia, falta de bom senso. No fundo no fundo \u00e9 o seguinte: ningu\u00e9m tem raz\u00e3o nessa parada. Massacraram o futebol brasileiro\u201d, opinou Lu\u00eds Roberto.<\/p>\n\n\n\n<p>Retirado de: Torcedores<\/p>\n","protected":false},"excerpt":{"rendered":"<p>Respons\u00e1vel por transmitir o empate por 1 a 1 entre Palmeiras e Flamengo neste domingo (27), a TV Globo elevou o tom das cr\u00edticas em rela\u00e7\u00e3o ao jogo v\u00e1lido pelo Brasileir\u00e3o, conforme a bola rolava no est\u00e1dio Allianz Parque. O time rubro-negro foi o principal alvo. O ve\u00edculo televisivo come\u00e7ou a transmiss\u00e3o ainda com o [&hellip;]<\/p>\n","protected":false},"author":1,"featured_media":17043,"comment_status":"open","ping_status":"closed","sticky":false,"template":"","format":"standard","meta":{"footnotes":""},"categories":[1],"tags":[],"class_list":["post-48088","post","type-post","status-publish","format-standard","has-post-thumbnail","hentry","category-flamengo"],"yoast_head":"<!-- This site is optimized with the Yoast SEO Premium plugin v24.2 (Yoast SEO v26.9) - https:\/\/yoast.com\/product\/yoast-seo-premium-wordpress\/ -->\n<title>Narrador da Rede Globo detona o Flamengo: &quot;Incompet\u00eancia&quot;<\/title>\n<meta name=\"description\" content=\"A TV Globo elevou o tom das cr\u00edticas em rela\u00e7\u00e3o ao jogo v\u00e1lido pelo Brasileir\u00e3o, conforme a bola rolava no est\u00e1dio Allianz Parque.\" \/>\n<meta name=\"robots\" content=\"index, follow, max-snippet:-1, max-image-preview:large, max-video-preview:-1\" \/>\n<link rel=\"canonical\" href=\"https:\/\/www.gaveanews.com\/index.php\/2020\/09\/27\/narrador-da-rede-globodetona-o-flamengo-incompetencia-incoerencia-falta-de-bom-senso\/\" \/>\n<meta property=\"og:locale\" content=\"pt_BR\" \/>\n<meta property=\"og:type\" content=\"article\" \/>\n<meta property=\"og:title\" content=\"Narrador da Rede Globo detona o Flamengo: &quot;Incompet\u00eancia, incoer\u00eancia, falta de bom senso&quot;\" \/>\n<meta property=\"og:description\" content=\"A TV Globo elevou o tom das cr\u00edticas em rela\u00e7\u00e3o ao jogo v\u00e1lido pelo Brasileir\u00e3o, conforme a bola rolava no est\u00e1dio Allianz Parque.\" \/>\n<meta property=\"og:url\" content=\"https:\/\/www.gaveanews.com\/index.php\/2020\/09\/27\/narrador-da-rede-globodetona-o-flamengo-incompetencia-incoerencia-falta-de-bom-senso\/\" \/>\n<meta property=\"og:site_name\" content=\"G\u00e1vea News\" \/>\n<meta property=\"article:publisher\" content=\"https:\/\/facebook.com\/gaveaNews\/\" \/>\n<meta property=\"article:published_time\" content=\"2020-09-28T01:40:54+00:00\" \/>\n<meta property=\"article:modified_time\" content=\"2020-09-28T02:13:03+00:00\" \/>\n<meta property=\"og:image\" content=\"https:\/\/www.gaveanews.com\/wp-content\/uploads\/2019\/04\/Logomarca-da-Rede-Globo.webp\" \/>\n\t<meta property=\"og:image:width\" content=\"1920\" \/>\n\t<meta property=\"og:image:height\" content=\"1076\" \/>\n\t<meta property=\"og:image:type\" content=\"image\/png\" \/>\n<meta name=\"author\" content=\"Equipe G\u00e1vea News\" \/>\n<meta name=\"twitter:card\" content=\"summary_large_image\" \/>\n<meta name=\"twitter:label1\" content=\"Escrito por\" \/>\n\t<meta name=\"twitter:data1\" content=\"Equipe G\u00e1vea News\" \/>\n\t<meta name=\"twitter:label2\" content=\"Est. tempo de leitura\" \/>\n\t<meta name=\"twitter:data2\" content=\"2 minutos\" \/>\n<script type=\"application\/ld+json\" class=\"yoast-schema-graph\">{\"@context\":\"https:\/\/schema.org\",\"@graph\":[{\"@type\":\"NewsArticle\",\"@id\":\"https:\/\/www.gaveanews.com\/index.php\/2020\/09\/27\/narrador-da-rede-globodetona-o-flamengo-incompetencia-incoerencia-falta-de-bom-senso\/#article\",\"isPartOf\":{\"@id\":\"https:\/\/www.gaveanews.com\/index.php\/2020\/09\/27\/narrador-da-rede-globodetona-o-flamengo-incompetencia-incoerencia-falta-de-bom-senso\/\"},\"author\":{\"name\":\"Equipe G\u00e1vea News\",\"@id\":\"https:\/\/www.gaveanews.com\/#\/schema\/person\/2ec14f73fb96be2caf28f91afb14749d\"},\"headline\":\"Narrador da Rede Globo detona o Flamengo: &#8220;Incompet\u00eancia, incoer\u00eancia, falta de bom senso&#8221;\",\"datePublished\":\"2020-09-28T01:40:54+00:00\",\"dateModified\":\"2020-09-28T02:13:03+00:00\",\"mainEntityOfPage\":{\"@id\":\"https:\/\/www.gaveanews.com\/index.php\/2020\/09\/27\/narrador-da-rede-globodetona-o-flamengo-incompetencia-incoerencia-falta-de-bom-senso\/\"},\"wordCount\":396,\"commentCount\":3,\"image\":{\"@id\":\"https:\/\/www.gaveanews.com\/index.php\/2020\/09\/27\/narrador-da-rede-globodetona-o-flamengo-incompetencia-incoerencia-falta-de-bom-senso\/#primaryimage\"},\"thumbnailUrl\":\"https:\/\/www.gaveanews.com\/wp-content\/uploads\/2019\/04\/Logomarca-da-Rede-Globo.webp\",\"articleSection\":[\"Flamengo\"],\"inLanguage\":\"pt-BR\",\"potentialAction\":[{\"@type\":\"CommentAction\",\"name\":\"Comment\",\"target\":[\"https:\/\/www.gaveanews.com\/index.php\/2020\/09\/27\/narrador-da-rede-globodetona-o-flamengo-incompetencia-incoerencia-falta-de-bom-senso\/#respond\"]}],\"copyrightYear\":\"2020\",\"copyrightHolder\":{\"@id\":\"https:\/\/www.gaveanews.com\/#organization\"}},{\"@type\":\"WebPage\",\"@id\":\"https:\/\/www.gaveanews.com\/index.php\/2020\/09\/27\/narrador-da-rede-globodetona-o-flamengo-incompetencia-incoerencia-falta-de-bom-senso\/\",\"url\":\"https:\/\/www.gaveanews.com\/index.php\/2020\/09\/27\/narrador-da-rede-globodetona-o-flamengo-incompetencia-incoerencia-falta-de-bom-senso\/\",\"name\":\"Narrador da Rede Globo detona o Flamengo: \\\"Incompet\u00eancia\\\"\",\"isPartOf\":{\"@id\":\"https:\/\/www.gaveanews.com\/#website\"},\"primaryImageOfPage\":{\"@id\":\"https:\/\/www.gaveanews.com\/index.php\/2020\/09\/27\/narrador-da-rede-globodetona-o-flamengo-incompetencia-incoerencia-falta-de-bom-senso\/#primaryimage\"},\"image\":{\"@id\":\"https:\/\/www.gaveanews.com\/index.php\/2020\/09\/27\/narrador-da-rede-globodetona-o-flamengo-incompetencia-incoerencia-falta-de-bom-senso\/#primaryimage\"},\"thumbnailUrl\":\"https:\/\/www.gaveanews.com\/wp-content\/uploads\/2019\/04\/Logomarca-da-Rede-Globo.webp\",\"datePublished\":\"2020-09-28T01:40:54+00:00\",\"dateModified\":\"2020-09-28T02:13:03+00:00\",\"author\":{\"@id\":\"https:\/\/www.gaveanews.com\/#\/schema\/person\/2ec14f73fb96be2caf28f91afb14749d\"},\"description\":\"A TV Globo elevou o tom das cr\u00edticas em rela\u00e7\u00e3o ao jogo v\u00e1lido pelo Brasileir\u00e3o, conforme a bola rolava no est\u00e1dio Allianz Parque.\",\"breadcrumb\":{\"@id\":\"https:\/\/www.gaveanews.com\/index.php\/2020\/09\/27\/narrador-da-rede-globodetona-o-flamengo-incompetencia-incoerencia-falta-de-bom-senso\/#breadcrumb\"},\"inLanguage\":\"pt-BR\",\"potentialAction\":[{\"@type\":\"ReadAction\",\"target\":[\"https:\/\/www.gaveanews.com\/index.php\/2020\/09\/27\/narrador-da-rede-globodetona-o-flamengo-incompetencia-incoerencia-falta-de-bom-senso\/\"]}]},{\"@type\":\"ImageObject\",\"inLanguage\":\"pt-BR\",\"@id\":\"https:\/\/www.gaveanews.com\/index.php\/2020\/09\/27\/narrador-da-rede-globodetona-o-flamengo-incompetencia-incoerencia-falta-de-bom-senso\/#primaryimage\",\"url\":\"https:\/\/www.gaveanews.com\/wp-content\/uploads\/2019\/04\/Logomarca-da-Rede-Globo.webp\",\"contentUrl\":\"https:\/\/www.gaveanews.com\/wp-content\/uploads\/2019\/04\/Logomarca-da-Rede-Globo.webp\",\"width\":1920,\"height\":1076,\"caption\":\"Logomarca da Rede Globo (Foto: Reprodu\u00e7\u00e3o)\"},{\"@type\":\"BreadcrumbList\",\"@id\":\"https:\/\/www.gaveanews.com\/index.php\/2020\/09\/27\/narrador-da-rede-globodetona-o-flamengo-incompetencia-incoerencia-falta-de-bom-senso\/#breadcrumb\",\"itemListElement\":[{\"@type\":\"ListItem\",\"position\":1,\"name\":\"Home\",\"item\":\"https:\/\/www.gaveanews.com\/\"},{\"@type\":\"ListItem\",\"position\":2,\"name\":\"Narrador da Rede Globo detona o Flamengo: &#8220;Incompet\u00eancia, incoer\u00eancia, falta de bom senso&#8221;\"}]},{\"@type\":\"WebSite\",\"@id\":\"https:\/\/www.gaveanews.com\/#website\",\"url\":\"https:\/\/www.gaveanews.com\/\",\"name\":\"G\u00e1vea News\",\"description\":\"Veja todas as not\u00edcias sobre o Flamengo: Contrata\u00e7\u00f5es, categorias de base, resultados das partidas, tabela de classifica\u00e7\u00e3o, pr\u00f3ximos jogos!\",\"potentialAction\":[{\"@type\":\"SearchAction\",\"target\":{\"@type\":\"EntryPoint\",\"urlTemplate\":\"https:\/\/www.gaveanews.com\/?s={search_term_string}\"},\"query-input\":{\"@type\":\"PropertyValueSpecification\",\"valueRequired\":true,\"valueName\":\"search_term_string\"}}],\"inLanguage\":\"pt-BR\"},{\"@type\":\"Person\",\"@id\":\"https:\/\/www.gaveanews.com\/#\/schema\/person\/2ec14f73fb96be2caf28f91afb14749d\",\"name\":\"Equipe G\u00e1vea News\",\"image\":{\"@type\":\"ImageObject\",\"inLanguage\":\"pt-BR\",\"@id\":\"https:\/\/www.gaveanews.com\/#\/schema\/person\/image\/\",\"url\":\"https:\/\/secure.gravatar.com\/avatar\/1e1956f1facbffd3f8fa53a326721950116b3b9dc9bd44939c01180fd4a745a9?s=96&d=mm&r=g\",\"contentUrl\":\"https:\/\/secure.gravatar.com\/avatar\/1e1956f1facbffd3f8fa53a326721950116b3b9dc9bd44939c01180fd4a745a9?s=96&d=mm&r=g\",\"caption\":\"Equipe G\u00e1vea News\"}}]}<\/script>\n<!-- \/ Yoast SEO Premium plugin. -->","yoast_head_json":{"title":"Narrador da Rede Globo detona o Flamengo: \"Incompet\u00eancia\"","description":"A TV Globo elevou o tom das cr\u00edticas em rela\u00e7\u00e3o ao jogo v\u00e1lido pelo Brasileir\u00e3o, conforme a bola rolava no est\u00e1dio Allianz Parque.","robots":{"index":"index","follow":"follow","max-snippet":"max-snippet:-1","max-image-preview":"max-image-preview:large","max-video-preview":"max-video-preview:-1"},"canonical":"https:\/\/www.gaveanews.com\/index.php\/2020\/09\/27\/narrador-da-rede-globodetona-o-flamengo-incompetencia-incoerencia-falta-de-bom-senso\/","og_locale":"pt_BR","og_type":"article","og_title":"Narrador da Rede Globo detona o Flamengo: \"Incompet\u00eancia, incoer\u00eancia, falta de bom senso\"","og_description":"A TV Globo elevou o tom das cr\u00edticas em rela\u00e7\u00e3o ao jogo v\u00e1lido pelo Brasileir\u00e3o, conforme a bola rolava no est\u00e1dio Allianz Parque.","og_url":"https:\/\/www.gaveanews.com\/index.php\/2020\/09\/27\/narrador-da-rede-globodetona-o-flamengo-incompetencia-incoerencia-falta-de-bom-senso\/","og_site_name":"G\u00e1vea News","article_publisher":"https:\/\/facebook.com\/gaveaNews\/","article_published_time":"2020-09-28T01:40:54+00:00","article_modified_time":"2020-09-28T02:13:03+00:00","og_image":[{"width":1920,"height":1076,"url":"https:\/\/www.gaveanews.com\/wp-content\/uploads\/2019\/04\/Logomarca-da-Rede-Globo.webp","type":"image\/png"}],"author":"Equipe G\u00e1vea News","twitter_card":"summary_large_image","twitter_misc":{"Escrito por":"Equipe G\u00e1vea News","Est. tempo de leitura":"2 minutos"},"schema":{"@context":"https:\/\/schema.org","@graph":[{"@type":"NewsArticle","@id":"https:\/\/www.gaveanews.com\/index.php\/2020\/09\/27\/narrador-da-rede-globodetona-o-flamengo-incompetencia-incoerencia-falta-de-bom-senso\/#article","isPartOf":{"@id":"https:\/\/www.gaveanews.com\/index.php\/2020\/09\/27\/narrador-da-rede-globodetona-o-flamengo-incompetencia-incoerencia-falta-de-bom-senso\/"},"author":{"name":"Equipe G\u00e1vea News","@id":"https:\/\/www.gaveanews.com\/#\/schema\/person\/2ec14f73fb96be2caf28f91afb14749d"},"headline":"Narrador da Rede Globo detona o Flamengo: &#8220;Incompet\u00eancia, incoer\u00eancia, falta de bom senso&#8221;","datePublished":"2020-09-28T01:40:54+00:00","dateModified":"2020-09-28T02:13:03+00:00","mainEntityOfPage":{"@id":"https:\/\/www.gaveanews.com\/index.php\/2020\/09\/27\/narrador-da-rede-globodetona-o-flamengo-incompetencia-incoerencia-falta-de-bom-senso\/"},"wordCount":396,"commentCount":3,"image":{"@id":"https:\/\/www.gaveanews.com\/index.php\/2020\/09\/27\/narrador-da-rede-globodetona-o-flamengo-incompetencia-incoerencia-falta-de-bom-senso\/#primaryimage"},"thumbnailUrl":"https:\/\/www.gaveanews.com\/wp-content\/uploads\/2019\/04\/Logomarca-da-Rede-Globo.webp","articleSection":["Flamengo"],"inLanguage":"pt-BR","potentialAction":[{"@type":"CommentAction","name":"Comment","target":["https:\/\/www.gaveanews.com\/index.php\/2020\/09\/27\/narrador-da-rede-globodetona-o-flamengo-incompetencia-incoerencia-falta-de-bom-senso\/#respond"]}],"copyrightYear":"2020","copyrightHolder":{"@id":"https:\/\/www.gaveanews.com\/#organization"}},{"@type":"WebPage","@id":"https:\/\/www.gaveanews.com\/index.php\/2020\/09\/27\/narrador-da-rede-globodetona-o-flamengo-incompetencia-incoerencia-falta-de-bom-senso\/","url":"https:\/\/www.gaveanews.com\/index.php\/2020\/09\/27\/narrador-da-rede-globodetona-o-flamengo-incompetencia-incoerencia-falta-de-bom-senso\/","name":"Narrador da Rede Globo detona o Flamengo: \"Incompet\u00eancia\"","isPartOf":{"@id":"https:\/\/www.gaveanews.com\/#website"},"primaryImageOfPage":{"@id":"https:\/\/www.gaveanews.com\/index.php\/2020\/09\/27\/narrador-da-rede-globodetona-o-flamengo-incompetencia-incoerencia-falta-de-bom-senso\/#primaryimage"},"image":{"@id":"https:\/\/www.gaveanews.com\/index.php\/2020\/09\/27\/narrador-da-rede-globodetona-o-flamengo-incompetencia-incoerencia-falta-de-bom-senso\/#primaryimage"},"thumbnailUrl":"https:\/\/www.gaveanews.com\/wp-content\/uploads\/2019\/04\/Logomarca-da-Rede-Globo.webp","datePublished":"2020-09-28T01:40:54+00:00","dateModified":"2020-09-28T02:13:03+00:00","author":{"@id":"https:\/\/www.gaveanews.com\/#\/schema\/person\/2ec14f73fb96be2caf28f91afb14749d"},"description":"A TV Globo elevou o tom das cr\u00edticas em rela\u00e7\u00e3o ao jogo v\u00e1lido pelo Brasileir\u00e3o, conforme a bola rolava no est\u00e1dio Allianz Parque.","breadcrumb":{"@id":"https:\/\/www.gaveanews.com\/index.php\/2020\/09\/27\/narrador-da-rede-globodetona-o-flamengo-incompetencia-incoerencia-falta-de-bom-senso\/#breadcrumb"},"inLanguage":"pt-BR","potentialAction":[{"@type":"ReadAction","target":["https:\/\/www.gaveanews.com\/index.php\/2020\/09\/27\/narrador-da-rede-globodetona-o-flamengo-incompetencia-incoerencia-falta-de-bom-senso\/"]}]},{"@type":"ImageObject","inLanguage":"pt-BR","@id":"https:\/\/www.gaveanews.com\/index.php\/2020\/09\/27\/narrador-da-rede-globodetona-o-flamengo-incompetencia-incoerencia-falta-de-bom-senso\/#primaryimage","url":"https:\/\/www.gaveanews.com\/wp-content\/uploads\/2019\/04\/Logomarca-da-Rede-Globo.webp","contentUrl":"https:\/\/www.gaveanews.com\/wp-content\/uploads\/2019\/04\/Logomarca-da-Rede-Globo.webp","width":1920,"height":1076,"caption":"Logomarca da Rede Globo (Foto: Reprodu\u00e7\u00e3o)"},{"@type":"BreadcrumbList","@id":"https:\/\/www.gaveanews.com\/index.php\/2020\/09\/27\/narrador-da-rede-globodetona-o-flamengo-incompetencia-incoerencia-falta-de-bom-senso\/#breadcrumb","itemListElement":[{"@type":"ListItem","position":1,"name":"Home","item":"https:\/\/www.gaveanews.com\/"},{"@type":"ListItem","position":2,"name":"Narrador da Rede Globo detona o Flamengo: &#8220;Incompet\u00eancia, incoer\u00eancia, falta de bom senso&#8221;"}]},{"@type":"WebSite","@id":"https:\/\/www.gaveanews.com\/#website","url":"https:\/\/www.gaveanews.com\/","name":"G\u00e1vea News","description":"Veja todas as not\u00edcias sobre o Flamengo: Contrata\u00e7\u00f5es, categorias de base, resultados das partidas, tabela de classifica\u00e7\u00e3o, pr\u00f3ximos jogos!","potentialAction":[{"@type":"SearchAction","target":{"@type":"EntryPoint","urlTemplate":"https:\/\/www.gaveanews.com\/?s={search_term_string}"},"query-input":{"@type":"PropertyValueSpecification","valueRequired":true,"valueName":"search_term_string"}}],"inLanguage":"pt-BR"},{"@type":"Person","@id":"https:\/\/www.gaveanews.com\/#\/schema\/person\/2ec14f73fb96be2caf28f91afb14749d","name":"Equipe G\u00e1vea News","image":{"@type":"ImageObject","inLanguage":"pt-BR","@id":"https:\/\/www.gaveanews.com\/#\/schema\/person\/image\/","url":"https:\/\/secure.gravatar.com\/avatar\/1e1956f1facbffd3f8fa53a326721950116b3b9dc9bd44939c01180fd4a745a9?s=96&d=mm&r=g","contentUrl":"https:\/\/secure.gravatar.com\/avatar\/1e1956f1facbffd3f8fa53a326721950116b3b9dc9bd44939c01180fd4a745a9?s=96&d=mm&r=g","caption":"Equipe G\u00e1vea News"}}]}},"_links":{"self":[{"href":"https:\/\/www.gaveanews.com\/index.php\/wp-json\/wp\/v2\/posts\/48088","targetHints":{"allow":["GET"]}}],"collection":[{"href":"https:\/\/www.gaveanews.com\/index.php\/wp-json\/wp\/v2\/posts"}],"about":[{"href":"https:\/\/www.gaveanews.com\/index.php\/wp-json\/wp\/v2\/types\/post"}],"author":[{"embeddable":true,"href":"https:\/\/www.gaveanews.com\/index.php\/wp-json\/wp\/v2\/users\/1"}],"replies":[{"embeddable":true,"href":"https:\/\/www.gaveanews.com\/index.php\/wp-json\/wp\/v2\/comments?post=48088"}],"version-history":[{"count":0,"href":"https:\/\/www.gaveanews.com\/index.php\/wp-json\/wp\/v2\/posts\/48088\/revisions"}],"wp:featuredmedia":[{"embeddable":true,"href":"https:\/\/www.gaveanews.com\/index.php\/wp-json\/wp\/v2\/media\/17043"}],"wp:attachment":[{"href":"https:\/\/www.gaveanews.com\/index.php\/wp-json\/wp\/v2\/media?parent=48088"}],"wp:term":[{"taxonomy":"category","embeddable":true,"href":"https:\/\/www.gaveanews.com\/index.php\/wp-json\/wp\/v2\/categories?post=48088"},{"taxonomy":"post_tag","embeddable":true,"href":"https:\/\/www.gaveanews.com\/index.php\/wp-json\/wp\/v2\/tags?post=48088"}],"curies":[{"name":"wp","href":"https:\/\/api.w.org\/{rel}","templated":true}]}}