{"id":48098,"date":"2020-09-28T00:34:34","date_gmt":"2020-09-28T03:34:34","guid":{"rendered":"https:\/\/www.gaveanews.com\/?p=48098"},"modified":"2020-09-28T00:34:38","modified_gmt":"2020-09-28T03:34:38","slug":"apos-empate-do-flamengo-domenec-se-manifesta-nas-redes-sociais","status":"publish","type":"post","link":"https:\/\/www.gaveanews.com\/index.php\/2020\/09\/28\/apos-empate-do-flamengo-domenec-se-manifesta-nas-redes-sociais\/","title":{"rendered":"Ap\u00f3s empate do Flamengo, Dom\u00e8nec se manifesta nas redes sociais"},"content":{"rendered":"\n<p>Palmeiras e Flamengo ficaram no 1 a 1 neste domingo, em duelo v\u00e1lido pela 12\u00aa rodada do Brasileir\u00e3o, no Allianz Parque. O t\u00e9cnico rubro-negro, Dom\u00e8nec Torrent, infectado pela COVID-19, n\u00e3o esteve na beira do campo, mas gostou do que viu.<\/p>\n\n\n\n<p>Seu assistente, Jordi Guerrero, comandou o time por conta do surto de COVID-19 que atingiu 16 jogadores do Flamengo, que tamb\u00e9m contava com outros tr\u00eas lesionados, al\u00e9m de membros da comiss\u00e3o t\u00e9cnica e diretoria.<\/p>\n\n\n\n<p>Ap\u00f3s o empate, Torrent foi \u00e0s redes sociais e elogiou o time, formado por diversos jovens das categorias de base chamados \u00e0s pressas.<\/p>\n\n\n\n<p>&#8220;Extremamente orgulhoso de toda a equipe e Staff \u2026\u2026mais fortes, mais juntos. Parab\u00e9ns&#8221;, postou o t\u00e9cnico, em seu Twitter.<\/p>\n\n\n\n<figure class=\"wp-block-embed-twitter wp-block-embed is-type-rich is-provider-twitter\"><div class=\"wp-block-embed__wrapper\">\n<blockquote class=\"twitter-tweet\" data-width=\"550\" data-dnt=\"true\"><p lang=\"pt\" dir=\"ltr\">Extremamente orgulhoso de toda a equipe e Staff &#8230;&#8230;mais fortes , mais juntos . Parab\u00e9ns <a href=\"https:\/\/t.co\/ckCc57NZAx\">pic.twitter.com\/ckCc57NZAx<\/a><\/p>&mdash; Domenec Torrent (@DomeTorrent) <a href=\"https:\/\/twitter.com\/DomeTorrent\/status\/1310329919315103746?ref_src=twsrc%5Etfw\">September 27, 2020<\/a><\/blockquote><script async src=\"https:\/\/platform.twitter.com\/widgets.js\" charset=\"utf-8\"><\/script>\n<\/div><\/figure>\n\n\n\n<p>Retirado de: ESPN<\/p>\n","protected":false},"excerpt":{"rendered":"<p>Palmeiras e Flamengo ficaram no 1 a 1 neste domingo, em duelo v\u00e1lido pela 12\u00aa rodada do Brasileir\u00e3o, no Allianz Parque. O t\u00e9cnico rubro-negro, Dom\u00e8nec Torrent, infectado pela COVID-19, n\u00e3o esteve na beira do campo, mas gostou do que viu. Seu assistente, Jordi Guerrero, comandou o time por conta do surto de COVID-19 que atingiu [&hellip;]<\/p>\n","protected":false},"author":1,"featured_media":47172,"comment_status":"open","ping_status":"closed","sticky":false,"template":"","format":"standard","meta":{"footnotes":""},"categories":[1],"tags":[],"class_list":["post-48098","post","type-post","status-publish","format-standard","has-post-thumbnail","hentry","category-flamengo"],"yoast_head":"<!-- This site is optimized with the Yoast SEO Premium plugin v24.2 (Yoast SEO v26.9) - https:\/\/yoast.com\/product\/yoast-seo-premium-wordpress\/ -->\n<title>Ap\u00f3s empate do Flamengo, Dom\u00e8nec se manifesta nas redes sociais<\/title>\n<meta name=\"robots\" content=\"index, follow, max-snippet:-1, max-image-preview:large, max-video-preview:-1\" \/>\n<link rel=\"canonical\" href=\"https:\/\/www.gaveanews.com\/index.php\/2020\/09\/28\/apos-empate-do-flamengo-domenec-se-manifesta-nas-redes-sociais\/\" \/>\n<meta property=\"og:locale\" content=\"pt_BR\" \/>\n<meta property=\"og:type\" content=\"article\" \/>\n<meta property=\"og:title\" content=\"Ap\u00f3s empate do Flamengo, Dom\u00e8nec se manifesta nas redes sociais\" \/>\n<meta property=\"og:description\" content=\"Palmeiras e Flamengo ficaram no 1 a 1 neste domingo, em duelo v\u00e1lido pela 12\u00aa rodada do Brasileir\u00e3o, no Allianz Parque. O t\u00e9cnico rubro-negro, Dom\u00e8nec Torrent, infectado pela COVID-19, n\u00e3o esteve na beira do campo, mas gostou do que viu. Seu assistente, Jordi Guerrero, comandou o time por conta do surto de COVID-19 que atingiu [&hellip;]\" \/>\n<meta property=\"og:url\" content=\"https:\/\/www.gaveanews.com\/index.php\/2020\/09\/28\/apos-empate-do-flamengo-domenec-se-manifesta-nas-redes-sociais\/\" \/>\n<meta property=\"og:site_name\" content=\"G\u00e1vea News\" \/>\n<meta property=\"article:publisher\" content=\"https:\/\/facebook.com\/gaveaNews\/\" \/>\n<meta property=\"article:published_time\" content=\"2020-09-28T03:34:34+00:00\" \/>\n<meta property=\"article:modified_time\" content=\"2020-09-28T03:34:38+00:00\" \/>\n<meta property=\"og:image\" content=\"https:\/\/www.gaveanews.com\/wp-content\/uploads\/Domenec-durante-o-classico-entre-Flamengo-e-Fluminense.webp\" \/>\n\t<meta property=\"og:image:width\" content=\"799\" \/>\n\t<meta property=\"og:image:height\" content=\"532\" \/>\n\t<meta property=\"og:image:type\" content=\"image\/jpeg\" \/>\n<meta name=\"author\" content=\"Equipe G\u00e1vea News\" \/>\n<meta name=\"twitter:card\" content=\"summary_large_image\" \/>\n<meta name=\"twitter:label1\" content=\"Escrito por\" \/>\n\t<meta name=\"twitter:data1\" content=\"Equipe G\u00e1vea News\" \/>\n\t<meta name=\"twitter:label2\" content=\"Est. tempo de leitura\" \/>\n\t<meta name=\"twitter:data2\" content=\"1 minuto\" \/>\n<script type=\"application\/ld+json\" class=\"yoast-schema-graph\">{\"@context\":\"https:\/\/schema.org\",\"@graph\":[{\"@type\":\"NewsArticle\",\"@id\":\"https:\/\/www.gaveanews.com\/index.php\/2020\/09\/28\/apos-empate-do-flamengo-domenec-se-manifesta-nas-redes-sociais\/#article\",\"isPartOf\":{\"@id\":\"https:\/\/www.gaveanews.com\/index.php\/2020\/09\/28\/apos-empate-do-flamengo-domenec-se-manifesta-nas-redes-sociais\/\"},\"author\":{\"name\":\"Equipe G\u00e1vea News\",\"@id\":\"https:\/\/www.gaveanews.com\/#\/schema\/person\/2ec14f73fb96be2caf28f91afb14749d\"},\"headline\":\"Ap\u00f3s empate do Flamengo, Dom\u00e8nec se manifesta nas redes sociais\",\"datePublished\":\"2020-09-28T03:34:34+00:00\",\"dateModified\":\"2020-09-28T03:34:38+00:00\",\"mainEntityOfPage\":{\"@id\":\"https:\/\/www.gaveanews.com\/index.php\/2020\/09\/28\/apos-empate-do-flamengo-domenec-se-manifesta-nas-redes-sociais\/\"},\"wordCount\":171,\"commentCount\":2,\"image\":{\"@id\":\"https:\/\/www.gaveanews.com\/index.php\/2020\/09\/28\/apos-empate-do-flamengo-domenec-se-manifesta-nas-redes-sociais\/#primaryimage\"},\"thumbnailUrl\":\"https:\/\/www.gaveanews.com\/wp-content\/uploads\/Domenec-durante-o-classico-entre-Flamengo-e-Fluminense.webp\",\"articleSection\":[\"Flamengo\"],\"inLanguage\":\"pt-BR\",\"potentialAction\":[{\"@type\":\"CommentAction\",\"name\":\"Comment\",\"target\":[\"https:\/\/www.gaveanews.com\/index.php\/2020\/09\/28\/apos-empate-do-flamengo-domenec-se-manifesta-nas-redes-sociais\/#respond\"]}],\"copyrightYear\":\"2020\",\"copyrightHolder\":{\"@id\":\"https:\/\/www.gaveanews.com\/#organization\"}},{\"@type\":\"WebPage\",\"@id\":\"https:\/\/www.gaveanews.com\/index.php\/2020\/09\/28\/apos-empate-do-flamengo-domenec-se-manifesta-nas-redes-sociais\/\",\"url\":\"https:\/\/www.gaveanews.com\/index.php\/2020\/09\/28\/apos-empate-do-flamengo-domenec-se-manifesta-nas-redes-sociais\/\",\"name\":\"Ap\u00f3s empate do Flamengo, Dom\u00e8nec se manifesta nas redes sociais\",\"isPartOf\":{\"@id\":\"https:\/\/www.gaveanews.com\/#website\"},\"primaryImageOfPage\":{\"@id\":\"https:\/\/www.gaveanews.com\/index.php\/2020\/09\/28\/apos-empate-do-flamengo-domenec-se-manifesta-nas-redes-sociais\/#primaryimage\"},\"image\":{\"@id\":\"https:\/\/www.gaveanews.com\/index.php\/2020\/09\/28\/apos-empate-do-flamengo-domenec-se-manifesta-nas-redes-sociais\/#primaryimage\"},\"thumbnailUrl\":\"https:\/\/www.gaveanews.com\/wp-content\/uploads\/Domenec-durante-o-classico-entre-Flamengo-e-Fluminense.webp\",\"datePublished\":\"2020-09-28T03:34:34+00:00\",\"dateModified\":\"2020-09-28T03:34:38+00:00\",\"author\":{\"@id\":\"https:\/\/www.gaveanews.com\/#\/schema\/person\/2ec14f73fb96be2caf28f91afb14749d\"},\"breadcrumb\":{\"@id\":\"https:\/\/www.gaveanews.com\/index.php\/2020\/09\/28\/apos-empate-do-flamengo-domenec-se-manifesta-nas-redes-sociais\/#breadcrumb\"},\"inLanguage\":\"pt-BR\",\"potentialAction\":[{\"@type\":\"ReadAction\",\"target\":[\"https:\/\/www.gaveanews.com\/index.php\/2020\/09\/28\/apos-empate-do-flamengo-domenec-se-manifesta-nas-redes-sociais\/\"]}]},{\"@type\":\"ImageObject\",\"inLanguage\":\"pt-BR\",\"@id\":\"https:\/\/www.gaveanews.com\/index.php\/2020\/09\/28\/apos-empate-do-flamengo-domenec-se-manifesta-nas-redes-sociais\/#primaryimage\",\"url\":\"https:\/\/www.gaveanews.com\/wp-content\/uploads\/Domenec-durante-o-classico-entre-Flamengo-e-Fluminense.webp\",\"contentUrl\":\"https:\/\/www.gaveanews.com\/wp-content\/uploads\/Domenec-durante-o-classico-entre-Flamengo-e-Fluminense.webp\",\"width\":799,\"height\":532,\"caption\":\"Dom\u00e8nec durante o cl\u00e1ssico entre Flamengo e Fluminense (Foto: Alexandre Vidal\/Flamengo)\"},{\"@type\":\"BreadcrumbList\",\"@id\":\"https:\/\/www.gaveanews.com\/index.php\/2020\/09\/28\/apos-empate-do-flamengo-domenec-se-manifesta-nas-redes-sociais\/#breadcrumb\",\"itemListElement\":[{\"@type\":\"ListItem\",\"position\":1,\"name\":\"Home\",\"item\":\"https:\/\/www.gaveanews.com\/\"},{\"@type\":\"ListItem\",\"position\":2,\"name\":\"Ap\u00f3s empate do Flamengo, Dom\u00e8nec se manifesta nas redes sociais\"}]},{\"@type\":\"WebSite\",\"@id\":\"https:\/\/www.gaveanews.com\/#website\",\"url\":\"https:\/\/www.gaveanews.com\/\",\"name\":\"G\u00e1vea News\",\"description\":\"Veja todas as not\u00edcias sobre o Flamengo: Contrata\u00e7\u00f5es, categorias de base, resultados das partidas, tabela de classifica\u00e7\u00e3o, pr\u00f3ximos jogos!\",\"potentialAction\":[{\"@type\":\"SearchAction\",\"target\":{\"@type\":\"EntryPoint\",\"urlTemplate\":\"https:\/\/www.gaveanews.com\/?s={search_term_string}\"},\"query-input\":{\"@type\":\"PropertyValueSpecification\",\"valueRequired\":true,\"valueName\":\"search_term_string\"}}],\"inLanguage\":\"pt-BR\"},{\"@type\":\"Person\",\"@id\":\"https:\/\/www.gaveanews.com\/#\/schema\/person\/2ec14f73fb96be2caf28f91afb14749d\",\"name\":\"Equipe G\u00e1vea News\",\"image\":{\"@type\":\"ImageObject\",\"inLanguage\":\"pt-BR\",\"@id\":\"https:\/\/www.gaveanews.com\/#\/schema\/person\/image\/\",\"url\":\"https:\/\/secure.gravatar.com\/avatar\/1e1956f1facbffd3f8fa53a326721950116b3b9dc9bd44939c01180fd4a745a9?s=96&d=mm&r=g\",\"contentUrl\":\"https:\/\/secure.gravatar.com\/avatar\/1e1956f1facbffd3f8fa53a326721950116b3b9dc9bd44939c01180fd4a745a9?s=96&d=mm&r=g\",\"caption\":\"Equipe G\u00e1vea News\"}}]}<\/script>\n<!-- \/ Yoast SEO Premium plugin. -->","yoast_head_json":{"title":"Ap\u00f3s empate do Flamengo, Dom\u00e8nec se manifesta nas redes sociais","robots":{"index":"index","follow":"follow","max-snippet":"max-snippet:-1","max-image-preview":"max-image-preview:large","max-video-preview":"max-video-preview:-1"},"canonical":"https:\/\/www.gaveanews.com\/index.php\/2020\/09\/28\/apos-empate-do-flamengo-domenec-se-manifesta-nas-redes-sociais\/","og_locale":"pt_BR","og_type":"article","og_title":"Ap\u00f3s empate do Flamengo, Dom\u00e8nec se manifesta nas redes sociais","og_description":"Palmeiras e Flamengo ficaram no 1 a 1 neste domingo, em duelo v\u00e1lido pela 12\u00aa rodada do Brasileir\u00e3o, no Allianz Parque. O t\u00e9cnico rubro-negro, Dom\u00e8nec Torrent, infectado pela COVID-19, n\u00e3o esteve na beira do campo, mas gostou do que viu. Seu assistente, Jordi Guerrero, comandou o time por conta do surto de COVID-19 que atingiu [&hellip;]","og_url":"https:\/\/www.gaveanews.com\/index.php\/2020\/09\/28\/apos-empate-do-flamengo-domenec-se-manifesta-nas-redes-sociais\/","og_site_name":"G\u00e1vea News","article_publisher":"https:\/\/facebook.com\/gaveaNews\/","article_published_time":"2020-09-28T03:34:34+00:00","article_modified_time":"2020-09-28T03:34:38+00:00","og_image":[{"width":799,"height":532,"url":"https:\/\/www.gaveanews.com\/wp-content\/uploads\/Domenec-durante-o-classico-entre-Flamengo-e-Fluminense.webp","type":"image\/jpeg"}],"author":"Equipe G\u00e1vea News","twitter_card":"summary_large_image","twitter_misc":{"Escrito por":"Equipe G\u00e1vea News","Est. tempo de leitura":"1 minuto"},"schema":{"@context":"https:\/\/schema.org","@graph":[{"@type":"NewsArticle","@id":"https:\/\/www.gaveanews.com\/index.php\/2020\/09\/28\/apos-empate-do-flamengo-domenec-se-manifesta-nas-redes-sociais\/#article","isPartOf":{"@id":"https:\/\/www.gaveanews.com\/index.php\/2020\/09\/28\/apos-empate-do-flamengo-domenec-se-manifesta-nas-redes-sociais\/"},"author":{"name":"Equipe G\u00e1vea News","@id":"https:\/\/www.gaveanews.com\/#\/schema\/person\/2ec14f73fb96be2caf28f91afb14749d"},"headline":"Ap\u00f3s empate do Flamengo, Dom\u00e8nec se manifesta nas redes sociais","datePublished":"2020-09-28T03:34:34+00:00","dateModified":"2020-09-28T03:34:38+00:00","mainEntityOfPage":{"@id":"https:\/\/www.gaveanews.com\/index.php\/2020\/09\/28\/apos-empate-do-flamengo-domenec-se-manifesta-nas-redes-sociais\/"},"wordCount":171,"commentCount":2,"image":{"@id":"https:\/\/www.gaveanews.com\/index.php\/2020\/09\/28\/apos-empate-do-flamengo-domenec-se-manifesta-nas-redes-sociais\/#primaryimage"},"thumbnailUrl":"https:\/\/www.gaveanews.com\/wp-content\/uploads\/Domenec-durante-o-classico-entre-Flamengo-e-Fluminense.webp","articleSection":["Flamengo"],"inLanguage":"pt-BR","potentialAction":[{"@type":"CommentAction","name":"Comment","target":["https:\/\/www.gaveanews.com\/index.php\/2020\/09\/28\/apos-empate-do-flamengo-domenec-se-manifesta-nas-redes-sociais\/#respond"]}],"copyrightYear":"2020","copyrightHolder":{"@id":"https:\/\/www.gaveanews.com\/#organization"}},{"@type":"WebPage","@id":"https:\/\/www.gaveanews.com\/index.php\/2020\/09\/28\/apos-empate-do-flamengo-domenec-se-manifesta-nas-redes-sociais\/","url":"https:\/\/www.gaveanews.com\/index.php\/2020\/09\/28\/apos-empate-do-flamengo-domenec-se-manifesta-nas-redes-sociais\/","name":"Ap\u00f3s empate do Flamengo, Dom\u00e8nec se manifesta nas redes sociais","isPartOf":{"@id":"https:\/\/www.gaveanews.com\/#website"},"primaryImageOfPage":{"@id":"https:\/\/www.gaveanews.com\/index.php\/2020\/09\/28\/apos-empate-do-flamengo-domenec-se-manifesta-nas-redes-sociais\/#primaryimage"},"image":{"@id":"https:\/\/www.gaveanews.com\/index.php\/2020\/09\/28\/apos-empate-do-flamengo-domenec-se-manifesta-nas-redes-sociais\/#primaryimage"},"thumbnailUrl":"https:\/\/www.gaveanews.com\/wp-content\/uploads\/Domenec-durante-o-classico-entre-Flamengo-e-Fluminense.webp","datePublished":"2020-09-28T03:34:34+00:00","dateModified":"2020-09-28T03:34:38+00:00","author":{"@id":"https:\/\/www.gaveanews.com\/#\/schema\/person\/2ec14f73fb96be2caf28f91afb14749d"},"breadcrumb":{"@id":"https:\/\/www.gaveanews.com\/index.php\/2020\/09\/28\/apos-empate-do-flamengo-domenec-se-manifesta-nas-redes-sociais\/#breadcrumb"},"inLanguage":"pt-BR","potentialAction":[{"@type":"ReadAction","target":["https:\/\/www.gaveanews.com\/index.php\/2020\/09\/28\/apos-empate-do-flamengo-domenec-se-manifesta-nas-redes-sociais\/"]}]},{"@type":"ImageObject","inLanguage":"pt-BR","@id":"https:\/\/www.gaveanews.com\/index.php\/2020\/09\/28\/apos-empate-do-flamengo-domenec-se-manifesta-nas-redes-sociais\/#primaryimage","url":"https:\/\/www.gaveanews.com\/wp-content\/uploads\/Domenec-durante-o-classico-entre-Flamengo-e-Fluminense.webp","contentUrl":"https:\/\/www.gaveanews.com\/wp-content\/uploads\/Domenec-durante-o-classico-entre-Flamengo-e-Fluminense.webp","width":799,"height":532,"caption":"Dom\u00e8nec durante o cl\u00e1ssico entre Flamengo e Fluminense (Foto: Alexandre Vidal\/Flamengo)"},{"@type":"BreadcrumbList","@id":"https:\/\/www.gaveanews.com\/index.php\/2020\/09\/28\/apos-empate-do-flamengo-domenec-se-manifesta-nas-redes-sociais\/#breadcrumb","itemListElement":[{"@type":"ListItem","position":1,"name":"Home","item":"https:\/\/www.gaveanews.com\/"},{"@type":"ListItem","position":2,"name":"Ap\u00f3s empate do Flamengo, Dom\u00e8nec se manifesta nas redes sociais"}]},{"@type":"WebSite","@id":"https:\/\/www.gaveanews.com\/#website","url":"https:\/\/www.gaveanews.com\/","name":"G\u00e1vea News","description":"Veja todas as not\u00edcias sobre o Flamengo: Contrata\u00e7\u00f5es, categorias de base, resultados das partidas, tabela de classifica\u00e7\u00e3o, pr\u00f3ximos jogos!","potentialAction":[{"@type":"SearchAction","target":{"@type":"EntryPoint","urlTemplate":"https:\/\/www.gaveanews.com\/?s={search_term_string}"},"query-input":{"@type":"PropertyValueSpecification","valueRequired":true,"valueName":"search_term_string"}}],"inLanguage":"pt-BR"},{"@type":"Person","@id":"https:\/\/www.gaveanews.com\/#\/schema\/person\/2ec14f73fb96be2caf28f91afb14749d","name":"Equipe G\u00e1vea News","image":{"@type":"ImageObject","inLanguage":"pt-BR","@id":"https:\/\/www.gaveanews.com\/#\/schema\/person\/image\/","url":"https:\/\/secure.gravatar.com\/avatar\/1e1956f1facbffd3f8fa53a326721950116b3b9dc9bd44939c01180fd4a745a9?s=96&d=mm&r=g","contentUrl":"https:\/\/secure.gravatar.com\/avatar\/1e1956f1facbffd3f8fa53a326721950116b3b9dc9bd44939c01180fd4a745a9?s=96&d=mm&r=g","caption":"Equipe G\u00e1vea News"}}]}},"_links":{"self":[{"href":"https:\/\/www.gaveanews.com\/index.php\/wp-json\/wp\/v2\/posts\/48098","targetHints":{"allow":["GET"]}}],"collection":[{"href":"https:\/\/www.gaveanews.com\/index.php\/wp-json\/wp\/v2\/posts"}],"about":[{"href":"https:\/\/www.gaveanews.com\/index.php\/wp-json\/wp\/v2\/types\/post"}],"author":[{"embeddable":true,"href":"https:\/\/www.gaveanews.com\/index.php\/wp-json\/wp\/v2\/users\/1"}],"replies":[{"embeddable":true,"href":"https:\/\/www.gaveanews.com\/index.php\/wp-json\/wp\/v2\/comments?post=48098"}],"version-history":[{"count":0,"href":"https:\/\/www.gaveanews.com\/index.php\/wp-json\/wp\/v2\/posts\/48098\/revisions"}],"wp:featuredmedia":[{"embeddable":true,"href":"https:\/\/www.gaveanews.com\/index.php\/wp-json\/wp\/v2\/media\/47172"}],"wp:attachment":[{"href":"https:\/\/www.gaveanews.com\/index.php\/wp-json\/wp\/v2\/media?parent=48098"}],"wp:term":[{"taxonomy":"category","embeddable":true,"href":"https:\/\/www.gaveanews.com\/index.php\/wp-json\/wp\/v2\/categories?post=48098"},{"taxonomy":"post_tag","embeddable":true,"href":"https:\/\/www.gaveanews.com\/index.php\/wp-json\/wp\/v2\/tags?post=48098"}],"curies":[{"name":"wp","href":"https:\/\/api.w.org\/{rel}","templated":true}]}}