{"id":48107,"date":"2020-09-28T09:48:22","date_gmt":"2020-09-28T12:48:22","guid":{"rendered":"https:\/\/www.gaveanews.com\/?p=48107"},"modified":"2020-09-28T09:48:26","modified_gmt":"2020-09-28T12:48:26","slug":"hugo-souza-mostra-potencial-e-pede-passagem-entre-os-goleiros-do-flamengo","status":"publish","type":"post","link":"https:\/\/www.gaveanews.com\/index.php\/2020\/09\/28\/hugo-souza-mostra-potencial-e-pede-passagem-entre-os-goleiros-do-flamengo\/","title":{"rendered":"Hugo Souza mostra potencial e pede passagem entre os goleiros do Flamengo"},"content":{"rendered":"\n<p>O jovem goleiro Hugo Souza tem apenas 21 anos e sempre foi tratado como grande promessa das categorias do Flamengo. Desde o ano passado, passou a treinar entre os profissionais, mas ainda cumpria os compromissos da equipe sub-20, por\u00e9m, desde o inicio desse ano, foi efetivado na equipe de cima se tornando o quarto goleiro do rubro-negro.<\/p>\n\n\n\n<p>Cria de Duque de Caxias, na Baixa Fluminense, Hugo chegou ao Flamengo aos nove anos de idade. Foi multi campe\u00e3o na base do time carioca e colecionou diversas convoca\u00e7\u00f5es para as sele\u00e7\u00f5es brasileira de base. Neneca, como \u00e9 conhecido entre os jogadores, j\u00e1 foi inclusive convocado para a equipe principal pelo t\u00e9cnico Tite para os amistosos contra Estados Unidos e El Salvador em 2018.<\/p>\n\n\n\n<p>Para o jogo contra o Palmeiras, acontecia o pior cen\u00e1rio poss\u00edvel para um jovem ter sua primeira oportunidade como profissional: time completamente desfalcado por les\u00f5es e infectados por covid-19, num jogo fora de casa, contra um rival que tem brigado nos \u00faltimos anos com o Flamengo pelos principais t\u00edtulos do futebol brasileiro e sul-americano.<\/p>\n\n\n\n<p>Mas o que parecia um ser p\u00e9ssimo cen\u00e1rio, se tornou um excelente cart\u00e3o de visitas. Neneca foi o melhor do empate com o Palmeiras por 1\u00d71, foi testado por praticamente todo o jogo pela equipe alviverde e n\u00e3o decepcionou: foi seguro, firme nas bolas a\u00e9reas e nos chutes de longa dist\u00e2ncia e ainda por cima fez uma defesa de cinema numa cabe\u00e7ada \u00e1 queima-roupa de Luiz Adriano no segundo tempo.<\/p>\n\n\n\n<p>Com seis defesas no jogo mostrou capacidade e potencial para defender a meta rubro-negra quando for necess\u00e1rio. Dificilmente dever\u00e1 amea\u00e7ar a titularidade do goleiro Diego Alves a curto prazo, mas tem totais condi\u00e7\u00f5es de ser \u201cpromovido\u201d na ordem da lista de goleiros. Com contrato at\u00e9 2023 o goleiro \u00e9 trabalhado pela comiss\u00e3o t\u00e9cnica para assumir a camisa 1 no futuro.<\/p>\n\n\n\n<p>O primeiro reserva C\u00e9sar j\u00e1 teve seus bons momentos quando foi acionado, mas n\u00e3o transmite seguran\u00e7a para ser efetivado com goleiro principal e Gabriel Batista n\u00e3o agradou nas poucas chances que teve, inclusive, na goleada por 5\u00d70 sofrida para o Del Valle, grande parte da torcida achou que algumas bolas eram defens\u00e1veis. Pode ser a oportunidade ideal para Hugo ganhar mais minutos em campo.<\/p>\n\n\n\n<p>O goleiro de 1,96m tem contrato com o Flamengo at\u00e9 setembro de 2023, se ele era tratado como joia pela comiss\u00e3o t\u00e9cnica, ele mostrou na partida em S\u00e3o Paulo que merece mais oportunidades para a sua lapida\u00e7\u00e3o. Se depender de Hugo Souza, ap\u00f3s a sa\u00edda de Diego Alves, a meta rubro-negra estar\u00e1 em \u00f3timas e seguras m\u00e3os.<\/p>\n\n\n\n<p>Retirado de: Esporte News Mundo<\/p>\n","protected":false},"excerpt":{"rendered":"<p>O jovem goleiro Hugo Souza tem apenas 21 anos e sempre foi tratado como grande promessa das categorias do Flamengo. Desde o ano passado, passou a treinar entre os profissionais, mas ainda cumpria os compromissos da equipe sub-20, por\u00e9m, desde o inicio desse ano, foi efetivado na equipe de cima se tornando o quarto goleiro [&hellip;]<\/p>\n","protected":false},"author":1,"featured_media":32051,"comment_status":"open","ping_status":"closed","sticky":false,"template":"","format":"standard","meta":{"footnotes":""},"categories":[47],"tags":[],"class_list":["post-48107","post","type-post","status-publish","format-standard","has-post-thumbnail","hentry","category-destaques"],"yoast_head":"<!-- This site is optimized with the Yoast SEO Premium plugin v24.2 (Yoast SEO v26.9) - https:\/\/yoast.com\/product\/yoast-seo-premium-wordpress\/ -->\n<title>Hugo Souza mostra potencial e pede passagem entre os goleiros do Flamengo<\/title>\n<meta name=\"robots\" content=\"index, follow, max-snippet:-1, max-image-preview:large, max-video-preview:-1\" \/>\n<link rel=\"canonical\" href=\"https:\/\/www.gaveanews.com\/index.php\/2020\/09\/28\/hugo-souza-mostra-potencial-e-pede-passagem-entre-os-goleiros-do-flamengo\/\" \/>\n<meta property=\"og:locale\" content=\"pt_BR\" \/>\n<meta property=\"og:type\" content=\"article\" \/>\n<meta property=\"og:title\" content=\"Hugo Souza mostra potencial e pede passagem entre os goleiros do Flamengo\" \/>\n<meta property=\"og:description\" content=\"O jovem goleiro Hugo Souza tem apenas 21 anos e sempre foi tratado como grande promessa das categorias do Flamengo. Desde o ano passado, passou a treinar entre os profissionais, mas ainda cumpria os compromissos da equipe sub-20, por\u00e9m, desde o inicio desse ano, foi efetivado na equipe de cima se tornando o quarto goleiro [&hellip;]\" \/>\n<meta property=\"og:url\" content=\"https:\/\/www.gaveanews.com\/index.php\/2020\/09\/28\/hugo-souza-mostra-potencial-e-pede-passagem-entre-os-goleiros-do-flamengo\/\" \/>\n<meta property=\"og:site_name\" content=\"G\u00e1vea News\" \/>\n<meta property=\"article:publisher\" content=\"https:\/\/facebook.com\/gaveaNews\/\" \/>\n<meta property=\"article:published_time\" content=\"2020-09-28T12:48:22+00:00\" \/>\n<meta property=\"article:modified_time\" content=\"2020-09-28T12:48:26+00:00\" \/>\n<meta property=\"og:image\" content=\"https:\/\/www.gaveanews.com\/wp-content\/uploads\/Goleiro-Hugo-durante-treinamento-do-Flamengo-no-Ninho-do-Urubu.webp\" \/>\n\t<meta property=\"og:image:width\" content=\"1280\" \/>\n\t<meta property=\"og:image:height\" content=\"853\" \/>\n\t<meta property=\"og:image:type\" content=\"image\/jpeg\" \/>\n<meta name=\"author\" content=\"Equipe G\u00e1vea News\" \/>\n<meta name=\"twitter:card\" content=\"summary_large_image\" \/>\n<meta name=\"twitter:label1\" content=\"Escrito por\" \/>\n\t<meta name=\"twitter:data1\" content=\"Equipe G\u00e1vea News\" \/>\n\t<meta name=\"twitter:label2\" content=\"Est. tempo de leitura\" \/>\n\t<meta name=\"twitter:data2\" content=\"2 minutos\" \/>\n<script type=\"application\/ld+json\" class=\"yoast-schema-graph\">{\"@context\":\"https:\/\/schema.org\",\"@graph\":[{\"@type\":\"NewsArticle\",\"@id\":\"https:\/\/www.gaveanews.com\/index.php\/2020\/09\/28\/hugo-souza-mostra-potencial-e-pede-passagem-entre-os-goleiros-do-flamengo\/#article\",\"isPartOf\":{\"@id\":\"https:\/\/www.gaveanews.com\/index.php\/2020\/09\/28\/hugo-souza-mostra-potencial-e-pede-passagem-entre-os-goleiros-do-flamengo\/\"},\"author\":{\"name\":\"Equipe G\u00e1vea News\",\"@id\":\"https:\/\/www.gaveanews.com\/#\/schema\/person\/2ec14f73fb96be2caf28f91afb14749d\"},\"headline\":\"Hugo Souza mostra potencial e pede passagem entre os goleiros do Flamengo\",\"datePublished\":\"2020-09-28T12:48:22+00:00\",\"dateModified\":\"2020-09-28T12:48:26+00:00\",\"mainEntityOfPage\":{\"@id\":\"https:\/\/www.gaveanews.com\/index.php\/2020\/09\/28\/hugo-souza-mostra-potencial-e-pede-passagem-entre-os-goleiros-do-flamengo\/\"},\"wordCount\":466,\"commentCount\":4,\"image\":{\"@id\":\"https:\/\/www.gaveanews.com\/index.php\/2020\/09\/28\/hugo-souza-mostra-potencial-e-pede-passagem-entre-os-goleiros-do-flamengo\/#primaryimage\"},\"thumbnailUrl\":\"https:\/\/www.gaveanews.com\/wp-content\/uploads\/Goleiro-Hugo-durante-treinamento-do-Flamengo-no-Ninho-do-Urubu.webp\",\"articleSection\":[\"Destaques\"],\"inLanguage\":\"pt-BR\",\"potentialAction\":[{\"@type\":\"CommentAction\",\"name\":\"Comment\",\"target\":[\"https:\/\/www.gaveanews.com\/index.php\/2020\/09\/28\/hugo-souza-mostra-potencial-e-pede-passagem-entre-os-goleiros-do-flamengo\/#respond\"]}],\"copyrightYear\":\"2020\",\"copyrightHolder\":{\"@id\":\"https:\/\/www.gaveanews.com\/#organization\"}},{\"@type\":\"WebPage\",\"@id\":\"https:\/\/www.gaveanews.com\/index.php\/2020\/09\/28\/hugo-souza-mostra-potencial-e-pede-passagem-entre-os-goleiros-do-flamengo\/\",\"url\":\"https:\/\/www.gaveanews.com\/index.php\/2020\/09\/28\/hugo-souza-mostra-potencial-e-pede-passagem-entre-os-goleiros-do-flamengo\/\",\"name\":\"Hugo Souza mostra potencial e pede passagem entre os goleiros do Flamengo\",\"isPartOf\":{\"@id\":\"https:\/\/www.gaveanews.com\/#website\"},\"primaryImageOfPage\":{\"@id\":\"https:\/\/www.gaveanews.com\/index.php\/2020\/09\/28\/hugo-souza-mostra-potencial-e-pede-passagem-entre-os-goleiros-do-flamengo\/#primaryimage\"},\"image\":{\"@id\":\"https:\/\/www.gaveanews.com\/index.php\/2020\/09\/28\/hugo-souza-mostra-potencial-e-pede-passagem-entre-os-goleiros-do-flamengo\/#primaryimage\"},\"thumbnailUrl\":\"https:\/\/www.gaveanews.com\/wp-content\/uploads\/Goleiro-Hugo-durante-treinamento-do-Flamengo-no-Ninho-do-Urubu.webp\",\"datePublished\":\"2020-09-28T12:48:22+00:00\",\"dateModified\":\"2020-09-28T12:48:26+00:00\",\"author\":{\"@id\":\"https:\/\/www.gaveanews.com\/#\/schema\/person\/2ec14f73fb96be2caf28f91afb14749d\"},\"breadcrumb\":{\"@id\":\"https:\/\/www.gaveanews.com\/index.php\/2020\/09\/28\/hugo-souza-mostra-potencial-e-pede-passagem-entre-os-goleiros-do-flamengo\/#breadcrumb\"},\"inLanguage\":\"pt-BR\",\"potentialAction\":[{\"@type\":\"ReadAction\",\"target\":[\"https:\/\/www.gaveanews.com\/index.php\/2020\/09\/28\/hugo-souza-mostra-potencial-e-pede-passagem-entre-os-goleiros-do-flamengo\/\"]}]},{\"@type\":\"ImageObject\",\"inLanguage\":\"pt-BR\",\"@id\":\"https:\/\/www.gaveanews.com\/index.php\/2020\/09\/28\/hugo-souza-mostra-potencial-e-pede-passagem-entre-os-goleiros-do-flamengo\/#primaryimage\",\"url\":\"https:\/\/www.gaveanews.com\/wp-content\/uploads\/Goleiro-Hugo-durante-treinamento-do-Flamengo-no-Ninho-do-Urubu.webp\",\"contentUrl\":\"https:\/\/www.gaveanews.com\/wp-content\/uploads\/Goleiro-Hugo-durante-treinamento-do-Flamengo-no-Ninho-do-Urubu.webp\",\"width\":1280,\"height\":853,\"caption\":\"Goleiro Hugo durante treinamento do Flamengo no Ninho do Urubu (Foto: Gilvan de Souza\/Flamengo)\"},{\"@type\":\"BreadcrumbList\",\"@id\":\"https:\/\/www.gaveanews.com\/index.php\/2020\/09\/28\/hugo-souza-mostra-potencial-e-pede-passagem-entre-os-goleiros-do-flamengo\/#breadcrumb\",\"itemListElement\":[{\"@type\":\"ListItem\",\"position\":1,\"name\":\"Home\",\"item\":\"https:\/\/www.gaveanews.com\/\"},{\"@type\":\"ListItem\",\"position\":2,\"name\":\"Hugo Souza mostra potencial e pede passagem entre os goleiros do Flamengo\"}]},{\"@type\":\"WebSite\",\"@id\":\"https:\/\/www.gaveanews.com\/#website\",\"url\":\"https:\/\/www.gaveanews.com\/\",\"name\":\"G\u00e1vea News\",\"description\":\"Veja todas as not\u00edcias sobre o Flamengo: Contrata\u00e7\u00f5es, categorias de base, resultados das partidas, tabela de classifica\u00e7\u00e3o, pr\u00f3ximos jogos!\",\"potentialAction\":[{\"@type\":\"SearchAction\",\"target\":{\"@type\":\"EntryPoint\",\"urlTemplate\":\"https:\/\/www.gaveanews.com\/?s={search_term_string}\"},\"query-input\":{\"@type\":\"PropertyValueSpecification\",\"valueRequired\":true,\"valueName\":\"search_term_string\"}}],\"inLanguage\":\"pt-BR\"},{\"@type\":\"Person\",\"@id\":\"https:\/\/www.gaveanews.com\/#\/schema\/person\/2ec14f73fb96be2caf28f91afb14749d\",\"name\":\"Equipe G\u00e1vea News\",\"image\":{\"@type\":\"ImageObject\",\"inLanguage\":\"pt-BR\",\"@id\":\"https:\/\/www.gaveanews.com\/#\/schema\/person\/image\/\",\"url\":\"https:\/\/secure.gravatar.com\/avatar\/1e1956f1facbffd3f8fa53a326721950116b3b9dc9bd44939c01180fd4a745a9?s=96&d=mm&r=g\",\"contentUrl\":\"https:\/\/secure.gravatar.com\/avatar\/1e1956f1facbffd3f8fa53a326721950116b3b9dc9bd44939c01180fd4a745a9?s=96&d=mm&r=g\",\"caption\":\"Equipe G\u00e1vea News\"}}]}<\/script>\n<!-- \/ Yoast SEO Premium plugin. -->","yoast_head_json":{"title":"Hugo Souza mostra potencial e pede passagem entre os goleiros do Flamengo","robots":{"index":"index","follow":"follow","max-snippet":"max-snippet:-1","max-image-preview":"max-image-preview:large","max-video-preview":"max-video-preview:-1"},"canonical":"https:\/\/www.gaveanews.com\/index.php\/2020\/09\/28\/hugo-souza-mostra-potencial-e-pede-passagem-entre-os-goleiros-do-flamengo\/","og_locale":"pt_BR","og_type":"article","og_title":"Hugo Souza mostra potencial e pede passagem entre os goleiros do Flamengo","og_description":"O jovem goleiro Hugo Souza tem apenas 21 anos e sempre foi tratado como grande promessa das categorias do Flamengo. Desde o ano passado, passou a treinar entre os profissionais, mas ainda cumpria os compromissos da equipe sub-20, por\u00e9m, desde o inicio desse ano, foi efetivado na equipe de cima se tornando o quarto goleiro [&hellip;]","og_url":"https:\/\/www.gaveanews.com\/index.php\/2020\/09\/28\/hugo-souza-mostra-potencial-e-pede-passagem-entre-os-goleiros-do-flamengo\/","og_site_name":"G\u00e1vea News","article_publisher":"https:\/\/facebook.com\/gaveaNews\/","article_published_time":"2020-09-28T12:48:22+00:00","article_modified_time":"2020-09-28T12:48:26+00:00","og_image":[{"width":1280,"height":853,"url":"https:\/\/www.gaveanews.com\/wp-content\/uploads\/Goleiro-Hugo-durante-treinamento-do-Flamengo-no-Ninho-do-Urubu.webp","type":"image\/jpeg"}],"author":"Equipe G\u00e1vea News","twitter_card":"summary_large_image","twitter_misc":{"Escrito por":"Equipe G\u00e1vea News","Est. tempo de leitura":"2 minutos"},"schema":{"@context":"https:\/\/schema.org","@graph":[{"@type":"NewsArticle","@id":"https:\/\/www.gaveanews.com\/index.php\/2020\/09\/28\/hugo-souza-mostra-potencial-e-pede-passagem-entre-os-goleiros-do-flamengo\/#article","isPartOf":{"@id":"https:\/\/www.gaveanews.com\/index.php\/2020\/09\/28\/hugo-souza-mostra-potencial-e-pede-passagem-entre-os-goleiros-do-flamengo\/"},"author":{"name":"Equipe G\u00e1vea News","@id":"https:\/\/www.gaveanews.com\/#\/schema\/person\/2ec14f73fb96be2caf28f91afb14749d"},"headline":"Hugo Souza mostra potencial e pede passagem entre os goleiros do Flamengo","datePublished":"2020-09-28T12:48:22+00:00","dateModified":"2020-09-28T12:48:26+00:00","mainEntityOfPage":{"@id":"https:\/\/www.gaveanews.com\/index.php\/2020\/09\/28\/hugo-souza-mostra-potencial-e-pede-passagem-entre-os-goleiros-do-flamengo\/"},"wordCount":466,"commentCount":4,"image":{"@id":"https:\/\/www.gaveanews.com\/index.php\/2020\/09\/28\/hugo-souza-mostra-potencial-e-pede-passagem-entre-os-goleiros-do-flamengo\/#primaryimage"},"thumbnailUrl":"https:\/\/www.gaveanews.com\/wp-content\/uploads\/Goleiro-Hugo-durante-treinamento-do-Flamengo-no-Ninho-do-Urubu.webp","articleSection":["Destaques"],"inLanguage":"pt-BR","potentialAction":[{"@type":"CommentAction","name":"Comment","target":["https:\/\/www.gaveanews.com\/index.php\/2020\/09\/28\/hugo-souza-mostra-potencial-e-pede-passagem-entre-os-goleiros-do-flamengo\/#respond"]}],"copyrightYear":"2020","copyrightHolder":{"@id":"https:\/\/www.gaveanews.com\/#organization"}},{"@type":"WebPage","@id":"https:\/\/www.gaveanews.com\/index.php\/2020\/09\/28\/hugo-souza-mostra-potencial-e-pede-passagem-entre-os-goleiros-do-flamengo\/","url":"https:\/\/www.gaveanews.com\/index.php\/2020\/09\/28\/hugo-souza-mostra-potencial-e-pede-passagem-entre-os-goleiros-do-flamengo\/","name":"Hugo Souza mostra potencial e pede passagem entre os goleiros do Flamengo","isPartOf":{"@id":"https:\/\/www.gaveanews.com\/#website"},"primaryImageOfPage":{"@id":"https:\/\/www.gaveanews.com\/index.php\/2020\/09\/28\/hugo-souza-mostra-potencial-e-pede-passagem-entre-os-goleiros-do-flamengo\/#primaryimage"},"image":{"@id":"https:\/\/www.gaveanews.com\/index.php\/2020\/09\/28\/hugo-souza-mostra-potencial-e-pede-passagem-entre-os-goleiros-do-flamengo\/#primaryimage"},"thumbnailUrl":"https:\/\/www.gaveanews.com\/wp-content\/uploads\/Goleiro-Hugo-durante-treinamento-do-Flamengo-no-Ninho-do-Urubu.webp","datePublished":"2020-09-28T12:48:22+00:00","dateModified":"2020-09-28T12:48:26+00:00","author":{"@id":"https:\/\/www.gaveanews.com\/#\/schema\/person\/2ec14f73fb96be2caf28f91afb14749d"},"breadcrumb":{"@id":"https:\/\/www.gaveanews.com\/index.php\/2020\/09\/28\/hugo-souza-mostra-potencial-e-pede-passagem-entre-os-goleiros-do-flamengo\/#breadcrumb"},"inLanguage":"pt-BR","potentialAction":[{"@type":"ReadAction","target":["https:\/\/www.gaveanews.com\/index.php\/2020\/09\/28\/hugo-souza-mostra-potencial-e-pede-passagem-entre-os-goleiros-do-flamengo\/"]}]},{"@type":"ImageObject","inLanguage":"pt-BR","@id":"https:\/\/www.gaveanews.com\/index.php\/2020\/09\/28\/hugo-souza-mostra-potencial-e-pede-passagem-entre-os-goleiros-do-flamengo\/#primaryimage","url":"https:\/\/www.gaveanews.com\/wp-content\/uploads\/Goleiro-Hugo-durante-treinamento-do-Flamengo-no-Ninho-do-Urubu.webp","contentUrl":"https:\/\/www.gaveanews.com\/wp-content\/uploads\/Goleiro-Hugo-durante-treinamento-do-Flamengo-no-Ninho-do-Urubu.webp","width":1280,"height":853,"caption":"Goleiro Hugo durante treinamento do Flamengo no Ninho do Urubu (Foto: Gilvan de Souza\/Flamengo)"},{"@type":"BreadcrumbList","@id":"https:\/\/www.gaveanews.com\/index.php\/2020\/09\/28\/hugo-souza-mostra-potencial-e-pede-passagem-entre-os-goleiros-do-flamengo\/#breadcrumb","itemListElement":[{"@type":"ListItem","position":1,"name":"Home","item":"https:\/\/www.gaveanews.com\/"},{"@type":"ListItem","position":2,"name":"Hugo Souza mostra potencial e pede passagem entre os goleiros do Flamengo"}]},{"@type":"WebSite","@id":"https:\/\/www.gaveanews.com\/#website","url":"https:\/\/www.gaveanews.com\/","name":"G\u00e1vea News","description":"Veja todas as not\u00edcias sobre o Flamengo: Contrata\u00e7\u00f5es, categorias de base, resultados das partidas, tabela de classifica\u00e7\u00e3o, pr\u00f3ximos jogos!","potentialAction":[{"@type":"SearchAction","target":{"@type":"EntryPoint","urlTemplate":"https:\/\/www.gaveanews.com\/?s={search_term_string}"},"query-input":{"@type":"PropertyValueSpecification","valueRequired":true,"valueName":"search_term_string"}}],"inLanguage":"pt-BR"},{"@type":"Person","@id":"https:\/\/www.gaveanews.com\/#\/schema\/person\/2ec14f73fb96be2caf28f91afb14749d","name":"Equipe G\u00e1vea News","image":{"@type":"ImageObject","inLanguage":"pt-BR","@id":"https:\/\/www.gaveanews.com\/#\/schema\/person\/image\/","url":"https:\/\/secure.gravatar.com\/avatar\/1e1956f1facbffd3f8fa53a326721950116b3b9dc9bd44939c01180fd4a745a9?s=96&d=mm&r=g","contentUrl":"https:\/\/secure.gravatar.com\/avatar\/1e1956f1facbffd3f8fa53a326721950116b3b9dc9bd44939c01180fd4a745a9?s=96&d=mm&r=g","caption":"Equipe G\u00e1vea News"}}]}},"_links":{"self":[{"href":"https:\/\/www.gaveanews.com\/index.php\/wp-json\/wp\/v2\/posts\/48107","targetHints":{"allow":["GET"]}}],"collection":[{"href":"https:\/\/www.gaveanews.com\/index.php\/wp-json\/wp\/v2\/posts"}],"about":[{"href":"https:\/\/www.gaveanews.com\/index.php\/wp-json\/wp\/v2\/types\/post"}],"author":[{"embeddable":true,"href":"https:\/\/www.gaveanews.com\/index.php\/wp-json\/wp\/v2\/users\/1"}],"replies":[{"embeddable":true,"href":"https:\/\/www.gaveanews.com\/index.php\/wp-json\/wp\/v2\/comments?post=48107"}],"version-history":[{"count":0,"href":"https:\/\/www.gaveanews.com\/index.php\/wp-json\/wp\/v2\/posts\/48107\/revisions"}],"wp:featuredmedia":[{"embeddable":true,"href":"https:\/\/www.gaveanews.com\/index.php\/wp-json\/wp\/v2\/media\/32051"}],"wp:attachment":[{"href":"https:\/\/www.gaveanews.com\/index.php\/wp-json\/wp\/v2\/media?parent=48107"}],"wp:term":[{"taxonomy":"category","embeddable":true,"href":"https:\/\/www.gaveanews.com\/index.php\/wp-json\/wp\/v2\/categories?post=48107"},{"taxonomy":"post_tag","embeddable":true,"href":"https:\/\/www.gaveanews.com\/index.php\/wp-json\/wp\/v2\/tags?post=48107"}],"curies":[{"name":"wp","href":"https:\/\/api.w.org\/{rel}","templated":true}]}}