{"id":48141,"date":"2020-09-28T18:14:44","date_gmt":"2020-09-28T21:14:44","guid":{"rendered":"https:\/\/www.gaveanews.com\/?p=48141"},"modified":"2020-09-28T18:14:46","modified_gmt":"2020-09-28T21:14:46","slug":"flamengo-podera-ser-excluido-do-campeonato-brasileiro-ou-multado-pelo-stjd","status":"publish","type":"post","link":"https:\/\/www.gaveanews.com\/index.php\/2020\/09\/28\/flamengo-podera-ser-excluido-do-campeonato-brasileiro-ou-multado-pelo-stjd\/","title":{"rendered":"Flamengo poder\u00e1 ser exclu\u00eddo do Campeonato Brasileiro ou multado pelo STJD"},"content":{"rendered":"\n<p>A Procuradoria do Superior Tribunal de Justi\u00e7a Desportiva (STJD) ir\u00e1 analisar se houve alguma infra\u00e7\u00e3o disciplinar do Flamengo na tentativa de adiar o confronto com o Palmeiras, disputado no domingo. A indefini\u00e7\u00e3o quanto \u00e0 realiza\u00e7\u00e3o do jogo, v\u00e1lido pelo Brasileir\u00e3o, se estendeu at\u00e9 minutos antes do duelo &#8211; marcado para \u00e0s 16h -, at\u00e9 que o Tribunal Superior do Trabalho (TST) deferiu o pedido da CBF cassando a limitar do Tribunal Regional do Trabalho do Rio de Janeiro (TRT-RJ).<\/p>\n\n\n\n<p>A informa\u00e7\u00e3o foi inicialmente publicada pelo site &#8220;Lei em Campo&#8221; e confirmada pelo &#8220;Lance&#8221; nesta segunda. A an\u00e1lise da infra\u00e7\u00e3o por parte do STJD ser\u00e1 em refer\u00eancia ao artigo 231 do C\u00f3digo Brasileiro de Justi\u00e7a Desportiva (CBJD), que fala em pleitear, antes de esgotadas todas as inst\u00e2ncias da Justi\u00e7a Desportiva, mat\u00e9ria referente \u00e0 disciplina e competi\u00e7\u00f5es perante o Poder Judici\u00e1rio, ou beneficiar-se de medidas obtidas pelos mesmos meios por terceiro.&#8221;<\/p>\n\n\n\n<p>A pena prevista do artigo \u00e9 de exclus\u00e3o do campeonato ou torneio que estiver disputando e multa de R$ 100,00 (cem reais) a R$ 100.000,00 (cem mil).<\/p>\n\n\n\n<p>Com um surto de Covid-19 no elenco, o Flamengo pediu o adiamento da partida \u00e0 CBF, que recusou. Depois, o clube pleiteou ao STJD, que tamb\u00e9m recusou. Os &#8220;n\u00e3o&#8221; foram na quinta e sexta-feira, dias 24 e 25, respectivamente.<\/p>\n\n\n\n<p>No s\u00e1bado, o Sindeclubes entrou com uma a\u00e7\u00e3o civil p\u00fablica no TRT-RJ pedindo o adiamento do jogo. O Tribunal acatou o pedido do sindicato &#8211; o qual \u00e9 presidido por Jos\u00e9 Pinheiro dos Santos, funcion\u00e1rio da seguran\u00e7a do Flamengo.<\/p>\n\n\n\n<p>J\u00e1 no domingo, o Saferj pediu o adiamento do jogo e o Superior Tribunal de Justi\u00e7a (STJ) negou recurso da CBF pela realiza\u00e7\u00e3o do jogo &#8211; decis\u00f5es que mantinham a suspens\u00e3o. O TRT ainda proibiu o Fla de treinar, jogar e viajar por 15 dias, acatando a\u00e7\u00e3o do sindicato de atletas do Rio de Janeiro (Saferj).<\/p>\n\n\n\n<p>A decis\u00e3o final, contudo, veio do Tribunal Superior do Trabalho (TST), que deferiu o pedido da CBF, cassou a liminar do TRT-RJ e confirmou a realiza\u00e7\u00e3o da partida por volta das 15h50. Assim, o jogo foi iniciado com atraso.<\/p>\n\n\n\n<p>Com a realiza\u00e7\u00e3o do jogo entre Flamengo e Palmeiras no domingo, o Sindeclubes, presidido por Jos\u00e9 Pinheiro dos Santos &#8211; que est\u00e1 no quadro de funcion\u00e1rios do Flamengo &#8211; pediu desist\u00eancia da a\u00e7\u00e3o. J\u00e1 o processo movido pelo Saferj foi extinto pelo juiz. Desta forma, o departamento de futebol do Rubro-Negro manteve a programa\u00e7\u00e3o normal no Ninho do Urubu.<\/p>\n\n\n\n<p>O objeto da a\u00e7\u00e3o do Saferj foi perdido uma vez que a partida foi disputada em S\u00e3o Paulo. Assim, com o processo extinto, a liminar do TRT-RJ que proibia o Flamengo de realizar treinos, jogos e viagens pelo per\u00edodo de 15 dias tamb\u00e9m perdeu valor. O elenco se reapresentou nesta tarde no CT. Na quarta, o time enfrenta o Independiente Del Valle, do Equador, no Grupo A da Libertadores.<\/p>\n\n\n\n<p>Retirado de: Lance<\/p>\n","protected":false},"excerpt":{"rendered":"<p>A Procuradoria do Superior Tribunal de Justi\u00e7a Desportiva (STJD) ir\u00e1 analisar se houve alguma infra\u00e7\u00e3o disciplinar do Flamengo na tentativa de adiar o confronto com o Palmeiras, disputado no domingo. A indefini\u00e7\u00e3o quanto \u00e0 realiza\u00e7\u00e3o do jogo, v\u00e1lido pelo Brasileir\u00e3o, se estendeu at\u00e9 minutos antes do duelo &#8211; marcado para \u00e0s 16h -, at\u00e9 que [&hellip;]<\/p>\n","protected":false},"author":1,"featured_media":36980,"comment_status":"open","ping_status":"closed","sticky":false,"template":"","format":"standard","meta":{"footnotes":""},"categories":[47],"tags":[],"class_list":["post-48141","post","type-post","status-publish","format-standard","has-post-thumbnail","hentry","category-destaques"],"yoast_head":"<!-- This site is optimized with the Yoast SEO Premium plugin v24.2 (Yoast SEO v26.9) - https:\/\/yoast.com\/product\/yoast-seo-premium-wordpress\/ -->\n<title>Flamengo poder\u00e1 ser exclu\u00eddo do Brasileir\u00e3o ou multado pelo STJD<\/title>\n<meta name=\"robots\" content=\"index, follow, max-snippet:-1, max-image-preview:large, max-video-preview:-1\" \/>\n<link rel=\"canonical\" href=\"https:\/\/www.gaveanews.com\/index.php\/2020\/09\/28\/flamengo-podera-ser-excluido-do-campeonato-brasileiro-ou-multado-pelo-stjd\/\" \/>\n<meta property=\"og:locale\" content=\"pt_BR\" \/>\n<meta property=\"og:type\" content=\"article\" \/>\n<meta property=\"og:title\" content=\"Flamengo poder\u00e1 ser exclu\u00eddo do Campeonato Brasileiro ou multado pelo STJD\" \/>\n<meta property=\"og:description\" content=\"A Procuradoria do Superior Tribunal de Justi\u00e7a Desportiva (STJD) ir\u00e1 analisar se houve alguma infra\u00e7\u00e3o disciplinar do Flamengo na tentativa de adiar o confronto com o Palmeiras, disputado no domingo. A indefini\u00e7\u00e3o quanto \u00e0 realiza\u00e7\u00e3o do jogo, v\u00e1lido pelo Brasileir\u00e3o, se estendeu at\u00e9 minutos antes do duelo &#8211; marcado para \u00e0s 16h -, at\u00e9 que [&hellip;]\" \/>\n<meta property=\"og:url\" content=\"https:\/\/www.gaveanews.com\/index.php\/2020\/09\/28\/flamengo-podera-ser-excluido-do-campeonato-brasileiro-ou-multado-pelo-stjd\/\" \/>\n<meta property=\"og:site_name\" content=\"G\u00e1vea News\" \/>\n<meta property=\"article:publisher\" content=\"https:\/\/facebook.com\/gaveaNews\/\" \/>\n<meta property=\"article:published_time\" content=\"2020-09-28T21:14:44+00:00\" \/>\n<meta property=\"article:modified_time\" content=\"2020-09-28T21:14:46+00:00\" \/>\n<meta property=\"og:image\" content=\"https:\/\/www.gaveanews.com\/wp-content\/uploads\/stjd.webp\" \/>\n\t<meta property=\"og:image:width\" content=\"1200\" \/>\n\t<meta property=\"og:image:height\" content=\"675\" \/>\n\t<meta property=\"og:image:type\" content=\"image\/jpeg\" \/>\n<meta name=\"author\" content=\"Equipe G\u00e1vea News\" \/>\n<meta name=\"twitter:card\" content=\"summary_large_image\" \/>\n<meta name=\"twitter:label1\" content=\"Escrito por\" \/>\n\t<meta name=\"twitter:data1\" content=\"Equipe G\u00e1vea News\" \/>\n\t<meta name=\"twitter:label2\" content=\"Est. tempo de leitura\" \/>\n\t<meta name=\"twitter:data2\" content=\"3 minutos\" \/>\n<script type=\"application\/ld+json\" class=\"yoast-schema-graph\">{\"@context\":\"https:\/\/schema.org\",\"@graph\":[{\"@type\":\"NewsArticle\",\"@id\":\"https:\/\/www.gaveanews.com\/index.php\/2020\/09\/28\/flamengo-podera-ser-excluido-do-campeonato-brasileiro-ou-multado-pelo-stjd\/#article\",\"isPartOf\":{\"@id\":\"https:\/\/www.gaveanews.com\/index.php\/2020\/09\/28\/flamengo-podera-ser-excluido-do-campeonato-brasileiro-ou-multado-pelo-stjd\/\"},\"author\":{\"name\":\"Equipe G\u00e1vea News\",\"@id\":\"https:\/\/www.gaveanews.com\/#\/schema\/person\/2ec14f73fb96be2caf28f91afb14749d\"},\"headline\":\"Flamengo poder\u00e1 ser exclu\u00eddo do Campeonato Brasileiro ou multado pelo STJD\",\"datePublished\":\"2020-09-28T21:14:44+00:00\",\"dateModified\":\"2020-09-28T21:14:46+00:00\",\"mainEntityOfPage\":{\"@id\":\"https:\/\/www.gaveanews.com\/index.php\/2020\/09\/28\/flamengo-podera-ser-excluido-do-campeonato-brasileiro-ou-multado-pelo-stjd\/\"},\"wordCount\":521,\"commentCount\":23,\"image\":{\"@id\":\"https:\/\/www.gaveanews.com\/index.php\/2020\/09\/28\/flamengo-podera-ser-excluido-do-campeonato-brasileiro-ou-multado-pelo-stjd\/#primaryimage\"},\"thumbnailUrl\":\"https:\/\/www.gaveanews.com\/wp-content\/uploads\/stjd.webp\",\"articleSection\":[\"Destaques\"],\"inLanguage\":\"pt-BR\",\"potentialAction\":[{\"@type\":\"CommentAction\",\"name\":\"Comment\",\"target\":[\"https:\/\/www.gaveanews.com\/index.php\/2020\/09\/28\/flamengo-podera-ser-excluido-do-campeonato-brasileiro-ou-multado-pelo-stjd\/#respond\"]}],\"copyrightYear\":\"2020\",\"copyrightHolder\":{\"@id\":\"https:\/\/www.gaveanews.com\/#organization\"}},{\"@type\":\"WebPage\",\"@id\":\"https:\/\/www.gaveanews.com\/index.php\/2020\/09\/28\/flamengo-podera-ser-excluido-do-campeonato-brasileiro-ou-multado-pelo-stjd\/\",\"url\":\"https:\/\/www.gaveanews.com\/index.php\/2020\/09\/28\/flamengo-podera-ser-excluido-do-campeonato-brasileiro-ou-multado-pelo-stjd\/\",\"name\":\"Flamengo poder\u00e1 ser exclu\u00eddo do Brasileir\u00e3o ou multado pelo STJD\",\"isPartOf\":{\"@id\":\"https:\/\/www.gaveanews.com\/#website\"},\"primaryImageOfPage\":{\"@id\":\"https:\/\/www.gaveanews.com\/index.php\/2020\/09\/28\/flamengo-podera-ser-excluido-do-campeonato-brasileiro-ou-multado-pelo-stjd\/#primaryimage\"},\"image\":{\"@id\":\"https:\/\/www.gaveanews.com\/index.php\/2020\/09\/28\/flamengo-podera-ser-excluido-do-campeonato-brasileiro-ou-multado-pelo-stjd\/#primaryimage\"},\"thumbnailUrl\":\"https:\/\/www.gaveanews.com\/wp-content\/uploads\/stjd.webp\",\"datePublished\":\"2020-09-28T21:14:44+00:00\",\"dateModified\":\"2020-09-28T21:14:46+00:00\",\"author\":{\"@id\":\"https:\/\/www.gaveanews.com\/#\/schema\/person\/2ec14f73fb96be2caf28f91afb14749d\"},\"breadcrumb\":{\"@id\":\"https:\/\/www.gaveanews.com\/index.php\/2020\/09\/28\/flamengo-podera-ser-excluido-do-campeonato-brasileiro-ou-multado-pelo-stjd\/#breadcrumb\"},\"inLanguage\":\"pt-BR\",\"potentialAction\":[{\"@type\":\"ReadAction\",\"target\":[\"https:\/\/www.gaveanews.com\/index.php\/2020\/09\/28\/flamengo-podera-ser-excluido-do-campeonato-brasileiro-ou-multado-pelo-stjd\/\"]}]},{\"@type\":\"ImageObject\",\"inLanguage\":\"pt-BR\",\"@id\":\"https:\/\/www.gaveanews.com\/index.php\/2020\/09\/28\/flamengo-podera-ser-excluido-do-campeonato-brasileiro-ou-multado-pelo-stjd\/#primaryimage\",\"url\":\"https:\/\/www.gaveanews.com\/wp-content\/uploads\/stjd.webp\",\"contentUrl\":\"https:\/\/www.gaveanews.com\/wp-content\/uploads\/stjd.webp\",\"width\":1200,\"height\":675},{\"@type\":\"BreadcrumbList\",\"@id\":\"https:\/\/www.gaveanews.com\/index.php\/2020\/09\/28\/flamengo-podera-ser-excluido-do-campeonato-brasileiro-ou-multado-pelo-stjd\/#breadcrumb\",\"itemListElement\":[{\"@type\":\"ListItem\",\"position\":1,\"name\":\"Home\",\"item\":\"https:\/\/www.gaveanews.com\/\"},{\"@type\":\"ListItem\",\"position\":2,\"name\":\"Flamengo poder\u00e1 ser exclu\u00eddo do Campeonato Brasileiro ou multado pelo STJD\"}]},{\"@type\":\"WebSite\",\"@id\":\"https:\/\/www.gaveanews.com\/#website\",\"url\":\"https:\/\/www.gaveanews.com\/\",\"name\":\"G\u00e1vea News\",\"description\":\"Veja todas as not\u00edcias sobre o Flamengo: Contrata\u00e7\u00f5es, categorias de base, resultados das partidas, tabela de classifica\u00e7\u00e3o, pr\u00f3ximos jogos!\",\"potentialAction\":[{\"@type\":\"SearchAction\",\"target\":{\"@type\":\"EntryPoint\",\"urlTemplate\":\"https:\/\/www.gaveanews.com\/?s={search_term_string}\"},\"query-input\":{\"@type\":\"PropertyValueSpecification\",\"valueRequired\":true,\"valueName\":\"search_term_string\"}}],\"inLanguage\":\"pt-BR\"},{\"@type\":\"Person\",\"@id\":\"https:\/\/www.gaveanews.com\/#\/schema\/person\/2ec14f73fb96be2caf28f91afb14749d\",\"name\":\"Equipe G\u00e1vea News\",\"image\":{\"@type\":\"ImageObject\",\"inLanguage\":\"pt-BR\",\"@id\":\"https:\/\/www.gaveanews.com\/#\/schema\/person\/image\/\",\"url\":\"https:\/\/secure.gravatar.com\/avatar\/1e1956f1facbffd3f8fa53a326721950116b3b9dc9bd44939c01180fd4a745a9?s=96&d=mm&r=g\",\"contentUrl\":\"https:\/\/secure.gravatar.com\/avatar\/1e1956f1facbffd3f8fa53a326721950116b3b9dc9bd44939c01180fd4a745a9?s=96&d=mm&r=g\",\"caption\":\"Equipe G\u00e1vea News\"}}]}<\/script>\n<!-- \/ Yoast SEO Premium plugin. -->","yoast_head_json":{"title":"Flamengo poder\u00e1 ser exclu\u00eddo do Brasileir\u00e3o ou multado pelo STJD","robots":{"index":"index","follow":"follow","max-snippet":"max-snippet:-1","max-image-preview":"max-image-preview:large","max-video-preview":"max-video-preview:-1"},"canonical":"https:\/\/www.gaveanews.com\/index.php\/2020\/09\/28\/flamengo-podera-ser-excluido-do-campeonato-brasileiro-ou-multado-pelo-stjd\/","og_locale":"pt_BR","og_type":"article","og_title":"Flamengo poder\u00e1 ser exclu\u00eddo do Campeonato Brasileiro ou multado pelo STJD","og_description":"A Procuradoria do Superior Tribunal de Justi\u00e7a Desportiva (STJD) ir\u00e1 analisar se houve alguma infra\u00e7\u00e3o disciplinar do Flamengo na tentativa de adiar o confronto com o Palmeiras, disputado no domingo. A indefini\u00e7\u00e3o quanto \u00e0 realiza\u00e7\u00e3o do jogo, v\u00e1lido pelo Brasileir\u00e3o, se estendeu at\u00e9 minutos antes do duelo &#8211; marcado para \u00e0s 16h -, at\u00e9 que [&hellip;]","og_url":"https:\/\/www.gaveanews.com\/index.php\/2020\/09\/28\/flamengo-podera-ser-excluido-do-campeonato-brasileiro-ou-multado-pelo-stjd\/","og_site_name":"G\u00e1vea News","article_publisher":"https:\/\/facebook.com\/gaveaNews\/","article_published_time":"2020-09-28T21:14:44+00:00","article_modified_time":"2020-09-28T21:14:46+00:00","og_image":[{"width":1200,"height":675,"url":"https:\/\/www.gaveanews.com\/wp-content\/uploads\/stjd.webp","type":"image\/jpeg"}],"author":"Equipe G\u00e1vea News","twitter_card":"summary_large_image","twitter_misc":{"Escrito por":"Equipe G\u00e1vea News","Est. tempo de leitura":"3 minutos"},"schema":{"@context":"https:\/\/schema.org","@graph":[{"@type":"NewsArticle","@id":"https:\/\/www.gaveanews.com\/index.php\/2020\/09\/28\/flamengo-podera-ser-excluido-do-campeonato-brasileiro-ou-multado-pelo-stjd\/#article","isPartOf":{"@id":"https:\/\/www.gaveanews.com\/index.php\/2020\/09\/28\/flamengo-podera-ser-excluido-do-campeonato-brasileiro-ou-multado-pelo-stjd\/"},"author":{"name":"Equipe G\u00e1vea News","@id":"https:\/\/www.gaveanews.com\/#\/schema\/person\/2ec14f73fb96be2caf28f91afb14749d"},"headline":"Flamengo poder\u00e1 ser exclu\u00eddo do Campeonato Brasileiro ou multado pelo STJD","datePublished":"2020-09-28T21:14:44+00:00","dateModified":"2020-09-28T21:14:46+00:00","mainEntityOfPage":{"@id":"https:\/\/www.gaveanews.com\/index.php\/2020\/09\/28\/flamengo-podera-ser-excluido-do-campeonato-brasileiro-ou-multado-pelo-stjd\/"},"wordCount":521,"commentCount":23,"image":{"@id":"https:\/\/www.gaveanews.com\/index.php\/2020\/09\/28\/flamengo-podera-ser-excluido-do-campeonato-brasileiro-ou-multado-pelo-stjd\/#primaryimage"},"thumbnailUrl":"https:\/\/www.gaveanews.com\/wp-content\/uploads\/stjd.webp","articleSection":["Destaques"],"inLanguage":"pt-BR","potentialAction":[{"@type":"CommentAction","name":"Comment","target":["https:\/\/www.gaveanews.com\/index.php\/2020\/09\/28\/flamengo-podera-ser-excluido-do-campeonato-brasileiro-ou-multado-pelo-stjd\/#respond"]}],"copyrightYear":"2020","copyrightHolder":{"@id":"https:\/\/www.gaveanews.com\/#organization"}},{"@type":"WebPage","@id":"https:\/\/www.gaveanews.com\/index.php\/2020\/09\/28\/flamengo-podera-ser-excluido-do-campeonato-brasileiro-ou-multado-pelo-stjd\/","url":"https:\/\/www.gaveanews.com\/index.php\/2020\/09\/28\/flamengo-podera-ser-excluido-do-campeonato-brasileiro-ou-multado-pelo-stjd\/","name":"Flamengo poder\u00e1 ser exclu\u00eddo do Brasileir\u00e3o ou multado pelo STJD","isPartOf":{"@id":"https:\/\/www.gaveanews.com\/#website"},"primaryImageOfPage":{"@id":"https:\/\/www.gaveanews.com\/index.php\/2020\/09\/28\/flamengo-podera-ser-excluido-do-campeonato-brasileiro-ou-multado-pelo-stjd\/#primaryimage"},"image":{"@id":"https:\/\/www.gaveanews.com\/index.php\/2020\/09\/28\/flamengo-podera-ser-excluido-do-campeonato-brasileiro-ou-multado-pelo-stjd\/#primaryimage"},"thumbnailUrl":"https:\/\/www.gaveanews.com\/wp-content\/uploads\/stjd.webp","datePublished":"2020-09-28T21:14:44+00:00","dateModified":"2020-09-28T21:14:46+00:00","author":{"@id":"https:\/\/www.gaveanews.com\/#\/schema\/person\/2ec14f73fb96be2caf28f91afb14749d"},"breadcrumb":{"@id":"https:\/\/www.gaveanews.com\/index.php\/2020\/09\/28\/flamengo-podera-ser-excluido-do-campeonato-brasileiro-ou-multado-pelo-stjd\/#breadcrumb"},"inLanguage":"pt-BR","potentialAction":[{"@type":"ReadAction","target":["https:\/\/www.gaveanews.com\/index.php\/2020\/09\/28\/flamengo-podera-ser-excluido-do-campeonato-brasileiro-ou-multado-pelo-stjd\/"]}]},{"@type":"ImageObject","inLanguage":"pt-BR","@id":"https:\/\/www.gaveanews.com\/index.php\/2020\/09\/28\/flamengo-podera-ser-excluido-do-campeonato-brasileiro-ou-multado-pelo-stjd\/#primaryimage","url":"https:\/\/www.gaveanews.com\/wp-content\/uploads\/stjd.webp","contentUrl":"https:\/\/www.gaveanews.com\/wp-content\/uploads\/stjd.webp","width":1200,"height":675},{"@type":"BreadcrumbList","@id":"https:\/\/www.gaveanews.com\/index.php\/2020\/09\/28\/flamengo-podera-ser-excluido-do-campeonato-brasileiro-ou-multado-pelo-stjd\/#breadcrumb","itemListElement":[{"@type":"ListItem","position":1,"name":"Home","item":"https:\/\/www.gaveanews.com\/"},{"@type":"ListItem","position":2,"name":"Flamengo poder\u00e1 ser exclu\u00eddo do Campeonato Brasileiro ou multado pelo STJD"}]},{"@type":"WebSite","@id":"https:\/\/www.gaveanews.com\/#website","url":"https:\/\/www.gaveanews.com\/","name":"G\u00e1vea News","description":"Veja todas as not\u00edcias sobre o Flamengo: Contrata\u00e7\u00f5es, categorias de base, resultados das partidas, tabela de classifica\u00e7\u00e3o, pr\u00f3ximos jogos!","potentialAction":[{"@type":"SearchAction","target":{"@type":"EntryPoint","urlTemplate":"https:\/\/www.gaveanews.com\/?s={search_term_string}"},"query-input":{"@type":"PropertyValueSpecification","valueRequired":true,"valueName":"search_term_string"}}],"inLanguage":"pt-BR"},{"@type":"Person","@id":"https:\/\/www.gaveanews.com\/#\/schema\/person\/2ec14f73fb96be2caf28f91afb14749d","name":"Equipe G\u00e1vea News","image":{"@type":"ImageObject","inLanguage":"pt-BR","@id":"https:\/\/www.gaveanews.com\/#\/schema\/person\/image\/","url":"https:\/\/secure.gravatar.com\/avatar\/1e1956f1facbffd3f8fa53a326721950116b3b9dc9bd44939c01180fd4a745a9?s=96&d=mm&r=g","contentUrl":"https:\/\/secure.gravatar.com\/avatar\/1e1956f1facbffd3f8fa53a326721950116b3b9dc9bd44939c01180fd4a745a9?s=96&d=mm&r=g","caption":"Equipe G\u00e1vea News"}}]}},"_links":{"self":[{"href":"https:\/\/www.gaveanews.com\/index.php\/wp-json\/wp\/v2\/posts\/48141","targetHints":{"allow":["GET"]}}],"collection":[{"href":"https:\/\/www.gaveanews.com\/index.php\/wp-json\/wp\/v2\/posts"}],"about":[{"href":"https:\/\/www.gaveanews.com\/index.php\/wp-json\/wp\/v2\/types\/post"}],"author":[{"embeddable":true,"href":"https:\/\/www.gaveanews.com\/index.php\/wp-json\/wp\/v2\/users\/1"}],"replies":[{"embeddable":true,"href":"https:\/\/www.gaveanews.com\/index.php\/wp-json\/wp\/v2\/comments?post=48141"}],"version-history":[{"count":0,"href":"https:\/\/www.gaveanews.com\/index.php\/wp-json\/wp\/v2\/posts\/48141\/revisions"}],"wp:featuredmedia":[{"embeddable":true,"href":"https:\/\/www.gaveanews.com\/index.php\/wp-json\/wp\/v2\/media\/36980"}],"wp:attachment":[{"href":"https:\/\/www.gaveanews.com\/index.php\/wp-json\/wp\/v2\/media?parent=48141"}],"wp:term":[{"taxonomy":"category","embeddable":true,"href":"https:\/\/www.gaveanews.com\/index.php\/wp-json\/wp\/v2\/categories?post=48141"},{"taxonomy":"post_tag","embeddable":true,"href":"https:\/\/www.gaveanews.com\/index.php\/wp-json\/wp\/v2\/tags?post=48141"}],"curies":[{"name":"wp","href":"https:\/\/api.w.org\/{rel}","templated":true}]}}